{"id":73602,"date":"2021-10-12T11:36:46","date_gmt":"2021-10-12T11:36:46","guid":{"rendered":"https:\/\/www.nettali.com\/?p=73602"},"modified":"2021-10-12T11:36:46","modified_gmt":"2021-10-12T11:36:46","slug":"ballon-dor-lewandowski-pense-le-meriter","status":"publish","type":"post","link":"https:\/\/www.nettali.com\/2021\/10\/12\/ballon-dor-lewandowski-pense-le-meriter\/","title":{"rendered":"BALLON D'OR - Lewandowski pense le m\u00e9riter"},"content":{"rendered":"<p><strong>NETTALI.COM - Grand favori de l\u2019\u00e9dition pr\u00e9c\u00e9dente, qui avait \u00e9t\u00e9 annul\u00e9e en raison de la crise sanitaire, Robert Lewandowski (33 ans, 7 matchs et 7 buts en Bundesliga cette saison) fait encore partie des possibles vainqueurs du prochain Ballon d\u2019Or. D\u2019ailleurs, l\u2019attaquant du Bayern Munich pense m\u00e9riter cette r\u00e9compense. <\/strong><\/p>\n<p>\"<em>Mes chances de remporter le Ballon d'Or ? La possibilit\u00e9 de gagner le Ballon d'Or signifie beaucoup pour moi, \u00e7a me rend fier, a confi\u00e9 le Polonais \u00e0 Marca. Si l'on prend en compte tout ce que j'ai r\u00e9ussi, pas seulement cette ann\u00e9e, l'ann\u00e9e derni\u00e8re aussi, durant laquelle la c\u00e9r\u00e9monie a \u00e9t\u00e9 annul\u00e9e, j'ai gagn\u00e9 beaucoup de titres, marqu\u00e9 beaucoup de buts.<\/em>\u201d<\/p>\n<p>\u201c<em>\u00c7a signifierait beaucoup pour moi de le remporter, de gagner la Ligue des Champions, la Supercoupe, le Mondial des clubs, battre le record de 41 buts en Bundesliga de Gerd M\u00fcller, c'\u00e9tait impressionnant, \u00e7a m'a rendu fier et heureux, a ajout\u00e9 l\u2019avant centre. Tout le monde a vu ce que j'ai r\u00e9alis\u00e9 et ce que je fais encore. Mes succ\u00e8s peuvent r\u00e9pondre \u00e0 la question parce que les derni\u00e8res ann\u00e9es ont \u00e9t\u00e9 une grande r\u00e9ussite, pas seulement pour moi, mais aussi pour n'importe quel joueur dans l'histoire.<\/em>\" Autant dire que Lewandowski ne comprendrait pas un \u00e9chec.<\/p>\n<div class='share-to-whatsapp-wrapper'><div class='share-on-whsp'>PARTAGER SUR : <\/div><a data-text='BALLON D'OR - Lewandowski pense le m\u00e9riter' data-link='https:\/\/www.nettali.com\/2021\/10\/12\/ballon-dor-lewandowski-pense-le-meriter\/' class='whatsapp-button whatsapp-share'>WhatsApp<\/a><div class='clear '><\/div><\/div>","protected":false},"excerpt":{"rendered":"<p>NETTALI.COM - Grand favori de l\u2019\u00e9dition pr\u00e9c\u00e9dente, qui avait \u00e9t\u00e9 annul\u00e9e en raison de la crise sanitaire, Robert Lewandowski (33 ans, 7 matchs et 7 buts en Bundesliga cette saison) fait encore partie des possibles vainqueurs du prochain Ballon d\u2019Or. D\u2019ailleurs, l\u2019attaquant du Bayern Munich pense m\u00e9riter cette r\u00e9compense. \"Mes chances de remporter le Ballon [&hellip;]<\/p>\n","protected":false},"author":2,"featured_media":73604,"comment_status":"open","ping_status":"open","sticky":false,"template":"","format":"standard","meta":{"_et_pb_use_builder":"","_et_pb_old_content":""},"categories":[6],"tags":[],"yoast_head":"<!-- This site is optimized with the Yoast SEO Premium plugin v17.8 (Yoast SEO v17.8) - https:\/\/yoast.com\/wordpress\/plugins\/seo\/ -->\n<title>BALLON D&#039;OR - Lewandowski pense le m\u00e9riter | Nettali.com<\/title>\n<meta name=\"robots\" content=\"index, follow, max-snippet:-1, max-image-preview:large, max-video-preview:-1\" \/>\n<link rel=\"canonical\" href=\"https:\/\/www.nettali.com\/2021\/10\/12\/ballon-dor-lewandowski-pense-le-meriter\/\" \/>\n<meta property=\"og:locale\" content=\"fr_FR\" \/>\n<meta property=\"og:type\" content=\"article\" \/>\n<meta property=\"og:title\" content=\"BALLON D&#039;OR - Lewandowski pense le m\u00e9riter\" \/>\n<meta property=\"og:description\" content=\"NETTALI.COM - Grand favori de l\u2019\u00e9dition pr\u00e9c\u00e9dente, qui avait \u00e9t\u00e9 annul\u00e9e en raison de la crise sanitaire, Robert Lewandowski (33 ans, 7 matchs et 7 buts en Bundesliga cette saison) fait encore partie des possibles vainqueurs du prochain Ballon d\u2019Or. D\u2019ailleurs, l\u2019attaquant du Bayern Munich pense m\u00e9riter cette r\u00e9compense. &quot;Mes chances de remporter le Ballon [&hellip;]\" \/>\n<meta property=\"og:url\" content=\"https:\/\/www.nettali.com\/2021\/10\/12\/ballon-dor-lewandowski-pense-le-meriter\/\" \/>\n<meta property=\"og:site_name\" content=\"Nettali.com\" \/>\n<meta property=\"article:publisher\" content=\"https:\/\/www.facebook.com\/nettalicom\" \/>\n<meta property=\"article:published_time\" content=\"2021-10-12T11:36:46+00:00\" \/>\n<meta property=\"og:image\" content=\"https:\/\/www.nettali.com\/wp-content\/uploads\/2021\/10\/027751a78b079b2e2e485ad51f176563.jpg\" \/>\n\t<meta property=\"og:image:width\" content=\"2000\" \/>\n\t<meta property=\"og:image:height\" content=\"1333\" \/>\n<meta name=\"twitter:card\" content=\"summary_large_image\" \/>\n<meta name=\"twitter:label1\" content=\"\u00c9crit par\" \/>\n\t<meta name=\"twitter:data1\" content=\"CK\" \/>\n\t<meta name=\"twitter:label2\" content=\"Dur\u00e9e de lecture estim\u00e9e\" \/>\n\t<meta name=\"twitter:data2\" content=\"1 minute\" \/>\n<script type=\"application\/ld+json\" class=\"yoast-schema-graph\">{\"@context\":\"https:\/\/schema.org\",\"@graph\":[{\"@type\":\"WebSite\",\"@id\":\"https:\/\/www.nettali.com\/#website\",\"url\":\"https:\/\/www.nettali.com\/\",\"name\":\"Nettali.com\",\"description\":\"Le rendez-vous critique du Net\",\"potentialAction\":[{\"@type\":\"SearchAction\",\"target\":{\"@type\":\"EntryPoint\",\"urlTemplate\":\"https:\/\/www.nettali.com\/?s={search_term_string}\"},\"query-input\":\"required name=search_term_string\"}],\"inLanguage\":\"fr-FR\"},{\"@type\":\"ImageObject\",\"@id\":\"https:\/\/www.nettali.com\/2021\/10\/12\/ballon-dor-lewandowski-pense-le-meriter\/#primaryimage\",\"inLanguage\":\"fr-FR\",\"url\":\"https:\/\/www.nettali.com\/wp-content\/uploads\/2021\/10\/027751a78b079b2e2e485ad51f176563.jpg\",\"contentUrl\":\"https:\/\/www.nettali.com\/wp-content\/uploads\/2021\/10\/027751a78b079b2e2e485ad51f176563.jpg\",\"width\":2000,\"height\":1333},{\"@type\":\"WebPage\",\"@id\":\"https:\/\/www.nettali.com\/2021\/10\/12\/ballon-dor-lewandowski-pense-le-meriter\/#webpage\",\"url\":\"https:\/\/www.nettali.com\/2021\/10\/12\/ballon-dor-lewandowski-pense-le-meriter\/\",\"name\":\"BALLON D'OR - Lewandowski pense le m\\u00e9riter | Nettali.com\",\"isPartOf\":{\"@id\":\"https:\/\/www.nettali.com\/#website\"},\"primaryImageOfPage\":{\"@id\":\"https:\/\/www.nettali.com\/2021\/10\/12\/ballon-dor-lewandowski-pense-le-meriter\/#primaryimage\"},\"datePublished\":\"2021-10-12T11:36:46+00:00\",\"dateModified\":\"2021-10-12T11:36:46+00:00\",\"author\":{\"@id\":\"https:\/\/www.nettali.com\/#\/schema\/person\/d8ac7b7e27ddad43f1c0d2ef090d7f71\"},\"breadcrumb\":{\"@id\":\"https:\/\/www.nettali.com\/2021\/10\/12\/ballon-dor-lewandowski-pense-le-meriter\/#breadcrumb\"},\"inLanguage\":\"fr-FR\",\"potentialAction\":[{\"@type\":\"ReadAction\",\"target\":[\"https:\/\/www.nettali.com\/2021\/10\/12\/ballon-dor-lewandowski-pense-le-meriter\/\"]}]},{\"@type\":\"BreadcrumbList\",\"@id\":\"https:\/\/www.nettali.com\/2021\/10\/12\/ballon-dor-lewandowski-pense-le-meriter\/#breadcrumb\",\"itemListElement\":[{\"@type\":\"ListItem\",\"position\":1,\"name\":\"Accueil\",\"item\":\"https:\/\/www.nettali.com\/\"},{\"@type\":\"ListItem\",\"position\":2,\"name\":\"BALLON D&rsquo;OR &#8211; Lewandowski pense le m\\u00e9riter\"}]},{\"@type\":\"Person\",\"@id\":\"https:\/\/www.nettali.com\/#\/schema\/person\/d8ac7b7e27ddad43f1c0d2ef090d7f71\",\"name\":\"CK\",\"image\":{\"@type\":\"ImageObject\",\"@id\":\"https:\/\/www.nettali.com\/#personlogo\",\"inLanguage\":\"fr-FR\",\"url\":\"https:\/\/secure.gravatar.com\/avatar\/1d8d5118b9327d94da7cd4ce7f17fec2?s=96&d=mm&r=g\",\"contentUrl\":\"https:\/\/secure.gravatar.com\/avatar\/1d8d5118b9327d94da7cd4ce7f17fec2?s=96&d=mm&r=g\",\"caption\":\"CK\"},\"sameAs\":[\"https:\/\/www.nettali.com\"]}]}<\/script>\n<!-- \/ Yoast SEO Premium plugin. -->","yoast_head_json":{"title":"BALLON D'OR - Lewandowski pense le m\u00e9riter | Nettali.com","robots":{"index":"index","follow":"follow","max-snippet":"max-snippet:-1","max-image-preview":"max-image-preview:large","max-video-preview":"max-video-preview:-1"},"canonical":"https:\/\/www.nettali.com\/2021\/10\/12\/ballon-dor-lewandowski-pense-le-meriter\/","og_locale":"fr_FR","og_type":"article","og_title":"BALLON D'OR - Lewandowski pense le m\u00e9riter","og_description":"NETTALI.COM - Grand favori de l\u2019\u00e9dition pr\u00e9c\u00e9dente, qui avait \u00e9t\u00e9 annul\u00e9e en raison de la crise sanitaire, Robert Lewandowski (33 ans, 7 matchs et 7 buts en Bundesliga cette saison) fait encore partie des possibles vainqueurs du prochain Ballon d\u2019Or. D\u2019ailleurs, l\u2019attaquant du Bayern Munich pense m\u00e9riter cette r\u00e9compense. \"Mes chances de remporter le Ballon [&hellip;]","og_url":"https:\/\/www.nettali.com\/2021\/10\/12\/ballon-dor-lewandowski-pense-le-meriter\/","og_site_name":"Nettali.com","article_publisher":"https:\/\/www.facebook.com\/nettalicom","article_published_time":"2021-10-12T11:36:46+00:00","og_image":[{"width":2000,"height":1333,"url":"https:\/\/www.nettali.com\/wp-content\/uploads\/2021\/10\/027751a78b079b2e2e485ad51f176563.jpg","type":"image\/jpeg"}],"twitter_card":"summary_large_image","twitter_misc":{"\u00c9crit par":"CK","Dur\u00e9e de lecture estim\u00e9e":"1 minute"},"schema":{"@context":"https:\/\/schema.org","@graph":[{"@type":"WebSite","@id":"https:\/\/www.nettali.com\/#website","url":"https:\/\/www.nettali.com\/","name":"Nettali.com","description":"Le rendez-vous critique du Net","potentialAction":[{"@type":"SearchAction","target":{"@type":"EntryPoint","urlTemplate":"https:\/\/www.nettali.com\/?s={search_term_string}"},"query-input":"required name=search_term_string"}],"inLanguage":"fr-FR"},{"@type":"ImageObject","@id":"https:\/\/www.nettali.com\/2021\/10\/12\/ballon-dor-lewandowski-pense-le-meriter\/#primaryimage","inLanguage":"fr-FR","url":"https:\/\/www.nettali.com\/wp-content\/uploads\/2021\/10\/027751a78b079b2e2e485ad51f176563.jpg","contentUrl":"https:\/\/www.nettali.com\/wp-content\/uploads\/2021\/10\/027751a78b079b2e2e485ad51f176563.jpg","width":2000,"height":1333},{"@type":"WebPage","@id":"https:\/\/www.nettali.com\/2021\/10\/12\/ballon-dor-lewandowski-pense-le-meriter\/#webpage","url":"https:\/\/www.nettali.com\/2021\/10\/12\/ballon-dor-lewandowski-pense-le-meriter\/","name":"BALLON D'OR - Lewandowski pense le m\u00e9riter | Nettali.com","isPartOf":{"@id":"https:\/\/www.nettali.com\/#website"},"primaryImageOfPage":{"@id":"https:\/\/www.nettali.com\/2021\/10\/12\/ballon-dor-lewandowski-pense-le-meriter\/#primaryimage"},"datePublished":"2021-10-12T11:36:46+00:00","dateModified":"2021-10-12T11:36:46+00:00","author":{"@id":"https:\/\/www.nettali.com\/#\/schema\/person\/d8ac7b7e27ddad43f1c0d2ef090d7f71"},"breadcrumb":{"@id":"https:\/\/www.nettali.com\/2021\/10\/12\/ballon-dor-lewandowski-pense-le-meriter\/#breadcrumb"},"inLanguage":"fr-FR","potentialAction":[{"@type":"ReadAction","target":["https:\/\/www.nettali.com\/2021\/10\/12\/ballon-dor-lewandowski-pense-le-meriter\/"]}]},{"@type":"BreadcrumbList","@id":"https:\/\/www.nettali.com\/2021\/10\/12\/ballon-dor-lewandowski-pense-le-meriter\/#breadcrumb","itemListElement":[{"@type":"ListItem","position":1,"name":"Accueil","item":"https:\/\/www.nettali.com\/"},{"@type":"ListItem","position":2,"name":"BALLON D&rsquo;OR &#8211; Lewandowski pense le m\u00e9riter"}]},{"@type":"Person","@id":"https:\/\/www.nettali.com\/#\/schema\/person\/d8ac7b7e27ddad43f1c0d2ef090d7f71","name":"CK","image":{"@type":"ImageObject","@id":"https:\/\/www.nettali.com\/#personlogo","inLanguage":"fr-FR","url":"https:\/\/secure.gravatar.com\/avatar\/1d8d5118b9327d94da7cd4ce7f17fec2?s=96&d=mm&r=g","contentUrl":"https:\/\/secure.gravatar.com\/avatar\/1d8d5118b9327d94da7cd4ce7f17fec2?s=96&d=mm&r=g","caption":"CK"},"sameAs":["https:\/\/www.nettali.com"]}]}},"_links":{"self":[{"href":"https:\/\/www.nettali.com\/rest\/wp\/v2\/posts\/73602"}],"collection":[{"href":"https:\/\/www.nettali.com\/rest\/wp\/v2\/posts"}],"about":[{"href":"https:\/\/www.nettali.com\/rest\/wp\/v2\/types\/post"}],"author":[{"embeddable":true,"href":"https:\/\/www.nettali.com\/rest\/wp\/v2\/users\/2"}],"replies":[{"embeddable":true,"href":"https:\/\/www.nettali.com\/rest\/wp\/v2\/comments?post=73602"}],"version-history":[{"count":1,"href":"https:\/\/www.nettali.com\/rest\/wp\/v2\/posts\/73602\/revisions"}],"predecessor-version":[{"id":73603,"href":"https:\/\/www.nettali.com\/rest\/wp\/v2\/posts\/73602\/revisions\/73603"}],"wp:featuredmedia":[{"embeddable":true,"href":"https:\/\/www.nettali.com\/rest\/wp\/v2\/media\/73604"}],"wp:attachment":[{"href":"https:\/\/www.nettali.com\/rest\/wp\/v2\/media?parent=73602"}],"wp:term":[{"taxonomy":"category","embeddable":true,"href":"https:\/\/www.nettali.com\/rest\/wp\/v2\/categories?post=73602"},{"taxonomy":"post_tag","embeddable":true,"href":"https:\/\/www.nettali.com\/rest\/wp\/v2\/tags?post=73602"}],"curies":[{"name":"wp","href":"https:\/\/api.w.org\/{rel}","templated":true}]}}