{"id":73388,"date":"2021-10-09T09:19:45","date_gmt":"2021-10-09T09:19:45","guid":{"rendered":"https:\/\/www.nettali.com\/?p=73388"},"modified":"2021-10-09T18:41:31","modified_gmt":"2021-10-09T18:41:31","slug":"candidature-a-la-mairie-de-dakar-mame-mbaye-niang-en-trouble-fete","status":"publish","type":"post","link":"https:\/\/www.nettali.com\/2021\/10\/09\/candidature-a-la-mairie-de-dakar-mame-mbaye-niang-en-trouble-fete\/","title":{"rendered":"CANDIDATURE A LA MAIRIE DE DAKAR - Mame Mbaye Niang en trouble-f\u00eate"},"content":{"rendered":"<p><strong>NETTALI.COM - Le chef de cabinet du Pr\u00e9sident Macky Sall compte se lancer dans la course \u00e0 la mairie de Dakar, sous la banni\u00e8re de S\u00e9n\u00e9gal 2035. Il n\u2019entend pas, par-l\u00e0, tourner le dos \u00e0 BBY,mais, compter aller \u00e0 l\u2019assaut de ceux qui ne se retrouvent pas, actuellement, dans la coalition BBY, les frustr\u00e9s et laiss\u00e9s-pour-compte\u2026<\/strong><\/p>\n<p>Mame Mbaye Niang est en lice pour la bataille de Dakar. Il a d\u00e9clar\u00e9 sa candidature et explique qu\u2019il ne s\u2019agit ni d\u2019une d\u00e9fiance ni d\u2019une bravade envers le Pr\u00e9sident de la coalition Benno Bokk Yaakaar. \u201cCe n\u2019est pas une aventure politique, mais bien un projet politique sur lequel je travaille, depuis plusieurs ann\u00e9es, avec S\u00e9n\u00e9gal 2035. Ceux qui pensent de la sorte ont tort. Nous sommes dans la derni\u00e8re ligne droite de nos investitures. D\u2019ici la semaine prochaine, nous allons d\u00e9cliner notre programme intitul\u00e9 \u201cMes ambitions pour Dakar\u201d\u2019\u2019, renseigne le chef de cabinet du Pr\u00e9sident Macky Sall, dans les colonnes du journal Enqu\u00eate.<\/p>\n<p>L\u2019ex-ministre de la Jeunesse, conscient que cette candidature risque de faire parler, ajoute : \u201cJe suis membre fondateur de l\u2019Apr et je ne poserai jamais un acte qui affaiblirait le camp pr\u00e9sidentiel. Je sais situer les int\u00e9r\u00eats hautement strat\u00e9giques et de mon parti et de la coalition qui le soutient. Il n\u2019y a pas de confusion possible sur ce plan et l\u2019autorit\u00e9 politique qu\u2019est le Pr\u00e9sident Macky Sall comprend parfaitement notre d\u00e9marche\u2019\u2019. Laquelle ? Il explique : \u201cCette d\u00e9marche va consister \u00e0 aller puiser loin de l\u2019appareil politique qu\u2019est Benno et loin de l\u2019Apr. Notre liste sera constitu\u00e9e en majorit\u00e9 de gens de la soci\u00e9t\u00e9. Nous allons nous ouvrir aussi aux politiques, parce que le contexte politique fait qu\u2019il y a beaucoup de militants frustr\u00e9s, laiss\u00e9s en rade et qui ne sont plus en activit\u00e9. Ces gens-l\u00e0 qui ont une base politique et qui ne demandent qu\u2019\u00e0 travailler pour le Pr\u00e9sident Macky Sall, il faut les valoriser, en les investissant sur les listes\u2019\u2019.<\/p>\n<p>Se faisant plus pr\u00e9cis, Mame Mbaye Niang donne l\u2019exemple des Hlm. L\u00e0-bas, dit-il, \u201cnotre candidat sera Abdoulaye Tour\u00e9, membre de la soci\u00e9t\u00e9 civile, qui sera \u00e9paul\u00e9 par la maman Aida Ndiongue qui n\u2019a rien demand\u00e9 en retour. Si on s\u2019arr\u00eate sur le cas de cette Dame, vous verrez que, malgr\u00e9 son investissement dans le parti, Benno ne l\u2019associe presque \u00e0 rien et tout le monde sait que son soutien au Pr\u00e9sident de la R\u00e9publique et sa loyaut\u00e9 ne sont plus \u00e0 discuter\u2019\u2019.<\/p>\n<p>Donc, le Chef du cabinet du Chef de l\u2019Etat a pour dessein de ratisser \u00e0 la marge de Benno Bokk Yaakaar, de capter des militants et grands \u00e9lecteurs qui n\u2019entrent pas ou qui ne se reconnaissent pas dans les sch\u00e9mas actuels de la coalition.<\/p>\n<div class='share-to-whatsapp-wrapper'><div class='share-on-whsp'>PARTAGER SUR : <\/div><a data-text='CANDIDATURE A LA MAIRIE DE DAKAR - Mame Mbaye Niang en trouble-f\u00eate' data-link='https:\/\/www.nettali.com\/2021\/10\/09\/candidature-a-la-mairie-de-dakar-mame-mbaye-niang-en-trouble-fete\/' class='whatsapp-button whatsapp-share'>WhatsApp<\/a><div class='clear '><\/div><\/div>","protected":false},"excerpt":{"rendered":"<p>NETTALI.COM - Le chef de cabinet du Pr\u00e9sident Macky Sall compte se lancer dans la course \u00e0 la mairie de Dakar, sous la banni\u00e8re de S\u00e9n\u00e9gal 2035. Il n\u2019entend pas, par-l\u00e0, tourner le dos \u00e0 BBY,mais, compter aller \u00e0 l\u2019assaut de ceux qui ne se retrouvent pas, actuellement, dans la coalition BBY, les frustr\u00e9s et [&hellip;]<\/p>\n","protected":false},"author":11,"featured_media":5576,"comment_status":"open","ping_status":"open","sticky":false,"template":"","format":"standard","meta":{"_et_pb_use_builder":"","_et_pb_old_content":""},"categories":[2],"tags":[],"yoast_head":"<!-- This site is optimized with the Yoast SEO Premium plugin v17.8 (Yoast SEO v17.8) - https:\/\/yoast.com\/wordpress\/plugins\/seo\/ -->\n<title>CANDIDATURE A LA MAIRIE DE DAKAR - Mame Mbaye Niang en trouble-f\u00eate | Nettali.com<\/title>\n<meta name=\"robots\" content=\"index, follow, max-snippet:-1, max-image-preview:large, max-video-preview:-1\" \/>\n<link rel=\"canonical\" href=\"https:\/\/www.nettali.com\/2021\/10\/09\/candidature-a-la-mairie-de-dakar-mame-mbaye-niang-en-trouble-fete\/\" \/>\n<meta property=\"og:locale\" content=\"fr_FR\" \/>\n<meta property=\"og:type\" content=\"article\" \/>\n<meta property=\"og:title\" content=\"CANDIDATURE A LA MAIRIE DE DAKAR - Mame Mbaye Niang en trouble-f\u00eate\" \/>\n<meta property=\"og:description\" content=\"NETTALI.COM - Le chef de cabinet du Pr\u00e9sident Macky Sall compte se lancer dans la course \u00e0 la mairie de Dakar, sous la banni\u00e8re de S\u00e9n\u00e9gal 2035. Il n\u2019entend pas, par-l\u00e0, tourner le dos \u00e0 BBY,mais, compter aller \u00e0 l\u2019assaut de ceux qui ne se retrouvent pas, actuellement, dans la coalition BBY, les frustr\u00e9s et [&hellip;]\" \/>\n<meta property=\"og:url\" content=\"https:\/\/www.nettali.com\/2021\/10\/09\/candidature-a-la-mairie-de-dakar-mame-mbaye-niang-en-trouble-fete\/\" \/>\n<meta property=\"og:site_name\" content=\"Nettali.com\" \/>\n<meta property=\"article:publisher\" content=\"https:\/\/www.facebook.com\/nettalicom\" \/>\n<meta property=\"article:published_time\" content=\"2021-10-09T09:19:45+00:00\" \/>\n<meta property=\"article:modified_time\" content=\"2021-10-09T18:41:31+00:00\" \/>\n<meta property=\"og:image\" content=\"https:\/\/www.nettali.com\/wp-content\/uploads\/2019\/04\/mame-mbaye-niang.png\" \/>\n\t<meta property=\"og:image:width\" content=\"650\" \/>\n\t<meta property=\"og:image:height\" content=\"432\" \/>\n<meta name=\"twitter:card\" content=\"summary_large_image\" \/>\n<meta name=\"twitter:label1\" content=\"\u00c9crit par\" \/>\n\t<meta name=\"twitter:data1\" content=\"Thierno Diop\" \/>\n\t<meta name=\"twitter:label2\" content=\"Dur\u00e9e de lecture estim\u00e9e\" \/>\n\t<meta name=\"twitter:data2\" content=\"2 minutes\" \/>\n<script type=\"application\/ld+json\" class=\"yoast-schema-graph\">{\"@context\":\"https:\/\/schema.org\",\"@graph\":[{\"@type\":\"WebSite\",\"@id\":\"https:\/\/www.nettali.com\/#website\",\"url\":\"https:\/\/www.nettali.com\/\",\"name\":\"Nettali.com\",\"description\":\"Le rendez-vous critique du Net\",\"potentialAction\":[{\"@type\":\"SearchAction\",\"target\":{\"@type\":\"EntryPoint\",\"urlTemplate\":\"https:\/\/www.nettali.com\/?s={search_term_string}\"},\"query-input\":\"required name=search_term_string\"}],\"inLanguage\":\"fr-FR\"},{\"@type\":\"ImageObject\",\"@id\":\"https:\/\/www.nettali.com\/2021\/10\/09\/candidature-a-la-mairie-de-dakar-mame-mbaye-niang-en-trouble-fete\/#primaryimage\",\"inLanguage\":\"fr-FR\",\"url\":\"https:\/\/www.nettali.com\/wp-content\/uploads\/2019\/04\/mame-mbaye-niang.png\",\"contentUrl\":\"https:\/\/www.nettali.com\/wp-content\/uploads\/2019\/04\/mame-mbaye-niang.png\",\"width\":650,\"height\":432,\"caption\":\"Mame Mbaye Niang\"},{\"@type\":\"WebPage\",\"@id\":\"https:\/\/www.nettali.com\/2021\/10\/09\/candidature-a-la-mairie-de-dakar-mame-mbaye-niang-en-trouble-fete\/#webpage\",\"url\":\"https:\/\/www.nettali.com\/2021\/10\/09\/candidature-a-la-mairie-de-dakar-mame-mbaye-niang-en-trouble-fete\/\",\"name\":\"CANDIDATURE A LA MAIRIE DE DAKAR - Mame Mbaye Niang en trouble-f\\u00eate | Nettali.com\",\"isPartOf\":{\"@id\":\"https:\/\/www.nettali.com\/#website\"},\"primaryImageOfPage\":{\"@id\":\"https:\/\/www.nettali.com\/2021\/10\/09\/candidature-a-la-mairie-de-dakar-mame-mbaye-niang-en-trouble-fete\/#primaryimage\"},\"datePublished\":\"2021-10-09T09:19:45+00:00\",\"dateModified\":\"2021-10-09T18:41:31+00:00\",\"author\":{\"@id\":\"https:\/\/www.nettali.com\/#\/schema\/person\/8a06c6bd7b19304cf4bf985862900b5b\"},\"breadcrumb\":{\"@id\":\"https:\/\/www.nettali.com\/2021\/10\/09\/candidature-a-la-mairie-de-dakar-mame-mbaye-niang-en-trouble-fete\/#breadcrumb\"},\"inLanguage\":\"fr-FR\",\"potentialAction\":[{\"@type\":\"ReadAction\",\"target\":[\"https:\/\/www.nettali.com\/2021\/10\/09\/candidature-a-la-mairie-de-dakar-mame-mbaye-niang-en-trouble-fete\/\"]}]},{\"@type\":\"BreadcrumbList\",\"@id\":\"https:\/\/www.nettali.com\/2021\/10\/09\/candidature-a-la-mairie-de-dakar-mame-mbaye-niang-en-trouble-fete\/#breadcrumb\",\"itemListElement\":[{\"@type\":\"ListItem\",\"position\":1,\"name\":\"Accueil\",\"item\":\"https:\/\/www.nettali.com\/\"},{\"@type\":\"ListItem\",\"position\":2,\"name\":\"CANDIDATURE A LA MAIRIE DE DAKAR &#8211; Mame Mbaye Niang en trouble-f\\u00eate\"}]},{\"@type\":\"Person\",\"@id\":\"https:\/\/www.nettali.com\/#\/schema\/person\/8a06c6bd7b19304cf4bf985862900b5b\",\"name\":\"Thierno Diop\",\"image\":{\"@type\":\"ImageObject\",\"@id\":\"https:\/\/www.nettali.com\/#personlogo\",\"inLanguage\":\"fr-FR\",\"url\":\"https:\/\/secure.gravatar.com\/avatar\/c8ca58550c94fd2ac856d27391a6c866?s=96&d=mm&r=g\",\"contentUrl\":\"https:\/\/secure.gravatar.com\/avatar\/c8ca58550c94fd2ac856d27391a6c866?s=96&d=mm&r=g\",\"caption\":\"Thierno Diop\"},\"sameAs\":[\"https:\/\/nettali.com\"]}]}<\/script>\n<!-- \/ Yoast SEO Premium plugin. -->","yoast_head_json":{"title":"CANDIDATURE A LA MAIRIE DE DAKAR - Mame Mbaye Niang en trouble-f\u00eate | Nettali.com","robots":{"index":"index","follow":"follow","max-snippet":"max-snippet:-1","max-image-preview":"max-image-preview:large","max-video-preview":"max-video-preview:-1"},"canonical":"https:\/\/www.nettali.com\/2021\/10\/09\/candidature-a-la-mairie-de-dakar-mame-mbaye-niang-en-trouble-fete\/","og_locale":"fr_FR","og_type":"article","og_title":"CANDIDATURE A LA MAIRIE DE DAKAR - Mame Mbaye Niang en trouble-f\u00eate","og_description":"NETTALI.COM - Le chef de cabinet du Pr\u00e9sident Macky Sall compte se lancer dans la course \u00e0 la mairie de Dakar, sous la banni\u00e8re de S\u00e9n\u00e9gal 2035. Il n\u2019entend pas, par-l\u00e0, tourner le dos \u00e0 BBY,mais, compter aller \u00e0 l\u2019assaut de ceux qui ne se retrouvent pas, actuellement, dans la coalition BBY, les frustr\u00e9s et [&hellip;]","og_url":"https:\/\/www.nettali.com\/2021\/10\/09\/candidature-a-la-mairie-de-dakar-mame-mbaye-niang-en-trouble-fete\/","og_site_name":"Nettali.com","article_publisher":"https:\/\/www.facebook.com\/nettalicom","article_published_time":"2021-10-09T09:19:45+00:00","article_modified_time":"2021-10-09T18:41:31+00:00","og_image":[{"width":650,"height":432,"url":"https:\/\/www.nettali.com\/wp-content\/uploads\/2019\/04\/mame-mbaye-niang.png","type":"image\/png"}],"twitter_card":"summary_large_image","twitter_misc":{"\u00c9crit par":"Thierno Diop","Dur\u00e9e de lecture estim\u00e9e":"2 minutes"},"schema":{"@context":"https:\/\/schema.org","@graph":[{"@type":"WebSite","@id":"https:\/\/www.nettali.com\/#website","url":"https:\/\/www.nettali.com\/","name":"Nettali.com","description":"Le rendez-vous critique du Net","potentialAction":[{"@type":"SearchAction","target":{"@type":"EntryPoint","urlTemplate":"https:\/\/www.nettali.com\/?s={search_term_string}"},"query-input":"required name=search_term_string"}],"inLanguage":"fr-FR"},{"@type":"ImageObject","@id":"https:\/\/www.nettali.com\/2021\/10\/09\/candidature-a-la-mairie-de-dakar-mame-mbaye-niang-en-trouble-fete\/#primaryimage","inLanguage":"fr-FR","url":"https:\/\/www.nettali.com\/wp-content\/uploads\/2019\/04\/mame-mbaye-niang.png","contentUrl":"https:\/\/www.nettali.com\/wp-content\/uploads\/2019\/04\/mame-mbaye-niang.png","width":650,"height":432,"caption":"Mame Mbaye Niang"},{"@type":"WebPage","@id":"https:\/\/www.nettali.com\/2021\/10\/09\/candidature-a-la-mairie-de-dakar-mame-mbaye-niang-en-trouble-fete\/#webpage","url":"https:\/\/www.nettali.com\/2021\/10\/09\/candidature-a-la-mairie-de-dakar-mame-mbaye-niang-en-trouble-fete\/","name":"CANDIDATURE A LA MAIRIE DE DAKAR - Mame Mbaye Niang en trouble-f\u00eate | Nettali.com","isPartOf":{"@id":"https:\/\/www.nettali.com\/#website"},"primaryImageOfPage":{"@id":"https:\/\/www.nettali.com\/2021\/10\/09\/candidature-a-la-mairie-de-dakar-mame-mbaye-niang-en-trouble-fete\/#primaryimage"},"datePublished":"2021-10-09T09:19:45+00:00","dateModified":"2021-10-09T18:41:31+00:00","author":{"@id":"https:\/\/www.nettali.com\/#\/schema\/person\/8a06c6bd7b19304cf4bf985862900b5b"},"breadcrumb":{"@id":"https:\/\/www.nettali.com\/2021\/10\/09\/candidature-a-la-mairie-de-dakar-mame-mbaye-niang-en-trouble-fete\/#breadcrumb"},"inLanguage":"fr-FR","potentialAction":[{"@type":"ReadAction","target":["https:\/\/www.nettali.com\/2021\/10\/09\/candidature-a-la-mairie-de-dakar-mame-mbaye-niang-en-trouble-fete\/"]}]},{"@type":"BreadcrumbList","@id":"https:\/\/www.nettali.com\/2021\/10\/09\/candidature-a-la-mairie-de-dakar-mame-mbaye-niang-en-trouble-fete\/#breadcrumb","itemListElement":[{"@type":"ListItem","position":1,"name":"Accueil","item":"https:\/\/www.nettali.com\/"},{"@type":"ListItem","position":2,"name":"CANDIDATURE A LA MAIRIE DE DAKAR &#8211; Mame Mbaye Niang en trouble-f\u00eate"}]},{"@type":"Person","@id":"https:\/\/www.nettali.com\/#\/schema\/person\/8a06c6bd7b19304cf4bf985862900b5b","name":"Thierno Diop","image":{"@type":"ImageObject","@id":"https:\/\/www.nettali.com\/#personlogo","inLanguage":"fr-FR","url":"https:\/\/secure.gravatar.com\/avatar\/c8ca58550c94fd2ac856d27391a6c866?s=96&d=mm&r=g","contentUrl":"https:\/\/secure.gravatar.com\/avatar\/c8ca58550c94fd2ac856d27391a6c866?s=96&d=mm&r=g","caption":"Thierno Diop"},"sameAs":["https:\/\/nettali.com"]}]}},"_links":{"self":[{"href":"https:\/\/www.nettali.com\/rest\/wp\/v2\/posts\/73388"}],"collection":[{"href":"https:\/\/www.nettali.com\/rest\/wp\/v2\/posts"}],"about":[{"href":"https:\/\/www.nettali.com\/rest\/wp\/v2\/types\/post"}],"author":[{"embeddable":true,"href":"https:\/\/www.nettali.com\/rest\/wp\/v2\/users\/11"}],"replies":[{"embeddable":true,"href":"https:\/\/www.nettali.com\/rest\/wp\/v2\/comments?post=73388"}],"version-history":[{"count":3,"href":"https:\/\/www.nettali.com\/rest\/wp\/v2\/posts\/73388\/revisions"}],"predecessor-version":[{"id":73407,"href":"https:\/\/www.nettali.com\/rest\/wp\/v2\/posts\/73388\/revisions\/73407"}],"wp:featuredmedia":[{"embeddable":true,"href":"https:\/\/www.nettali.com\/rest\/wp\/v2\/media\/5576"}],"wp:attachment":[{"href":"https:\/\/www.nettali.com\/rest\/wp\/v2\/media?parent=73388"}],"wp:term":[{"taxonomy":"category","embeddable":true,"href":"https:\/\/www.nettali.com\/rest\/wp\/v2\/categories?post=73388"},{"taxonomy":"post_tag","embeddable":true,"href":"https:\/\/www.nettali.com\/rest\/wp\/v2\/tags?post=73388"}],"curies":[{"name":"wp","href":"https:\/\/api.w.org\/{rel}","templated":true}]}}