{"id":73344,"date":"2021-10-08T15:10:07","date_gmt":"2021-10-08T15:10:07","guid":{"rendered":"https:\/\/www.nettali.com\/?p=73344"},"modified":"2021-10-08T15:10:07","modified_gmt":"2021-10-08T15:10:07","slug":"ocde-un-accord-sur-une-taxe-mondiale-se-profile","status":"publish","type":"post","link":"https:\/\/www.nettali.com\/2021\/10\/08\/ocde-un-accord-sur-une-taxe-mondiale-se-profile\/","title":{"rendered":"OCDE - Un accord sur une taxe mondiale se profile"},"content":{"rendered":"<p>NETTALI.COM - \u00a0Un accord sur une r\u00e9forme de la fiscalit\u00e9 internationale des entreprises pr\u00e9voyant un taux minimal d'imposition d'au moins 15% devrait \u00eatre annonc\u00e9 vendredi par l'Organisation de coop\u00e9ration et de d\u00e9veloppement \u00e9conomiques (OCDE), apr\u00e8s que l'Irlande, l'Estonie et la Hongrie ont accept\u00e9 d'y adh\u00e9rer.<\/p>\n<p>L'accord vise \u00e0 mettre un terme \u00e0 la \"course vers le bas\" entam\u00e9e il y a une quarantaine d'ann\u00e9es par les Etats dans le but d'attirer des investissements et des emplois en ne taxant que faiblement les entreprises multinationales et en leur permettant de s'installer o\u00f9 bon leur semble.<\/p>\n<p>Entam\u00e9es il y a quatre ans, les n\u00e9gociations ont bascul\u00e9 en mode virtuel pendant la pand\u00e9mie de COVID-19 et connu une nouvelle impulsion gr\u00e2ce au soutien du pr\u00e9sident am\u00e9ricain Joe Biden et aux co\u00fbts engendr\u00e9s par la crise du coronavirus, qui ont creus\u00e9 les d\u00e9ficits publics et contraint les Etats \u00e0 chercher de nouvelles recettes. Cent quarante pays sont d\u00e9sormais impliqu\u00e9s dans ces discussions conduites par l'OCDE, qui doit en annoncer le r\u00e9sultat vers 16h00 GMT.<\/p>\n<p>L'accord fixera un taux minimal d'imposition des entreprises d'au moins 15% et permettra aux gouvernements d'imposer une part plus importante des b\u00e9n\u00e9fices des multinationales \u00e9trang\u00e8res.<\/p>\n<p>Il vise \u00e0 emp\u00eacher les grands groupes de d\u00e9clarer leurs b\u00e9n\u00e9fices dans des pays \u00e0 faible taux d'imposition comme l'Irlande, ind\u00e9pendamment de l'endroit o\u00f9 se trouvent leurs clients, une question de plus en plus pressante face aux g\u00e9ants du num\u00e9rique dont les activit\u00e9s traversent les fronti\u00e8res.<\/p>\n<p>L'Irlande et l'Estonie ont lev\u00e9 leurs objections jeudi et la Hongrie, \u00e9galement r\u00e9ticente, a promis vendredi de joindre sa signature, d\u00e9clarant avoir obtenu gain de cause pour l'instauration d'une p\u00e9riode transitoire de dix ans.<\/p>\n<p><strong>\"UNE D\u00c9CISION DIFFICILE ET COMPLEXE\" POUR L'IRLANDE<\/strong><\/p>\n<p>\"Il s'agit d'une d\u00e9cision difficile et complexe, mais je pense que c'est la bonne\", a d\u00e9clar\u00e9 le ministre irlandais des Finances, Paschal Donohoe, apr\u00e8s que l'Irlande a accept\u00e9 de renoncer \u00e0 imposer les multinationales \u00e0 hauteur de 12,5%.<\/p>\n<p>Le Premier ministre estonien, Kaja Kallas, qui a annonc\u00e9 le soutien de Tallin \u00e0 l'accord dans un communiqu\u00e9 publi\u00e9 jeudi, a voulu rassurer les entrepreneurs estoniens en pr\u00e9cisant qu'un imp\u00f4t minimum ne changerait rien \u00e0 leur situation.<\/p>\n<p>Toutefois, certains pays en d\u00e9veloppement, qui souhaitaient un taux plancher plus \u00e9lev\u00e9, ont estim\u00e9 que leurs int\u00e9r\u00eats avaient \u00e9t\u00e9 ignor\u00e9s au profit de ceux de pays plus riches comme l'Irlande, qui avait refus\u00e9 de signer un accord pr\u00e9voyant un imp\u00f4t minimum sup\u00e9rieur \u00e0 15%.<\/p>\n<p>Alors que l'Argentine a sign\u00e9 \u00e0 contrec\u0153ur une version pr\u00e9c\u00e9dente de l'accord, le Kenya et le Nigeria ont tous deux refus\u00e9 jusqu'\u00e0 pr\u00e9sent, tandis que l'Inde, qui avait \u00e9galement soutenu la version pr\u00e9c\u00e9dente, a depuis fait part de ses pr\u00e9occupations.<\/p>\n<p>Une fois qu'un accord aura \u00e9t\u00e9 conclu vendredi, il sera soumis aux ministres des Finances du G20, en vue d'une adoption formelle lors d'une r\u00e9union \u00e0 Washington la semaine prochaine.<\/p>\n<p>Toutefois, la position des \u00c9tats-Unis reste incertaine et d\u00e9pend en partie d'\u00e2pres n\u00e9gociations en cours au Congr\u00e8s sur une r\u00e9forme des imp\u00f4ts aux Etats-Unis.<\/p>\n<p>Les pays favorables \u00e0 l'accord devraient l'inscrire dans leur l\u00e9gislation l'ann\u00e9e prochaine afin qu'il puisse entrer en vigueur \u00e0 partir de 2023, ce que de nombreux responsables proches des n\u00e9gociations d\u00e9crivent comme un d\u00e9lai extr\u00eamement serr\u00e9.<\/p>\n<div class='share-to-whatsapp-wrapper'><div class='share-on-whsp'>PARTAGER SUR : <\/div><a data-text='OCDE - Un accord sur une taxe mondiale se profile' data-link='https:\/\/www.nettali.com\/2021\/10\/08\/ocde-un-accord-sur-une-taxe-mondiale-se-profile\/' class='whatsapp-button whatsapp-share'>WhatsApp<\/a><div class='clear '><\/div><\/div>","protected":false},"excerpt":{"rendered":"<p>NETTALI.COM - \u00a0Un accord sur une r\u00e9forme de la fiscalit\u00e9 internationale des entreprises pr\u00e9voyant un taux minimal d'imposition d'au moins 15% devrait \u00eatre annonc\u00e9 vendredi par l'Organisation de coop\u00e9ration et de d\u00e9veloppement \u00e9conomiques (OCDE), apr\u00e8s que l'Irlande, l'Estonie et la Hongrie ont accept\u00e9 d'y adh\u00e9rer. L'accord vise \u00e0 mettre un terme \u00e0 la \"course vers [&hellip;]<\/p>\n","protected":false},"author":11,"featured_media":73345,"comment_status":"open","ping_status":"open","sticky":false,"template":"","format":"standard","meta":{"_et_pb_use_builder":"","_et_pb_old_content":""},"categories":[4],"tags":[],"yoast_head":"<!-- This site is optimized with the Yoast SEO Premium plugin v17.8 (Yoast SEO v17.8) - https:\/\/yoast.com\/wordpress\/plugins\/seo\/ -->\n<title>OCDE - Un accord sur une taxe mondiale se profile | Nettali.com<\/title>\n<meta name=\"robots\" content=\"index, follow, max-snippet:-1, max-image-preview:large, max-video-preview:-1\" \/>\n<link rel=\"canonical\" href=\"https:\/\/www.nettali.com\/2021\/10\/08\/ocde-un-accord-sur-une-taxe-mondiale-se-profile\/\" \/>\n<meta property=\"og:locale\" content=\"fr_FR\" \/>\n<meta property=\"og:type\" content=\"article\" \/>\n<meta property=\"og:title\" content=\"OCDE - Un accord sur une taxe mondiale se profile\" \/>\n<meta property=\"og:description\" content=\"NETTALI.COM - \u00a0Un accord sur une r\u00e9forme de la fiscalit\u00e9 internationale des entreprises pr\u00e9voyant un taux minimal d&#039;imposition d&#039;au moins 15% devrait \u00eatre annonc\u00e9 vendredi par l&#039;Organisation de coop\u00e9ration et de d\u00e9veloppement \u00e9conomiques (OCDE), apr\u00e8s que l&#039;Irlande, l&#039;Estonie et la Hongrie ont accept\u00e9 d&#039;y adh\u00e9rer. L&#039;accord vise \u00e0 mettre un terme \u00e0 la &quot;course vers [&hellip;]\" \/>\n<meta property=\"og:url\" content=\"https:\/\/www.nettali.com\/2021\/10\/08\/ocde-un-accord-sur-une-taxe-mondiale-se-profile\/\" \/>\n<meta property=\"og:site_name\" content=\"Nettali.com\" \/>\n<meta property=\"article:publisher\" content=\"https:\/\/www.facebook.com\/nettalicom\" \/>\n<meta property=\"article:published_time\" content=\"2021-10-08T15:10:07+00:00\" \/>\n<meta property=\"og:image\" content=\"https:\/\/www.nettali.com\/wp-content\/uploads\/2021\/10\/ocde.jpg\" \/>\n\t<meta property=\"og:image:width\" content=\"1000\" \/>\n\t<meta property=\"og:image:height\" content=\"750\" \/>\n<meta name=\"twitter:card\" content=\"summary_large_image\" \/>\n<meta name=\"twitter:label1\" content=\"\u00c9crit par\" \/>\n\t<meta name=\"twitter:data1\" content=\"Thierno Diop\" \/>\n\t<meta name=\"twitter:label2\" content=\"Dur\u00e9e de lecture estim\u00e9e\" \/>\n\t<meta name=\"twitter:data2\" content=\"3 minutes\" \/>\n<script type=\"application\/ld+json\" class=\"yoast-schema-graph\">{\"@context\":\"https:\/\/schema.org\",\"@graph\":[{\"@type\":\"WebSite\",\"@id\":\"https:\/\/www.nettali.com\/#website\",\"url\":\"https:\/\/www.nettali.com\/\",\"name\":\"Nettali.com\",\"description\":\"Le rendez-vous critique du Net\",\"potentialAction\":[{\"@type\":\"SearchAction\",\"target\":{\"@type\":\"EntryPoint\",\"urlTemplate\":\"https:\/\/www.nettali.com\/?s={search_term_string}\"},\"query-input\":\"required name=search_term_string\"}],\"inLanguage\":\"fr-FR\"},{\"@type\":\"ImageObject\",\"@id\":\"https:\/\/www.nettali.com\/2021\/10\/08\/ocde-un-accord-sur-une-taxe-mondiale-se-profile\/#primaryimage\",\"inLanguage\":\"fr-FR\",\"url\":\"https:\/\/www.nettali.com\/wp-content\/uploads\/2021\/10\/ocde.jpg\",\"contentUrl\":\"https:\/\/www.nettali.com\/wp-content\/uploads\/2021\/10\/ocde.jpg\",\"width\":1000,\"height\":750},{\"@type\":\"WebPage\",\"@id\":\"https:\/\/www.nettali.com\/2021\/10\/08\/ocde-un-accord-sur-une-taxe-mondiale-se-profile\/#webpage\",\"url\":\"https:\/\/www.nettali.com\/2021\/10\/08\/ocde-un-accord-sur-une-taxe-mondiale-se-profile\/\",\"name\":\"OCDE - Un accord sur une taxe mondiale se profile | Nettali.com\",\"isPartOf\":{\"@id\":\"https:\/\/www.nettali.com\/#website\"},\"primaryImageOfPage\":{\"@id\":\"https:\/\/www.nettali.com\/2021\/10\/08\/ocde-un-accord-sur-une-taxe-mondiale-se-profile\/#primaryimage\"},\"datePublished\":\"2021-10-08T15:10:07+00:00\",\"dateModified\":\"2021-10-08T15:10:07+00:00\",\"author\":{\"@id\":\"https:\/\/www.nettali.com\/#\/schema\/person\/8a06c6bd7b19304cf4bf985862900b5b\"},\"breadcrumb\":{\"@id\":\"https:\/\/www.nettali.com\/2021\/10\/08\/ocde-un-accord-sur-une-taxe-mondiale-se-profile\/#breadcrumb\"},\"inLanguage\":\"fr-FR\",\"potentialAction\":[{\"@type\":\"ReadAction\",\"target\":[\"https:\/\/www.nettali.com\/2021\/10\/08\/ocde-un-accord-sur-une-taxe-mondiale-se-profile\/\"]}]},{\"@type\":\"BreadcrumbList\",\"@id\":\"https:\/\/www.nettali.com\/2021\/10\/08\/ocde-un-accord-sur-une-taxe-mondiale-se-profile\/#breadcrumb\",\"itemListElement\":[{\"@type\":\"ListItem\",\"position\":1,\"name\":\"Accueil\",\"item\":\"https:\/\/www.nettali.com\/\"},{\"@type\":\"ListItem\",\"position\":2,\"name\":\"OCDE &#8211; Un accord sur une taxe mondiale se profile\"}]},{\"@type\":\"Person\",\"@id\":\"https:\/\/www.nettali.com\/#\/schema\/person\/8a06c6bd7b19304cf4bf985862900b5b\",\"name\":\"Thierno Diop\",\"image\":{\"@type\":\"ImageObject\",\"@id\":\"https:\/\/www.nettali.com\/#personlogo\",\"inLanguage\":\"fr-FR\",\"url\":\"https:\/\/secure.gravatar.com\/avatar\/c8ca58550c94fd2ac856d27391a6c866?s=96&d=mm&r=g\",\"contentUrl\":\"https:\/\/secure.gravatar.com\/avatar\/c8ca58550c94fd2ac856d27391a6c866?s=96&d=mm&r=g\",\"caption\":\"Thierno Diop\"},\"sameAs\":[\"https:\/\/nettali.com\"]}]}<\/script>\n<!-- \/ Yoast SEO Premium plugin. -->","yoast_head_json":{"title":"OCDE - Un accord sur une taxe mondiale se profile | Nettali.com","robots":{"index":"index","follow":"follow","max-snippet":"max-snippet:-1","max-image-preview":"max-image-preview:large","max-video-preview":"max-video-preview:-1"},"canonical":"https:\/\/www.nettali.com\/2021\/10\/08\/ocde-un-accord-sur-une-taxe-mondiale-se-profile\/","og_locale":"fr_FR","og_type":"article","og_title":"OCDE - Un accord sur une taxe mondiale se profile","og_description":"NETTALI.COM - \u00a0Un accord sur une r\u00e9forme de la fiscalit\u00e9 internationale des entreprises pr\u00e9voyant un taux minimal d'imposition d'au moins 15% devrait \u00eatre annonc\u00e9 vendredi par l'Organisation de coop\u00e9ration et de d\u00e9veloppement \u00e9conomiques (OCDE), apr\u00e8s que l'Irlande, l'Estonie et la Hongrie ont accept\u00e9 d'y adh\u00e9rer. L'accord vise \u00e0 mettre un terme \u00e0 la \"course vers [&hellip;]","og_url":"https:\/\/www.nettali.com\/2021\/10\/08\/ocde-un-accord-sur-une-taxe-mondiale-se-profile\/","og_site_name":"Nettali.com","article_publisher":"https:\/\/www.facebook.com\/nettalicom","article_published_time":"2021-10-08T15:10:07+00:00","og_image":[{"width":1000,"height":750,"url":"https:\/\/www.nettali.com\/wp-content\/uploads\/2021\/10\/ocde.jpg","type":"image\/jpeg"}],"twitter_card":"summary_large_image","twitter_misc":{"\u00c9crit par":"Thierno Diop","Dur\u00e9e de lecture estim\u00e9e":"3 minutes"},"schema":{"@context":"https:\/\/schema.org","@graph":[{"@type":"WebSite","@id":"https:\/\/www.nettali.com\/#website","url":"https:\/\/www.nettali.com\/","name":"Nettali.com","description":"Le rendez-vous critique du Net","potentialAction":[{"@type":"SearchAction","target":{"@type":"EntryPoint","urlTemplate":"https:\/\/www.nettali.com\/?s={search_term_string}"},"query-input":"required name=search_term_string"}],"inLanguage":"fr-FR"},{"@type":"ImageObject","@id":"https:\/\/www.nettali.com\/2021\/10\/08\/ocde-un-accord-sur-une-taxe-mondiale-se-profile\/#primaryimage","inLanguage":"fr-FR","url":"https:\/\/www.nettali.com\/wp-content\/uploads\/2021\/10\/ocde.jpg","contentUrl":"https:\/\/www.nettali.com\/wp-content\/uploads\/2021\/10\/ocde.jpg","width":1000,"height":750},{"@type":"WebPage","@id":"https:\/\/www.nettali.com\/2021\/10\/08\/ocde-un-accord-sur-une-taxe-mondiale-se-profile\/#webpage","url":"https:\/\/www.nettali.com\/2021\/10\/08\/ocde-un-accord-sur-une-taxe-mondiale-se-profile\/","name":"OCDE - Un accord sur une taxe mondiale se profile | Nettali.com","isPartOf":{"@id":"https:\/\/www.nettali.com\/#website"},"primaryImageOfPage":{"@id":"https:\/\/www.nettali.com\/2021\/10\/08\/ocde-un-accord-sur-une-taxe-mondiale-se-profile\/#primaryimage"},"datePublished":"2021-10-08T15:10:07+00:00","dateModified":"2021-10-08T15:10:07+00:00","author":{"@id":"https:\/\/www.nettali.com\/#\/schema\/person\/8a06c6bd7b19304cf4bf985862900b5b"},"breadcrumb":{"@id":"https:\/\/www.nettali.com\/2021\/10\/08\/ocde-un-accord-sur-une-taxe-mondiale-se-profile\/#breadcrumb"},"inLanguage":"fr-FR","potentialAction":[{"@type":"ReadAction","target":["https:\/\/www.nettali.com\/2021\/10\/08\/ocde-un-accord-sur-une-taxe-mondiale-se-profile\/"]}]},{"@type":"BreadcrumbList","@id":"https:\/\/www.nettali.com\/2021\/10\/08\/ocde-un-accord-sur-une-taxe-mondiale-se-profile\/#breadcrumb","itemListElement":[{"@type":"ListItem","position":1,"name":"Accueil","item":"https:\/\/www.nettali.com\/"},{"@type":"ListItem","position":2,"name":"OCDE &#8211; Un accord sur une taxe mondiale se profile"}]},{"@type":"Person","@id":"https:\/\/www.nettali.com\/#\/schema\/person\/8a06c6bd7b19304cf4bf985862900b5b","name":"Thierno Diop","image":{"@type":"ImageObject","@id":"https:\/\/www.nettali.com\/#personlogo","inLanguage":"fr-FR","url":"https:\/\/secure.gravatar.com\/avatar\/c8ca58550c94fd2ac856d27391a6c866?s=96&d=mm&r=g","contentUrl":"https:\/\/secure.gravatar.com\/avatar\/c8ca58550c94fd2ac856d27391a6c866?s=96&d=mm&r=g","caption":"Thierno Diop"},"sameAs":["https:\/\/nettali.com"]}]}},"_links":{"self":[{"href":"https:\/\/www.nettali.com\/rest\/wp\/v2\/posts\/73344"}],"collection":[{"href":"https:\/\/www.nettali.com\/rest\/wp\/v2\/posts"}],"about":[{"href":"https:\/\/www.nettali.com\/rest\/wp\/v2\/types\/post"}],"author":[{"embeddable":true,"href":"https:\/\/www.nettali.com\/rest\/wp\/v2\/users\/11"}],"replies":[{"embeddable":true,"href":"https:\/\/www.nettali.com\/rest\/wp\/v2\/comments?post=73344"}],"version-history":[{"count":2,"href":"https:\/\/www.nettali.com\/rest\/wp\/v2\/posts\/73344\/revisions"}],"predecessor-version":[{"id":73347,"href":"https:\/\/www.nettali.com\/rest\/wp\/v2\/posts\/73344\/revisions\/73347"}],"wp:featuredmedia":[{"embeddable":true,"href":"https:\/\/www.nettali.com\/rest\/wp\/v2\/media\/73345"}],"wp:attachment":[{"href":"https:\/\/www.nettali.com\/rest\/wp\/v2\/media?parent=73344"}],"wp:term":[{"taxonomy":"category","embeddable":true,"href":"https:\/\/www.nettali.com\/rest\/wp\/v2\/categories?post=73344"},{"taxonomy":"post_tag","embeddable":true,"href":"https:\/\/www.nettali.com\/rest\/wp\/v2\/tags?post=73344"}],"curies":[{"name":"wp","href":"https:\/\/api.w.org\/{rel}","templated":true}]}}