{"id":73179,"date":"2021-10-05T23:39:08","date_gmt":"2021-10-05T23:39:08","guid":{"rendered":"https:\/\/www.nettali.com\/?p=73179"},"modified":"2021-10-05T23:39:08","modified_gmt":"2021-10-05T23:39:08","slug":"equipe-nationale-les-premiers-mots-de-bamba-dieng","status":"publish","type":"post","link":"https:\/\/www.nettali.com\/2021\/10\/05\/equipe-nationale-les-premiers-mots-de-bamba-dieng\/","title":{"rendered":"\u00c9QUIPE NATIONALE - Les premiers mots de Bamba Dieng"},"content":{"rendered":"<p><strong>NETTALI.COM - Convoqu\u00e9 pour la premi\u00e8re fois en \u00e9quipe nationale, Cheikh Ahmadou Bamba Dieng a particip\u00e9 ce mardi, au premier galop des Lions dans le cadre de la double confrontation face \u00e0 la Namibie. Occasion saisie par la presse pour retirer \u00e0 l'attaquant de l'OM ses premiers mots.<\/strong><\/p>\n<p>Ils sont deux \u00e0 d\u00e9couvrir la Tani\u00e8re : Bouna Sarr et Cheikh Ahmadou Bamba Dieng. Ils ont tous les de deux pris part \u00e0 la premi\u00e8re s\u00e9ance d'entra\u00eenement des Lions qui s'est tenue ce mardi sur la pelouse du stade Lat Dior de Thi\u00e8s.<\/p>\n<p>En forme en ce d\u00e9but de saison avec l'OM, le joueur form\u00e9 \u00e0 l'Institut Diambars se r\u00e9jouit de son int\u00e9gration dans la Tani\u00e8re.<\/p>\n<p>\"\u00a0<em>\u00c7a va, cela s\u2019est bien pass\u00e9. J\u2019ai \u00e9t\u00e9 bien accueilli et je me sens bien<\/em> \", a fait savoir le jeune buteur de 21 ans.<\/p>\n<p>Auteur d'un d\u00e9but de saison canon avec trois buts et une passe d\u00e9cisive en six matchs de Ligue 1, Bamba Dieng a vu ses belles performances sanctionn\u00e9es d'une convocation en s\u00e9lection.<\/p>\n<p>\" <em>C\u2019est bien gr\u00e2ce \u00e0 ces prestations que je suis l\u00e0 aujourd\u2019hui<\/em>\", reconna\u00eet-il. Avant d'ajouter : \" <em>Je vais donc continuer \u00e0 travailler et saisir l\u2019opportunit\u00e9 quand le coach me donnera ma chance. Tout d\u00e9pendra du coach. Je vais continuer de travailler et am\u00e9liorer les capacit\u00e9s physiques, mentales, techniques afin de rester comp\u00e9titif<\/em>\".<\/p>\n<p>A rappeler que les Lions vont recevoir au stade Lat Dior de Thi\u00e8s la Namibie ce samedi 9 octobre pour le compte de la 3\u00e8me journ\u00e9e des \u00e9liminatoires de la Coupe du Monde Qatar 2022, avant de se rendre \u00e0 Soweto pour la manche retour, pr\u00e9vue le mardi 12 octobre.<\/p>\n<div class='share-to-whatsapp-wrapper'><div class='share-on-whsp'>PARTAGER SUR : <\/div><a data-text='\u00c9QUIPE NATIONALE - Les premiers mots de Bamba Dieng' data-link='https:\/\/www.nettali.com\/2021\/10\/05\/equipe-nationale-les-premiers-mots-de-bamba-dieng\/' class='whatsapp-button whatsapp-share'>WhatsApp<\/a><div class='clear '><\/div><\/div>","protected":false},"excerpt":{"rendered":"<p>NETTALI.COM - Convoqu\u00e9 pour la premi\u00e8re fois en \u00e9quipe nationale, Cheikh Ahmadou Bamba Dieng a particip\u00e9 ce mardi, au premier galop des Lions dans le cadre de la double confrontation face \u00e0 la Namibie. Occasion saisie par la presse pour retirer \u00e0 l'attaquant de l'OM ses premiers mots. Ils sont deux \u00e0 d\u00e9couvrir la Tani\u00e8re [&hellip;]<\/p>\n","protected":false},"author":5,"featured_media":73180,"comment_status":"open","ping_status":"open","sticky":false,"template":"","format":"standard","meta":{"_et_pb_use_builder":"","_et_pb_old_content":""},"categories":[6],"tags":[],"yoast_head":"<!-- This site is optimized with the Yoast SEO Premium plugin v17.8 (Yoast SEO v17.8) - https:\/\/yoast.com\/wordpress\/plugins\/seo\/ -->\n<title>\u00c9QUIPE NATIONALE - Les premiers mots de Bamba Dieng | Nettali.com<\/title>\n<meta name=\"robots\" content=\"index, follow, max-snippet:-1, max-image-preview:large, max-video-preview:-1\" \/>\n<link rel=\"canonical\" href=\"https:\/\/www.nettali.com\/2021\/10\/05\/equipe-nationale-les-premiers-mots-de-bamba-dieng\/\" \/>\n<meta property=\"og:locale\" content=\"fr_FR\" \/>\n<meta property=\"og:type\" content=\"article\" \/>\n<meta property=\"og:title\" content=\"\u00c9QUIPE NATIONALE - Les premiers mots de Bamba Dieng\" \/>\n<meta property=\"og:description\" content=\"NETTALI.COM - Convoqu\u00e9 pour la premi\u00e8re fois en \u00e9quipe nationale, Cheikh Ahmadou Bamba Dieng a particip\u00e9 ce mardi, au premier galop des Lions dans le cadre de la double confrontation face \u00e0 la Namibie. Occasion saisie par la presse pour retirer \u00e0 l&#039;attaquant de l&#039;OM ses premiers mots. Ils sont deux \u00e0 d\u00e9couvrir la Tani\u00e8re [&hellip;]\" \/>\n<meta property=\"og:url\" content=\"https:\/\/www.nettali.com\/2021\/10\/05\/equipe-nationale-les-premiers-mots-de-bamba-dieng\/\" \/>\n<meta property=\"og:site_name\" content=\"Nettali.com\" \/>\n<meta property=\"article:publisher\" content=\"https:\/\/www.facebook.com\/nettalicom\" \/>\n<meta property=\"article:published_time\" content=\"2021-10-05T23:39:08+00:00\" \/>\n<meta property=\"og:image\" content=\"https:\/\/www.nettali.com\/wp-content\/uploads\/2021\/10\/e_ctbmqweaiid_y.jpg\" \/>\n\t<meta property=\"og:image:width\" content=\"749\" \/>\n\t<meta property=\"og:image:height\" content=\"499\" \/>\n<meta name=\"twitter:card\" content=\"summary_large_image\" \/>\n<meta name=\"twitter:label1\" content=\"\u00c9crit par\" \/>\n\t<meta name=\"twitter:data1\" content=\"Ibrahima\" \/>\n\t<meta name=\"twitter:label2\" content=\"Dur\u00e9e de lecture estim\u00e9e\" \/>\n\t<meta name=\"twitter:data2\" content=\"2 minutes\" \/>\n<script type=\"application\/ld+json\" class=\"yoast-schema-graph\">{\"@context\":\"https:\/\/schema.org\",\"@graph\":[{\"@type\":\"WebSite\",\"@id\":\"https:\/\/www.nettali.com\/#website\",\"url\":\"https:\/\/www.nettali.com\/\",\"name\":\"Nettali.com\",\"description\":\"Le rendez-vous critique du Net\",\"potentialAction\":[{\"@type\":\"SearchAction\",\"target\":{\"@type\":\"EntryPoint\",\"urlTemplate\":\"https:\/\/www.nettali.com\/?s={search_term_string}\"},\"query-input\":\"required name=search_term_string\"}],\"inLanguage\":\"fr-FR\"},{\"@type\":\"ImageObject\",\"@id\":\"https:\/\/www.nettali.com\/2021\/10\/05\/equipe-nationale-les-premiers-mots-de-bamba-dieng\/#primaryimage\",\"inLanguage\":\"fr-FR\",\"url\":\"https:\/\/www.nettali.com\/wp-content\/uploads\/2021\/10\/e_ctbmqweaiid_y.jpg\",\"contentUrl\":\"https:\/\/www.nettali.com\/wp-content\/uploads\/2021\/10\/e_ctbmqweaiid_y.jpg\",\"width\":749,\"height\":499},{\"@type\":\"WebPage\",\"@id\":\"https:\/\/www.nettali.com\/2021\/10\/05\/equipe-nationale-les-premiers-mots-de-bamba-dieng\/#webpage\",\"url\":\"https:\/\/www.nettali.com\/2021\/10\/05\/equipe-nationale-les-premiers-mots-de-bamba-dieng\/\",\"name\":\"\\u00c9QUIPE NATIONALE - Les premiers mots de Bamba Dieng | Nettali.com\",\"isPartOf\":{\"@id\":\"https:\/\/www.nettali.com\/#website\"},\"primaryImageOfPage\":{\"@id\":\"https:\/\/www.nettali.com\/2021\/10\/05\/equipe-nationale-les-premiers-mots-de-bamba-dieng\/#primaryimage\"},\"datePublished\":\"2021-10-05T23:39:08+00:00\",\"dateModified\":\"2021-10-05T23:39:08+00:00\",\"author\":{\"@id\":\"https:\/\/www.nettali.com\/#\/schema\/person\/bb147657c2986240405a608162b9bb23\"},\"breadcrumb\":{\"@id\":\"https:\/\/www.nettali.com\/2021\/10\/05\/equipe-nationale-les-premiers-mots-de-bamba-dieng\/#breadcrumb\"},\"inLanguage\":\"fr-FR\",\"potentialAction\":[{\"@type\":\"ReadAction\",\"target\":[\"https:\/\/www.nettali.com\/2021\/10\/05\/equipe-nationale-les-premiers-mots-de-bamba-dieng\/\"]}]},{\"@type\":\"BreadcrumbList\",\"@id\":\"https:\/\/www.nettali.com\/2021\/10\/05\/equipe-nationale-les-premiers-mots-de-bamba-dieng\/#breadcrumb\",\"itemListElement\":[{\"@type\":\"ListItem\",\"position\":1,\"name\":\"Accueil\",\"item\":\"https:\/\/www.nettali.com\/\"},{\"@type\":\"ListItem\",\"position\":2,\"name\":\"\\u00c9QUIPE NATIONALE &#8211; Les premiers mots de Bamba Dieng\"}]},{\"@type\":\"Person\",\"@id\":\"https:\/\/www.nettali.com\/#\/schema\/person\/bb147657c2986240405a608162b9bb23\",\"name\":\"Ibrahima\",\"image\":{\"@type\":\"ImageObject\",\"@id\":\"https:\/\/www.nettali.com\/#personlogo\",\"inLanguage\":\"fr-FR\",\"url\":\"https:\/\/secure.gravatar.com\/avatar\/26a8a81f09f0dd7624c9d5c36c9ba3a2?s=96&d=mm&r=g\",\"contentUrl\":\"https:\/\/secure.gravatar.com\/avatar\/26a8a81f09f0dd7624c9d5c36c9ba3a2?s=96&d=mm&r=g\",\"caption\":\"Ibrahima\"},\"sameAs\":[\"https:\/\/www.nettali.com\"]}]}<\/script>\n<!-- \/ Yoast SEO Premium plugin. -->","yoast_head_json":{"title":"\u00c9QUIPE NATIONALE - Les premiers mots de Bamba Dieng | Nettali.com","robots":{"index":"index","follow":"follow","max-snippet":"max-snippet:-1","max-image-preview":"max-image-preview:large","max-video-preview":"max-video-preview:-1"},"canonical":"https:\/\/www.nettali.com\/2021\/10\/05\/equipe-nationale-les-premiers-mots-de-bamba-dieng\/","og_locale":"fr_FR","og_type":"article","og_title":"\u00c9QUIPE NATIONALE - Les premiers mots de Bamba Dieng","og_description":"NETTALI.COM - Convoqu\u00e9 pour la premi\u00e8re fois en \u00e9quipe nationale, Cheikh Ahmadou Bamba Dieng a particip\u00e9 ce mardi, au premier galop des Lions dans le cadre de la double confrontation face \u00e0 la Namibie. Occasion saisie par la presse pour retirer \u00e0 l'attaquant de l'OM ses premiers mots. Ils sont deux \u00e0 d\u00e9couvrir la Tani\u00e8re [&hellip;]","og_url":"https:\/\/www.nettali.com\/2021\/10\/05\/equipe-nationale-les-premiers-mots-de-bamba-dieng\/","og_site_name":"Nettali.com","article_publisher":"https:\/\/www.facebook.com\/nettalicom","article_published_time":"2021-10-05T23:39:08+00:00","og_image":[{"width":749,"height":499,"url":"https:\/\/www.nettali.com\/wp-content\/uploads\/2021\/10\/e_ctbmqweaiid_y.jpg","type":"image\/jpeg"}],"twitter_card":"summary_large_image","twitter_misc":{"\u00c9crit par":"Ibrahima","Dur\u00e9e de lecture estim\u00e9e":"2 minutes"},"schema":{"@context":"https:\/\/schema.org","@graph":[{"@type":"WebSite","@id":"https:\/\/www.nettali.com\/#website","url":"https:\/\/www.nettali.com\/","name":"Nettali.com","description":"Le rendez-vous critique du Net","potentialAction":[{"@type":"SearchAction","target":{"@type":"EntryPoint","urlTemplate":"https:\/\/www.nettali.com\/?s={search_term_string}"},"query-input":"required name=search_term_string"}],"inLanguage":"fr-FR"},{"@type":"ImageObject","@id":"https:\/\/www.nettali.com\/2021\/10\/05\/equipe-nationale-les-premiers-mots-de-bamba-dieng\/#primaryimage","inLanguage":"fr-FR","url":"https:\/\/www.nettali.com\/wp-content\/uploads\/2021\/10\/e_ctbmqweaiid_y.jpg","contentUrl":"https:\/\/www.nettali.com\/wp-content\/uploads\/2021\/10\/e_ctbmqweaiid_y.jpg","width":749,"height":499},{"@type":"WebPage","@id":"https:\/\/www.nettali.com\/2021\/10\/05\/equipe-nationale-les-premiers-mots-de-bamba-dieng\/#webpage","url":"https:\/\/www.nettali.com\/2021\/10\/05\/equipe-nationale-les-premiers-mots-de-bamba-dieng\/","name":"\u00c9QUIPE NATIONALE - Les premiers mots de Bamba Dieng | Nettali.com","isPartOf":{"@id":"https:\/\/www.nettali.com\/#website"},"primaryImageOfPage":{"@id":"https:\/\/www.nettali.com\/2021\/10\/05\/equipe-nationale-les-premiers-mots-de-bamba-dieng\/#primaryimage"},"datePublished":"2021-10-05T23:39:08+00:00","dateModified":"2021-10-05T23:39:08+00:00","author":{"@id":"https:\/\/www.nettali.com\/#\/schema\/person\/bb147657c2986240405a608162b9bb23"},"breadcrumb":{"@id":"https:\/\/www.nettali.com\/2021\/10\/05\/equipe-nationale-les-premiers-mots-de-bamba-dieng\/#breadcrumb"},"inLanguage":"fr-FR","potentialAction":[{"@type":"ReadAction","target":["https:\/\/www.nettali.com\/2021\/10\/05\/equipe-nationale-les-premiers-mots-de-bamba-dieng\/"]}]},{"@type":"BreadcrumbList","@id":"https:\/\/www.nettali.com\/2021\/10\/05\/equipe-nationale-les-premiers-mots-de-bamba-dieng\/#breadcrumb","itemListElement":[{"@type":"ListItem","position":1,"name":"Accueil","item":"https:\/\/www.nettali.com\/"},{"@type":"ListItem","position":2,"name":"\u00c9QUIPE NATIONALE &#8211; Les premiers mots de Bamba Dieng"}]},{"@type":"Person","@id":"https:\/\/www.nettali.com\/#\/schema\/person\/bb147657c2986240405a608162b9bb23","name":"Ibrahima","image":{"@type":"ImageObject","@id":"https:\/\/www.nettali.com\/#personlogo","inLanguage":"fr-FR","url":"https:\/\/secure.gravatar.com\/avatar\/26a8a81f09f0dd7624c9d5c36c9ba3a2?s=96&d=mm&r=g","contentUrl":"https:\/\/secure.gravatar.com\/avatar\/26a8a81f09f0dd7624c9d5c36c9ba3a2?s=96&d=mm&r=g","caption":"Ibrahima"},"sameAs":["https:\/\/www.nettali.com"]}]}},"_links":{"self":[{"href":"https:\/\/www.nettali.com\/rest\/wp\/v2\/posts\/73179"}],"collection":[{"href":"https:\/\/www.nettali.com\/rest\/wp\/v2\/posts"}],"about":[{"href":"https:\/\/www.nettali.com\/rest\/wp\/v2\/types\/post"}],"author":[{"embeddable":true,"href":"https:\/\/www.nettali.com\/rest\/wp\/v2\/users\/5"}],"replies":[{"embeddable":true,"href":"https:\/\/www.nettali.com\/rest\/wp\/v2\/comments?post=73179"}],"version-history":[{"count":3,"href":"https:\/\/www.nettali.com\/rest\/wp\/v2\/posts\/73179\/revisions"}],"predecessor-version":[{"id":73183,"href":"https:\/\/www.nettali.com\/rest\/wp\/v2\/posts\/73179\/revisions\/73183"}],"wp:featuredmedia":[{"embeddable":true,"href":"https:\/\/www.nettali.com\/rest\/wp\/v2\/media\/73180"}],"wp:attachment":[{"href":"https:\/\/www.nettali.com\/rest\/wp\/v2\/media?parent=73179"}],"wp:term":[{"taxonomy":"category","embeddable":true,"href":"https:\/\/www.nettali.com\/rest\/wp\/v2\/categories?post=73179"},{"taxonomy":"post_tag","embeddable":true,"href":"https:\/\/www.nettali.com\/rest\/wp\/v2\/tags?post=73179"}],"curies":[{"name":"wp","href":"https:\/\/api.w.org\/{rel}","templated":true}]}}