{"id":73162,"date":"2021-10-05T17:35:34","date_gmt":"2021-10-05T17:35:34","guid":{"rendered":"https:\/\/www.nettali.com\/?p=73162"},"modified":"2021-10-05T22:02:03","modified_gmt":"2021-10-05T22:02:03","slug":"trafic-de-passeports-diplomatiques-me-malick-sall-reclame-la-tete-de-el-hadji-mamadou-sall-et-boubacar-biaye","status":"publish","type":"post","link":"https:\/\/www.nettali.com\/2021\/10\/05\/trafic-de-passeports-diplomatiques-me-malick-sall-reclame-la-tete-de-el-hadji-mamadou-sall-et-boubacar-biaye\/","title":{"rendered":"TRAFIC DE PASSEPORTS DIPLOMATIQUES - Me Malick Sall r\u00e9clame la t\u00eate de El Hadji Mamadou Sall \u00a0et Boubacar Biaye"},"content":{"rendered":"<p><strong>NETTALI.COM\u2013L\u2019on s\u2019achemine de plus en plus vers la lev\u00e9e de l\u2019immunit\u00e9 parlementaire des d\u00e9put\u00e9s El Hadji Mamadou Sall et Boubacar Biaye, cit\u00e9s dans l\u2019affaire du trafic de passeports diplomatique. <\/strong><\/p>\n<p>Les d\u00e9put\u00e9s El Hadji Mamadou Sall et Boubacar Biaye, cit\u00e9s dans l\u2019affaire du trafic de passeports diplomatiques, vont-ils r\u00e9pondre devant la justice ? Le moins que l\u2019on puisse dire est que le Garde des Sceaux, ministre de la Justice, a transmis au pr\u00e9sident de l\u2019Assembl\u00e9e nationale, le 4 octobre 2021, la demande de lev\u00e9e de l\u2019Immunit\u00e9 parlementaire des susnomm\u00e9s. C\u2019est \u00e0 la demande du juge d\u2019instruction \u00a0en charge du dossier.<\/p>\n<p>Ainsi selon un communiqu\u00e9 de l\u2019institution, le nouveau bureau traitera le dossier d\u00e8s l\u2019installation des Commissions permanentes. Ce sera \u00e0 l\u2019ouverture de la session ordinaire unique pr\u00e9vue le 14 octobre 2021.<\/p>\n<p>Osons croire que les d\u00e9put\u00e9s de la majorit\u00e9 ne feront pas barri\u00e8re pour tenter de sauver leurs coll\u00e8gues de la mouvance pr\u00e9sidentielle.<\/p>\n<p>&nbsp;<\/p>\n<div class='share-to-whatsapp-wrapper'><div class='share-on-whsp'>PARTAGER SUR : <\/div><a data-text='TRAFIC DE PASSEPORTS DIPLOMATIQUES - Me Malick Sall r\u00e9clame la t\u00eate de El Hadji Mamadou Sall \u00a0et Boubacar Biaye' data-link='https:\/\/www.nettali.com\/2021\/10\/05\/trafic-de-passeports-diplomatiques-me-malick-sall-reclame-la-tete-de-el-hadji-mamadou-sall-et-boubacar-biaye\/' class='whatsapp-button whatsapp-share'>WhatsApp<\/a><div class='clear '><\/div><\/div>","protected":false},"excerpt":{"rendered":"<p>NETTALI.COM\u2013L\u2019on s\u2019achemine de plus en plus vers la lev\u00e9e de l\u2019immunit\u00e9 parlementaire des d\u00e9put\u00e9s El Hadji Mamadou Sall et Boubacar Biaye, cit\u00e9s dans l\u2019affaire du trafic de passeports diplomatique. Les d\u00e9put\u00e9s El Hadji Mamadou Sall et Boubacar Biaye, cit\u00e9s dans l\u2019affaire du trafic de passeports diplomatiques, vont-ils r\u00e9pondre devant la justice ? Le moins que [&hellip;]<\/p>\n","protected":false},"author":6,"featured_media":38515,"comment_status":"open","ping_status":"open","sticky":false,"template":"","format":"standard","meta":{"_et_pb_use_builder":"","_et_pb_old_content":""},"categories":[3],"tags":[],"yoast_head":"<!-- This site is optimized with the Yoast SEO Premium plugin v17.8 (Yoast SEO v17.8) - https:\/\/yoast.com\/wordpress\/plugins\/seo\/ -->\n<title>TRAFIC DE PASSEPORTS DIPLOMATIQUES - Me Malick Sall r\u00e9clame la t\u00eate de El Hadji Mamadou Sall \u00a0et Boubacar Biaye | Nettali.com<\/title>\n<meta name=\"robots\" content=\"index, follow, max-snippet:-1, max-image-preview:large, max-video-preview:-1\" \/>\n<link rel=\"canonical\" href=\"https:\/\/www.nettali.com\/2021\/10\/05\/trafic-de-passeports-diplomatiques-me-malick-sall-reclame-la-tete-de-el-hadji-mamadou-sall-et-boubacar-biaye\/\" \/>\n<meta property=\"og:locale\" content=\"fr_FR\" \/>\n<meta property=\"og:type\" content=\"article\" \/>\n<meta property=\"og:title\" content=\"TRAFIC DE PASSEPORTS DIPLOMATIQUES - Me Malick Sall r\u00e9clame la t\u00eate de El Hadji Mamadou Sall \u00a0et Boubacar Biaye\" \/>\n<meta property=\"og:description\" content=\"NETTALI.COM\u2013L\u2019on s\u2019achemine de plus en plus vers la lev\u00e9e de l\u2019immunit\u00e9 parlementaire des d\u00e9put\u00e9s El Hadji Mamadou Sall et Boubacar Biaye, cit\u00e9s dans l\u2019affaire du trafic de passeports diplomatique. Les d\u00e9put\u00e9s El Hadji Mamadou Sall et Boubacar Biaye, cit\u00e9s dans l\u2019affaire du trafic de passeports diplomatiques, vont-ils r\u00e9pondre devant la justice ? Le moins que [&hellip;]\" \/>\n<meta property=\"og:url\" content=\"https:\/\/www.nettali.com\/2021\/10\/05\/trafic-de-passeports-diplomatiques-me-malick-sall-reclame-la-tete-de-el-hadji-mamadou-sall-et-boubacar-biaye\/\" \/>\n<meta property=\"og:site_name\" content=\"Nettali.com\" \/>\n<meta property=\"article:publisher\" content=\"https:\/\/www.facebook.com\/nettalicom\" \/>\n<meta property=\"article:published_time\" content=\"2021-10-05T17:35:34+00:00\" \/>\n<meta property=\"article:modified_time\" content=\"2021-10-05T22:02:03+00:00\" \/>\n<meta property=\"og:image\" content=\"https:\/\/www.nettali.com\/wp-content\/uploads\/2020\/06\/MALICK-SALL.jpg\" \/>\n\t<meta property=\"og:image:width\" content=\"1200\" \/>\n\t<meta property=\"og:image:height\" content=\"750\" \/>\n<meta name=\"twitter:card\" content=\"summary_large_image\" \/>\n<meta name=\"twitter:label1\" content=\"\u00c9crit par\" \/>\n\t<meta name=\"twitter:data1\" content=\"Fatou\" \/>\n\t<meta name=\"twitter:label2\" content=\"Dur\u00e9e de lecture estim\u00e9e\" \/>\n\t<meta name=\"twitter:data2\" content=\"1 minute\" \/>\n<script type=\"application\/ld+json\" class=\"yoast-schema-graph\">{\"@context\":\"https:\/\/schema.org\",\"@graph\":[{\"@type\":\"WebSite\",\"@id\":\"https:\/\/www.nettali.com\/#website\",\"url\":\"https:\/\/www.nettali.com\/\",\"name\":\"Nettali.com\",\"description\":\"Le rendez-vous critique du Net\",\"potentialAction\":[{\"@type\":\"SearchAction\",\"target\":{\"@type\":\"EntryPoint\",\"urlTemplate\":\"https:\/\/www.nettali.com\/?s={search_term_string}\"},\"query-input\":\"required name=search_term_string\"}],\"inLanguage\":\"fr-FR\"},{\"@type\":\"ImageObject\",\"@id\":\"https:\/\/www.nettali.com\/2021\/10\/05\/trafic-de-passeports-diplomatiques-me-malick-sall-reclame-la-tete-de-el-hadji-mamadou-sall-et-boubacar-biaye\/#primaryimage\",\"inLanguage\":\"fr-FR\",\"url\":\"https:\/\/www.nettali.com\/wp-content\/uploads\/2020\/06\/MALICK-SALL.jpg\",\"contentUrl\":\"https:\/\/www.nettali.com\/wp-content\/uploads\/2020\/06\/MALICK-SALL.jpg\",\"width\":1200,\"height\":750},{\"@type\":\"WebPage\",\"@id\":\"https:\/\/www.nettali.com\/2021\/10\/05\/trafic-de-passeports-diplomatiques-me-malick-sall-reclame-la-tete-de-el-hadji-mamadou-sall-et-boubacar-biaye\/#webpage\",\"url\":\"https:\/\/www.nettali.com\/2021\/10\/05\/trafic-de-passeports-diplomatiques-me-malick-sall-reclame-la-tete-de-el-hadji-mamadou-sall-et-boubacar-biaye\/\",\"name\":\"TRAFIC DE PASSEPORTS DIPLOMATIQUES - Me Malick Sall r\\u00e9clame la t\\u00eate de El Hadji Mamadou Sall \\u00a0et Boubacar Biaye | Nettali.com\",\"isPartOf\":{\"@id\":\"https:\/\/www.nettali.com\/#website\"},\"primaryImageOfPage\":{\"@id\":\"https:\/\/www.nettali.com\/2021\/10\/05\/trafic-de-passeports-diplomatiques-me-malick-sall-reclame-la-tete-de-el-hadji-mamadou-sall-et-boubacar-biaye\/#primaryimage\"},\"datePublished\":\"2021-10-05T17:35:34+00:00\",\"dateModified\":\"2021-10-05T22:02:03+00:00\",\"author\":{\"@id\":\"https:\/\/www.nettali.com\/#\/schema\/person\/418274a86bdf87caff7a3ef476bd0bbf\"},\"breadcrumb\":{\"@id\":\"https:\/\/www.nettali.com\/2021\/10\/05\/trafic-de-passeports-diplomatiques-me-malick-sall-reclame-la-tete-de-el-hadji-mamadou-sall-et-boubacar-biaye\/#breadcrumb\"},\"inLanguage\":\"fr-FR\",\"potentialAction\":[{\"@type\":\"ReadAction\",\"target\":[\"https:\/\/www.nettali.com\/2021\/10\/05\/trafic-de-passeports-diplomatiques-me-malick-sall-reclame-la-tete-de-el-hadji-mamadou-sall-et-boubacar-biaye\/\"]}]},{\"@type\":\"BreadcrumbList\",\"@id\":\"https:\/\/www.nettali.com\/2021\/10\/05\/trafic-de-passeports-diplomatiques-me-malick-sall-reclame-la-tete-de-el-hadji-mamadou-sall-et-boubacar-biaye\/#breadcrumb\",\"itemListElement\":[{\"@type\":\"ListItem\",\"position\":1,\"name\":\"Accueil\",\"item\":\"https:\/\/www.nettali.com\/\"},{\"@type\":\"ListItem\",\"position\":2,\"name\":\"TRAFIC DE PASSEPORTS DIPLOMATIQUES &#8211; Me Malick Sall r\\u00e9clame la t\\u00eate de El Hadji Mamadou Sall \\u00a0et Boubacar Biaye\"}]},{\"@type\":\"Person\",\"@id\":\"https:\/\/www.nettali.com\/#\/schema\/person\/418274a86bdf87caff7a3ef476bd0bbf\",\"name\":\"Fatou\",\"image\":{\"@type\":\"ImageObject\",\"@id\":\"https:\/\/www.nettali.com\/#personlogo\",\"inLanguage\":\"fr-FR\",\"url\":\"https:\/\/secure.gravatar.com\/avatar\/5a9442a2bee7b4dcf167cab035858e9a?s=96&d=mm&r=g\",\"contentUrl\":\"https:\/\/secure.gravatar.com\/avatar\/5a9442a2bee7b4dcf167cab035858e9a?s=96&d=mm&r=g\",\"caption\":\"Fatou\"},\"sameAs\":[\"https:\/\/www.nettali.com\"]}]}<\/script>\n<!-- \/ Yoast SEO Premium plugin. -->","yoast_head_json":{"title":"TRAFIC DE PASSEPORTS DIPLOMATIQUES - Me Malick Sall r\u00e9clame la t\u00eate de El Hadji Mamadou Sall \u00a0et Boubacar Biaye | Nettali.com","robots":{"index":"index","follow":"follow","max-snippet":"max-snippet:-1","max-image-preview":"max-image-preview:large","max-video-preview":"max-video-preview:-1"},"canonical":"https:\/\/www.nettali.com\/2021\/10\/05\/trafic-de-passeports-diplomatiques-me-malick-sall-reclame-la-tete-de-el-hadji-mamadou-sall-et-boubacar-biaye\/","og_locale":"fr_FR","og_type":"article","og_title":"TRAFIC DE PASSEPORTS DIPLOMATIQUES - Me Malick Sall r\u00e9clame la t\u00eate de El Hadji Mamadou Sall \u00a0et Boubacar Biaye","og_description":"NETTALI.COM\u2013L\u2019on s\u2019achemine de plus en plus vers la lev\u00e9e de l\u2019immunit\u00e9 parlementaire des d\u00e9put\u00e9s El Hadji Mamadou Sall et Boubacar Biaye, cit\u00e9s dans l\u2019affaire du trafic de passeports diplomatique. Les d\u00e9put\u00e9s El Hadji Mamadou Sall et Boubacar Biaye, cit\u00e9s dans l\u2019affaire du trafic de passeports diplomatiques, vont-ils r\u00e9pondre devant la justice ? Le moins que [&hellip;]","og_url":"https:\/\/www.nettali.com\/2021\/10\/05\/trafic-de-passeports-diplomatiques-me-malick-sall-reclame-la-tete-de-el-hadji-mamadou-sall-et-boubacar-biaye\/","og_site_name":"Nettali.com","article_publisher":"https:\/\/www.facebook.com\/nettalicom","article_published_time":"2021-10-05T17:35:34+00:00","article_modified_time":"2021-10-05T22:02:03+00:00","og_image":[{"width":1200,"height":750,"url":"https:\/\/www.nettali.com\/wp-content\/uploads\/2020\/06\/MALICK-SALL.jpg","type":"image\/jpeg"}],"twitter_card":"summary_large_image","twitter_misc":{"\u00c9crit par":"Fatou","Dur\u00e9e de lecture estim\u00e9e":"1 minute"},"schema":{"@context":"https:\/\/schema.org","@graph":[{"@type":"WebSite","@id":"https:\/\/www.nettali.com\/#website","url":"https:\/\/www.nettali.com\/","name":"Nettali.com","description":"Le rendez-vous critique du Net","potentialAction":[{"@type":"SearchAction","target":{"@type":"EntryPoint","urlTemplate":"https:\/\/www.nettali.com\/?s={search_term_string}"},"query-input":"required name=search_term_string"}],"inLanguage":"fr-FR"},{"@type":"ImageObject","@id":"https:\/\/www.nettali.com\/2021\/10\/05\/trafic-de-passeports-diplomatiques-me-malick-sall-reclame-la-tete-de-el-hadji-mamadou-sall-et-boubacar-biaye\/#primaryimage","inLanguage":"fr-FR","url":"https:\/\/www.nettali.com\/wp-content\/uploads\/2020\/06\/MALICK-SALL.jpg","contentUrl":"https:\/\/www.nettali.com\/wp-content\/uploads\/2020\/06\/MALICK-SALL.jpg","width":1200,"height":750},{"@type":"WebPage","@id":"https:\/\/www.nettali.com\/2021\/10\/05\/trafic-de-passeports-diplomatiques-me-malick-sall-reclame-la-tete-de-el-hadji-mamadou-sall-et-boubacar-biaye\/#webpage","url":"https:\/\/www.nettali.com\/2021\/10\/05\/trafic-de-passeports-diplomatiques-me-malick-sall-reclame-la-tete-de-el-hadji-mamadou-sall-et-boubacar-biaye\/","name":"TRAFIC DE PASSEPORTS DIPLOMATIQUES - Me Malick Sall r\u00e9clame la t\u00eate de El Hadji Mamadou Sall \u00a0et Boubacar Biaye | Nettali.com","isPartOf":{"@id":"https:\/\/www.nettali.com\/#website"},"primaryImageOfPage":{"@id":"https:\/\/www.nettali.com\/2021\/10\/05\/trafic-de-passeports-diplomatiques-me-malick-sall-reclame-la-tete-de-el-hadji-mamadou-sall-et-boubacar-biaye\/#primaryimage"},"datePublished":"2021-10-05T17:35:34+00:00","dateModified":"2021-10-05T22:02:03+00:00","author":{"@id":"https:\/\/www.nettali.com\/#\/schema\/person\/418274a86bdf87caff7a3ef476bd0bbf"},"breadcrumb":{"@id":"https:\/\/www.nettali.com\/2021\/10\/05\/trafic-de-passeports-diplomatiques-me-malick-sall-reclame-la-tete-de-el-hadji-mamadou-sall-et-boubacar-biaye\/#breadcrumb"},"inLanguage":"fr-FR","potentialAction":[{"@type":"ReadAction","target":["https:\/\/www.nettali.com\/2021\/10\/05\/trafic-de-passeports-diplomatiques-me-malick-sall-reclame-la-tete-de-el-hadji-mamadou-sall-et-boubacar-biaye\/"]}]},{"@type":"BreadcrumbList","@id":"https:\/\/www.nettali.com\/2021\/10\/05\/trafic-de-passeports-diplomatiques-me-malick-sall-reclame-la-tete-de-el-hadji-mamadou-sall-et-boubacar-biaye\/#breadcrumb","itemListElement":[{"@type":"ListItem","position":1,"name":"Accueil","item":"https:\/\/www.nettali.com\/"},{"@type":"ListItem","position":2,"name":"TRAFIC DE PASSEPORTS DIPLOMATIQUES &#8211; Me Malick Sall r\u00e9clame la t\u00eate de El Hadji Mamadou Sall \u00a0et Boubacar Biaye"}]},{"@type":"Person","@id":"https:\/\/www.nettali.com\/#\/schema\/person\/418274a86bdf87caff7a3ef476bd0bbf","name":"Fatou","image":{"@type":"ImageObject","@id":"https:\/\/www.nettali.com\/#personlogo","inLanguage":"fr-FR","url":"https:\/\/secure.gravatar.com\/avatar\/5a9442a2bee7b4dcf167cab035858e9a?s=96&d=mm&r=g","contentUrl":"https:\/\/secure.gravatar.com\/avatar\/5a9442a2bee7b4dcf167cab035858e9a?s=96&d=mm&r=g","caption":"Fatou"},"sameAs":["https:\/\/www.nettali.com"]}]}},"_links":{"self":[{"href":"https:\/\/www.nettali.com\/rest\/wp\/v2\/posts\/73162"}],"collection":[{"href":"https:\/\/www.nettali.com\/rest\/wp\/v2\/posts"}],"about":[{"href":"https:\/\/www.nettali.com\/rest\/wp\/v2\/types\/post"}],"author":[{"embeddable":true,"href":"https:\/\/www.nettali.com\/rest\/wp\/v2\/users\/6"}],"replies":[{"embeddable":true,"href":"https:\/\/www.nettali.com\/rest\/wp\/v2\/comments?post=73162"}],"version-history":[{"count":4,"href":"https:\/\/www.nettali.com\/rest\/wp\/v2\/posts\/73162\/revisions"}],"predecessor-version":[{"id":73166,"href":"https:\/\/www.nettali.com\/rest\/wp\/v2\/posts\/73162\/revisions\/73166"}],"wp:featuredmedia":[{"embeddable":true,"href":"https:\/\/www.nettali.com\/rest\/wp\/v2\/media\/38515"}],"wp:attachment":[{"href":"https:\/\/www.nettali.com\/rest\/wp\/v2\/media?parent=73162"}],"wp:term":[{"taxonomy":"category","embeddable":true,"href":"https:\/\/www.nettali.com\/rest\/wp\/v2\/categories?post=73162"},{"taxonomy":"post_tag","embeddable":true,"href":"https:\/\/www.nettali.com\/rest\/wp\/v2\/tags?post=73162"}],"curies":[{"name":"wp","href":"https:\/\/api.w.org\/{rel}","templated":true}]}}