{"id":73096,"date":"2021-10-04T14:29:40","date_gmt":"2021-10-04T14:29:40","guid":{"rendered":"https:\/\/www.nettali.com\/?p=73096"},"modified":"2021-10-04T22:18:23","modified_gmt":"2021-10-04T22:18:23","slug":"riad-kawar-ecologiste-pourquoi-le-senegal-connait-une-forte-chaleur","status":"publish","type":"post","link":"https:\/\/www.nettali.com\/2021\/10\/04\/riad-kawar-ecologiste-pourquoi-le-senegal-connait-une-forte-chaleur\/","title":{"rendered":"RIAD KAWAR, ECOLOGISTE\u00a0: \u00abPourquoi le S\u00e9n\u00e9gal conna\u00eet une forte chaleur\u2026\u00a0\u00bb"},"content":{"rendered":"<p><strong>NETTALI.COM - Administrateur de la page La m\u00e9t\u00e9o dakaroise de Riad et \u00e9cologiste, Riad Kawar, explique pourquoi on conna\u00eet une vague de chaleur au S\u00e9n\u00e9gal. Il explique ce ph\u00e9nom\u00e8ne par une anomalie thermique.<\/strong><\/p>\n<p><strong>\u00a0<em>\u00ab<\/em><\/strong><em>Depuis quelques jours, nous ressentons une forte chaleur, m\u00eame nocturne, sur la majeure partie du S\u00e9n\u00e9gal. Cela est d\u00fb \u00e0 une anomalie thermique (inversion de temp\u00e9ratures) en altitude, ayant contribu\u00e9 \u00e0 pi\u00e9ger vers le sol la chaleur produite par l\u2019ensoleillement, les gaz de l\u2019activit\u00e9 humaine et l\u2019\u00e9vapo-transpiration (transpiration des \u00eatres vivants). En temps normal, cette chaleur est cens\u00e9e s\u2019\u00e9vacuer en montant dans une atmosph\u00e8re de plus en plus froide, \u00e9liminant ou rabaissant l\u2019effet de serre, responsable de la chaleur. Seulement, depuis quelques jours, une masse d\u2019air situ\u00e9e entre 1 000 et 2 000 m\u00e8tres d\u2019altitude, plus chaude que l\u2019air arrivant d\u2019en bas, a recouvert les 3\/4 Nord du pays, emp\u00eachant le d\u00e9gazage de toutes les \u00e9missions humaines et animales, ainsi que la chaleur du rayonnement solaire r\u00e9fl\u00e9chi au sol. Cela est d\u00fb \u00e0 l\u2019approche de fin de saison des pluies, et cette sensation de chaleur a perdur\u00e9 \u00e0 cause d\u2019un autre ph\u00e9nom\u00e8ne m\u00e9t\u00e9orologique positionn\u00e9 au m\u00eame moment en mer : une temp\u00eate tropicale rotative, s\u2019\u00e9loignant dans l\u2019oc\u00e9an, mais faisant barrage aux vents de l\u2019Est, et donc aux chances d\u2019activit\u00e9s orageuses encore possibles, et arrivant du Mali. Cela a contribu\u00e9 \u00e0 pi\u00e9ger cette anomalie thermique sur le S\u00e9n\u00e9gal. La situation s\u2019am\u00e9liorera un peu dans les jours \u00e0 venir. Mais nous devrions conna\u00eetre de nouvelles vagues de chaleur courant Octobre\u00bb, <\/em>explique le technicien.<\/p>\n<p>Selon lui, ces anomalies sont de plus en plus r\u00e9currentes, et cette fr\u00e9quence qui cro\u00eet r\u00e9sulte forc\u00e9ment d\u2019un changement dans l\u2019\u00e9cosyst\u00e8me global. \u00ab<em>Le changement climatique est une r\u00e9alit\u00e9, et un probl\u00e8me s\u00e9rieux \u00e0 prendre en compte. Surtout pour les pays Sah\u00e9liens, expos\u00e9s \u00e0 la d\u00e9sertification\u00bb, <\/em>fait-il savoir.<\/p>\n<p>Et les cons\u00e9quences de telles anomalies sont multiples, ajoute-t-il. Il s\u2019agit de la <em>\u00abperturbation des fr\u00e9quences des pluies, sachant que le S\u00e9n\u00e9gal est \u00e0 60 % d\u00e9pendant de l\u2019agriculture pluviale\u00a0\u00bb<\/em>, de la hausse des sympt\u00f4mes respiratoires et autres, avec une pollution pi\u00e9g\u00e9e, de l\u2019accroissement des temp\u00e9ratures ressenties, pouvant alt\u00e9rer l\u2019\u00e9cosyst\u00e8me, de la d\u00e9sertification progressive et du stress hydrique. <em>\u00abCe qu\u2019il faut savoir, c\u2019est que nos \u00e9cosyst\u00e8mes ont v\u00e9ritablement chang\u00e9 en l\u2019espace de quelques ann\u00e9es. La d\u00e9forestation de la moiti\u00e9 Nord du S\u00e9n\u00e9gal a permis l\u2019installation de microclimats n\u00e9fastes, favorisant les vents secs, par l\u2019absence d\u2019assez d\u2019\u00e9vapotranspiration. Ce qui retarde l\u2019installation des hivernages, et favorise les effets climatiques extr\u00eames, comme les vagues de chaleurs, par exemple. Une for\u00eat organis\u00e9e en microclimats est capable de r\u00e9guler l\u2019atmosph\u00e8re jusqu\u2019\u00e0 au moins 2 000 m\u00e8tres d\u2019altitude\u00bb,<\/em> constate-t-il.<\/p>\n<p>Selon lui, la solution est \u00a0de <em>\u00abreboiser le pays et imposer des couloirs de divagation au b\u00e9tail\u00bb.<\/em><\/p>\n<p>En tout cas, pr\u00e9dit-il, <strong>\u00a0<em>\u00ab<\/em><\/strong><em>on ressentira un meilleur climat ces jours-ci, avec quelques chances de pluie dans le pays, puis un retour assez r\u00e9current des chaleurs jusqu\u2019\u00e0 la troisi\u00e8me semaine d\u2019octobre. Il devrait faire meilleur courant Novembre.\u00bb<\/em><\/p>\n<p>&nbsp;<\/p>\n<div class='share-to-whatsapp-wrapper'><div class='share-on-whsp'>PARTAGER SUR : <\/div><a data-text='RIAD KAWAR, ECOLOGISTE\u00a0: \u00abPourquoi le S\u00e9n\u00e9gal conna\u00eet une forte chaleur\u2026\u00a0\u00bb' data-link='https:\/\/www.nettali.com\/2021\/10\/04\/riad-kawar-ecologiste-pourquoi-le-senegal-connait-une-forte-chaleur\/' class='whatsapp-button whatsapp-share'>WhatsApp<\/a><div class='clear '><\/div><\/div>","protected":false},"excerpt":{"rendered":"<p>NETTALI.COM - Administrateur de la page La m\u00e9t\u00e9o dakaroise de Riad et \u00e9cologiste, Riad Kawar, explique pourquoi on conna\u00eet une vague de chaleur au S\u00e9n\u00e9gal. Il explique ce ph\u00e9nom\u00e8ne par une anomalie thermique. \u00a0\u00abDepuis quelques jours, nous ressentons une forte chaleur, m\u00eame nocturne, sur la majeure partie du S\u00e9n\u00e9gal. Cela est d\u00fb \u00e0 une anomalie [&hellip;]<\/p>\n","protected":false},"author":4,"featured_media":73097,"comment_status":"open","ping_status":"open","sticky":false,"template":"","format":"standard","meta":{"_et_pb_use_builder":"","_et_pb_old_content":""},"categories":[3],"tags":[],"yoast_head":"<!-- This site is optimized with the Yoast SEO Premium plugin v17.8 (Yoast SEO v17.8) - https:\/\/yoast.com\/wordpress\/plugins\/seo\/ -->\n<title>RIAD KAWAR, ECOLOGISTE\u00a0: \u00abPourquoi le S\u00e9n\u00e9gal conna\u00eet une forte chaleur\u2026\u00a0\u00bb | Nettali.com<\/title>\n<meta name=\"robots\" content=\"index, follow, max-snippet:-1, max-image-preview:large, max-video-preview:-1\" \/>\n<link rel=\"canonical\" href=\"https:\/\/www.nettali.com\/2021\/10\/04\/riad-kawar-ecologiste-pourquoi-le-senegal-connait-une-forte-chaleur\/\" \/>\n<meta property=\"og:locale\" content=\"fr_FR\" \/>\n<meta property=\"og:type\" content=\"article\" \/>\n<meta property=\"og:title\" content=\"RIAD KAWAR, ECOLOGISTE\u00a0: \u00abPourquoi le S\u00e9n\u00e9gal conna\u00eet une forte chaleur\u2026\u00a0\u00bb\" \/>\n<meta property=\"og:description\" content=\"NETTALI.COM - Administrateur de la page La m\u00e9t\u00e9o dakaroise de Riad et \u00e9cologiste, Riad Kawar, explique pourquoi on conna\u00eet une vague de chaleur au S\u00e9n\u00e9gal. Il explique ce ph\u00e9nom\u00e8ne par une anomalie thermique. \u00a0\u00abDepuis quelques jours, nous ressentons une forte chaleur, m\u00eame nocturne, sur la majeure partie du S\u00e9n\u00e9gal. Cela est d\u00fb \u00e0 une anomalie [&hellip;]\" \/>\n<meta property=\"og:url\" content=\"https:\/\/www.nettali.com\/2021\/10\/04\/riad-kawar-ecologiste-pourquoi-le-senegal-connait-une-forte-chaleur\/\" \/>\n<meta property=\"og:site_name\" content=\"Nettali.com\" \/>\n<meta property=\"article:publisher\" content=\"https:\/\/www.facebook.com\/nettalicom\" \/>\n<meta property=\"article:published_time\" content=\"2021-10-04T14:29:40+00:00\" \/>\n<meta property=\"article:modified_time\" content=\"2021-10-04T22:18:23+00:00\" \/>\n<meta property=\"og:image\" content=\"https:\/\/www.nettali.com\/wp-content\/uploads\/2021\/10\/RIAD-KAWAR-ECOLOGISTE-e1633357771625.jpeg\" \/>\n\t<meta property=\"og:image:width\" content=\"1069\" \/>\n\t<meta property=\"og:image:height\" content=\"645\" \/>\n<meta name=\"twitter:card\" content=\"summary_large_image\" \/>\n<meta name=\"twitter:label1\" content=\"\u00c9crit par\" \/>\n\t<meta name=\"twitter:data1\" content=\"Daouda\" \/>\n\t<meta name=\"twitter:label2\" content=\"Dur\u00e9e de lecture estim\u00e9e\" \/>\n\t<meta name=\"twitter:data2\" content=\"3 minutes\" \/>\n<script type=\"application\/ld+json\" class=\"yoast-schema-graph\">{\"@context\":\"https:\/\/schema.org\",\"@graph\":[{\"@type\":\"WebSite\",\"@id\":\"https:\/\/www.nettali.com\/#website\",\"url\":\"https:\/\/www.nettali.com\/\",\"name\":\"Nettali.com\",\"description\":\"Le rendez-vous critique du Net\",\"potentialAction\":[{\"@type\":\"SearchAction\",\"target\":{\"@type\":\"EntryPoint\",\"urlTemplate\":\"https:\/\/www.nettali.com\/?s={search_term_string}\"},\"query-input\":\"required name=search_term_string\"}],\"inLanguage\":\"fr-FR\"},{\"@type\":\"ImageObject\",\"@id\":\"https:\/\/www.nettali.com\/2021\/10\/04\/riad-kawar-ecologiste-pourquoi-le-senegal-connait-une-forte-chaleur\/#primaryimage\",\"inLanguage\":\"fr-FR\",\"url\":\"https:\/\/www.nettali.com\/wp-content\/uploads\/2021\/10\/RIAD-KAWAR-ECOLOGISTE-e1633357771625.jpeg\",\"contentUrl\":\"https:\/\/www.nettali.com\/wp-content\/uploads\/2021\/10\/RIAD-KAWAR-ECOLOGISTE-e1633357771625.jpeg\",\"width\":1069,\"height\":645},{\"@type\":\"WebPage\",\"@id\":\"https:\/\/www.nettali.com\/2021\/10\/04\/riad-kawar-ecologiste-pourquoi-le-senegal-connait-une-forte-chaleur\/#webpage\",\"url\":\"https:\/\/www.nettali.com\/2021\/10\/04\/riad-kawar-ecologiste-pourquoi-le-senegal-connait-une-forte-chaleur\/\",\"name\":\"RIAD KAWAR, ECOLOGISTE\\u00a0: \\u00abPourquoi le S\\u00e9n\\u00e9gal conna\\u00eet une forte chaleur\\u2026\\u00a0\\u00bb | Nettali.com\",\"isPartOf\":{\"@id\":\"https:\/\/www.nettali.com\/#website\"},\"primaryImageOfPage\":{\"@id\":\"https:\/\/www.nettali.com\/2021\/10\/04\/riad-kawar-ecologiste-pourquoi-le-senegal-connait-une-forte-chaleur\/#primaryimage\"},\"datePublished\":\"2021-10-04T14:29:40+00:00\",\"dateModified\":\"2021-10-04T22:18:23+00:00\",\"author\":{\"@id\":\"https:\/\/www.nettali.com\/#\/schema\/person\/3317e0bb3aa1da309fbf7b2780901bf4\"},\"breadcrumb\":{\"@id\":\"https:\/\/www.nettali.com\/2021\/10\/04\/riad-kawar-ecologiste-pourquoi-le-senegal-connait-une-forte-chaleur\/#breadcrumb\"},\"inLanguage\":\"fr-FR\",\"potentialAction\":[{\"@type\":\"ReadAction\",\"target\":[\"https:\/\/www.nettali.com\/2021\/10\/04\/riad-kawar-ecologiste-pourquoi-le-senegal-connait-une-forte-chaleur\/\"]}]},{\"@type\":\"BreadcrumbList\",\"@id\":\"https:\/\/www.nettali.com\/2021\/10\/04\/riad-kawar-ecologiste-pourquoi-le-senegal-connait-une-forte-chaleur\/#breadcrumb\",\"itemListElement\":[{\"@type\":\"ListItem\",\"position\":1,\"name\":\"Accueil\",\"item\":\"https:\/\/www.nettali.com\/\"},{\"@type\":\"ListItem\",\"position\":2,\"name\":\"RIAD KAWAR, ECOLOGISTE\\u00a0: \\u00abPourquoi le S\\u00e9n\\u00e9gal conna\\u00eet une forte chaleur\\u2026\\u00a0\\u00bb\"}]},{\"@type\":\"Person\",\"@id\":\"https:\/\/www.nettali.com\/#\/schema\/person\/3317e0bb3aa1da309fbf7b2780901bf4\",\"name\":\"Daouda\",\"image\":{\"@type\":\"ImageObject\",\"@id\":\"https:\/\/www.nettali.com\/#personlogo\",\"inLanguage\":\"fr-FR\",\"url\":\"https:\/\/secure.gravatar.com\/avatar\/8d143b5a49345098ddcfee1c49c2f47c?s=96&d=mm&r=g\",\"contentUrl\":\"https:\/\/secure.gravatar.com\/avatar\/8d143b5a49345098ddcfee1c49c2f47c?s=96&d=mm&r=g\",\"caption\":\"Daouda\"},\"sameAs\":[\"https:\/\/www.nettali.com\"]}]}<\/script>\n<!-- \/ Yoast SEO Premium plugin. -->","yoast_head_json":{"title":"RIAD KAWAR, ECOLOGISTE\u00a0: \u00abPourquoi le S\u00e9n\u00e9gal conna\u00eet une forte chaleur\u2026\u00a0\u00bb | Nettali.com","robots":{"index":"index","follow":"follow","max-snippet":"max-snippet:-1","max-image-preview":"max-image-preview:large","max-video-preview":"max-video-preview:-1"},"canonical":"https:\/\/www.nettali.com\/2021\/10\/04\/riad-kawar-ecologiste-pourquoi-le-senegal-connait-une-forte-chaleur\/","og_locale":"fr_FR","og_type":"article","og_title":"RIAD KAWAR, ECOLOGISTE\u00a0: \u00abPourquoi le S\u00e9n\u00e9gal conna\u00eet une forte chaleur\u2026\u00a0\u00bb","og_description":"NETTALI.COM - Administrateur de la page La m\u00e9t\u00e9o dakaroise de Riad et \u00e9cologiste, Riad Kawar, explique pourquoi on conna\u00eet une vague de chaleur au S\u00e9n\u00e9gal. Il explique ce ph\u00e9nom\u00e8ne par une anomalie thermique. \u00a0\u00abDepuis quelques jours, nous ressentons une forte chaleur, m\u00eame nocturne, sur la majeure partie du S\u00e9n\u00e9gal. Cela est d\u00fb \u00e0 une anomalie [&hellip;]","og_url":"https:\/\/www.nettali.com\/2021\/10\/04\/riad-kawar-ecologiste-pourquoi-le-senegal-connait-une-forte-chaleur\/","og_site_name":"Nettali.com","article_publisher":"https:\/\/www.facebook.com\/nettalicom","article_published_time":"2021-10-04T14:29:40+00:00","article_modified_time":"2021-10-04T22:18:23+00:00","og_image":[{"width":1069,"height":645,"url":"https:\/\/www.nettali.com\/wp-content\/uploads\/2021\/10\/RIAD-KAWAR-ECOLOGISTE-e1633357771625.jpeg","type":"image\/jpeg"}],"twitter_card":"summary_large_image","twitter_misc":{"\u00c9crit par":"Daouda","Dur\u00e9e de lecture estim\u00e9e":"3 minutes"},"schema":{"@context":"https:\/\/schema.org","@graph":[{"@type":"WebSite","@id":"https:\/\/www.nettali.com\/#website","url":"https:\/\/www.nettali.com\/","name":"Nettali.com","description":"Le rendez-vous critique du Net","potentialAction":[{"@type":"SearchAction","target":{"@type":"EntryPoint","urlTemplate":"https:\/\/www.nettali.com\/?s={search_term_string}"},"query-input":"required name=search_term_string"}],"inLanguage":"fr-FR"},{"@type":"ImageObject","@id":"https:\/\/www.nettali.com\/2021\/10\/04\/riad-kawar-ecologiste-pourquoi-le-senegal-connait-une-forte-chaleur\/#primaryimage","inLanguage":"fr-FR","url":"https:\/\/www.nettali.com\/wp-content\/uploads\/2021\/10\/RIAD-KAWAR-ECOLOGISTE-e1633357771625.jpeg","contentUrl":"https:\/\/www.nettali.com\/wp-content\/uploads\/2021\/10\/RIAD-KAWAR-ECOLOGISTE-e1633357771625.jpeg","width":1069,"height":645},{"@type":"WebPage","@id":"https:\/\/www.nettali.com\/2021\/10\/04\/riad-kawar-ecologiste-pourquoi-le-senegal-connait-une-forte-chaleur\/#webpage","url":"https:\/\/www.nettali.com\/2021\/10\/04\/riad-kawar-ecologiste-pourquoi-le-senegal-connait-une-forte-chaleur\/","name":"RIAD KAWAR, ECOLOGISTE\u00a0: \u00abPourquoi le S\u00e9n\u00e9gal conna\u00eet une forte chaleur\u2026\u00a0\u00bb | Nettali.com","isPartOf":{"@id":"https:\/\/www.nettali.com\/#website"},"primaryImageOfPage":{"@id":"https:\/\/www.nettali.com\/2021\/10\/04\/riad-kawar-ecologiste-pourquoi-le-senegal-connait-une-forte-chaleur\/#primaryimage"},"datePublished":"2021-10-04T14:29:40+00:00","dateModified":"2021-10-04T22:18:23+00:00","author":{"@id":"https:\/\/www.nettali.com\/#\/schema\/person\/3317e0bb3aa1da309fbf7b2780901bf4"},"breadcrumb":{"@id":"https:\/\/www.nettali.com\/2021\/10\/04\/riad-kawar-ecologiste-pourquoi-le-senegal-connait-une-forte-chaleur\/#breadcrumb"},"inLanguage":"fr-FR","potentialAction":[{"@type":"ReadAction","target":["https:\/\/www.nettali.com\/2021\/10\/04\/riad-kawar-ecologiste-pourquoi-le-senegal-connait-une-forte-chaleur\/"]}]},{"@type":"BreadcrumbList","@id":"https:\/\/www.nettali.com\/2021\/10\/04\/riad-kawar-ecologiste-pourquoi-le-senegal-connait-une-forte-chaleur\/#breadcrumb","itemListElement":[{"@type":"ListItem","position":1,"name":"Accueil","item":"https:\/\/www.nettali.com\/"},{"@type":"ListItem","position":2,"name":"RIAD KAWAR, ECOLOGISTE\u00a0: \u00abPourquoi le S\u00e9n\u00e9gal conna\u00eet une forte chaleur\u2026\u00a0\u00bb"}]},{"@type":"Person","@id":"https:\/\/www.nettali.com\/#\/schema\/person\/3317e0bb3aa1da309fbf7b2780901bf4","name":"Daouda","image":{"@type":"ImageObject","@id":"https:\/\/www.nettali.com\/#personlogo","inLanguage":"fr-FR","url":"https:\/\/secure.gravatar.com\/avatar\/8d143b5a49345098ddcfee1c49c2f47c?s=96&d=mm&r=g","contentUrl":"https:\/\/secure.gravatar.com\/avatar\/8d143b5a49345098ddcfee1c49c2f47c?s=96&d=mm&r=g","caption":"Daouda"},"sameAs":["https:\/\/www.nettali.com"]}]}},"_links":{"self":[{"href":"https:\/\/www.nettali.com\/rest\/wp\/v2\/posts\/73096"}],"collection":[{"href":"https:\/\/www.nettali.com\/rest\/wp\/v2\/posts"}],"about":[{"href":"https:\/\/www.nettali.com\/rest\/wp\/v2\/types\/post"}],"author":[{"embeddable":true,"href":"https:\/\/www.nettali.com\/rest\/wp\/v2\/users\/4"}],"replies":[{"embeddable":true,"href":"https:\/\/www.nettali.com\/rest\/wp\/v2\/comments?post=73096"}],"version-history":[{"count":1,"href":"https:\/\/www.nettali.com\/rest\/wp\/v2\/posts\/73096\/revisions"}],"predecessor-version":[{"id":73098,"href":"https:\/\/www.nettali.com\/rest\/wp\/v2\/posts\/73096\/revisions\/73098"}],"wp:featuredmedia":[{"embeddable":true,"href":"https:\/\/www.nettali.com\/rest\/wp\/v2\/media\/73097"}],"wp:attachment":[{"href":"https:\/\/www.nettali.com\/rest\/wp\/v2\/media?parent=73096"}],"wp:term":[{"taxonomy":"category","embeddable":true,"href":"https:\/\/www.nettali.com\/rest\/wp\/v2\/categories?post=73096"},{"taxonomy":"post_tag","embeddable":true,"href":"https:\/\/www.nettali.com\/rest\/wp\/v2\/tags?post=73096"}],"curies":[{"name":"wp","href":"https:\/\/api.w.org\/{rel}","templated":true}]}}