{"id":72972,"date":"2021-10-02T17:05:55","date_gmt":"2021-10-02T17:05:55","guid":{"rendered":"https:\/\/www.nettali.com\/?p=72972"},"modified":"2021-10-02T17:05:55","modified_gmt":"2021-10-02T17:05:55","slug":"lalgerie-rappelle-son-ambassadeur-en-france-pour-consultations","status":"publish","type":"post","link":"https:\/\/www.nettali.com\/2021\/10\/02\/lalgerie-rappelle-son-ambassadeur-en-france-pour-consultations\/","title":{"rendered":"L'Alg\u00e9rie rappelle son ambassadeur en France pour consultations"},"content":{"rendered":"<p>NETTALI.COM - L'Alg\u00e9rie a rappel\u00e9 pour consultations son ambassadeur en France, a annonc\u00e9 samedi la pr\u00e9sidence alg\u00e9rienne, sans donner dans l'imm\u00e9diat de raison pour expliquer sa d\u00e9cision.<\/p>\n<p>Elle a ajout\u00e9 qu'un communiqu\u00e9 serait publi\u00e9 ult\u00e9rieurement.<\/p>\n<p>Le minist\u00e8re alg\u00e9rien des Affaires \u00e9trang\u00e8res a annonc\u00e9 mercredi avoir convoqu\u00e9 l'ambassadeur de France \u00e0 Alger apr\u00e8s la d\u00e9cision prise par Paris de r\u00e9duire de moiti\u00e9 le nombre de visas octroy\u00e9s aux ressortissants alg\u00e9riens, qualifi\u00e9e par Alger de \"d\u00e9cision unilat\u00e9rale\".<\/p>\n<p>Le gouvernement fran\u00e7ais a justifi\u00e9 la r\u00e9duction de l'octroi des visas, qui s'applique aussi au Maroc et \u00e0 la Tunisie, par le fait que ces trois pays rechignent \u00e0 d\u00e9livrer les laissez-passer consulaires n\u00e9cessaires pour l'expulsion d'immigr\u00e9s clandestins.<\/p>\n<p>Avec Reuters<\/p>\n<div class='share-to-whatsapp-wrapper'><div class='share-on-whsp'>PARTAGER SUR : <\/div><a data-text='L'Alg\u00e9rie rappelle son ambassadeur en France pour consultations' data-link='https:\/\/www.nettali.com\/2021\/10\/02\/lalgerie-rappelle-son-ambassadeur-en-france-pour-consultations\/' class='whatsapp-button whatsapp-share'>WhatsApp<\/a><div class='clear '><\/div><\/div>","protected":false},"excerpt":{"rendered":"<p>NETTALI.COM - L'Alg\u00e9rie a rappel\u00e9 pour consultations son ambassadeur en France, a annonc\u00e9 samedi la pr\u00e9sidence alg\u00e9rienne, sans donner dans l'imm\u00e9diat de raison pour expliquer sa d\u00e9cision. Elle a ajout\u00e9 qu'un communiqu\u00e9 serait publi\u00e9 ult\u00e9rieurement. Le minist\u00e8re alg\u00e9rien des Affaires \u00e9trang\u00e8res a annonc\u00e9 mercredi avoir convoqu\u00e9 l'ambassadeur de France \u00e0 Alger apr\u00e8s la d\u00e9cision prise [&hellip;]<\/p>\n","protected":false},"author":11,"featured_media":72973,"comment_status":"open","ping_status":"open","sticky":false,"template":"","format":"standard","meta":{"_et_pb_use_builder":"","_et_pb_old_content":""},"categories":[8],"tags":[],"yoast_head":"<!-- This site is optimized with the Yoast SEO Premium plugin v17.8 (Yoast SEO v17.8) - https:\/\/yoast.com\/wordpress\/plugins\/seo\/ -->\n<title>L&#039;Alg\u00e9rie rappelle son ambassadeur en France pour consultations | Nettali.com<\/title>\n<meta name=\"robots\" content=\"index, follow, max-snippet:-1, max-image-preview:large, max-video-preview:-1\" \/>\n<link rel=\"canonical\" href=\"https:\/\/www.nettali.com\/2021\/10\/02\/lalgerie-rappelle-son-ambassadeur-en-france-pour-consultations\/\" \/>\n<meta property=\"og:locale\" content=\"fr_FR\" \/>\n<meta property=\"og:type\" content=\"article\" \/>\n<meta property=\"og:title\" content=\"L&#039;Alg\u00e9rie rappelle son ambassadeur en France pour consultations\" \/>\n<meta property=\"og:description\" content=\"NETTALI.COM - L&#039;Alg\u00e9rie a rappel\u00e9 pour consultations son ambassadeur en France, a annonc\u00e9 samedi la pr\u00e9sidence alg\u00e9rienne, sans donner dans l&#039;imm\u00e9diat de raison pour expliquer sa d\u00e9cision. Elle a ajout\u00e9 qu&#039;un communiqu\u00e9 serait publi\u00e9 ult\u00e9rieurement. Le minist\u00e8re alg\u00e9rien des Affaires \u00e9trang\u00e8res a annonc\u00e9 mercredi avoir convoqu\u00e9 l&#039;ambassadeur de France \u00e0 Alger apr\u00e8s la d\u00e9cision prise [&hellip;]\" \/>\n<meta property=\"og:url\" content=\"https:\/\/www.nettali.com\/2021\/10\/02\/lalgerie-rappelle-son-ambassadeur-en-france-pour-consultations\/\" \/>\n<meta property=\"og:site_name\" content=\"Nettali.com\" \/>\n<meta property=\"article:publisher\" content=\"https:\/\/www.facebook.com\/nettalicom\" \/>\n<meta property=\"article:published_time\" content=\"2021-10-02T17:05:55+00:00\" \/>\n<meta property=\"og:image\" content=\"https:\/\/www.nettali.com\/wp-content\/uploads\/2021\/10\/consultations.jpg\" \/>\n\t<meta property=\"og:image:width\" content=\"1000\" \/>\n\t<meta property=\"og:image:height\" content=\"750\" \/>\n<meta name=\"twitter:card\" content=\"summary_large_image\" \/>\n<meta name=\"twitter:label1\" content=\"\u00c9crit par\" \/>\n\t<meta name=\"twitter:data1\" content=\"Thierno Diop\" \/>\n\t<meta name=\"twitter:label2\" content=\"Dur\u00e9e de lecture estim\u00e9e\" \/>\n\t<meta name=\"twitter:data2\" content=\"1 minute\" \/>\n<script type=\"application\/ld+json\" class=\"yoast-schema-graph\">{\"@context\":\"https:\/\/schema.org\",\"@graph\":[{\"@type\":\"WebSite\",\"@id\":\"https:\/\/www.nettali.com\/#website\",\"url\":\"https:\/\/www.nettali.com\/\",\"name\":\"Nettali.com\",\"description\":\"Le rendez-vous critique du Net\",\"potentialAction\":[{\"@type\":\"SearchAction\",\"target\":{\"@type\":\"EntryPoint\",\"urlTemplate\":\"https:\/\/www.nettali.com\/?s={search_term_string}\"},\"query-input\":\"required name=search_term_string\"}],\"inLanguage\":\"fr-FR\"},{\"@type\":\"ImageObject\",\"@id\":\"https:\/\/www.nettali.com\/2021\/10\/02\/lalgerie-rappelle-son-ambassadeur-en-france-pour-consultations\/#primaryimage\",\"inLanguage\":\"fr-FR\",\"url\":\"https:\/\/www.nettali.com\/wp-content\/uploads\/2021\/10\/consultations.jpg\",\"contentUrl\":\"https:\/\/www.nettali.com\/wp-content\/uploads\/2021\/10\/consultations.jpg\",\"width\":1000,\"height\":750},{\"@type\":\"WebPage\",\"@id\":\"https:\/\/www.nettali.com\/2021\/10\/02\/lalgerie-rappelle-son-ambassadeur-en-france-pour-consultations\/#webpage\",\"url\":\"https:\/\/www.nettali.com\/2021\/10\/02\/lalgerie-rappelle-son-ambassadeur-en-france-pour-consultations\/\",\"name\":\"L'Alg\\u00e9rie rappelle son ambassadeur en France pour consultations | Nettali.com\",\"isPartOf\":{\"@id\":\"https:\/\/www.nettali.com\/#website\"},\"primaryImageOfPage\":{\"@id\":\"https:\/\/www.nettali.com\/2021\/10\/02\/lalgerie-rappelle-son-ambassadeur-en-france-pour-consultations\/#primaryimage\"},\"datePublished\":\"2021-10-02T17:05:55+00:00\",\"dateModified\":\"2021-10-02T17:05:55+00:00\",\"author\":{\"@id\":\"https:\/\/www.nettali.com\/#\/schema\/person\/8a06c6bd7b19304cf4bf985862900b5b\"},\"breadcrumb\":{\"@id\":\"https:\/\/www.nettali.com\/2021\/10\/02\/lalgerie-rappelle-son-ambassadeur-en-france-pour-consultations\/#breadcrumb\"},\"inLanguage\":\"fr-FR\",\"potentialAction\":[{\"@type\":\"ReadAction\",\"target\":[\"https:\/\/www.nettali.com\/2021\/10\/02\/lalgerie-rappelle-son-ambassadeur-en-france-pour-consultations\/\"]}]},{\"@type\":\"BreadcrumbList\",\"@id\":\"https:\/\/www.nettali.com\/2021\/10\/02\/lalgerie-rappelle-son-ambassadeur-en-france-pour-consultations\/#breadcrumb\",\"itemListElement\":[{\"@type\":\"ListItem\",\"position\":1,\"name\":\"Accueil\",\"item\":\"https:\/\/www.nettali.com\/\"},{\"@type\":\"ListItem\",\"position\":2,\"name\":\"L&rsquo;Alg\\u00e9rie rappelle son ambassadeur en France pour consultations\"}]},{\"@type\":\"Person\",\"@id\":\"https:\/\/www.nettali.com\/#\/schema\/person\/8a06c6bd7b19304cf4bf985862900b5b\",\"name\":\"Thierno Diop\",\"image\":{\"@type\":\"ImageObject\",\"@id\":\"https:\/\/www.nettali.com\/#personlogo\",\"inLanguage\":\"fr-FR\",\"url\":\"https:\/\/secure.gravatar.com\/avatar\/c8ca58550c94fd2ac856d27391a6c866?s=96&d=mm&r=g\",\"contentUrl\":\"https:\/\/secure.gravatar.com\/avatar\/c8ca58550c94fd2ac856d27391a6c866?s=96&d=mm&r=g\",\"caption\":\"Thierno Diop\"},\"sameAs\":[\"https:\/\/nettali.com\"]}]}<\/script>\n<!-- \/ Yoast SEO Premium plugin. -->","yoast_head_json":{"title":"L'Alg\u00e9rie rappelle son ambassadeur en France pour consultations | Nettali.com","robots":{"index":"index","follow":"follow","max-snippet":"max-snippet:-1","max-image-preview":"max-image-preview:large","max-video-preview":"max-video-preview:-1"},"canonical":"https:\/\/www.nettali.com\/2021\/10\/02\/lalgerie-rappelle-son-ambassadeur-en-france-pour-consultations\/","og_locale":"fr_FR","og_type":"article","og_title":"L'Alg\u00e9rie rappelle son ambassadeur en France pour consultations","og_description":"NETTALI.COM - L'Alg\u00e9rie a rappel\u00e9 pour consultations son ambassadeur en France, a annonc\u00e9 samedi la pr\u00e9sidence alg\u00e9rienne, sans donner dans l'imm\u00e9diat de raison pour expliquer sa d\u00e9cision. Elle a ajout\u00e9 qu'un communiqu\u00e9 serait publi\u00e9 ult\u00e9rieurement. Le minist\u00e8re alg\u00e9rien des Affaires \u00e9trang\u00e8res a annonc\u00e9 mercredi avoir convoqu\u00e9 l'ambassadeur de France \u00e0 Alger apr\u00e8s la d\u00e9cision prise [&hellip;]","og_url":"https:\/\/www.nettali.com\/2021\/10\/02\/lalgerie-rappelle-son-ambassadeur-en-france-pour-consultations\/","og_site_name":"Nettali.com","article_publisher":"https:\/\/www.facebook.com\/nettalicom","article_published_time":"2021-10-02T17:05:55+00:00","og_image":[{"width":1000,"height":750,"url":"https:\/\/www.nettali.com\/wp-content\/uploads\/2021\/10\/consultations.jpg","type":"image\/jpeg"}],"twitter_card":"summary_large_image","twitter_misc":{"\u00c9crit par":"Thierno Diop","Dur\u00e9e de lecture estim\u00e9e":"1 minute"},"schema":{"@context":"https:\/\/schema.org","@graph":[{"@type":"WebSite","@id":"https:\/\/www.nettali.com\/#website","url":"https:\/\/www.nettali.com\/","name":"Nettali.com","description":"Le rendez-vous critique du Net","potentialAction":[{"@type":"SearchAction","target":{"@type":"EntryPoint","urlTemplate":"https:\/\/www.nettali.com\/?s={search_term_string}"},"query-input":"required name=search_term_string"}],"inLanguage":"fr-FR"},{"@type":"ImageObject","@id":"https:\/\/www.nettali.com\/2021\/10\/02\/lalgerie-rappelle-son-ambassadeur-en-france-pour-consultations\/#primaryimage","inLanguage":"fr-FR","url":"https:\/\/www.nettali.com\/wp-content\/uploads\/2021\/10\/consultations.jpg","contentUrl":"https:\/\/www.nettali.com\/wp-content\/uploads\/2021\/10\/consultations.jpg","width":1000,"height":750},{"@type":"WebPage","@id":"https:\/\/www.nettali.com\/2021\/10\/02\/lalgerie-rappelle-son-ambassadeur-en-france-pour-consultations\/#webpage","url":"https:\/\/www.nettali.com\/2021\/10\/02\/lalgerie-rappelle-son-ambassadeur-en-france-pour-consultations\/","name":"L'Alg\u00e9rie rappelle son ambassadeur en France pour consultations | Nettali.com","isPartOf":{"@id":"https:\/\/www.nettali.com\/#website"},"primaryImageOfPage":{"@id":"https:\/\/www.nettali.com\/2021\/10\/02\/lalgerie-rappelle-son-ambassadeur-en-france-pour-consultations\/#primaryimage"},"datePublished":"2021-10-02T17:05:55+00:00","dateModified":"2021-10-02T17:05:55+00:00","author":{"@id":"https:\/\/www.nettali.com\/#\/schema\/person\/8a06c6bd7b19304cf4bf985862900b5b"},"breadcrumb":{"@id":"https:\/\/www.nettali.com\/2021\/10\/02\/lalgerie-rappelle-son-ambassadeur-en-france-pour-consultations\/#breadcrumb"},"inLanguage":"fr-FR","potentialAction":[{"@type":"ReadAction","target":["https:\/\/www.nettali.com\/2021\/10\/02\/lalgerie-rappelle-son-ambassadeur-en-france-pour-consultations\/"]}]},{"@type":"BreadcrumbList","@id":"https:\/\/www.nettali.com\/2021\/10\/02\/lalgerie-rappelle-son-ambassadeur-en-france-pour-consultations\/#breadcrumb","itemListElement":[{"@type":"ListItem","position":1,"name":"Accueil","item":"https:\/\/www.nettali.com\/"},{"@type":"ListItem","position":2,"name":"L&rsquo;Alg\u00e9rie rappelle son ambassadeur en France pour consultations"}]},{"@type":"Person","@id":"https:\/\/www.nettali.com\/#\/schema\/person\/8a06c6bd7b19304cf4bf985862900b5b","name":"Thierno Diop","image":{"@type":"ImageObject","@id":"https:\/\/www.nettali.com\/#personlogo","inLanguage":"fr-FR","url":"https:\/\/secure.gravatar.com\/avatar\/c8ca58550c94fd2ac856d27391a6c866?s=96&d=mm&r=g","contentUrl":"https:\/\/secure.gravatar.com\/avatar\/c8ca58550c94fd2ac856d27391a6c866?s=96&d=mm&r=g","caption":"Thierno Diop"},"sameAs":["https:\/\/nettali.com"]}]}},"_links":{"self":[{"href":"https:\/\/www.nettali.com\/rest\/wp\/v2\/posts\/72972"}],"collection":[{"href":"https:\/\/www.nettali.com\/rest\/wp\/v2\/posts"}],"about":[{"href":"https:\/\/www.nettali.com\/rest\/wp\/v2\/types\/post"}],"author":[{"embeddable":true,"href":"https:\/\/www.nettali.com\/rest\/wp\/v2\/users\/11"}],"replies":[{"embeddable":true,"href":"https:\/\/www.nettali.com\/rest\/wp\/v2\/comments?post=72972"}],"version-history":[{"count":1,"href":"https:\/\/www.nettali.com\/rest\/wp\/v2\/posts\/72972\/revisions"}],"predecessor-version":[{"id":72974,"href":"https:\/\/www.nettali.com\/rest\/wp\/v2\/posts\/72972\/revisions\/72974"}],"wp:featuredmedia":[{"embeddable":true,"href":"https:\/\/www.nettali.com\/rest\/wp\/v2\/media\/72973"}],"wp:attachment":[{"href":"https:\/\/www.nettali.com\/rest\/wp\/v2\/media?parent=72972"}],"wp:term":[{"taxonomy":"category","embeddable":true,"href":"https:\/\/www.nettali.com\/rest\/wp\/v2\/categories?post=72972"},{"taxonomy":"post_tag","embeddable":true,"href":"https:\/\/www.nettali.com\/rest\/wp\/v2\/tags?post=72972"}],"curies":[{"name":"wp","href":"https:\/\/api.w.org\/{rel}","templated":true}]}}