{"id":72866,"date":"2021-09-30T18:47:19","date_gmt":"2021-09-30T18:47:19","guid":{"rendered":"https:\/\/www.nettali.com\/?p=72866"},"modified":"2021-09-30T18:47:19","modified_gmt":"2021-09-30T18:47:19","slug":"barca-aucune-decision-a-chaud-pour-koeman","status":"publish","type":"post","link":"https:\/\/www.nettali.com\/2021\/09\/30\/barca-aucune-decision-a-chaud-pour-koeman\/","title":{"rendered":"BAR\u00c7A - Aucune d\u00e9cision \u00e0 chaud pour Koeman"},"content":{"rendered":"<p><strong>NETTALI.COM - Les choses ne s'arrangent pas beaucoup pour Koeman. Alors que son remplacement est sans cesse annonc\u00e9 \u00e0 la t\u00eate du FC Barcelone, la lourde d\u00e9faite contre Benfica (3- 0) ce mercredi en Ligue des Champions, est venue compliquer sa situation. Seule la direction club n'entend pas prendre de d\u00e9cision \u00e0 la h\u00e2te.<\/strong><\/p>\n<p>Ronald Koeman est plus que jamais menac\u00e9. La seule certitude pour l\u2019entra\u00eeneur du FC Barcelone, c\u2019est qu\u2019il n\u2019apprendra pas son licenciement au r\u00e9veil<br \/>\njeudi matin. C\u2019est en tout cas l\u2019information publi\u00e9e par la presse catalane, qui affirme que le pr\u00e9sident Joan Laporta refuse de prendre une d\u00e9cision aussi<br \/>\nimportante sous le coup de la d\u00e9ception. La direction devrait organiser une r\u00e9union jeudi et ainsi d\u00e9cider de l\u2019avenir du N\u00e9erlandais.<\/p>\n<p>Pour rappel, le Bar\u00e7a ira d\u00e9fier l\u2019Atletico Madrid samedi (21h) en Liga, avec un Koeman en tribunes car suspendu. En cas d\u2019\u00e9viction, les noms de Xavi et de Roberto Martinez circulent depuis quelques jours.<\/p>\n<div class='share-to-whatsapp-wrapper'><div class='share-on-whsp'>PARTAGER SUR : <\/div><a data-text='BAR\u00c7A - Aucune d\u00e9cision \u00e0 chaud pour Koeman' data-link='https:\/\/www.nettali.com\/2021\/09\/30\/barca-aucune-decision-a-chaud-pour-koeman\/' class='whatsapp-button whatsapp-share'>WhatsApp<\/a><div class='clear '><\/div><\/div>","protected":false},"excerpt":{"rendered":"<p>NETTALI.COM - Les choses ne s'arrangent pas beaucoup pour Koeman. Alors que son remplacement est sans cesse annonc\u00e9 \u00e0 la t\u00eate du FC Barcelone, la lourde d\u00e9faite contre Benfica (3- 0) ce mercredi en Ligue des Champions, est venue compliquer sa situation. Seule la direction club n'entend pas prendre de d\u00e9cision \u00e0 la h\u00e2te. Ronald [&hellip;]<\/p>\n","protected":false},"author":2,"featured_media":72869,"comment_status":"open","ping_status":"open","sticky":false,"template":"","format":"standard","meta":{"_et_pb_use_builder":"","_et_pb_old_content":""},"categories":[6],"tags":[],"yoast_head":"<!-- This site is optimized with the Yoast SEO Premium plugin v17.8 (Yoast SEO v17.8) - https:\/\/yoast.com\/wordpress\/plugins\/seo\/ -->\n<title>BAR\u00c7A - Aucune d\u00e9cision \u00e0 chaud pour Koeman | Nettali.com<\/title>\n<meta name=\"robots\" content=\"index, follow, max-snippet:-1, max-image-preview:large, max-video-preview:-1\" \/>\n<link rel=\"canonical\" href=\"https:\/\/www.nettali.com\/2021\/09\/30\/barca-aucune-decision-a-chaud-pour-koeman\/\" \/>\n<meta property=\"og:locale\" content=\"fr_FR\" \/>\n<meta property=\"og:type\" content=\"article\" \/>\n<meta property=\"og:title\" content=\"BAR\u00c7A - Aucune d\u00e9cision \u00e0 chaud pour Koeman\" \/>\n<meta property=\"og:description\" content=\"NETTALI.COM - Les choses ne s&#039;arrangent pas beaucoup pour Koeman. Alors que son remplacement est sans cesse annonc\u00e9 \u00e0 la t\u00eate du FC Barcelone, la lourde d\u00e9faite contre Benfica (3- 0) ce mercredi en Ligue des Champions, est venue compliquer sa situation. Seule la direction club n&#039;entend pas prendre de d\u00e9cision \u00e0 la h\u00e2te. Ronald [&hellip;]\" \/>\n<meta property=\"og:url\" content=\"https:\/\/www.nettali.com\/2021\/09\/30\/barca-aucune-decision-a-chaud-pour-koeman\/\" \/>\n<meta property=\"og:site_name\" content=\"Nettali.com\" \/>\n<meta property=\"article:publisher\" content=\"https:\/\/www.facebook.com\/nettalicom\" \/>\n<meta property=\"article:published_time\" content=\"2021-09-30T18:47:19+00:00\" \/>\n<meta property=\"og:image\" content=\"https:\/\/www.nettali.com\/wp-content\/uploads\/2021\/09\/193480.jpeg\" \/>\n\t<meta property=\"og:image:width\" content=\"576\" \/>\n\t<meta property=\"og:image:height\" content=\"324\" \/>\n<meta name=\"twitter:card\" content=\"summary_large_image\" \/>\n<meta name=\"twitter:label1\" content=\"\u00c9crit par\" \/>\n\t<meta name=\"twitter:data1\" content=\"CK\" \/>\n\t<meta name=\"twitter:label2\" content=\"Dur\u00e9e de lecture estim\u00e9e\" \/>\n\t<meta name=\"twitter:data2\" content=\"1 minute\" \/>\n<script type=\"application\/ld+json\" class=\"yoast-schema-graph\">{\"@context\":\"https:\/\/schema.org\",\"@graph\":[{\"@type\":\"WebSite\",\"@id\":\"https:\/\/www.nettali.com\/#website\",\"url\":\"https:\/\/www.nettali.com\/\",\"name\":\"Nettali.com\",\"description\":\"Le rendez-vous critique du Net\",\"potentialAction\":[{\"@type\":\"SearchAction\",\"target\":{\"@type\":\"EntryPoint\",\"urlTemplate\":\"https:\/\/www.nettali.com\/?s={search_term_string}\"},\"query-input\":\"required name=search_term_string\"}],\"inLanguage\":\"fr-FR\"},{\"@type\":\"ImageObject\",\"@id\":\"https:\/\/www.nettali.com\/2021\/09\/30\/barca-aucune-decision-a-chaud-pour-koeman\/#primaryimage\",\"inLanguage\":\"fr-FR\",\"url\":\"https:\/\/www.nettali.com\/wp-content\/uploads\/2021\/09\/193480.jpeg\",\"contentUrl\":\"https:\/\/www.nettali.com\/wp-content\/uploads\/2021\/09\/193480.jpeg\",\"width\":576,\"height\":324},{\"@type\":\"WebPage\",\"@id\":\"https:\/\/www.nettali.com\/2021\/09\/30\/barca-aucune-decision-a-chaud-pour-koeman\/#webpage\",\"url\":\"https:\/\/www.nettali.com\/2021\/09\/30\/barca-aucune-decision-a-chaud-pour-koeman\/\",\"name\":\"BAR\\u00c7A - Aucune d\\u00e9cision \\u00e0 chaud pour Koeman | Nettali.com\",\"isPartOf\":{\"@id\":\"https:\/\/www.nettali.com\/#website\"},\"primaryImageOfPage\":{\"@id\":\"https:\/\/www.nettali.com\/2021\/09\/30\/barca-aucune-decision-a-chaud-pour-koeman\/#primaryimage\"},\"datePublished\":\"2021-09-30T18:47:19+00:00\",\"dateModified\":\"2021-09-30T18:47:19+00:00\",\"author\":{\"@id\":\"https:\/\/www.nettali.com\/#\/schema\/person\/d8ac7b7e27ddad43f1c0d2ef090d7f71\"},\"breadcrumb\":{\"@id\":\"https:\/\/www.nettali.com\/2021\/09\/30\/barca-aucune-decision-a-chaud-pour-koeman\/#breadcrumb\"},\"inLanguage\":\"fr-FR\",\"potentialAction\":[{\"@type\":\"ReadAction\",\"target\":[\"https:\/\/www.nettali.com\/2021\/09\/30\/barca-aucune-decision-a-chaud-pour-koeman\/\"]}]},{\"@type\":\"BreadcrumbList\",\"@id\":\"https:\/\/www.nettali.com\/2021\/09\/30\/barca-aucune-decision-a-chaud-pour-koeman\/#breadcrumb\",\"itemListElement\":[{\"@type\":\"ListItem\",\"position\":1,\"name\":\"Accueil\",\"item\":\"https:\/\/www.nettali.com\/\"},{\"@type\":\"ListItem\",\"position\":2,\"name\":\"BAR\\u00c7A &#8211; Aucune d\\u00e9cision \\u00e0 chaud pour Koeman\"}]},{\"@type\":\"Person\",\"@id\":\"https:\/\/www.nettali.com\/#\/schema\/person\/d8ac7b7e27ddad43f1c0d2ef090d7f71\",\"name\":\"CK\",\"image\":{\"@type\":\"ImageObject\",\"@id\":\"https:\/\/www.nettali.com\/#personlogo\",\"inLanguage\":\"fr-FR\",\"url\":\"https:\/\/secure.gravatar.com\/avatar\/1d8d5118b9327d94da7cd4ce7f17fec2?s=96&d=mm&r=g\",\"contentUrl\":\"https:\/\/secure.gravatar.com\/avatar\/1d8d5118b9327d94da7cd4ce7f17fec2?s=96&d=mm&r=g\",\"caption\":\"CK\"},\"sameAs\":[\"https:\/\/www.nettali.com\"]}]}<\/script>\n<!-- \/ Yoast SEO Premium plugin. -->","yoast_head_json":{"title":"BAR\u00c7A - Aucune d\u00e9cision \u00e0 chaud pour Koeman | Nettali.com","robots":{"index":"index","follow":"follow","max-snippet":"max-snippet:-1","max-image-preview":"max-image-preview:large","max-video-preview":"max-video-preview:-1"},"canonical":"https:\/\/www.nettali.com\/2021\/09\/30\/barca-aucune-decision-a-chaud-pour-koeman\/","og_locale":"fr_FR","og_type":"article","og_title":"BAR\u00c7A - Aucune d\u00e9cision \u00e0 chaud pour Koeman","og_description":"NETTALI.COM - Les choses ne s'arrangent pas beaucoup pour Koeman. Alors que son remplacement est sans cesse annonc\u00e9 \u00e0 la t\u00eate du FC Barcelone, la lourde d\u00e9faite contre Benfica (3- 0) ce mercredi en Ligue des Champions, est venue compliquer sa situation. Seule la direction club n'entend pas prendre de d\u00e9cision \u00e0 la h\u00e2te. Ronald [&hellip;]","og_url":"https:\/\/www.nettali.com\/2021\/09\/30\/barca-aucune-decision-a-chaud-pour-koeman\/","og_site_name":"Nettali.com","article_publisher":"https:\/\/www.facebook.com\/nettalicom","article_published_time":"2021-09-30T18:47:19+00:00","og_image":[{"width":576,"height":324,"url":"https:\/\/www.nettali.com\/wp-content\/uploads\/2021\/09\/193480.jpeg","type":"image\/jpeg"}],"twitter_card":"summary_large_image","twitter_misc":{"\u00c9crit par":"CK","Dur\u00e9e de lecture estim\u00e9e":"1 minute"},"schema":{"@context":"https:\/\/schema.org","@graph":[{"@type":"WebSite","@id":"https:\/\/www.nettali.com\/#website","url":"https:\/\/www.nettali.com\/","name":"Nettali.com","description":"Le rendez-vous critique du Net","potentialAction":[{"@type":"SearchAction","target":{"@type":"EntryPoint","urlTemplate":"https:\/\/www.nettali.com\/?s={search_term_string}"},"query-input":"required name=search_term_string"}],"inLanguage":"fr-FR"},{"@type":"ImageObject","@id":"https:\/\/www.nettali.com\/2021\/09\/30\/barca-aucune-decision-a-chaud-pour-koeman\/#primaryimage","inLanguage":"fr-FR","url":"https:\/\/www.nettali.com\/wp-content\/uploads\/2021\/09\/193480.jpeg","contentUrl":"https:\/\/www.nettali.com\/wp-content\/uploads\/2021\/09\/193480.jpeg","width":576,"height":324},{"@type":"WebPage","@id":"https:\/\/www.nettali.com\/2021\/09\/30\/barca-aucune-decision-a-chaud-pour-koeman\/#webpage","url":"https:\/\/www.nettali.com\/2021\/09\/30\/barca-aucune-decision-a-chaud-pour-koeman\/","name":"BAR\u00c7A - Aucune d\u00e9cision \u00e0 chaud pour Koeman | Nettali.com","isPartOf":{"@id":"https:\/\/www.nettali.com\/#website"},"primaryImageOfPage":{"@id":"https:\/\/www.nettali.com\/2021\/09\/30\/barca-aucune-decision-a-chaud-pour-koeman\/#primaryimage"},"datePublished":"2021-09-30T18:47:19+00:00","dateModified":"2021-09-30T18:47:19+00:00","author":{"@id":"https:\/\/www.nettali.com\/#\/schema\/person\/d8ac7b7e27ddad43f1c0d2ef090d7f71"},"breadcrumb":{"@id":"https:\/\/www.nettali.com\/2021\/09\/30\/barca-aucune-decision-a-chaud-pour-koeman\/#breadcrumb"},"inLanguage":"fr-FR","potentialAction":[{"@type":"ReadAction","target":["https:\/\/www.nettali.com\/2021\/09\/30\/barca-aucune-decision-a-chaud-pour-koeman\/"]}]},{"@type":"BreadcrumbList","@id":"https:\/\/www.nettali.com\/2021\/09\/30\/barca-aucune-decision-a-chaud-pour-koeman\/#breadcrumb","itemListElement":[{"@type":"ListItem","position":1,"name":"Accueil","item":"https:\/\/www.nettali.com\/"},{"@type":"ListItem","position":2,"name":"BAR\u00c7A &#8211; Aucune d\u00e9cision \u00e0 chaud pour Koeman"}]},{"@type":"Person","@id":"https:\/\/www.nettali.com\/#\/schema\/person\/d8ac7b7e27ddad43f1c0d2ef090d7f71","name":"CK","image":{"@type":"ImageObject","@id":"https:\/\/www.nettali.com\/#personlogo","inLanguage":"fr-FR","url":"https:\/\/secure.gravatar.com\/avatar\/1d8d5118b9327d94da7cd4ce7f17fec2?s=96&d=mm&r=g","contentUrl":"https:\/\/secure.gravatar.com\/avatar\/1d8d5118b9327d94da7cd4ce7f17fec2?s=96&d=mm&r=g","caption":"CK"},"sameAs":["https:\/\/www.nettali.com"]}]}},"_links":{"self":[{"href":"https:\/\/www.nettali.com\/rest\/wp\/v2\/posts\/72866"}],"collection":[{"href":"https:\/\/www.nettali.com\/rest\/wp\/v2\/posts"}],"about":[{"href":"https:\/\/www.nettali.com\/rest\/wp\/v2\/types\/post"}],"author":[{"embeddable":true,"href":"https:\/\/www.nettali.com\/rest\/wp\/v2\/users\/2"}],"replies":[{"embeddable":true,"href":"https:\/\/www.nettali.com\/rest\/wp\/v2\/comments?post=72866"}],"version-history":[{"count":2,"href":"https:\/\/www.nettali.com\/rest\/wp\/v2\/posts\/72866\/revisions"}],"predecessor-version":[{"id":72868,"href":"https:\/\/www.nettali.com\/rest\/wp\/v2\/posts\/72866\/revisions\/72868"}],"wp:featuredmedia":[{"embeddable":true,"href":"https:\/\/www.nettali.com\/rest\/wp\/v2\/media\/72869"}],"wp:attachment":[{"href":"https:\/\/www.nettali.com\/rest\/wp\/v2\/media?parent=72866"}],"wp:term":[{"taxonomy":"category","embeddable":true,"href":"https:\/\/www.nettali.com\/rest\/wp\/v2\/categories?post=72866"},{"taxonomy":"post_tag","embeddable":true,"href":"https:\/\/www.nettali.com\/rest\/wp\/v2\/tags?post=72866"}],"curies":[{"name":"wp","href":"https:\/\/api.w.org\/{rel}","templated":true}]}}