{"id":72673,"date":"2021-09-27T15:45:46","date_gmt":"2021-09-27T15:45:46","guid":{"rendered":"https:\/\/www.nettali.com\/?p=72673"},"modified":"2021-09-28T08:55:32","modified_gmt":"2021-09-28T08:55:32","slug":"trafic-de-passeports-diplomatiques-paris-ouvre-une-enquete","status":"publish","type":"post","link":"https:\/\/www.nettali.com\/2021\/09\/27\/trafic-de-passeports-diplomatiques-paris-ouvre-une-enquete\/","title":{"rendered":"TRAFIC DE PASSEPORTS DIPLOMATIQUES - Paris ouvre une enqu\u00eate"},"content":{"rendered":"<p><strong>NETTALI.COM - Rebondissement dans l\u2019affaire des passeports diplomatiques o\u00f9 des d\u00e9put\u00e9s de la majorit\u00e9 sont mis en cause. Aux derni\u00e8res nouvelles, le minist\u00e8re fran\u00e7ais des Affaires \u00e9trang\u00e8res, saisi par le nomm\u00e9 Seybani Sougou, a ouvert une enqu\u00eate. <\/strong><\/p>\n<p>Jean-Yves Le Drian, le ministre fran\u00e7ais de l\u2019Europe et des Affaires \u00c9trang\u00e8res, selon les informations de emedia.sn, a formul\u00e9 des directives pour une enqu\u00eate sur l\u2019affaire des passeports diplomatiques impliquant les d\u00e9put\u00e9s Boubacar Biaye et Mamadou Sall de Benno bok yakaar,<\/p>\n<p>Cela, suite \u00e0 l\u2019interpellation de Seybani Sougou. Ce dernier, dans un courrier adress\u00e9 au Quai d\u2019Orsay, r\u00e9v\u00e8le : \u00a0\"la d\u00e9livrance frauduleuse de passeports diplomatiques entache la cr\u00e9dibilit\u00e9 de l\u2019\u00c9tat du S\u00e9n\u00e9gal, nuit \u00e0 l\u2019image de la diplomatie s\u00e9n\u00e9galaise et cr\u00e9e un climat de suspicion \u00e0 l\u2019endroit des b\u00e9n\u00e9ficiaires de passeports diplomatiques d\u00e9livr\u00e9s en bonne et due forme. Les citoyens s\u00e9n\u00e9galais sont les premi\u00e8res victimes des agissements des d\u00e9put\u00e9s-passeurs.\"<\/p>\n<div class='share-to-whatsapp-wrapper'><div class='share-on-whsp'>PARTAGER SUR : <\/div><a data-text='TRAFIC DE PASSEPORTS DIPLOMATIQUES - Paris ouvre une enqu\u00eate' data-link='https:\/\/www.nettali.com\/2021\/09\/27\/trafic-de-passeports-diplomatiques-paris-ouvre-une-enquete\/' class='whatsapp-button whatsapp-share'>WhatsApp<\/a><div class='clear '><\/div><\/div>","protected":false},"excerpt":{"rendered":"<p>NETTALI.COM - Rebondissement dans l\u2019affaire des passeports diplomatiques o\u00f9 des d\u00e9put\u00e9s de la majorit\u00e9 sont mis en cause. Aux derni\u00e8res nouvelles, le minist\u00e8re fran\u00e7ais des Affaires \u00e9trang\u00e8res, saisi par le nomm\u00e9 Seybani Sougou, a ouvert une enqu\u00eate. Jean-Yves Le Drian, le ministre fran\u00e7ais de l\u2019Europe et des Affaires \u00c9trang\u00e8res, selon les informations de emedia.sn, a [&hellip;]<\/p>\n","protected":false},"author":11,"featured_media":64473,"comment_status":"open","ping_status":"open","sticky":false,"template":"","format":"standard","meta":{"_et_pb_use_builder":"","_et_pb_old_content":""},"categories":[3],"tags":[],"yoast_head":"<!-- This site is optimized with the Yoast SEO Premium plugin v17.8 (Yoast SEO v17.8) - https:\/\/yoast.com\/wordpress\/plugins\/seo\/ -->\n<title>TRAFIC DE PASSEPORTS DIPLOMATIQUES - Paris ouvre une enqu\u00eate | Nettali.com<\/title>\n<meta name=\"robots\" content=\"index, follow, max-snippet:-1, max-image-preview:large, max-video-preview:-1\" \/>\n<link rel=\"canonical\" href=\"https:\/\/www.nettali.com\/2021\/09\/27\/trafic-de-passeports-diplomatiques-paris-ouvre-une-enquete\/\" \/>\n<meta property=\"og:locale\" content=\"fr_FR\" \/>\n<meta property=\"og:type\" content=\"article\" \/>\n<meta property=\"og:title\" content=\"TRAFIC DE PASSEPORTS DIPLOMATIQUES - Paris ouvre une enqu\u00eate\" \/>\n<meta property=\"og:description\" content=\"NETTALI.COM - Rebondissement dans l\u2019affaire des passeports diplomatiques o\u00f9 des d\u00e9put\u00e9s de la majorit\u00e9 sont mis en cause. Aux derni\u00e8res nouvelles, le minist\u00e8re fran\u00e7ais des Affaires \u00e9trang\u00e8res, saisi par le nomm\u00e9 Seybani Sougou, a ouvert une enqu\u00eate. Jean-Yves Le Drian, le ministre fran\u00e7ais de l\u2019Europe et des Affaires \u00c9trang\u00e8res, selon les informations de emedia.sn, a [&hellip;]\" \/>\n<meta property=\"og:url\" content=\"https:\/\/www.nettali.com\/2021\/09\/27\/trafic-de-passeports-diplomatiques-paris-ouvre-une-enquete\/\" \/>\n<meta property=\"og:site_name\" content=\"Nettali.com\" \/>\n<meta property=\"article:publisher\" content=\"https:\/\/www.facebook.com\/nettalicom\" \/>\n<meta property=\"article:published_time\" content=\"2021-09-27T15:45:46+00:00\" \/>\n<meta property=\"article:modified_time\" content=\"2021-09-28T08:55:32+00:00\" \/>\n<meta property=\"og:image\" content=\"https:\/\/www.nettali.com\/wp-content\/uploads\/2021\/05\/drian.jpg\" \/>\n\t<meta property=\"og:image:width\" content=\"1000\" \/>\n\t<meta property=\"og:image:height\" content=\"750\" \/>\n<meta name=\"twitter:card\" content=\"summary_large_image\" \/>\n<meta name=\"twitter:label1\" content=\"\u00c9crit par\" \/>\n\t<meta name=\"twitter:data1\" content=\"Thierno Diop\" \/>\n\t<meta name=\"twitter:label2\" content=\"Dur\u00e9e de lecture estim\u00e9e\" \/>\n\t<meta name=\"twitter:data2\" content=\"1 minute\" \/>\n<script type=\"application\/ld+json\" class=\"yoast-schema-graph\">{\"@context\":\"https:\/\/schema.org\",\"@graph\":[{\"@type\":\"WebSite\",\"@id\":\"https:\/\/www.nettali.com\/#website\",\"url\":\"https:\/\/www.nettali.com\/\",\"name\":\"Nettali.com\",\"description\":\"Le rendez-vous critique du Net\",\"potentialAction\":[{\"@type\":\"SearchAction\",\"target\":{\"@type\":\"EntryPoint\",\"urlTemplate\":\"https:\/\/www.nettali.com\/?s={search_term_string}\"},\"query-input\":\"required name=search_term_string\"}],\"inLanguage\":\"fr-FR\"},{\"@type\":\"ImageObject\",\"@id\":\"https:\/\/www.nettali.com\/2021\/09\/27\/trafic-de-passeports-diplomatiques-paris-ouvre-une-enquete\/#primaryimage\",\"inLanguage\":\"fr-FR\",\"url\":\"https:\/\/www.nettali.com\/wp-content\/uploads\/2021\/05\/drian.jpg\",\"contentUrl\":\"https:\/\/www.nettali.com\/wp-content\/uploads\/2021\/05\/drian.jpg\",\"width\":1000,\"height\":750},{\"@type\":\"WebPage\",\"@id\":\"https:\/\/www.nettali.com\/2021\/09\/27\/trafic-de-passeports-diplomatiques-paris-ouvre-une-enquete\/#webpage\",\"url\":\"https:\/\/www.nettali.com\/2021\/09\/27\/trafic-de-passeports-diplomatiques-paris-ouvre-une-enquete\/\",\"name\":\"TRAFIC DE PASSEPORTS DIPLOMATIQUES - Paris ouvre une enqu\\u00eate | Nettali.com\",\"isPartOf\":{\"@id\":\"https:\/\/www.nettali.com\/#website\"},\"primaryImageOfPage\":{\"@id\":\"https:\/\/www.nettali.com\/2021\/09\/27\/trafic-de-passeports-diplomatiques-paris-ouvre-une-enquete\/#primaryimage\"},\"datePublished\":\"2021-09-27T15:45:46+00:00\",\"dateModified\":\"2021-09-28T08:55:32+00:00\",\"author\":{\"@id\":\"https:\/\/www.nettali.com\/#\/schema\/person\/8a06c6bd7b19304cf4bf985862900b5b\"},\"breadcrumb\":{\"@id\":\"https:\/\/www.nettali.com\/2021\/09\/27\/trafic-de-passeports-diplomatiques-paris-ouvre-une-enquete\/#breadcrumb\"},\"inLanguage\":\"fr-FR\",\"potentialAction\":[{\"@type\":\"ReadAction\",\"target\":[\"https:\/\/www.nettali.com\/2021\/09\/27\/trafic-de-passeports-diplomatiques-paris-ouvre-une-enquete\/\"]}]},{\"@type\":\"BreadcrumbList\",\"@id\":\"https:\/\/www.nettali.com\/2021\/09\/27\/trafic-de-passeports-diplomatiques-paris-ouvre-une-enquete\/#breadcrumb\",\"itemListElement\":[{\"@type\":\"ListItem\",\"position\":1,\"name\":\"Accueil\",\"item\":\"https:\/\/www.nettali.com\/\"},{\"@type\":\"ListItem\",\"position\":2,\"name\":\"TRAFIC DE PASSEPORTS DIPLOMATIQUES &#8211; Paris ouvre une enqu\\u00eate\"}]},{\"@type\":\"Person\",\"@id\":\"https:\/\/www.nettali.com\/#\/schema\/person\/8a06c6bd7b19304cf4bf985862900b5b\",\"name\":\"Thierno Diop\",\"image\":{\"@type\":\"ImageObject\",\"@id\":\"https:\/\/www.nettali.com\/#personlogo\",\"inLanguage\":\"fr-FR\",\"url\":\"https:\/\/secure.gravatar.com\/avatar\/c8ca58550c94fd2ac856d27391a6c866?s=96&d=mm&r=g\",\"contentUrl\":\"https:\/\/secure.gravatar.com\/avatar\/c8ca58550c94fd2ac856d27391a6c866?s=96&d=mm&r=g\",\"caption\":\"Thierno Diop\"},\"sameAs\":[\"https:\/\/nettali.com\"]}]}<\/script>\n<!-- \/ Yoast SEO Premium plugin. -->","yoast_head_json":{"title":"TRAFIC DE PASSEPORTS DIPLOMATIQUES - Paris ouvre une enqu\u00eate | Nettali.com","robots":{"index":"index","follow":"follow","max-snippet":"max-snippet:-1","max-image-preview":"max-image-preview:large","max-video-preview":"max-video-preview:-1"},"canonical":"https:\/\/www.nettali.com\/2021\/09\/27\/trafic-de-passeports-diplomatiques-paris-ouvre-une-enquete\/","og_locale":"fr_FR","og_type":"article","og_title":"TRAFIC DE PASSEPORTS DIPLOMATIQUES - Paris ouvre une enqu\u00eate","og_description":"NETTALI.COM - Rebondissement dans l\u2019affaire des passeports diplomatiques o\u00f9 des d\u00e9put\u00e9s de la majorit\u00e9 sont mis en cause. Aux derni\u00e8res nouvelles, le minist\u00e8re fran\u00e7ais des Affaires \u00e9trang\u00e8res, saisi par le nomm\u00e9 Seybani Sougou, a ouvert une enqu\u00eate. Jean-Yves Le Drian, le ministre fran\u00e7ais de l\u2019Europe et des Affaires \u00c9trang\u00e8res, selon les informations de emedia.sn, a [&hellip;]","og_url":"https:\/\/www.nettali.com\/2021\/09\/27\/trafic-de-passeports-diplomatiques-paris-ouvre-une-enquete\/","og_site_name":"Nettali.com","article_publisher":"https:\/\/www.facebook.com\/nettalicom","article_published_time":"2021-09-27T15:45:46+00:00","article_modified_time":"2021-09-28T08:55:32+00:00","og_image":[{"width":1000,"height":750,"url":"https:\/\/www.nettali.com\/wp-content\/uploads\/2021\/05\/drian.jpg","type":"image\/jpeg"}],"twitter_card":"summary_large_image","twitter_misc":{"\u00c9crit par":"Thierno Diop","Dur\u00e9e de lecture estim\u00e9e":"1 minute"},"schema":{"@context":"https:\/\/schema.org","@graph":[{"@type":"WebSite","@id":"https:\/\/www.nettali.com\/#website","url":"https:\/\/www.nettali.com\/","name":"Nettali.com","description":"Le rendez-vous critique du Net","potentialAction":[{"@type":"SearchAction","target":{"@type":"EntryPoint","urlTemplate":"https:\/\/www.nettali.com\/?s={search_term_string}"},"query-input":"required name=search_term_string"}],"inLanguage":"fr-FR"},{"@type":"ImageObject","@id":"https:\/\/www.nettali.com\/2021\/09\/27\/trafic-de-passeports-diplomatiques-paris-ouvre-une-enquete\/#primaryimage","inLanguage":"fr-FR","url":"https:\/\/www.nettali.com\/wp-content\/uploads\/2021\/05\/drian.jpg","contentUrl":"https:\/\/www.nettali.com\/wp-content\/uploads\/2021\/05\/drian.jpg","width":1000,"height":750},{"@type":"WebPage","@id":"https:\/\/www.nettali.com\/2021\/09\/27\/trafic-de-passeports-diplomatiques-paris-ouvre-une-enquete\/#webpage","url":"https:\/\/www.nettali.com\/2021\/09\/27\/trafic-de-passeports-diplomatiques-paris-ouvre-une-enquete\/","name":"TRAFIC DE PASSEPORTS DIPLOMATIQUES - Paris ouvre une enqu\u00eate | Nettali.com","isPartOf":{"@id":"https:\/\/www.nettali.com\/#website"},"primaryImageOfPage":{"@id":"https:\/\/www.nettali.com\/2021\/09\/27\/trafic-de-passeports-diplomatiques-paris-ouvre-une-enquete\/#primaryimage"},"datePublished":"2021-09-27T15:45:46+00:00","dateModified":"2021-09-28T08:55:32+00:00","author":{"@id":"https:\/\/www.nettali.com\/#\/schema\/person\/8a06c6bd7b19304cf4bf985862900b5b"},"breadcrumb":{"@id":"https:\/\/www.nettali.com\/2021\/09\/27\/trafic-de-passeports-diplomatiques-paris-ouvre-une-enquete\/#breadcrumb"},"inLanguage":"fr-FR","potentialAction":[{"@type":"ReadAction","target":["https:\/\/www.nettali.com\/2021\/09\/27\/trafic-de-passeports-diplomatiques-paris-ouvre-une-enquete\/"]}]},{"@type":"BreadcrumbList","@id":"https:\/\/www.nettali.com\/2021\/09\/27\/trafic-de-passeports-diplomatiques-paris-ouvre-une-enquete\/#breadcrumb","itemListElement":[{"@type":"ListItem","position":1,"name":"Accueil","item":"https:\/\/www.nettali.com\/"},{"@type":"ListItem","position":2,"name":"TRAFIC DE PASSEPORTS DIPLOMATIQUES &#8211; Paris ouvre une enqu\u00eate"}]},{"@type":"Person","@id":"https:\/\/www.nettali.com\/#\/schema\/person\/8a06c6bd7b19304cf4bf985862900b5b","name":"Thierno Diop","image":{"@type":"ImageObject","@id":"https:\/\/www.nettali.com\/#personlogo","inLanguage":"fr-FR","url":"https:\/\/secure.gravatar.com\/avatar\/c8ca58550c94fd2ac856d27391a6c866?s=96&d=mm&r=g","contentUrl":"https:\/\/secure.gravatar.com\/avatar\/c8ca58550c94fd2ac856d27391a6c866?s=96&d=mm&r=g","caption":"Thierno Diop"},"sameAs":["https:\/\/nettali.com"]}]}},"_links":{"self":[{"href":"https:\/\/www.nettali.com\/rest\/wp\/v2\/posts\/72673"}],"collection":[{"href":"https:\/\/www.nettali.com\/rest\/wp\/v2\/posts"}],"about":[{"href":"https:\/\/www.nettali.com\/rest\/wp\/v2\/types\/post"}],"author":[{"embeddable":true,"href":"https:\/\/www.nettali.com\/rest\/wp\/v2\/users\/11"}],"replies":[{"embeddable":true,"href":"https:\/\/www.nettali.com\/rest\/wp\/v2\/comments?post=72673"}],"version-history":[{"count":2,"href":"https:\/\/www.nettali.com\/rest\/wp\/v2\/posts\/72673\/revisions"}],"predecessor-version":[{"id":72704,"href":"https:\/\/www.nettali.com\/rest\/wp\/v2\/posts\/72673\/revisions\/72704"}],"wp:featuredmedia":[{"embeddable":true,"href":"https:\/\/www.nettali.com\/rest\/wp\/v2\/media\/64473"}],"wp:attachment":[{"href":"https:\/\/www.nettali.com\/rest\/wp\/v2\/media?parent=72673"}],"wp:term":[{"taxonomy":"category","embeddable":true,"href":"https:\/\/www.nettali.com\/rest\/wp\/v2\/categories?post=72673"},{"taxonomy":"post_tag","embeddable":true,"href":"https:\/\/www.nettali.com\/rest\/wp\/v2\/tags?post=72673"}],"curies":[{"name":"wp","href":"https:\/\/api.w.org\/{rel}","templated":true}]}}