{"id":72531,"date":"2021-09-24T12:55:08","date_gmt":"2021-09-24T12:55:08","guid":{"rendered":"https:\/\/www.nettali.com\/?p=72531"},"modified":"2021-09-24T12:55:21","modified_gmt":"2021-09-24T12:55:21","slug":"trafic-dor-le-juge-du-8e-cabinet-lance-un-mandat-darret-contre-un-policier-et-un-gendarme","status":"publish","type":"post","link":"https:\/\/www.nettali.com\/2021\/09\/24\/trafic-dor-le-juge-du-8e-cabinet-lance-un-mandat-darret-contre-un-policier-et-un-gendarme\/","title":{"rendered":"Trafic d\u2019or : Le juge du 8e cabinet lance un mandat d\u2019arr\u00eat contre un policier et un gendarme"},"content":{"rendered":"<p><strong>NETTALI.COM - Le juge d'instruction du huiti\u00e8me Cabinet, Mamadou Seck, a plac\u00e9 sous mandat de d\u00e9p\u00f4t Serigne Djily Fall et Cie, impliqu\u00e9 dans une affaire de trafic d'or, avant de lancer un mandat d\u2019arr\u00eat contre le gendarme, le policier et le sieur Mohamed Samb. En fuite depuis la chute des autres membres de la bande, les hommes de tenue sont activement recherch\u00e9s.\u00a0 <\/strong><\/p>\n<p>Ce jeudi 23 septembre 2021, Serigne Djily Fall et Cie, impliqu\u00e9 dans une affaire de trafic d'or, ont franchi la porte de la prison. Leur face-\u00e0-face avec le juge d\u2019instruction du 8<sup>e<\/sup> Cabinet, Mamadou Seck, a \u00e9t\u00e9 boucl\u00e9 d\u2019une inculpation et d\u2019un placement sous mandat de d\u00e9p\u00f4t comme demand\u00e9 par le minist\u00e8re public dans son r\u00e9quisitoire introductif. Le magistrat instructif, apr\u00e8s les avoir, tour \u00e0 tour, entendus dans cette affaire d\u2019association de malfaiteurs, de s\u00e9questration suivie de tortures, d\u2019escroquerie, de blanchiment de capitaux et d\u2019usurpation d\u2019identit\u00e9, les a tous envoy\u00e9s en prison. Malgr\u00e9 leurs d\u00e9n\u00e9gations, Serigne Djily Fall et ses suppos\u00e9s complices Mass, Mamadou Diagne (32 ans), indicateur de la Brigade de Pikine, et Cheikh Ahmet Tidiane B\u00e2 (28 ans), indicateur de la Police de Nimzat de Gu\u00e9diawaye, ont \u00e9t\u00e9 \u00e9crou\u00e9s.<\/p>\n<p>Epingl\u00e9e par la Section de recherches de la gendarmerie de Colobane pour une affaire frauduleuse de vente d\u2019or d\u2019une valeur de 53 millions de FCfa, laquelle les a fait d\u00e9f\u00e9rer depuis le lundi 20 septembre 2021 au parquet de Serigne Bassirou Gu\u00e8ye, la bande n\u2019est cependant pas au complet. Le flic Issa Faye, en service \u00e0 la S\u00fbret\u00e9 urbaine (Su) avant son affection \u00e0 Tambacounda, Pape Ndongo Niang,\u00a0 gendarme en service au Gp Front-de-terre et Mohamed Samb sont activement recherch\u00e9s. Apr\u00e8s l\u2019inculpation du premier groupe, le juge a lanc\u00e9 un mandat d\u2019arr\u00eat contre les trois (3) fugitifs.<\/p>\n<p><strong>\u00a0\u00abIls ont r\u00e9ussi trois coups de cette mani\u00e8re !\u00bb<\/strong><\/p>\n<p>Les autorit\u00e9s polici\u00e8res et de la gendarmerie sont \u00e0 la recherche des fugitifs depuis qu\u2019ils ont \u00e9chapp\u00e9 au guet-apens des \u00e9l\u00e9ments de la Section de recherches de la gendarmerie de Colobane.<\/p>\n<p>Avec ce mandat d\u2019arr\u00eat, tout le dispositif pour freiner leur course est mis en place. \u00abIls se fatiguent \u00e0 se cacher, mais ils vont bient\u00f4t tomber\u00bb, confie un Officier de Police judiciaire (Opj) qui a fait tomber beaucoup de ca\u00efds. Seulement, cette bande \u00e0 Fall semble avoir de l\u2019exp\u00e9rience. Ils auraient frapp\u00e9 \u00e0 plusieurs reprises avant d\u2019\u00eatre alpagu\u00e9s. \u00abIls ont r\u00e9ussi plusieurs coups de cette mani\u00e8re. M\u00eame \u00e0 Mbour. On d\u00e9compte trois op\u00e9rations ou plus \u00e0 leur compte\u00bb, confie une source judiciaire bien au fait de cette affaire.<\/p>\n<p>Pour rappel, Serigne Djily Fall, pr\u00e9sent\u00e9 comme le cerveau de cette bande, a propos\u00e9 de l\u2019or \u00e0 vendre \u00e0 deux commer\u00e7ants. Le samedi 11 septembre 2021, il leur donne rendez-vous dans un appartement lou\u00e9 \u00e0 Ouest-Foire par Mass, un de ses complices. Apr\u00e8s que Fall a encaiss\u00e9 les 53 millions de FCfa des commer\u00e7ants, le policier, le gendarme et les deux indicateurs, armes factices et brassards de police en appoint, d\u00e9barquent. Ils accusent Fall de vendre de la drogue, enferment les deux commer\u00e7ants dans une chambre et s\u2019envolent avec l\u2019argent. Les victimes saisiront par les suite les gendarmes de la Section de recherches de la gendarmerie qui, apr\u00e8s avoir coinc\u00e9 Fall, arr\u00eatent les autres membres de la bande. Sauf le gendarme et le policier de la bande qui sont activement recherch\u00e9s.<\/p>\n<div class='share-to-whatsapp-wrapper'><div class='share-on-whsp'>PARTAGER SUR : <\/div><a data-text='Trafic d\u2019or : Le juge du 8e cabinet lance un mandat d\u2019arr\u00eat contre un policier et un gendarme' data-link='https:\/\/www.nettali.com\/2021\/09\/24\/trafic-dor-le-juge-du-8e-cabinet-lance-un-mandat-darret-contre-un-policier-et-un-gendarme\/' class='whatsapp-button whatsapp-share'>WhatsApp<\/a><div class='clear '><\/div><\/div>","protected":false},"excerpt":{"rendered":"<p>NETTALI.COM - Le juge d'instruction du huiti\u00e8me Cabinet, Mamadou Seck, a plac\u00e9 sous mandat de d\u00e9p\u00f4t Serigne Djily Fall et Cie, impliqu\u00e9 dans une affaire de trafic d'or, avant de lancer un mandat d\u2019arr\u00eat contre le gendarme, le policier et le sieur Mohamed Samb. En fuite depuis la chute des autres membres de la bande, [&hellip;]<\/p>\n","protected":false},"author":4,"featured_media":49799,"comment_status":"open","ping_status":"open","sticky":false,"template":"","format":"standard","meta":{"_et_pb_use_builder":"","_et_pb_old_content":""},"categories":[3],"tags":[],"yoast_head":"<!-- This site is optimized with the Yoast SEO Premium plugin v17.8 (Yoast SEO v17.8) - https:\/\/yoast.com\/wordpress\/plugins\/seo\/ -->\n<title>Trafic d\u2019or : Le juge du 8e cabinet lance un mandat d\u2019arr\u00eat contre un policier et un gendarme | Nettali.com<\/title>\n<meta name=\"robots\" content=\"index, follow, max-snippet:-1, max-image-preview:large, max-video-preview:-1\" \/>\n<link rel=\"canonical\" href=\"https:\/\/www.nettali.com\/2021\/09\/24\/trafic-dor-le-juge-du-8e-cabinet-lance-un-mandat-darret-contre-un-policier-et-un-gendarme\/\" \/>\n<meta property=\"og:locale\" content=\"fr_FR\" \/>\n<meta property=\"og:type\" content=\"article\" \/>\n<meta property=\"og:title\" content=\"Trafic d\u2019or : Le juge du 8e cabinet lance un mandat d\u2019arr\u00eat contre un policier et un gendarme\" \/>\n<meta property=\"og:description\" content=\"NETTALI.COM - Le juge d&#039;instruction du huiti\u00e8me Cabinet, Mamadou Seck, a plac\u00e9 sous mandat de d\u00e9p\u00f4t Serigne Djily Fall et Cie, impliqu\u00e9 dans une affaire de trafic d&#039;or, avant de lancer un mandat d\u2019arr\u00eat contre le gendarme, le policier et le sieur Mohamed Samb. En fuite depuis la chute des autres membres de la bande, [&hellip;]\" \/>\n<meta property=\"og:url\" content=\"https:\/\/www.nettali.com\/2021\/09\/24\/trafic-dor-le-juge-du-8e-cabinet-lance-un-mandat-darret-contre-un-policier-et-un-gendarme\/\" \/>\n<meta property=\"og:site_name\" content=\"Nettali.com\" \/>\n<meta property=\"article:publisher\" content=\"https:\/\/www.facebook.com\/nettalicom\" \/>\n<meta property=\"article:published_time\" content=\"2021-09-24T12:55:08+00:00\" \/>\n<meta property=\"article:modified_time\" content=\"2021-09-24T12:55:21+00:00\" \/>\n<meta property=\"og:image\" content=\"https:\/\/www.nettali.com\/wp-content\/uploads\/2020\/11\/tribunal-palais-de-justice-de-dakar.jpg\" \/>\n\t<meta property=\"og:image:width\" content=\"700\" \/>\n\t<meta property=\"og:image:height\" content=\"467\" \/>\n<meta name=\"twitter:card\" content=\"summary_large_image\" \/>\n<meta name=\"twitter:label1\" content=\"\u00c9crit par\" \/>\n\t<meta name=\"twitter:data1\" content=\"Daouda\" \/>\n\t<meta name=\"twitter:label2\" content=\"Dur\u00e9e de lecture estim\u00e9e\" \/>\n\t<meta name=\"twitter:data2\" content=\"3 minutes\" \/>\n<script type=\"application\/ld+json\" class=\"yoast-schema-graph\">{\"@context\":\"https:\/\/schema.org\",\"@graph\":[{\"@type\":\"WebSite\",\"@id\":\"https:\/\/www.nettali.com\/#website\",\"url\":\"https:\/\/www.nettali.com\/\",\"name\":\"Nettali.com\",\"description\":\"Le rendez-vous critique du Net\",\"potentialAction\":[{\"@type\":\"SearchAction\",\"target\":{\"@type\":\"EntryPoint\",\"urlTemplate\":\"https:\/\/www.nettali.com\/?s={search_term_string}\"},\"query-input\":\"required name=search_term_string\"}],\"inLanguage\":\"fr-FR\"},{\"@type\":\"ImageObject\",\"@id\":\"https:\/\/www.nettali.com\/2021\/09\/24\/trafic-dor-le-juge-du-8e-cabinet-lance-un-mandat-darret-contre-un-policier-et-un-gendarme\/#primaryimage\",\"inLanguage\":\"fr-FR\",\"url\":\"https:\/\/www.nettali.com\/wp-content\/uploads\/2020\/11\/tribunal-palais-de-justice-de-dakar.jpg\",\"contentUrl\":\"https:\/\/www.nettali.com\/wp-content\/uploads\/2020\/11\/tribunal-palais-de-justice-de-dakar.jpg\",\"width\":700,\"height\":467},{\"@type\":\"WebPage\",\"@id\":\"https:\/\/www.nettali.com\/2021\/09\/24\/trafic-dor-le-juge-du-8e-cabinet-lance-un-mandat-darret-contre-un-policier-et-un-gendarme\/#webpage\",\"url\":\"https:\/\/www.nettali.com\/2021\/09\/24\/trafic-dor-le-juge-du-8e-cabinet-lance-un-mandat-darret-contre-un-policier-et-un-gendarme\/\",\"name\":\"Trafic d\\u2019or : Le juge du 8e cabinet lance un mandat d\\u2019arr\\u00eat contre un policier et un gendarme | Nettali.com\",\"isPartOf\":{\"@id\":\"https:\/\/www.nettali.com\/#website\"},\"primaryImageOfPage\":{\"@id\":\"https:\/\/www.nettali.com\/2021\/09\/24\/trafic-dor-le-juge-du-8e-cabinet-lance-un-mandat-darret-contre-un-policier-et-un-gendarme\/#primaryimage\"},\"datePublished\":\"2021-09-24T12:55:08+00:00\",\"dateModified\":\"2021-09-24T12:55:21+00:00\",\"author\":{\"@id\":\"https:\/\/www.nettali.com\/#\/schema\/person\/3317e0bb3aa1da309fbf7b2780901bf4\"},\"breadcrumb\":{\"@id\":\"https:\/\/www.nettali.com\/2021\/09\/24\/trafic-dor-le-juge-du-8e-cabinet-lance-un-mandat-darret-contre-un-policier-et-un-gendarme\/#breadcrumb\"},\"inLanguage\":\"fr-FR\",\"potentialAction\":[{\"@type\":\"ReadAction\",\"target\":[\"https:\/\/www.nettali.com\/2021\/09\/24\/trafic-dor-le-juge-du-8e-cabinet-lance-un-mandat-darret-contre-un-policier-et-un-gendarme\/\"]}]},{\"@type\":\"BreadcrumbList\",\"@id\":\"https:\/\/www.nettali.com\/2021\/09\/24\/trafic-dor-le-juge-du-8e-cabinet-lance-un-mandat-darret-contre-un-policier-et-un-gendarme\/#breadcrumb\",\"itemListElement\":[{\"@type\":\"ListItem\",\"position\":1,\"name\":\"Accueil\",\"item\":\"https:\/\/www.nettali.com\/\"},{\"@type\":\"ListItem\",\"position\":2,\"name\":\"Trafic d\\u2019or : Le juge du 8e cabinet lance un mandat d\\u2019arr\\u00eat contre un policier et un gendarme\"}]},{\"@type\":\"Person\",\"@id\":\"https:\/\/www.nettali.com\/#\/schema\/person\/3317e0bb3aa1da309fbf7b2780901bf4\",\"name\":\"Daouda\",\"image\":{\"@type\":\"ImageObject\",\"@id\":\"https:\/\/www.nettali.com\/#personlogo\",\"inLanguage\":\"fr-FR\",\"url\":\"https:\/\/secure.gravatar.com\/avatar\/8d143b5a49345098ddcfee1c49c2f47c?s=96&d=mm&r=g\",\"contentUrl\":\"https:\/\/secure.gravatar.com\/avatar\/8d143b5a49345098ddcfee1c49c2f47c?s=96&d=mm&r=g\",\"caption\":\"Daouda\"},\"sameAs\":[\"https:\/\/www.nettali.com\"]}]}<\/script>\n<!-- \/ Yoast SEO Premium plugin. -->","yoast_head_json":{"title":"Trafic d\u2019or : Le juge du 8e cabinet lance un mandat d\u2019arr\u00eat contre un policier et un gendarme | Nettali.com","robots":{"index":"index","follow":"follow","max-snippet":"max-snippet:-1","max-image-preview":"max-image-preview:large","max-video-preview":"max-video-preview:-1"},"canonical":"https:\/\/www.nettali.com\/2021\/09\/24\/trafic-dor-le-juge-du-8e-cabinet-lance-un-mandat-darret-contre-un-policier-et-un-gendarme\/","og_locale":"fr_FR","og_type":"article","og_title":"Trafic d\u2019or : Le juge du 8e cabinet lance un mandat d\u2019arr\u00eat contre un policier et un gendarme","og_description":"NETTALI.COM - Le juge d'instruction du huiti\u00e8me Cabinet, Mamadou Seck, a plac\u00e9 sous mandat de d\u00e9p\u00f4t Serigne Djily Fall et Cie, impliqu\u00e9 dans une affaire de trafic d'or, avant de lancer un mandat d\u2019arr\u00eat contre le gendarme, le policier et le sieur Mohamed Samb. En fuite depuis la chute des autres membres de la bande, [&hellip;]","og_url":"https:\/\/www.nettali.com\/2021\/09\/24\/trafic-dor-le-juge-du-8e-cabinet-lance-un-mandat-darret-contre-un-policier-et-un-gendarme\/","og_site_name":"Nettali.com","article_publisher":"https:\/\/www.facebook.com\/nettalicom","article_published_time":"2021-09-24T12:55:08+00:00","article_modified_time":"2021-09-24T12:55:21+00:00","og_image":[{"width":700,"height":467,"url":"https:\/\/www.nettali.com\/wp-content\/uploads\/2020\/11\/tribunal-palais-de-justice-de-dakar.jpg","type":"image\/jpeg"}],"twitter_card":"summary_large_image","twitter_misc":{"\u00c9crit par":"Daouda","Dur\u00e9e de lecture estim\u00e9e":"3 minutes"},"schema":{"@context":"https:\/\/schema.org","@graph":[{"@type":"WebSite","@id":"https:\/\/www.nettali.com\/#website","url":"https:\/\/www.nettali.com\/","name":"Nettali.com","description":"Le rendez-vous critique du Net","potentialAction":[{"@type":"SearchAction","target":{"@type":"EntryPoint","urlTemplate":"https:\/\/www.nettali.com\/?s={search_term_string}"},"query-input":"required name=search_term_string"}],"inLanguage":"fr-FR"},{"@type":"ImageObject","@id":"https:\/\/www.nettali.com\/2021\/09\/24\/trafic-dor-le-juge-du-8e-cabinet-lance-un-mandat-darret-contre-un-policier-et-un-gendarme\/#primaryimage","inLanguage":"fr-FR","url":"https:\/\/www.nettali.com\/wp-content\/uploads\/2020\/11\/tribunal-palais-de-justice-de-dakar.jpg","contentUrl":"https:\/\/www.nettali.com\/wp-content\/uploads\/2020\/11\/tribunal-palais-de-justice-de-dakar.jpg","width":700,"height":467},{"@type":"WebPage","@id":"https:\/\/www.nettali.com\/2021\/09\/24\/trafic-dor-le-juge-du-8e-cabinet-lance-un-mandat-darret-contre-un-policier-et-un-gendarme\/#webpage","url":"https:\/\/www.nettali.com\/2021\/09\/24\/trafic-dor-le-juge-du-8e-cabinet-lance-un-mandat-darret-contre-un-policier-et-un-gendarme\/","name":"Trafic d\u2019or : Le juge du 8e cabinet lance un mandat d\u2019arr\u00eat contre un policier et un gendarme | Nettali.com","isPartOf":{"@id":"https:\/\/www.nettali.com\/#website"},"primaryImageOfPage":{"@id":"https:\/\/www.nettali.com\/2021\/09\/24\/trafic-dor-le-juge-du-8e-cabinet-lance-un-mandat-darret-contre-un-policier-et-un-gendarme\/#primaryimage"},"datePublished":"2021-09-24T12:55:08+00:00","dateModified":"2021-09-24T12:55:21+00:00","author":{"@id":"https:\/\/www.nettali.com\/#\/schema\/person\/3317e0bb3aa1da309fbf7b2780901bf4"},"breadcrumb":{"@id":"https:\/\/www.nettali.com\/2021\/09\/24\/trafic-dor-le-juge-du-8e-cabinet-lance-un-mandat-darret-contre-un-policier-et-un-gendarme\/#breadcrumb"},"inLanguage":"fr-FR","potentialAction":[{"@type":"ReadAction","target":["https:\/\/www.nettali.com\/2021\/09\/24\/trafic-dor-le-juge-du-8e-cabinet-lance-un-mandat-darret-contre-un-policier-et-un-gendarme\/"]}]},{"@type":"BreadcrumbList","@id":"https:\/\/www.nettali.com\/2021\/09\/24\/trafic-dor-le-juge-du-8e-cabinet-lance-un-mandat-darret-contre-un-policier-et-un-gendarme\/#breadcrumb","itemListElement":[{"@type":"ListItem","position":1,"name":"Accueil","item":"https:\/\/www.nettali.com\/"},{"@type":"ListItem","position":2,"name":"Trafic d\u2019or : Le juge du 8e cabinet lance un mandat d\u2019arr\u00eat contre un policier et un gendarme"}]},{"@type":"Person","@id":"https:\/\/www.nettali.com\/#\/schema\/person\/3317e0bb3aa1da309fbf7b2780901bf4","name":"Daouda","image":{"@type":"ImageObject","@id":"https:\/\/www.nettali.com\/#personlogo","inLanguage":"fr-FR","url":"https:\/\/secure.gravatar.com\/avatar\/8d143b5a49345098ddcfee1c49c2f47c?s=96&d=mm&r=g","contentUrl":"https:\/\/secure.gravatar.com\/avatar\/8d143b5a49345098ddcfee1c49c2f47c?s=96&d=mm&r=g","caption":"Daouda"},"sameAs":["https:\/\/www.nettali.com"]}]}},"_links":{"self":[{"href":"https:\/\/www.nettali.com\/rest\/wp\/v2\/posts\/72531"}],"collection":[{"href":"https:\/\/www.nettali.com\/rest\/wp\/v2\/posts"}],"about":[{"href":"https:\/\/www.nettali.com\/rest\/wp\/v2\/types\/post"}],"author":[{"embeddable":true,"href":"https:\/\/www.nettali.com\/rest\/wp\/v2\/users\/4"}],"replies":[{"embeddable":true,"href":"https:\/\/www.nettali.com\/rest\/wp\/v2\/comments?post=72531"}],"version-history":[{"count":2,"href":"https:\/\/www.nettali.com\/rest\/wp\/v2\/posts\/72531\/revisions"}],"predecessor-version":[{"id":72533,"href":"https:\/\/www.nettali.com\/rest\/wp\/v2\/posts\/72531\/revisions\/72533"}],"wp:featuredmedia":[{"embeddable":true,"href":"https:\/\/www.nettali.com\/rest\/wp\/v2\/media\/49799"}],"wp:attachment":[{"href":"https:\/\/www.nettali.com\/rest\/wp\/v2\/media?parent=72531"}],"wp:term":[{"taxonomy":"category","embeddable":true,"href":"https:\/\/www.nettali.com\/rest\/wp\/v2\/categories?post=72531"},{"taxonomy":"post_tag","embeddable":true,"href":"https:\/\/www.nettali.com\/rest\/wp\/v2\/tags?post=72531"}],"curies":[{"name":"wp","href":"https:\/\/api.w.org\/{rel}","templated":true}]}}