{"id":72482,"date":"2021-09-23T23:57:22","date_gmt":"2021-09-23T23:57:22","guid":{"rendered":"https:\/\/www.nettali.com\/?p=72482"},"modified":"2021-09-23T23:57:22","modified_gmt":"2021-09-23T23:57:22","slug":"assiette-fonciere-devant-abriter-les-cases-des-tout-petits-maimouna-cissokho-demande-aux-maires-de-les-securiser","status":"publish","type":"post","link":"https:\/\/www.nettali.com\/2021\/09\/23\/assiette-fonciere-devant-abriter-les-cases-des-tout-petits-maimouna-cissokho-demande-aux-maires-de-les-securiser\/","title":{"rendered":"ASSIETTE FONCIERE DEVANT ABRITER LES CASES DES TOUT-PETITS - Maimouna Cissokho demande aux maires de les s\u00e9curiser"},"content":{"rendered":"<p><strong>NETTALI.COM - Les \u00e9lus locaux sont invit\u00e9s \u00e0 s\u00e9curiser et \u00e0 pr\u00e9server les assiettes fonci\u00e8res devant abriter les cases des tout-petits dans leurs diff\u00e9rentes localit\u00e9s.<\/strong><\/p>\n<p>La Directrice de l\u2019Agence nationale de la Petite enfance et de la case des tout-petits a, profit\u00e9, de sa rencontre avec le Gouverneur de la r\u00e9gion de Dakar pour lancer un appel \u00e0 l\u2019endroit des \u00e9lus locaux du S\u00e9n\u00e9gal. Maimouna Cissokho leur a demand\u00e9 de s\u00e9curiser l\u2019assiette fonci\u00e8re devant abriter les cases des tout-petits dans les diff\u00e9rentes localit\u00e9s du pays. \u00ab<em> C\u2019est avec une synergie des actions, dans une approche holistique que nous allons pouvoir v\u00e9ritablement atteindre ces objectifs et relever les d\u00e9fis<\/em> \u00bb, dit-elle avant de faire savoir que la petite enfance c\u2019est l\u2019\u00e9ducation, la sant\u00e9, la nutrition et la s\u00e9curit\u00e9.<\/p>\n<p>La rentr\u00e9e des classes approchant \u00e0 grand pas, elle lanc\u00e9 un appel aux maries pour la dotation de fournitures scolaires, pour la mise \u00e0 disposition de personnel de charges et de gardiens. A cet \u00e9gard, elle rappelle :\u00a0 \u00ab <em>Nous avons sollicit\u00e9 des inspecteurs d\u2019acad\u00e9mies l\u2019accompagnement en personnel<\/em> \u00bb.<\/p>\n<p>Relativement \u00e0 la pand\u00e9mie \u00e0 coronavirus, elle informe que l\u2019Etat du S\u00e9n\u00e9gal va mettre \u00e0 la disposition des tout-petits des kits d\u2019hygi\u00e8ne pour accompagner. En sus, les \u00e9ducateurs sont form\u00e9s aussi pour sensibiliser pour les prot\u00e9ger davantage. Prenant la parole, le Gouverneur de Dakar, Al Hassan Sall rassure qu\u2019ils se sont engag\u00e9s \u00e0 faire en sorte que la politique de la petite enfance, d\u00e9finie par le Pr\u00e9sident de la R\u00e9publique soit, appliqu\u00e9e dans la r\u00e9gion de Dakar. Il se dit disposer \u00e0 accompagner, aider et appuyer la directrice en mobilisant l\u2019ensemble des acteurs de la r\u00e9gion pour que le pr\u00e9scolaire soit pris en charge, pour que les collectivit\u00e9s territoriales jouent leur r\u00f4le.<\/p>\n<p>Pour sa part, Gana S\u00e8ne, Inspecteur d\u2019Acad\u00e9mie de Pikine-Gu\u00e9diawaye souligne qu\u2019ils vont mettre en \u0153uvre les grandes orientations qui ont \u00e9t\u00e9 formul\u00e9es en renfor\u00e7ant la collaboration, la synergie avec la coordination nationale de la petite enfance.<\/p>\n<div class='share-to-whatsapp-wrapper'><div class='share-on-whsp'>PARTAGER SUR : <\/div><a data-text='ASSIETTE FONCIERE DEVANT ABRITER LES CASES DES TOUT-PETITS - Maimouna Cissokho demande aux maires de les s\u00e9curiser' data-link='https:\/\/www.nettali.com\/2021\/09\/23\/assiette-fonciere-devant-abriter-les-cases-des-tout-petits-maimouna-cissokho-demande-aux-maires-de-les-securiser\/' class='whatsapp-button whatsapp-share'>WhatsApp<\/a><div class='clear '><\/div><\/div>","protected":false},"excerpt":{"rendered":"<p>NETTALI.COM - Les \u00e9lus locaux sont invit\u00e9s \u00e0 s\u00e9curiser et \u00e0 pr\u00e9server les assiettes fonci\u00e8res devant abriter les cases des tout-petits dans leurs diff\u00e9rentes localit\u00e9s. La Directrice de l\u2019Agence nationale de la Petite enfance et de la case des tout-petits a, profit\u00e9, de sa rencontre avec le Gouverneur de la r\u00e9gion de Dakar pour lancer [&hellip;]<\/p>\n","protected":false},"author":6,"featured_media":72505,"comment_status":"open","ping_status":"open","sticky":false,"template":"","format":"standard","meta":{"_et_pb_use_builder":"","_et_pb_old_content":""},"categories":[3],"tags":[],"yoast_head":"<!-- This site is optimized with the Yoast SEO Premium plugin v17.8 (Yoast SEO v17.8) - https:\/\/yoast.com\/wordpress\/plugins\/seo\/ -->\n<title>ASSIETTE FONCIERE DEVANT ABRITER LES CASES DES TOUT-PETITS - Maimouna Cissokho demande aux maires de les s\u00e9curiser | Nettali.com<\/title>\n<meta name=\"robots\" content=\"index, follow, max-snippet:-1, max-image-preview:large, max-video-preview:-1\" \/>\n<link rel=\"canonical\" href=\"https:\/\/www.nettali.com\/2021\/09\/23\/assiette-fonciere-devant-abriter-les-cases-des-tout-petits-maimouna-cissokho-demande-aux-maires-de-les-securiser\/\" \/>\n<meta property=\"og:locale\" content=\"fr_FR\" \/>\n<meta property=\"og:type\" content=\"article\" \/>\n<meta property=\"og:title\" content=\"ASSIETTE FONCIERE DEVANT ABRITER LES CASES DES TOUT-PETITS - Maimouna Cissokho demande aux maires de les s\u00e9curiser\" \/>\n<meta property=\"og:description\" content=\"NETTALI.COM - Les \u00e9lus locaux sont invit\u00e9s \u00e0 s\u00e9curiser et \u00e0 pr\u00e9server les assiettes fonci\u00e8res devant abriter les cases des tout-petits dans leurs diff\u00e9rentes localit\u00e9s. La Directrice de l\u2019Agence nationale de la Petite enfance et de la case des tout-petits a, profit\u00e9, de sa rencontre avec le Gouverneur de la r\u00e9gion de Dakar pour lancer [&hellip;]\" \/>\n<meta property=\"og:url\" content=\"https:\/\/www.nettali.com\/2021\/09\/23\/assiette-fonciere-devant-abriter-les-cases-des-tout-petits-maimouna-cissokho-demande-aux-maires-de-les-securiser\/\" \/>\n<meta property=\"og:site_name\" content=\"Nettali.com\" \/>\n<meta property=\"article:publisher\" content=\"https:\/\/www.facebook.com\/nettalicom\" \/>\n<meta property=\"article:published_time\" content=\"2021-09-23T23:57:22+00:00\" \/>\n<meta property=\"og:image\" content=\"https:\/\/www.nettali.com\/wp-content\/uploads\/2021\/09\/case-des-tout-petitd.jpeg\" \/>\n\t<meta property=\"og:image:width\" content=\"498\" \/>\n\t<meta property=\"og:image:height\" content=\"280\" \/>\n<meta name=\"twitter:card\" content=\"summary_large_image\" \/>\n<meta name=\"twitter:label1\" content=\"\u00c9crit par\" \/>\n\t<meta name=\"twitter:data1\" content=\"Fatou\" \/>\n\t<meta name=\"twitter:label2\" content=\"Dur\u00e9e de lecture estim\u00e9e\" \/>\n\t<meta name=\"twitter:data2\" content=\"2 minutes\" \/>\n<script type=\"application\/ld+json\" class=\"yoast-schema-graph\">{\"@context\":\"https:\/\/schema.org\",\"@graph\":[{\"@type\":\"WebSite\",\"@id\":\"https:\/\/www.nettali.com\/#website\",\"url\":\"https:\/\/www.nettali.com\/\",\"name\":\"Nettali.com\",\"description\":\"Le rendez-vous critique du Net\",\"potentialAction\":[{\"@type\":\"SearchAction\",\"target\":{\"@type\":\"EntryPoint\",\"urlTemplate\":\"https:\/\/www.nettali.com\/?s={search_term_string}\"},\"query-input\":\"required name=search_term_string\"}],\"inLanguage\":\"fr-FR\"},{\"@type\":\"ImageObject\",\"@id\":\"https:\/\/www.nettali.com\/2021\/09\/23\/assiette-fonciere-devant-abriter-les-cases-des-tout-petits-maimouna-cissokho-demande-aux-maires-de-les-securiser\/#primaryimage\",\"inLanguage\":\"fr-FR\",\"url\":\"https:\/\/www.nettali.com\/wp-content\/uploads\/2021\/09\/case-des-tout-petitd.jpeg\",\"contentUrl\":\"https:\/\/www.nettali.com\/wp-content\/uploads\/2021\/09\/case-des-tout-petitd.jpeg\",\"width\":498,\"height\":280},{\"@type\":\"WebPage\",\"@id\":\"https:\/\/www.nettali.com\/2021\/09\/23\/assiette-fonciere-devant-abriter-les-cases-des-tout-petits-maimouna-cissokho-demande-aux-maires-de-les-securiser\/#webpage\",\"url\":\"https:\/\/www.nettali.com\/2021\/09\/23\/assiette-fonciere-devant-abriter-les-cases-des-tout-petits-maimouna-cissokho-demande-aux-maires-de-les-securiser\/\",\"name\":\"ASSIETTE FONCIERE DEVANT ABRITER LES CASES DES TOUT-PETITS - Maimouna Cissokho demande aux maires de les s\\u00e9curiser | Nettali.com\",\"isPartOf\":{\"@id\":\"https:\/\/www.nettali.com\/#website\"},\"primaryImageOfPage\":{\"@id\":\"https:\/\/www.nettali.com\/2021\/09\/23\/assiette-fonciere-devant-abriter-les-cases-des-tout-petits-maimouna-cissokho-demande-aux-maires-de-les-securiser\/#primaryimage\"},\"datePublished\":\"2021-09-23T23:57:22+00:00\",\"dateModified\":\"2021-09-23T23:57:22+00:00\",\"author\":{\"@id\":\"https:\/\/www.nettali.com\/#\/schema\/person\/418274a86bdf87caff7a3ef476bd0bbf\"},\"breadcrumb\":{\"@id\":\"https:\/\/www.nettali.com\/2021\/09\/23\/assiette-fonciere-devant-abriter-les-cases-des-tout-petits-maimouna-cissokho-demande-aux-maires-de-les-securiser\/#breadcrumb\"},\"inLanguage\":\"fr-FR\",\"potentialAction\":[{\"@type\":\"ReadAction\",\"target\":[\"https:\/\/www.nettali.com\/2021\/09\/23\/assiette-fonciere-devant-abriter-les-cases-des-tout-petits-maimouna-cissokho-demande-aux-maires-de-les-securiser\/\"]}]},{\"@type\":\"BreadcrumbList\",\"@id\":\"https:\/\/www.nettali.com\/2021\/09\/23\/assiette-fonciere-devant-abriter-les-cases-des-tout-petits-maimouna-cissokho-demande-aux-maires-de-les-securiser\/#breadcrumb\",\"itemListElement\":[{\"@type\":\"ListItem\",\"position\":1,\"name\":\"Accueil\",\"item\":\"https:\/\/www.nettali.com\/\"},{\"@type\":\"ListItem\",\"position\":2,\"name\":\"ASSIETTE FONCIERE DEVANT ABRITER LES CASES DES TOUT-PETITS &#8211; Maimouna Cissokho demande aux maires de les s\\u00e9curiser\"}]},{\"@type\":\"Person\",\"@id\":\"https:\/\/www.nettali.com\/#\/schema\/person\/418274a86bdf87caff7a3ef476bd0bbf\",\"name\":\"Fatou\",\"image\":{\"@type\":\"ImageObject\",\"@id\":\"https:\/\/www.nettali.com\/#personlogo\",\"inLanguage\":\"fr-FR\",\"url\":\"https:\/\/secure.gravatar.com\/avatar\/5a9442a2bee7b4dcf167cab035858e9a?s=96&d=mm&r=g\",\"contentUrl\":\"https:\/\/secure.gravatar.com\/avatar\/5a9442a2bee7b4dcf167cab035858e9a?s=96&d=mm&r=g\",\"caption\":\"Fatou\"},\"sameAs\":[\"https:\/\/www.nettali.com\"]}]}<\/script>\n<!-- \/ Yoast SEO Premium plugin. -->","yoast_head_json":{"title":"ASSIETTE FONCIERE DEVANT ABRITER LES CASES DES TOUT-PETITS - Maimouna Cissokho demande aux maires de les s\u00e9curiser | Nettali.com","robots":{"index":"index","follow":"follow","max-snippet":"max-snippet:-1","max-image-preview":"max-image-preview:large","max-video-preview":"max-video-preview:-1"},"canonical":"https:\/\/www.nettali.com\/2021\/09\/23\/assiette-fonciere-devant-abriter-les-cases-des-tout-petits-maimouna-cissokho-demande-aux-maires-de-les-securiser\/","og_locale":"fr_FR","og_type":"article","og_title":"ASSIETTE FONCIERE DEVANT ABRITER LES CASES DES TOUT-PETITS - Maimouna Cissokho demande aux maires de les s\u00e9curiser","og_description":"NETTALI.COM - Les \u00e9lus locaux sont invit\u00e9s \u00e0 s\u00e9curiser et \u00e0 pr\u00e9server les assiettes fonci\u00e8res devant abriter les cases des tout-petits dans leurs diff\u00e9rentes localit\u00e9s. La Directrice de l\u2019Agence nationale de la Petite enfance et de la case des tout-petits a, profit\u00e9, de sa rencontre avec le Gouverneur de la r\u00e9gion de Dakar pour lancer [&hellip;]","og_url":"https:\/\/www.nettali.com\/2021\/09\/23\/assiette-fonciere-devant-abriter-les-cases-des-tout-petits-maimouna-cissokho-demande-aux-maires-de-les-securiser\/","og_site_name":"Nettali.com","article_publisher":"https:\/\/www.facebook.com\/nettalicom","article_published_time":"2021-09-23T23:57:22+00:00","og_image":[{"width":498,"height":280,"url":"https:\/\/www.nettali.com\/wp-content\/uploads\/2021\/09\/case-des-tout-petitd.jpeg","type":"image\/jpeg"}],"twitter_card":"summary_large_image","twitter_misc":{"\u00c9crit par":"Fatou","Dur\u00e9e de lecture estim\u00e9e":"2 minutes"},"schema":{"@context":"https:\/\/schema.org","@graph":[{"@type":"WebSite","@id":"https:\/\/www.nettali.com\/#website","url":"https:\/\/www.nettali.com\/","name":"Nettali.com","description":"Le rendez-vous critique du Net","potentialAction":[{"@type":"SearchAction","target":{"@type":"EntryPoint","urlTemplate":"https:\/\/www.nettali.com\/?s={search_term_string}"},"query-input":"required name=search_term_string"}],"inLanguage":"fr-FR"},{"@type":"ImageObject","@id":"https:\/\/www.nettali.com\/2021\/09\/23\/assiette-fonciere-devant-abriter-les-cases-des-tout-petits-maimouna-cissokho-demande-aux-maires-de-les-securiser\/#primaryimage","inLanguage":"fr-FR","url":"https:\/\/www.nettali.com\/wp-content\/uploads\/2021\/09\/case-des-tout-petitd.jpeg","contentUrl":"https:\/\/www.nettali.com\/wp-content\/uploads\/2021\/09\/case-des-tout-petitd.jpeg","width":498,"height":280},{"@type":"WebPage","@id":"https:\/\/www.nettali.com\/2021\/09\/23\/assiette-fonciere-devant-abriter-les-cases-des-tout-petits-maimouna-cissokho-demande-aux-maires-de-les-securiser\/#webpage","url":"https:\/\/www.nettali.com\/2021\/09\/23\/assiette-fonciere-devant-abriter-les-cases-des-tout-petits-maimouna-cissokho-demande-aux-maires-de-les-securiser\/","name":"ASSIETTE FONCIERE DEVANT ABRITER LES CASES DES TOUT-PETITS - Maimouna Cissokho demande aux maires de les s\u00e9curiser | Nettali.com","isPartOf":{"@id":"https:\/\/www.nettali.com\/#website"},"primaryImageOfPage":{"@id":"https:\/\/www.nettali.com\/2021\/09\/23\/assiette-fonciere-devant-abriter-les-cases-des-tout-petits-maimouna-cissokho-demande-aux-maires-de-les-securiser\/#primaryimage"},"datePublished":"2021-09-23T23:57:22+00:00","dateModified":"2021-09-23T23:57:22+00:00","author":{"@id":"https:\/\/www.nettali.com\/#\/schema\/person\/418274a86bdf87caff7a3ef476bd0bbf"},"breadcrumb":{"@id":"https:\/\/www.nettali.com\/2021\/09\/23\/assiette-fonciere-devant-abriter-les-cases-des-tout-petits-maimouna-cissokho-demande-aux-maires-de-les-securiser\/#breadcrumb"},"inLanguage":"fr-FR","potentialAction":[{"@type":"ReadAction","target":["https:\/\/www.nettali.com\/2021\/09\/23\/assiette-fonciere-devant-abriter-les-cases-des-tout-petits-maimouna-cissokho-demande-aux-maires-de-les-securiser\/"]}]},{"@type":"BreadcrumbList","@id":"https:\/\/www.nettali.com\/2021\/09\/23\/assiette-fonciere-devant-abriter-les-cases-des-tout-petits-maimouna-cissokho-demande-aux-maires-de-les-securiser\/#breadcrumb","itemListElement":[{"@type":"ListItem","position":1,"name":"Accueil","item":"https:\/\/www.nettali.com\/"},{"@type":"ListItem","position":2,"name":"ASSIETTE FONCIERE DEVANT ABRITER LES CASES DES TOUT-PETITS &#8211; Maimouna Cissokho demande aux maires de les s\u00e9curiser"}]},{"@type":"Person","@id":"https:\/\/www.nettali.com\/#\/schema\/person\/418274a86bdf87caff7a3ef476bd0bbf","name":"Fatou","image":{"@type":"ImageObject","@id":"https:\/\/www.nettali.com\/#personlogo","inLanguage":"fr-FR","url":"https:\/\/secure.gravatar.com\/avatar\/5a9442a2bee7b4dcf167cab035858e9a?s=96&d=mm&r=g","contentUrl":"https:\/\/secure.gravatar.com\/avatar\/5a9442a2bee7b4dcf167cab035858e9a?s=96&d=mm&r=g","caption":"Fatou"},"sameAs":["https:\/\/www.nettali.com"]}]}},"_links":{"self":[{"href":"https:\/\/www.nettali.com\/rest\/wp\/v2\/posts\/72482"}],"collection":[{"href":"https:\/\/www.nettali.com\/rest\/wp\/v2\/posts"}],"about":[{"href":"https:\/\/www.nettali.com\/rest\/wp\/v2\/types\/post"}],"author":[{"embeddable":true,"href":"https:\/\/www.nettali.com\/rest\/wp\/v2\/users\/6"}],"replies":[{"embeddable":true,"href":"https:\/\/www.nettali.com\/rest\/wp\/v2\/comments?post=72482"}],"version-history":[{"count":3,"href":"https:\/\/www.nettali.com\/rest\/wp\/v2\/posts\/72482\/revisions"}],"predecessor-version":[{"id":72506,"href":"https:\/\/www.nettali.com\/rest\/wp\/v2\/posts\/72482\/revisions\/72506"}],"wp:featuredmedia":[{"embeddable":true,"href":"https:\/\/www.nettali.com\/rest\/wp\/v2\/media\/72505"}],"wp:attachment":[{"href":"https:\/\/www.nettali.com\/rest\/wp\/v2\/media?parent=72482"}],"wp:term":[{"taxonomy":"category","embeddable":true,"href":"https:\/\/www.nettali.com\/rest\/wp\/v2\/categories?post=72482"},{"taxonomy":"post_tag","embeddable":true,"href":"https:\/\/www.nettali.com\/rest\/wp\/v2\/tags?post=72482"}],"curies":[{"name":"wp","href":"https:\/\/api.w.org\/{rel}","templated":true}]}}