{"id":72387,"date":"2021-09-22T10:55:30","date_gmt":"2021-09-22T10:55:30","guid":{"rendered":"https:\/\/www.nettali.com\/?p=72387"},"modified":"2021-09-22T10:55:30","modified_gmt":"2021-09-22T10:55:30","slug":"eau-potable-en-milieu-rural-mamadou-lamine-diallo-tacle-macky","status":"publish","type":"post","link":"https:\/\/www.nettali.com\/2021\/09\/22\/eau-potable-en-milieu-rural-mamadou-lamine-diallo-tacle-macky\/","title":{"rendered":"EAU POTABLE EN MILIEU RURAL \u2013 Mamadou Lamine Diallo tacle Macky"},"content":{"rendered":"<p><strong>NETTALI.COM - Dans l\u2019\u00e9dition de cette semaine de sa rubrique Questekki, Mamadou Lamine Diallo s\u2019est int\u00e9ress\u00e9 \u00e0 la question de l\u2019eau potable en milieu rural. Ce membre du Congr\u00e8s de la renaissance d\u00e9mocratique (Crd) brosse un tableau sombre et \u00a0br\u00fble la politique sociale du pr\u00e9sident Macky Sall.<\/strong><\/p>\n<p>Si \u00ab\u00a0le manque d\u2019eau potable est difficile pour les urbains et ceux de Dakar notamment, la situation s\u2019est am\u00e9lior\u00e9e avec l\u2019entr\u00e9e en production de KMS3\u00a0\u00bb, fait remarquer le parlementaire, qui s\u2019interroge cependant\u00a0: \u00ab\u00a0 \u00c0 quel co\u00fbt ? De KMS1 \u00e0 KMS3, quel est le transfert technologique obtenu par notre pays et dans quel segment?\u00a0\u00bb \u00ab\u00a0Cette question n\u2019int\u00e9resse pas la dynastie FayeSall \u00bb, d\u00e9duit-il, ajoutant\u00a0: \u00ab \u00e0 Touba, le probl\u00e8me est toujours l\u00e0. J\u2019ai propos\u00e9 un canal \u00e0 partir du Lac de Guiers et un mode de financement participatif. Le moment venu, Tekki pr\u00e9sentera la proposition au Khalife G\u00e9n\u00e9ral.<br \/>\nPour les ruraux, c\u2019est la catastrophe. L\u2019eau potable est rare et plus ch\u00e8re qu\u2019\u00e0 Dakar. La premi\u00e8re cause est le dispositif de financement et le sch\u00e9ma institutionnel. \u00bb<\/p>\n<p>De l\u2019avis du d\u00e9put\u00e9, \u00e0 travers ledit dossier qu\u2019apr\u00e8s les Associations (AZEFOR) exp\u00e9riment\u00e9es depuis des dizaines d\u2019ann\u00e9es, Macky Sall est pass\u00e9 \u00e0 l\u2019office Ofor et aux concessions priv\u00e9es \u00e9trang\u00e8res. Les co\u00fbts de cette gestion rendent l\u2019eau plus ch\u00e8re et des soci\u00e9t\u00e9s, comme Aquatech, ne s\u2019en sortent pas.<\/p>\n<p>\u00ab\u00a0En effet, compte tenu de la dispersion de l\u2019habitat et la faiblesse de la densit\u00e9 d\u00e9mographique, les co\u00fbts par m3 de production et de transport de l\u2019eau potable seront plus \u00e9lev\u00e9s qu\u2019en milieu urbain ou semi urbain, objet de la concession de Sen eau\u00a0\u00bb, d\u00e9clare-t-il encore.<\/p>\n<p>Mamadou Lamine Diallo croit savoir que \u00ab\u00a0le syst\u00e8me Macky Sall a \u00e9chou\u00e9 et la pr\u00e9cipitation politicienne autour du PUDC ne r\u00e9sout pas le probl\u00e8me\u00a0\u00bb. \u00ab\u00a0Le sch\u00e9ma institutionnel impos\u00e9 au S\u00e9n\u00e9gal par la Banque mondiale apr\u00e8s la d\u00e9valuation du franc CFA et la crise de l\u2019eau \u00e0 Dakar a atteint ses limites et que la rente gazi\u00e8re \u00e0 venir devrait permettre de nous \u00e9manciper de la Banque Mondiale et r\u00e9soudre d\u00e9finitivement le probl\u00e8me de l\u2019eau potable partout au S\u00e9n\u00e9gal. Mais elle est hypoth\u00e9qu\u00e9e pour beaucoup par le deal Sall\/Timis, nos 400 000, et l\u2019endettement inutile de Macky Sall \u00bb, d\u00e9plore-t-il. \u00ab Macky Sall a aggrav\u00e9 la pauvret\u00e9 au S\u00e9n\u00e9gal par la corruption de son r\u00e9gime \u00bb, enfonce-t-il.<\/p>\n<p>Sur ce registre toujours, il abonde\u00a0: \u00ab Les faits sont t\u00eatus. Malgr\u00e9 la politisation de l\u2019ANSD, avec M. B\u00e8ye nomm\u00e9 au Port de Dakar pour alimenter le client\u00e9lisme pr\u00e9dateur dans la commune de Dieuppeul de la Ville de Dakar, l\u2019\u00e9tude publi\u00e9e par l\u2019Agence est sans appel. Sans la Covid-19, la pauvret\u00e9 a augment\u00e9 dans notre pays et surtout dans les r\u00e9gions sud \u00bb.<\/p>\n<p>Qui plus est, le pr\u00e9sident du mouvement Tekki.fait \u00ab\u00a0le point sur la propagande du r\u00e9gime sur les politiques luttant contre les in\u00e9galit\u00e9s ville-campagne et urbains-ruraux\u00a0\u00bb. A ce propos, il estime\u00a0: \u00ab Le PSE et ses diff\u00e9rentes b\u00e9quilles, les P, \u00a0Promoville, PUDC, etc., \u00a0et les bourses familiales ne marchent pas. Le peu de croissance g\u00e9n\u00e9r\u00e9 par le r\u00e9gime de Macky Sall est \u00ab mang\u00e9 \u00bb \u00a0par les entreprises \u00e9trang\u00e8res et les affid\u00e9s du r\u00e9gime par la corruption et la sp\u00e9culation fonci\u00e8re. La corruption de 1500 milliards repr\u00e9sente plus de 10% du PIB. \u00bb<\/p>\n<p>\u00ab \u00c0 tel point que l\u2019UE demande au gouvernement, lors de la pr\u00e9sentation du rapport OFNAC sur la strat\u00e9gie de lutte contre la corruption, de r\u00e9soudre le probl\u00e8me foncier. L\u2019association corruption-foncier est \u00e9vidente \u00bb, rench\u00e9rit Diallo.<\/p>\n<p>\u00ab La politique de coop\u00e9ration internationale de Macky Sall a \u00e9chou\u00e9. Il est temps de passer au Plan pour l\u2019Industrialisation du S\u00e9n\u00e9gal \u00bb, propose-il pour finir, non sans inviter \u00a0les fonctionnaires et chercheurs patriotes et les syndicats \u00e0 le rejoindre dans ce travail.<\/p>\n<div class='share-to-whatsapp-wrapper'><div class='share-on-whsp'>PARTAGER SUR : <\/div><a data-text='EAU POTABLE EN MILIEU RURAL \u2013 Mamadou Lamine Diallo tacle Macky' data-link='https:\/\/www.nettali.com\/2021\/09\/22\/eau-potable-en-milieu-rural-mamadou-lamine-diallo-tacle-macky\/' class='whatsapp-button whatsapp-share'>WhatsApp<\/a><div class='clear '><\/div><\/div>","protected":false},"excerpt":{"rendered":"<p>NETTALI.COM - Dans l\u2019\u00e9dition de cette semaine de sa rubrique Questekki, Mamadou Lamine Diallo s\u2019est int\u00e9ress\u00e9 \u00e0 la question de l\u2019eau potable en milieu rural. Ce membre du Congr\u00e8s de la renaissance d\u00e9mocratique (Crd) brosse un tableau sombre et \u00a0br\u00fble la politique sociale du pr\u00e9sident Macky Sall. Si \u00ab\u00a0le manque d\u2019eau potable est difficile pour [&hellip;]<\/p>\n","protected":false},"author":11,"featured_media":21324,"comment_status":"open","ping_status":"open","sticky":false,"template":"","format":"standard","meta":{"_et_pb_use_builder":"","_et_pb_old_content":""},"categories":[3],"tags":[],"yoast_head":"<!-- This site is optimized with the Yoast SEO Premium plugin v17.8 (Yoast SEO v17.8) - https:\/\/yoast.com\/wordpress\/plugins\/seo\/ -->\n<title>EAU POTABLE EN MILIEU RURAL \u2013 Mamadou Lamine Diallo tacle Macky | Nettali.com<\/title>\n<meta name=\"robots\" content=\"index, follow, max-snippet:-1, max-image-preview:large, max-video-preview:-1\" \/>\n<link rel=\"canonical\" href=\"https:\/\/www.nettali.com\/2021\/09\/22\/eau-potable-en-milieu-rural-mamadou-lamine-diallo-tacle-macky\/\" \/>\n<meta property=\"og:locale\" content=\"fr_FR\" \/>\n<meta property=\"og:type\" content=\"article\" \/>\n<meta property=\"og:title\" content=\"EAU POTABLE EN MILIEU RURAL \u2013 Mamadou Lamine Diallo tacle Macky\" \/>\n<meta property=\"og:description\" content=\"NETTALI.COM - Dans l\u2019\u00e9dition de cette semaine de sa rubrique Questekki, Mamadou Lamine Diallo s\u2019est int\u00e9ress\u00e9 \u00e0 la question de l\u2019eau potable en milieu rural. Ce membre du Congr\u00e8s de la renaissance d\u00e9mocratique (Crd) brosse un tableau sombre et \u00a0br\u00fble la politique sociale du pr\u00e9sident Macky Sall. Si \u00ab\u00a0le manque d\u2019eau potable est difficile pour [&hellip;]\" \/>\n<meta property=\"og:url\" content=\"https:\/\/www.nettali.com\/2021\/09\/22\/eau-potable-en-milieu-rural-mamadou-lamine-diallo-tacle-macky\/\" \/>\n<meta property=\"og:site_name\" content=\"Nettali.com\" \/>\n<meta property=\"article:publisher\" content=\"https:\/\/www.facebook.com\/nettalicom\" \/>\n<meta property=\"article:published_time\" content=\"2021-09-22T10:55:30+00:00\" \/>\n<meta property=\"og:image\" content=\"https:\/\/www.nettali.com\/wp-content\/uploads\/2019\/11\/mamadou-lamine-diallo.jpg\" \/>\n\t<meta property=\"og:image:width\" content=\"700\" \/>\n\t<meta property=\"og:image:height\" content=\"467\" \/>\n<meta name=\"twitter:card\" content=\"summary_large_image\" \/>\n<meta name=\"twitter:label1\" content=\"\u00c9crit par\" \/>\n\t<meta name=\"twitter:data1\" content=\"Thierno Diop\" \/>\n\t<meta name=\"twitter:label2\" content=\"Dur\u00e9e de lecture estim\u00e9e\" \/>\n\t<meta name=\"twitter:data2\" content=\"3 minutes\" \/>\n<script type=\"application\/ld+json\" class=\"yoast-schema-graph\">{\"@context\":\"https:\/\/schema.org\",\"@graph\":[{\"@type\":\"WebSite\",\"@id\":\"https:\/\/www.nettali.com\/#website\",\"url\":\"https:\/\/www.nettali.com\/\",\"name\":\"Nettali.com\",\"description\":\"Le rendez-vous critique du Net\",\"potentialAction\":[{\"@type\":\"SearchAction\",\"target\":{\"@type\":\"EntryPoint\",\"urlTemplate\":\"https:\/\/www.nettali.com\/?s={search_term_string}\"},\"query-input\":\"required name=search_term_string\"}],\"inLanguage\":\"fr-FR\"},{\"@type\":\"ImageObject\",\"@id\":\"https:\/\/www.nettali.com\/2021\/09\/22\/eau-potable-en-milieu-rural-mamadou-lamine-diallo-tacle-macky\/#primaryimage\",\"inLanguage\":\"fr-FR\",\"url\":\"https:\/\/www.nettali.com\/wp-content\/uploads\/2019\/11\/mamadou-lamine-diallo.jpg\",\"contentUrl\":\"https:\/\/www.nettali.com\/wp-content\/uploads\/2019\/11\/mamadou-lamine-diallo.jpg\",\"width\":700,\"height\":467},{\"@type\":\"WebPage\",\"@id\":\"https:\/\/www.nettali.com\/2021\/09\/22\/eau-potable-en-milieu-rural-mamadou-lamine-diallo-tacle-macky\/#webpage\",\"url\":\"https:\/\/www.nettali.com\/2021\/09\/22\/eau-potable-en-milieu-rural-mamadou-lamine-diallo-tacle-macky\/\",\"name\":\"EAU POTABLE EN MILIEU RURAL \\u2013 Mamadou Lamine Diallo tacle Macky | Nettali.com\",\"isPartOf\":{\"@id\":\"https:\/\/www.nettali.com\/#website\"},\"primaryImageOfPage\":{\"@id\":\"https:\/\/www.nettali.com\/2021\/09\/22\/eau-potable-en-milieu-rural-mamadou-lamine-diallo-tacle-macky\/#primaryimage\"},\"datePublished\":\"2021-09-22T10:55:30+00:00\",\"dateModified\":\"2021-09-22T10:55:30+00:00\",\"author\":{\"@id\":\"https:\/\/www.nettali.com\/#\/schema\/person\/8a06c6bd7b19304cf4bf985862900b5b\"},\"breadcrumb\":{\"@id\":\"https:\/\/www.nettali.com\/2021\/09\/22\/eau-potable-en-milieu-rural-mamadou-lamine-diallo-tacle-macky\/#breadcrumb\"},\"inLanguage\":\"fr-FR\",\"potentialAction\":[{\"@type\":\"ReadAction\",\"target\":[\"https:\/\/www.nettali.com\/2021\/09\/22\/eau-potable-en-milieu-rural-mamadou-lamine-diallo-tacle-macky\/\"]}]},{\"@type\":\"BreadcrumbList\",\"@id\":\"https:\/\/www.nettali.com\/2021\/09\/22\/eau-potable-en-milieu-rural-mamadou-lamine-diallo-tacle-macky\/#breadcrumb\",\"itemListElement\":[{\"@type\":\"ListItem\",\"position\":1,\"name\":\"Accueil\",\"item\":\"https:\/\/www.nettali.com\/\"},{\"@type\":\"ListItem\",\"position\":2,\"name\":\"EAU POTABLE EN MILIEU RURAL \\u2013 Mamadou Lamine Diallo tacle Macky\"}]},{\"@type\":\"Person\",\"@id\":\"https:\/\/www.nettali.com\/#\/schema\/person\/8a06c6bd7b19304cf4bf985862900b5b\",\"name\":\"Thierno Diop\",\"image\":{\"@type\":\"ImageObject\",\"@id\":\"https:\/\/www.nettali.com\/#personlogo\",\"inLanguage\":\"fr-FR\",\"url\":\"https:\/\/secure.gravatar.com\/avatar\/c8ca58550c94fd2ac856d27391a6c866?s=96&d=mm&r=g\",\"contentUrl\":\"https:\/\/secure.gravatar.com\/avatar\/c8ca58550c94fd2ac856d27391a6c866?s=96&d=mm&r=g\",\"caption\":\"Thierno Diop\"},\"sameAs\":[\"https:\/\/nettali.com\"]}]}<\/script>\n<!-- \/ Yoast SEO Premium plugin. -->","yoast_head_json":{"title":"EAU POTABLE EN MILIEU RURAL \u2013 Mamadou Lamine Diallo tacle Macky | Nettali.com","robots":{"index":"index","follow":"follow","max-snippet":"max-snippet:-1","max-image-preview":"max-image-preview:large","max-video-preview":"max-video-preview:-1"},"canonical":"https:\/\/www.nettali.com\/2021\/09\/22\/eau-potable-en-milieu-rural-mamadou-lamine-diallo-tacle-macky\/","og_locale":"fr_FR","og_type":"article","og_title":"EAU POTABLE EN MILIEU RURAL \u2013 Mamadou Lamine Diallo tacle Macky","og_description":"NETTALI.COM - Dans l\u2019\u00e9dition de cette semaine de sa rubrique Questekki, Mamadou Lamine Diallo s\u2019est int\u00e9ress\u00e9 \u00e0 la question de l\u2019eau potable en milieu rural. Ce membre du Congr\u00e8s de la renaissance d\u00e9mocratique (Crd) brosse un tableau sombre et \u00a0br\u00fble la politique sociale du pr\u00e9sident Macky Sall. Si \u00ab\u00a0le manque d\u2019eau potable est difficile pour [&hellip;]","og_url":"https:\/\/www.nettali.com\/2021\/09\/22\/eau-potable-en-milieu-rural-mamadou-lamine-diallo-tacle-macky\/","og_site_name":"Nettali.com","article_publisher":"https:\/\/www.facebook.com\/nettalicom","article_published_time":"2021-09-22T10:55:30+00:00","og_image":[{"width":700,"height":467,"url":"https:\/\/www.nettali.com\/wp-content\/uploads\/2019\/11\/mamadou-lamine-diallo.jpg","type":"image\/jpeg"}],"twitter_card":"summary_large_image","twitter_misc":{"\u00c9crit par":"Thierno Diop","Dur\u00e9e de lecture estim\u00e9e":"3 minutes"},"schema":{"@context":"https:\/\/schema.org","@graph":[{"@type":"WebSite","@id":"https:\/\/www.nettali.com\/#website","url":"https:\/\/www.nettali.com\/","name":"Nettali.com","description":"Le rendez-vous critique du Net","potentialAction":[{"@type":"SearchAction","target":{"@type":"EntryPoint","urlTemplate":"https:\/\/www.nettali.com\/?s={search_term_string}"},"query-input":"required name=search_term_string"}],"inLanguage":"fr-FR"},{"@type":"ImageObject","@id":"https:\/\/www.nettali.com\/2021\/09\/22\/eau-potable-en-milieu-rural-mamadou-lamine-diallo-tacle-macky\/#primaryimage","inLanguage":"fr-FR","url":"https:\/\/www.nettali.com\/wp-content\/uploads\/2019\/11\/mamadou-lamine-diallo.jpg","contentUrl":"https:\/\/www.nettali.com\/wp-content\/uploads\/2019\/11\/mamadou-lamine-diallo.jpg","width":700,"height":467},{"@type":"WebPage","@id":"https:\/\/www.nettali.com\/2021\/09\/22\/eau-potable-en-milieu-rural-mamadou-lamine-diallo-tacle-macky\/#webpage","url":"https:\/\/www.nettali.com\/2021\/09\/22\/eau-potable-en-milieu-rural-mamadou-lamine-diallo-tacle-macky\/","name":"EAU POTABLE EN MILIEU RURAL \u2013 Mamadou Lamine Diallo tacle Macky | Nettali.com","isPartOf":{"@id":"https:\/\/www.nettali.com\/#website"},"primaryImageOfPage":{"@id":"https:\/\/www.nettali.com\/2021\/09\/22\/eau-potable-en-milieu-rural-mamadou-lamine-diallo-tacle-macky\/#primaryimage"},"datePublished":"2021-09-22T10:55:30+00:00","dateModified":"2021-09-22T10:55:30+00:00","author":{"@id":"https:\/\/www.nettali.com\/#\/schema\/person\/8a06c6bd7b19304cf4bf985862900b5b"},"breadcrumb":{"@id":"https:\/\/www.nettali.com\/2021\/09\/22\/eau-potable-en-milieu-rural-mamadou-lamine-diallo-tacle-macky\/#breadcrumb"},"inLanguage":"fr-FR","potentialAction":[{"@type":"ReadAction","target":["https:\/\/www.nettali.com\/2021\/09\/22\/eau-potable-en-milieu-rural-mamadou-lamine-diallo-tacle-macky\/"]}]},{"@type":"BreadcrumbList","@id":"https:\/\/www.nettali.com\/2021\/09\/22\/eau-potable-en-milieu-rural-mamadou-lamine-diallo-tacle-macky\/#breadcrumb","itemListElement":[{"@type":"ListItem","position":1,"name":"Accueil","item":"https:\/\/www.nettali.com\/"},{"@type":"ListItem","position":2,"name":"EAU POTABLE EN MILIEU RURAL \u2013 Mamadou Lamine Diallo tacle Macky"}]},{"@type":"Person","@id":"https:\/\/www.nettali.com\/#\/schema\/person\/8a06c6bd7b19304cf4bf985862900b5b","name":"Thierno Diop","image":{"@type":"ImageObject","@id":"https:\/\/www.nettali.com\/#personlogo","inLanguage":"fr-FR","url":"https:\/\/secure.gravatar.com\/avatar\/c8ca58550c94fd2ac856d27391a6c866?s=96&d=mm&r=g","contentUrl":"https:\/\/secure.gravatar.com\/avatar\/c8ca58550c94fd2ac856d27391a6c866?s=96&d=mm&r=g","caption":"Thierno Diop"},"sameAs":["https:\/\/nettali.com"]}]}},"_links":{"self":[{"href":"https:\/\/www.nettali.com\/rest\/wp\/v2\/posts\/72387"}],"collection":[{"href":"https:\/\/www.nettali.com\/rest\/wp\/v2\/posts"}],"about":[{"href":"https:\/\/www.nettali.com\/rest\/wp\/v2\/types\/post"}],"author":[{"embeddable":true,"href":"https:\/\/www.nettali.com\/rest\/wp\/v2\/users\/11"}],"replies":[{"embeddable":true,"href":"https:\/\/www.nettali.com\/rest\/wp\/v2\/comments?post=72387"}],"version-history":[{"count":1,"href":"https:\/\/www.nettali.com\/rest\/wp\/v2\/posts\/72387\/revisions"}],"predecessor-version":[{"id":72388,"href":"https:\/\/www.nettali.com\/rest\/wp\/v2\/posts\/72387\/revisions\/72388"}],"wp:featuredmedia":[{"embeddable":true,"href":"https:\/\/www.nettali.com\/rest\/wp\/v2\/media\/21324"}],"wp:attachment":[{"href":"https:\/\/www.nettali.com\/rest\/wp\/v2\/media?parent=72387"}],"wp:term":[{"taxonomy":"category","embeddable":true,"href":"https:\/\/www.nettali.com\/rest\/wp\/v2\/categories?post=72387"},{"taxonomy":"post_tag","embeddable":true,"href":"https:\/\/www.nettali.com\/rest\/wp\/v2\/tags?post=72387"}],"curies":[{"name":"wp","href":"https:\/\/api.w.org\/{rel}","templated":true}]}}