{"id":72352,"date":"2021-09-21T12:59:38","date_gmt":"2021-09-21T12:59:38","guid":{"rendered":"https:\/\/www.nettali.com\/?p=72352"},"modified":"2021-09-21T12:59:53","modified_gmt":"2021-09-21T12:59:53","slug":"eliminatoires-de-la-coupe-du-monde-2022-la-caf-delocalise-en-afrique-du-sud-le-match-namibie-senegal","status":"publish","type":"post","link":"https:\/\/www.nettali.com\/2021\/09\/21\/eliminatoires-de-la-coupe-du-monde-2022-la-caf-delocalise-en-afrique-du-sud-le-match-namibie-senegal\/","title":{"rendered":"Eliminatoires de la Coupe du monde 2022 : La Caf d\u00e9localise en Afrique du Sud le match Namibie-S\u00e9n\u00e9gal"},"content":{"rendered":"<p><strong>NETTALI.COM - La Conf\u00e9d\u00e9ration africaine de football (CAF) a confirm\u00e9 lundi la tenue en Afrique du Sud du match Namibie-S\u00e9n\u00e9gal, pour la quatri\u00e8me journ\u00e9e des \u00e9liminatoires de la Coupe du monde 2022.<\/strong><\/p>\n<p>Cette d\u00e9cision a \u00e9t\u00e9 prise parce que l\u2019adversaire des Lions du S\u00e9n\u00e9gal n\u2019a pas de stade homologu\u00e9, r\u00e9pondant aux normes de la CAF, selon un communiqu\u00e9 de ladite instance.<\/p>\n<p>Le match est pr\u00e9vu le 10 octobre prochain. Comme lors de la premi\u00e8re journ\u00e9e, contre les Diables Rouges du Congo, les Brave Warriors de la Namibie ont choisi l\u2019Orlando Stadium de Soweto, dans la banlieue de Johannesburg.<\/p>\n<p>Mais le choix de ce stade pourrait emp\u00eacher des internationaux s\u00e9n\u00e9galais \u00e9voluant en Premier League, Sadio Man\u00e9 (Liverpool), Edouard Mendy (Chelsea) et Cheikh Kouyat\u00e9 (Crystal Palace), de prendre part \u00e0 la rencontre, l\u2019Afrique du Sud figurant sur une liste rouge du gouvernement britannique, pour des raisons sanitaires.<\/p>\n<p>Man\u00e9, Mendy et Kouyat\u00e9 avaient \u00e9t\u00e9 titularis\u00e9s lors de la rencontre contre le Togo (2-0), au stade Lat Dior de Thi\u00e8s, pour la deuxi\u00e8me journ\u00e9e. Seul Kouyat\u00e9 n\u2019a pas pris part au match des Lions du S\u00e9n\u00e9gal jou\u00e9 au Congo, qui avait \u00e9t\u00e9 battu, 3-1.<\/p>\n<p>S\u2019ils se rendent en Afrique du Sud, ces joueurs seront oblig\u00e9s, \u00e0 leur retour en Angleterre, de se mettre en quarantaine pendant une dizaine de jours, selon les r\u00e8gles sanitaires du gouvernement britannique.<br \/>\nCette mesure a contraint le capitaine des Pharaons d\u2019Egypte, Mohamed Salah, de se priver du match de sa s\u00e9lection contre l\u2019Angola, au Caire, pour la premi\u00e8re journ\u00e9e des \u00e9liminatoires de la Coupe du monde 2022.<\/p>\n<p>L\u2019Egypte \u00e9tant sur liste rouge britannique, Salah et les autres internationaux \u00e9gyptiens ont \u00e9t\u00e9 oblig\u00e9s de ne jouer que la rencontre contre le Gabon (1-1), \u00e0 Franceville, pour la deuxi\u00e8me journ\u00e9e des \u00e9liminatoires.<\/p>\n<p>Le S\u00e9n\u00e9gal sera oppos\u00e9 \u00e0 la Namibie, le 6 octobre, \u00e0 Thi\u00e8s, avant d\u2019aller jouer \u00e0 Soweto, le 10 du m\u00eame mois, contre le m\u00eame adversaire.<\/p>\n<div class='share-to-whatsapp-wrapper'><div class='share-on-whsp'>PARTAGER SUR : <\/div><a data-text='Eliminatoires de la Coupe du monde 2022 : La Caf d\u00e9localise en Afrique du Sud le match Namibie-S\u00e9n\u00e9gal' data-link='https:\/\/www.nettali.com\/2021\/09\/21\/eliminatoires-de-la-coupe-du-monde-2022-la-caf-delocalise-en-afrique-du-sud-le-match-namibie-senegal\/' class='whatsapp-button whatsapp-share'>WhatsApp<\/a><div class='clear '><\/div><\/div>","protected":false},"excerpt":{"rendered":"<p>NETTALI.COM - La Conf\u00e9d\u00e9ration africaine de football (CAF) a confirm\u00e9 lundi la tenue en Afrique du Sud du match Namibie-S\u00e9n\u00e9gal, pour la quatri\u00e8me journ\u00e9e des \u00e9liminatoires de la Coupe du monde 2022. Cette d\u00e9cision a \u00e9t\u00e9 prise parce que l\u2019adversaire des Lions du S\u00e9n\u00e9gal n\u2019a pas de stade homologu\u00e9, r\u00e9pondant aux normes de la CAF, [&hellip;]<\/p>\n","protected":false},"author":4,"featured_media":41200,"comment_status":"open","ping_status":"open","sticky":false,"template":"","format":"standard","meta":{"_et_pb_use_builder":"","_et_pb_old_content":""},"categories":[6],"tags":[],"yoast_head":"<!-- This site is optimized with the Yoast SEO Premium plugin v17.8 (Yoast SEO v17.8) - https:\/\/yoast.com\/wordpress\/plugins\/seo\/ -->\n<title>Eliminatoires de la Coupe du monde 2022 : La Caf d\u00e9localise en Afrique du Sud le match Namibie-S\u00e9n\u00e9gal | Nettali.com<\/title>\n<meta name=\"robots\" content=\"index, follow, max-snippet:-1, max-image-preview:large, max-video-preview:-1\" \/>\n<link rel=\"canonical\" href=\"https:\/\/www.nettali.com\/2021\/09\/21\/eliminatoires-de-la-coupe-du-monde-2022-la-caf-delocalise-en-afrique-du-sud-le-match-namibie-senegal\/\" \/>\n<meta property=\"og:locale\" content=\"fr_FR\" \/>\n<meta property=\"og:type\" content=\"article\" \/>\n<meta property=\"og:title\" content=\"Eliminatoires de la Coupe du monde 2022 : La Caf d\u00e9localise en Afrique du Sud le match Namibie-S\u00e9n\u00e9gal\" \/>\n<meta property=\"og:description\" content=\"NETTALI.COM - La Conf\u00e9d\u00e9ration africaine de football (CAF) a confirm\u00e9 lundi la tenue en Afrique du Sud du match Namibie-S\u00e9n\u00e9gal, pour la quatri\u00e8me journ\u00e9e des \u00e9liminatoires de la Coupe du monde 2022. Cette d\u00e9cision a \u00e9t\u00e9 prise parce que l\u2019adversaire des Lions du S\u00e9n\u00e9gal n\u2019a pas de stade homologu\u00e9, r\u00e9pondant aux normes de la CAF, [&hellip;]\" \/>\n<meta property=\"og:url\" content=\"https:\/\/www.nettali.com\/2021\/09\/21\/eliminatoires-de-la-coupe-du-monde-2022-la-caf-delocalise-en-afrique-du-sud-le-match-namibie-senegal\/\" \/>\n<meta property=\"og:site_name\" content=\"Nettali.com\" \/>\n<meta property=\"article:publisher\" content=\"https:\/\/www.facebook.com\/nettalicom\" \/>\n<meta property=\"article:published_time\" content=\"2021-09-21T12:59:38+00:00\" \/>\n<meta property=\"article:modified_time\" content=\"2021-09-21T12:59:53+00:00\" \/>\n<meta property=\"og:image\" content=\"https:\/\/www.nettali.com\/wp-content\/uploads\/2020\/07\/groupe-Lions.png\" \/>\n\t<meta property=\"og:image:width\" content=\"670\" \/>\n\t<meta property=\"og:image:height\" content=\"377\" \/>\n<meta name=\"twitter:card\" content=\"summary_large_image\" \/>\n<meta name=\"twitter:label1\" content=\"\u00c9crit par\" \/>\n\t<meta name=\"twitter:data1\" content=\"Daouda\" \/>\n\t<meta name=\"twitter:label2\" content=\"Dur\u00e9e de lecture estim\u00e9e\" \/>\n\t<meta name=\"twitter:data2\" content=\"2 minutes\" \/>\n<script type=\"application\/ld+json\" class=\"yoast-schema-graph\">{\"@context\":\"https:\/\/schema.org\",\"@graph\":[{\"@type\":\"WebSite\",\"@id\":\"https:\/\/www.nettali.com\/#website\",\"url\":\"https:\/\/www.nettali.com\/\",\"name\":\"Nettali.com\",\"description\":\"Le rendez-vous critique du Net\",\"potentialAction\":[{\"@type\":\"SearchAction\",\"target\":{\"@type\":\"EntryPoint\",\"urlTemplate\":\"https:\/\/www.nettali.com\/?s={search_term_string}\"},\"query-input\":\"required name=search_term_string\"}],\"inLanguage\":\"fr-FR\"},{\"@type\":\"ImageObject\",\"@id\":\"https:\/\/www.nettali.com\/2021\/09\/21\/eliminatoires-de-la-coupe-du-monde-2022-la-caf-delocalise-en-afrique-du-sud-le-match-namibie-senegal\/#primaryimage\",\"inLanguage\":\"fr-FR\",\"url\":\"https:\/\/www.nettali.com\/wp-content\/uploads\/2020\/07\/groupe-Lions.png\",\"contentUrl\":\"https:\/\/www.nettali.com\/wp-content\/uploads\/2020\/07\/groupe-Lions.png\",\"width\":670,\"height\":377},{\"@type\":\"WebPage\",\"@id\":\"https:\/\/www.nettali.com\/2021\/09\/21\/eliminatoires-de-la-coupe-du-monde-2022-la-caf-delocalise-en-afrique-du-sud-le-match-namibie-senegal\/#webpage\",\"url\":\"https:\/\/www.nettali.com\/2021\/09\/21\/eliminatoires-de-la-coupe-du-monde-2022-la-caf-delocalise-en-afrique-du-sud-le-match-namibie-senegal\/\",\"name\":\"Eliminatoires de la Coupe du monde 2022 : La Caf d\\u00e9localise en Afrique du Sud le match Namibie-S\\u00e9n\\u00e9gal | Nettali.com\",\"isPartOf\":{\"@id\":\"https:\/\/www.nettali.com\/#website\"},\"primaryImageOfPage\":{\"@id\":\"https:\/\/www.nettali.com\/2021\/09\/21\/eliminatoires-de-la-coupe-du-monde-2022-la-caf-delocalise-en-afrique-du-sud-le-match-namibie-senegal\/#primaryimage\"},\"datePublished\":\"2021-09-21T12:59:38+00:00\",\"dateModified\":\"2021-09-21T12:59:53+00:00\",\"author\":{\"@id\":\"https:\/\/www.nettali.com\/#\/schema\/person\/3317e0bb3aa1da309fbf7b2780901bf4\"},\"breadcrumb\":{\"@id\":\"https:\/\/www.nettali.com\/2021\/09\/21\/eliminatoires-de-la-coupe-du-monde-2022-la-caf-delocalise-en-afrique-du-sud-le-match-namibie-senegal\/#breadcrumb\"},\"inLanguage\":\"fr-FR\",\"potentialAction\":[{\"@type\":\"ReadAction\",\"target\":[\"https:\/\/www.nettali.com\/2021\/09\/21\/eliminatoires-de-la-coupe-du-monde-2022-la-caf-delocalise-en-afrique-du-sud-le-match-namibie-senegal\/\"]}]},{\"@type\":\"BreadcrumbList\",\"@id\":\"https:\/\/www.nettali.com\/2021\/09\/21\/eliminatoires-de-la-coupe-du-monde-2022-la-caf-delocalise-en-afrique-du-sud-le-match-namibie-senegal\/#breadcrumb\",\"itemListElement\":[{\"@type\":\"ListItem\",\"position\":1,\"name\":\"Accueil\",\"item\":\"https:\/\/www.nettali.com\/\"},{\"@type\":\"ListItem\",\"position\":2,\"name\":\"Eliminatoires de la Coupe du monde 2022 : La Caf d\\u00e9localise en Afrique du Sud le match Namibie-S\\u00e9n\\u00e9gal\"}]},{\"@type\":\"Person\",\"@id\":\"https:\/\/www.nettali.com\/#\/schema\/person\/3317e0bb3aa1da309fbf7b2780901bf4\",\"name\":\"Daouda\",\"image\":{\"@type\":\"ImageObject\",\"@id\":\"https:\/\/www.nettali.com\/#personlogo\",\"inLanguage\":\"fr-FR\",\"url\":\"https:\/\/secure.gravatar.com\/avatar\/8d143b5a49345098ddcfee1c49c2f47c?s=96&d=mm&r=g\",\"contentUrl\":\"https:\/\/secure.gravatar.com\/avatar\/8d143b5a49345098ddcfee1c49c2f47c?s=96&d=mm&r=g\",\"caption\":\"Daouda\"},\"sameAs\":[\"https:\/\/www.nettali.com\"]}]}<\/script>\n<!-- \/ Yoast SEO Premium plugin. -->","yoast_head_json":{"title":"Eliminatoires de la Coupe du monde 2022 : La Caf d\u00e9localise en Afrique du Sud le match Namibie-S\u00e9n\u00e9gal | Nettali.com","robots":{"index":"index","follow":"follow","max-snippet":"max-snippet:-1","max-image-preview":"max-image-preview:large","max-video-preview":"max-video-preview:-1"},"canonical":"https:\/\/www.nettali.com\/2021\/09\/21\/eliminatoires-de-la-coupe-du-monde-2022-la-caf-delocalise-en-afrique-du-sud-le-match-namibie-senegal\/","og_locale":"fr_FR","og_type":"article","og_title":"Eliminatoires de la Coupe du monde 2022 : La Caf d\u00e9localise en Afrique du Sud le match Namibie-S\u00e9n\u00e9gal","og_description":"NETTALI.COM - La Conf\u00e9d\u00e9ration africaine de football (CAF) a confirm\u00e9 lundi la tenue en Afrique du Sud du match Namibie-S\u00e9n\u00e9gal, pour la quatri\u00e8me journ\u00e9e des \u00e9liminatoires de la Coupe du monde 2022. Cette d\u00e9cision a \u00e9t\u00e9 prise parce que l\u2019adversaire des Lions du S\u00e9n\u00e9gal n\u2019a pas de stade homologu\u00e9, r\u00e9pondant aux normes de la CAF, [&hellip;]","og_url":"https:\/\/www.nettali.com\/2021\/09\/21\/eliminatoires-de-la-coupe-du-monde-2022-la-caf-delocalise-en-afrique-du-sud-le-match-namibie-senegal\/","og_site_name":"Nettali.com","article_publisher":"https:\/\/www.facebook.com\/nettalicom","article_published_time":"2021-09-21T12:59:38+00:00","article_modified_time":"2021-09-21T12:59:53+00:00","og_image":[{"width":670,"height":377,"url":"https:\/\/www.nettali.com\/wp-content\/uploads\/2020\/07\/groupe-Lions.png","type":"image\/png"}],"twitter_card":"summary_large_image","twitter_misc":{"\u00c9crit par":"Daouda","Dur\u00e9e de lecture estim\u00e9e":"2 minutes"},"schema":{"@context":"https:\/\/schema.org","@graph":[{"@type":"WebSite","@id":"https:\/\/www.nettali.com\/#website","url":"https:\/\/www.nettali.com\/","name":"Nettali.com","description":"Le rendez-vous critique du Net","potentialAction":[{"@type":"SearchAction","target":{"@type":"EntryPoint","urlTemplate":"https:\/\/www.nettali.com\/?s={search_term_string}"},"query-input":"required name=search_term_string"}],"inLanguage":"fr-FR"},{"@type":"ImageObject","@id":"https:\/\/www.nettali.com\/2021\/09\/21\/eliminatoires-de-la-coupe-du-monde-2022-la-caf-delocalise-en-afrique-du-sud-le-match-namibie-senegal\/#primaryimage","inLanguage":"fr-FR","url":"https:\/\/www.nettali.com\/wp-content\/uploads\/2020\/07\/groupe-Lions.png","contentUrl":"https:\/\/www.nettali.com\/wp-content\/uploads\/2020\/07\/groupe-Lions.png","width":670,"height":377},{"@type":"WebPage","@id":"https:\/\/www.nettali.com\/2021\/09\/21\/eliminatoires-de-la-coupe-du-monde-2022-la-caf-delocalise-en-afrique-du-sud-le-match-namibie-senegal\/#webpage","url":"https:\/\/www.nettali.com\/2021\/09\/21\/eliminatoires-de-la-coupe-du-monde-2022-la-caf-delocalise-en-afrique-du-sud-le-match-namibie-senegal\/","name":"Eliminatoires de la Coupe du monde 2022 : La Caf d\u00e9localise en Afrique du Sud le match Namibie-S\u00e9n\u00e9gal | Nettali.com","isPartOf":{"@id":"https:\/\/www.nettali.com\/#website"},"primaryImageOfPage":{"@id":"https:\/\/www.nettali.com\/2021\/09\/21\/eliminatoires-de-la-coupe-du-monde-2022-la-caf-delocalise-en-afrique-du-sud-le-match-namibie-senegal\/#primaryimage"},"datePublished":"2021-09-21T12:59:38+00:00","dateModified":"2021-09-21T12:59:53+00:00","author":{"@id":"https:\/\/www.nettali.com\/#\/schema\/person\/3317e0bb3aa1da309fbf7b2780901bf4"},"breadcrumb":{"@id":"https:\/\/www.nettali.com\/2021\/09\/21\/eliminatoires-de-la-coupe-du-monde-2022-la-caf-delocalise-en-afrique-du-sud-le-match-namibie-senegal\/#breadcrumb"},"inLanguage":"fr-FR","potentialAction":[{"@type":"ReadAction","target":["https:\/\/www.nettali.com\/2021\/09\/21\/eliminatoires-de-la-coupe-du-monde-2022-la-caf-delocalise-en-afrique-du-sud-le-match-namibie-senegal\/"]}]},{"@type":"BreadcrumbList","@id":"https:\/\/www.nettali.com\/2021\/09\/21\/eliminatoires-de-la-coupe-du-monde-2022-la-caf-delocalise-en-afrique-du-sud-le-match-namibie-senegal\/#breadcrumb","itemListElement":[{"@type":"ListItem","position":1,"name":"Accueil","item":"https:\/\/www.nettali.com\/"},{"@type":"ListItem","position":2,"name":"Eliminatoires de la Coupe du monde 2022 : La Caf d\u00e9localise en Afrique du Sud le match Namibie-S\u00e9n\u00e9gal"}]},{"@type":"Person","@id":"https:\/\/www.nettali.com\/#\/schema\/person\/3317e0bb3aa1da309fbf7b2780901bf4","name":"Daouda","image":{"@type":"ImageObject","@id":"https:\/\/www.nettali.com\/#personlogo","inLanguage":"fr-FR","url":"https:\/\/secure.gravatar.com\/avatar\/8d143b5a49345098ddcfee1c49c2f47c?s=96&d=mm&r=g","contentUrl":"https:\/\/secure.gravatar.com\/avatar\/8d143b5a49345098ddcfee1c49c2f47c?s=96&d=mm&r=g","caption":"Daouda"},"sameAs":["https:\/\/www.nettali.com"]}]}},"_links":{"self":[{"href":"https:\/\/www.nettali.com\/rest\/wp\/v2\/posts\/72352"}],"collection":[{"href":"https:\/\/www.nettali.com\/rest\/wp\/v2\/posts"}],"about":[{"href":"https:\/\/www.nettali.com\/rest\/wp\/v2\/types\/post"}],"author":[{"embeddable":true,"href":"https:\/\/www.nettali.com\/rest\/wp\/v2\/users\/4"}],"replies":[{"embeddable":true,"href":"https:\/\/www.nettali.com\/rest\/wp\/v2\/comments?post=72352"}],"version-history":[{"count":2,"href":"https:\/\/www.nettali.com\/rest\/wp\/v2\/posts\/72352\/revisions"}],"predecessor-version":[{"id":72354,"href":"https:\/\/www.nettali.com\/rest\/wp\/v2\/posts\/72352\/revisions\/72354"}],"wp:featuredmedia":[{"embeddable":true,"href":"https:\/\/www.nettali.com\/rest\/wp\/v2\/media\/41200"}],"wp:attachment":[{"href":"https:\/\/www.nettali.com\/rest\/wp\/v2\/media?parent=72352"}],"wp:term":[{"taxonomy":"category","embeddable":true,"href":"https:\/\/www.nettali.com\/rest\/wp\/v2\/categories?post=72352"},{"taxonomy":"post_tag","embeddable":true,"href":"https:\/\/www.nettali.com\/rest\/wp\/v2\/tags?post=72352"}],"curies":[{"name":"wp","href":"https:\/\/api.w.org\/{rel}","templated":true}]}}