{"id":72338,"date":"2021-09-21T09:24:13","date_gmt":"2021-09-21T09:24:13","guid":{"rendered":"https:\/\/www.nettali.com\/?p=72338"},"modified":"2021-09-21T21:36:57","modified_gmt":"2021-09-21T21:36:57","slug":"prelevement-de-conformite-fiscale-les-commercants-et-industriels-marquent-leur-desaccord","status":"publish","type":"post","link":"https:\/\/www.nettali.com\/2021\/09\/21\/prelevement-de-conformite-fiscale-les-commercants-et-industriels-marquent-leur-desaccord\/","title":{"rendered":"PR\u00c9L\u00c8VEMENT DE CONFORMIT\u00c9 FISCALE - Les commer\u00e7ants et industriels marquent leur d\u00e9saccord"},"content":{"rendered":"<p><strong>NETTALI.COM \u2013 Les commer\u00e7ants et industriels du S\u00e9n\u00e9gal d\u00e9noncent le taux \u00e9lev\u00e9 de paiement de 12, 72 % \u00e0 16, 32 % exig\u00e9. C\u2019est une nouvelle mesure appel\u00e9e pr\u00e9l\u00e8vement de conformit\u00e9 fiscale (PCF). Une imposition, pour eux, qui va forc\u00e9ment mener vers une crise \u00e9conomique.<\/strong><\/p>\n<p>L' Association des commer\u00e7ants et industriels du S\u00e9n\u00e9gal s'est r\u00e9unie hier, \u00e0 son si\u00e8ge, pour alerter sur ''l'horizon sombre'' vers lequel elle s'achemine. Selon le secr\u00e9taire g\u00e9n\u00e9ral de la section des HLM 5, Mohamed Seck, malgr\u00e9 leurs pr\u00e9c\u00e9dentes sorties, la situation n\u2019a pas \u00e9volu\u00e9. ''C'est le comble avec une nouvelle mesure absurde qui constitue l'objet principal de notre rencontre. Il s\u2019agit du pr\u00e9l\u00e8vement de conformit\u00e9 fiscale (PCF). Cette mesure insens\u00e9e, impopulaire, injuste et hors norme menace notre secteur de disparition et dirige le pays vers une crise socio\u00e9conomique sans pr\u00e9c\u00e9dent'', pr\u00e9vient-il\u00a0; en des propos repris par Enqu\u00eate, dans sa livraison de ce mardi. M\u00eame s'il consid\u00e8re cela comme un imp\u00f4t, il signale que le proc\u00e9d\u00e9 de pr\u00e9l\u00e8vement est anormal et le vide de toute sa substance. Il l\u2019assimile \u00e0 '' une arnaque'', car il n'existe nulle part dans le monde un tel mode d'imposition, d\u2019apr\u00e8s lui. ''Cet imp\u00f4t va retarder consid\u00e9rablement les d\u00e9lais d'enl\u00e8vement des containers, ce qui va engendrer des cons\u00e9quences n\u00e9gatives sur le Doing Business au S\u00e9n\u00e9gal'', dit-il. Mohamed Seck signale que ''cette situation est en porte-\u00e0-faux avec les accords de Bali en Indon\u00e9sie du 7 d\u00e9cembre 2013 dont l'un des \u00e9l\u00e9ments est la c\u00e9l\u00e9rit\u00e9 dans les proc\u00e9dures douani\u00e8res''. Il pr\u00e9cise que ''ce fameux PCF n'est rien d'autre qu'une taxe sur la consommation, au moment o\u00f9 les S\u00e9n\u00e9galais souffrent \u00e0 cause de la chert\u00e9 des prix des denr\u00e9es\u2019\u2019.<\/p>\n<p>Il note ''une gymnastique fiscale op\u00e9r\u00e9e par le gouvernement avec la pr\u00e9tendue suppression de certaines taxes pour en r\u00e9alit\u00e9 en cr\u00e9er d'autres, cette fois-ci plus lourdes''. Pour Mouhamed Seck, cet imp\u00f4t va avoir des incidences insupportables sur le quotidien des S\u00e9n\u00e9galais, du fait de son taux tr\u00e8s \u00e9lev\u00e9 qui, en r\u00e9alit\u00e9, varie entre 12,72 % \u00e0 16,32 %, selon la cat\u00e9gorie. Tous les arguments, d\u00e9nonce-t-il, avanc\u00e9s pour justifier ce pr\u00e9l\u00e8vement sont fallacieux.<\/p>\n<p>''Le seul fait qui justifie cet acharnement est la surcharge de l'Etat du S\u00e9n\u00e9gal qui, selon lui, doit revoir \u00e0 la baisse son train de vie''. Les commer\u00e7ants avertissent et invitent le ministre \u00e0 suspendre cette mesure et \u00e0 ouvrir incessamment des discussions. Dans ce contexte de Magal et de Gamou, ils disent ne vouloir aucunement poser des actes susceptibles d'entraver le bon d\u00e9roulement de ces \u00e9v\u00e9nements religieux. ''Raison pour laquelle nous vous donnons rendez-vous apr\u00e8s le Gamou. Si la situation n'est pas r\u00e9solue, nous allons passer \u00e0 la vitesse sup\u00e9rieure'', informe-t-il.<\/p>\n<div class='share-to-whatsapp-wrapper'><div class='share-on-whsp'>PARTAGER SUR : <\/div><a data-text='PR\u00c9L\u00c8VEMENT DE CONFORMIT\u00c9 FISCALE - Les commer\u00e7ants et industriels marquent leur d\u00e9saccord' data-link='https:\/\/www.nettali.com\/2021\/09\/21\/prelevement-de-conformite-fiscale-les-commercants-et-industriels-marquent-leur-desaccord\/' class='whatsapp-button whatsapp-share'>WhatsApp<\/a><div class='clear '><\/div><\/div>","protected":false},"excerpt":{"rendered":"<p>NETTALI.COM \u2013 Les commer\u00e7ants et industriels du S\u00e9n\u00e9gal d\u00e9noncent le taux \u00e9lev\u00e9 de paiement de 12, 72 % \u00e0 16, 32 % exig\u00e9. C\u2019est une nouvelle mesure appel\u00e9e pr\u00e9l\u00e8vement de conformit\u00e9 fiscale (PCF). Une imposition, pour eux, qui va forc\u00e9ment mener vers une crise \u00e9conomique. L' Association des commer\u00e7ants et industriels du S\u00e9n\u00e9gal s'est r\u00e9unie [&hellip;]<\/p>\n","protected":false},"author":11,"featured_media":65756,"comment_status":"open","ping_status":"open","sticky":false,"template":"","format":"standard","meta":{"_et_pb_use_builder":"","_et_pb_old_content":""},"categories":[4],"tags":[],"yoast_head":"<!-- This site is optimized with the Yoast SEO Premium plugin v17.8 (Yoast SEO v17.8) - https:\/\/yoast.com\/wordpress\/plugins\/seo\/ -->\n<title>PR\u00c9L\u00c8VEMENT DE CONFORMIT\u00c9 FISCALE - Les commer\u00e7ants et industriels marquent leur d\u00e9saccord | Nettali.com<\/title>\n<meta name=\"robots\" content=\"index, follow, max-snippet:-1, max-image-preview:large, max-video-preview:-1\" \/>\n<link rel=\"canonical\" href=\"https:\/\/www.nettali.com\/2021\/09\/21\/prelevement-de-conformite-fiscale-les-commercants-et-industriels-marquent-leur-desaccord\/\" \/>\n<meta property=\"og:locale\" content=\"fr_FR\" \/>\n<meta property=\"og:type\" content=\"article\" \/>\n<meta property=\"og:title\" content=\"PR\u00c9L\u00c8VEMENT DE CONFORMIT\u00c9 FISCALE - Les commer\u00e7ants et industriels marquent leur d\u00e9saccord\" \/>\n<meta property=\"og:description\" content=\"NETTALI.COM \u2013 Les commer\u00e7ants et industriels du S\u00e9n\u00e9gal d\u00e9noncent le taux \u00e9lev\u00e9 de paiement de 12, 72 % \u00e0 16, 32 % exig\u00e9. C\u2019est une nouvelle mesure appel\u00e9e pr\u00e9l\u00e8vement de conformit\u00e9 fiscale (PCF). Une imposition, pour eux, qui va forc\u00e9ment mener vers une crise \u00e9conomique. L&#039; Association des commer\u00e7ants et industriels du S\u00e9n\u00e9gal s&#039;est r\u00e9unie [&hellip;]\" \/>\n<meta property=\"og:url\" content=\"https:\/\/www.nettali.com\/2021\/09\/21\/prelevement-de-conformite-fiscale-les-commercants-et-industriels-marquent-leur-desaccord\/\" \/>\n<meta property=\"og:site_name\" content=\"Nettali.com\" \/>\n<meta property=\"article:publisher\" content=\"https:\/\/www.facebook.com\/nettalicom\" \/>\n<meta property=\"article:published_time\" content=\"2021-09-21T09:24:13+00:00\" \/>\n<meta property=\"article:modified_time\" content=\"2021-09-21T21:36:57+00:00\" \/>\n<meta property=\"og:image\" content=\"https:\/\/www.nettali.com\/wp-content\/uploads\/2021\/06\/ministere-economie-senegal.jpg\" \/>\n\t<meta property=\"og:image:width\" content=\"612\" \/>\n\t<meta property=\"og:image:height\" content=\"306\" \/>\n<meta name=\"twitter:card\" content=\"summary_large_image\" \/>\n<meta name=\"twitter:label1\" content=\"\u00c9crit par\" \/>\n\t<meta name=\"twitter:data1\" content=\"Thierno Diop\" \/>\n\t<meta name=\"twitter:label2\" content=\"Dur\u00e9e de lecture estim\u00e9e\" \/>\n\t<meta name=\"twitter:data2\" content=\"2 minutes\" \/>\n<script type=\"application\/ld+json\" class=\"yoast-schema-graph\">{\"@context\":\"https:\/\/schema.org\",\"@graph\":[{\"@type\":\"WebSite\",\"@id\":\"https:\/\/www.nettali.com\/#website\",\"url\":\"https:\/\/www.nettali.com\/\",\"name\":\"Nettali.com\",\"description\":\"Le rendez-vous critique du Net\",\"potentialAction\":[{\"@type\":\"SearchAction\",\"target\":{\"@type\":\"EntryPoint\",\"urlTemplate\":\"https:\/\/www.nettali.com\/?s={search_term_string}\"},\"query-input\":\"required name=search_term_string\"}],\"inLanguage\":\"fr-FR\"},{\"@type\":\"ImageObject\",\"@id\":\"https:\/\/www.nettali.com\/2021\/09\/21\/prelevement-de-conformite-fiscale-les-commercants-et-industriels-marquent-leur-desaccord\/#primaryimage\",\"inLanguage\":\"fr-FR\",\"url\":\"https:\/\/www.nettali.com\/wp-content\/uploads\/2021\/06\/ministere-economie-senegal.jpg\",\"contentUrl\":\"https:\/\/www.nettali.com\/wp-content\/uploads\/2021\/06\/ministere-economie-senegal.jpg\",\"width\":612,\"height\":306},{\"@type\":\"WebPage\",\"@id\":\"https:\/\/www.nettali.com\/2021\/09\/21\/prelevement-de-conformite-fiscale-les-commercants-et-industriels-marquent-leur-desaccord\/#webpage\",\"url\":\"https:\/\/www.nettali.com\/2021\/09\/21\/prelevement-de-conformite-fiscale-les-commercants-et-industriels-marquent-leur-desaccord\/\",\"name\":\"PR\\u00c9L\\u00c8VEMENT DE CONFORMIT\\u00c9 FISCALE - Les commer\\u00e7ants et industriels marquent leur d\\u00e9saccord | Nettali.com\",\"isPartOf\":{\"@id\":\"https:\/\/www.nettali.com\/#website\"},\"primaryImageOfPage\":{\"@id\":\"https:\/\/www.nettali.com\/2021\/09\/21\/prelevement-de-conformite-fiscale-les-commercants-et-industriels-marquent-leur-desaccord\/#primaryimage\"},\"datePublished\":\"2021-09-21T09:24:13+00:00\",\"dateModified\":\"2021-09-21T21:36:57+00:00\",\"author\":{\"@id\":\"https:\/\/www.nettali.com\/#\/schema\/person\/8a06c6bd7b19304cf4bf985862900b5b\"},\"breadcrumb\":{\"@id\":\"https:\/\/www.nettali.com\/2021\/09\/21\/prelevement-de-conformite-fiscale-les-commercants-et-industriels-marquent-leur-desaccord\/#breadcrumb\"},\"inLanguage\":\"fr-FR\",\"potentialAction\":[{\"@type\":\"ReadAction\",\"target\":[\"https:\/\/www.nettali.com\/2021\/09\/21\/prelevement-de-conformite-fiscale-les-commercants-et-industriels-marquent-leur-desaccord\/\"]}]},{\"@type\":\"BreadcrumbList\",\"@id\":\"https:\/\/www.nettali.com\/2021\/09\/21\/prelevement-de-conformite-fiscale-les-commercants-et-industriels-marquent-leur-desaccord\/#breadcrumb\",\"itemListElement\":[{\"@type\":\"ListItem\",\"position\":1,\"name\":\"Accueil\",\"item\":\"https:\/\/www.nettali.com\/\"},{\"@type\":\"ListItem\",\"position\":2,\"name\":\"PR\\u00c9L\\u00c8VEMENT DE CONFORMIT\\u00c9 FISCALE &#8211; Les commer\\u00e7ants et industriels marquent leur d\\u00e9saccord\"}]},{\"@type\":\"Person\",\"@id\":\"https:\/\/www.nettali.com\/#\/schema\/person\/8a06c6bd7b19304cf4bf985862900b5b\",\"name\":\"Thierno Diop\",\"image\":{\"@type\":\"ImageObject\",\"@id\":\"https:\/\/www.nettali.com\/#personlogo\",\"inLanguage\":\"fr-FR\",\"url\":\"https:\/\/secure.gravatar.com\/avatar\/c8ca58550c94fd2ac856d27391a6c866?s=96&d=mm&r=g\",\"contentUrl\":\"https:\/\/secure.gravatar.com\/avatar\/c8ca58550c94fd2ac856d27391a6c866?s=96&d=mm&r=g\",\"caption\":\"Thierno Diop\"},\"sameAs\":[\"https:\/\/nettali.com\"]}]}<\/script>\n<!-- \/ Yoast SEO Premium plugin. -->","yoast_head_json":{"title":"PR\u00c9L\u00c8VEMENT DE CONFORMIT\u00c9 FISCALE - Les commer\u00e7ants et industriels marquent leur d\u00e9saccord | Nettali.com","robots":{"index":"index","follow":"follow","max-snippet":"max-snippet:-1","max-image-preview":"max-image-preview:large","max-video-preview":"max-video-preview:-1"},"canonical":"https:\/\/www.nettali.com\/2021\/09\/21\/prelevement-de-conformite-fiscale-les-commercants-et-industriels-marquent-leur-desaccord\/","og_locale":"fr_FR","og_type":"article","og_title":"PR\u00c9L\u00c8VEMENT DE CONFORMIT\u00c9 FISCALE - Les commer\u00e7ants et industriels marquent leur d\u00e9saccord","og_description":"NETTALI.COM \u2013 Les commer\u00e7ants et industriels du S\u00e9n\u00e9gal d\u00e9noncent le taux \u00e9lev\u00e9 de paiement de 12, 72 % \u00e0 16, 32 % exig\u00e9. C\u2019est une nouvelle mesure appel\u00e9e pr\u00e9l\u00e8vement de conformit\u00e9 fiscale (PCF). Une imposition, pour eux, qui va forc\u00e9ment mener vers une crise \u00e9conomique. L' Association des commer\u00e7ants et industriels du S\u00e9n\u00e9gal s'est r\u00e9unie [&hellip;]","og_url":"https:\/\/www.nettali.com\/2021\/09\/21\/prelevement-de-conformite-fiscale-les-commercants-et-industriels-marquent-leur-desaccord\/","og_site_name":"Nettali.com","article_publisher":"https:\/\/www.facebook.com\/nettalicom","article_published_time":"2021-09-21T09:24:13+00:00","article_modified_time":"2021-09-21T21:36:57+00:00","og_image":[{"width":612,"height":306,"url":"https:\/\/www.nettali.com\/wp-content\/uploads\/2021\/06\/ministere-economie-senegal.jpg","type":"image\/jpeg"}],"twitter_card":"summary_large_image","twitter_misc":{"\u00c9crit par":"Thierno Diop","Dur\u00e9e de lecture estim\u00e9e":"2 minutes"},"schema":{"@context":"https:\/\/schema.org","@graph":[{"@type":"WebSite","@id":"https:\/\/www.nettali.com\/#website","url":"https:\/\/www.nettali.com\/","name":"Nettali.com","description":"Le rendez-vous critique du Net","potentialAction":[{"@type":"SearchAction","target":{"@type":"EntryPoint","urlTemplate":"https:\/\/www.nettali.com\/?s={search_term_string}"},"query-input":"required name=search_term_string"}],"inLanguage":"fr-FR"},{"@type":"ImageObject","@id":"https:\/\/www.nettali.com\/2021\/09\/21\/prelevement-de-conformite-fiscale-les-commercants-et-industriels-marquent-leur-desaccord\/#primaryimage","inLanguage":"fr-FR","url":"https:\/\/www.nettali.com\/wp-content\/uploads\/2021\/06\/ministere-economie-senegal.jpg","contentUrl":"https:\/\/www.nettali.com\/wp-content\/uploads\/2021\/06\/ministere-economie-senegal.jpg","width":612,"height":306},{"@type":"WebPage","@id":"https:\/\/www.nettali.com\/2021\/09\/21\/prelevement-de-conformite-fiscale-les-commercants-et-industriels-marquent-leur-desaccord\/#webpage","url":"https:\/\/www.nettali.com\/2021\/09\/21\/prelevement-de-conformite-fiscale-les-commercants-et-industriels-marquent-leur-desaccord\/","name":"PR\u00c9L\u00c8VEMENT DE CONFORMIT\u00c9 FISCALE - Les commer\u00e7ants et industriels marquent leur d\u00e9saccord | Nettali.com","isPartOf":{"@id":"https:\/\/www.nettali.com\/#website"},"primaryImageOfPage":{"@id":"https:\/\/www.nettali.com\/2021\/09\/21\/prelevement-de-conformite-fiscale-les-commercants-et-industriels-marquent-leur-desaccord\/#primaryimage"},"datePublished":"2021-09-21T09:24:13+00:00","dateModified":"2021-09-21T21:36:57+00:00","author":{"@id":"https:\/\/www.nettali.com\/#\/schema\/person\/8a06c6bd7b19304cf4bf985862900b5b"},"breadcrumb":{"@id":"https:\/\/www.nettali.com\/2021\/09\/21\/prelevement-de-conformite-fiscale-les-commercants-et-industriels-marquent-leur-desaccord\/#breadcrumb"},"inLanguage":"fr-FR","potentialAction":[{"@type":"ReadAction","target":["https:\/\/www.nettali.com\/2021\/09\/21\/prelevement-de-conformite-fiscale-les-commercants-et-industriels-marquent-leur-desaccord\/"]}]},{"@type":"BreadcrumbList","@id":"https:\/\/www.nettali.com\/2021\/09\/21\/prelevement-de-conformite-fiscale-les-commercants-et-industriels-marquent-leur-desaccord\/#breadcrumb","itemListElement":[{"@type":"ListItem","position":1,"name":"Accueil","item":"https:\/\/www.nettali.com\/"},{"@type":"ListItem","position":2,"name":"PR\u00c9L\u00c8VEMENT DE CONFORMIT\u00c9 FISCALE &#8211; Les commer\u00e7ants et industriels marquent leur d\u00e9saccord"}]},{"@type":"Person","@id":"https:\/\/www.nettali.com\/#\/schema\/person\/8a06c6bd7b19304cf4bf985862900b5b","name":"Thierno Diop","image":{"@type":"ImageObject","@id":"https:\/\/www.nettali.com\/#personlogo","inLanguage":"fr-FR","url":"https:\/\/secure.gravatar.com\/avatar\/c8ca58550c94fd2ac856d27391a6c866?s=96&d=mm&r=g","contentUrl":"https:\/\/secure.gravatar.com\/avatar\/c8ca58550c94fd2ac856d27391a6c866?s=96&d=mm&r=g","caption":"Thierno Diop"},"sameAs":["https:\/\/nettali.com"]}]}},"_links":{"self":[{"href":"https:\/\/www.nettali.com\/rest\/wp\/v2\/posts\/72338"}],"collection":[{"href":"https:\/\/www.nettali.com\/rest\/wp\/v2\/posts"}],"about":[{"href":"https:\/\/www.nettali.com\/rest\/wp\/v2\/types\/post"}],"author":[{"embeddable":true,"href":"https:\/\/www.nettali.com\/rest\/wp\/v2\/users\/11"}],"replies":[{"embeddable":true,"href":"https:\/\/www.nettali.com\/rest\/wp\/v2\/comments?post=72338"}],"version-history":[{"count":1,"href":"https:\/\/www.nettali.com\/rest\/wp\/v2\/posts\/72338\/revisions"}],"predecessor-version":[{"id":72339,"href":"https:\/\/www.nettali.com\/rest\/wp\/v2\/posts\/72338\/revisions\/72339"}],"wp:featuredmedia":[{"embeddable":true,"href":"https:\/\/www.nettali.com\/rest\/wp\/v2\/media\/65756"}],"wp:attachment":[{"href":"https:\/\/www.nettali.com\/rest\/wp\/v2\/media?parent=72338"}],"wp:term":[{"taxonomy":"category","embeddable":true,"href":"https:\/\/www.nettali.com\/rest\/wp\/v2\/categories?post=72338"},{"taxonomy":"post_tag","embeddable":true,"href":"https:\/\/www.nettali.com\/rest\/wp\/v2\/tags?post=72338"}],"curies":[{"name":"wp","href":"https:\/\/api.w.org\/{rel}","templated":true}]}}