{"id":72331,"date":"2021-09-21T09:05:33","date_gmt":"2021-09-21T09:05:33","guid":{"rendered":"https:\/\/www.nettali.com\/?p=72331"},"modified":"2021-09-21T09:05:33","modified_gmt":"2021-09-21T09:05:33","slug":"gestion-du-foncier-a-diass-le-coup-de-gueule-du-cicodev","status":"publish","type":"post","link":"https:\/\/www.nettali.com\/2021\/09\/21\/gestion-du-foncier-a-diass-le-coup-de-gueule-du-cicodev\/","title":{"rendered":"GESTION DU FONCIER \u00c0 DIASS - Le coup de gueule du Cicodev"},"content":{"rendered":"<p><strong>NETTALI.COM \u2013 A travers un communiqu\u00e9, l\u2019Institut panafricain pour la citoyennet\u00e9, les consommateurs et le d\u00e9veloppement (Cicodev) d\u00e9nonce une agression relativement \u00e0 la gestion du foncier \u00e0 Diass et invite l\u2019Etat du S\u00e9n\u00e9gal \u00e0 prendre les mesures idoines. <\/strong><\/p>\n<p>L\u2019Institut panafricain pour la citoyennet\u00e9, les consommateurs et le d\u00e9veloppement (Cicodev) regrette les \u00e9v\u00e9nements violents qui se sont pass\u00e9s la semaine derni\u00e8re \u00e0 Diass, entre les forces de l\u2019ordre et des manifestants, pour un litige foncier entre les populations et un promoteur priv\u00e9.<\/p>\n<p>Pour m\u00e9moire, vingt-trois personnes ont \u00e9t\u00e9 arr\u00eat\u00e9es lors des \u00e9chauffour\u00e9es avec la gendarmerie, avant de b\u00e9n\u00e9ficier d\u2019un retour de parquet au tribunal de grande instance de Mbour. Si des situations similaires sont en passe de devenir monnaie courante dans beaucoup de localit\u00e9s au S\u00e9n\u00e9gal, la commune de Diass conna\u00eet une agression fonci\u00e8re exponentielle, men\u00e9e souvent par des projets et programmes \u00e9tatiques, selon Cicodev .<\/p>\n<p>Pour illustrer sa postions, l\u2019organisation de la soci\u00e9t\u00e9 civile liste\u00a0: l\u2019a\u00e9roport de Diass assis sur une assiette fonci\u00e8re de 4 500 hectares ; la Zone \u00e9conomique sp\u00e9ciale industrielle (n\u00b02) d\u2019une superficie de 10 000 hectares, le port de Ndayane occupant 400 hectares appartenant \u00e0 la commune de Diass, l\u2019usine des grosporteurs 100 hectares, le p\u00f4le urbain de Dagga-Kholpa 3 000 hectares avec une zone d\u2019am\u00e9nagement concert\u00e9e de 300 hectares et la base de vie de Saudi Ben Laden Group b\u00e9n\u00e9ficiaire de 100 hectares pour des besoins d\u2019investissement.<\/p>\n<p>En cons\u00e9quence, ces \u00e9miettements de la surface communale privent cette municipalit\u00e9 de toute possibilit\u00e9 d\u2019extension pour satisfaire la demande de logement des administr\u00e9s, sans compter les potentielles activit\u00e9s agricoles en voie de disparition. Sans nier la pertinence de ces projets, le Cicodev rappelle au gouvernement que l\u2019acc\u00e8s \u00e0 la terre est un droit fondamental. Encore plus dans un pays o\u00f9 le foncier permet \u00e0 plus de 70 % de la population de satisfaire leurs besoins en logement, nourriture, mobilit\u00e9, acc\u00e8s \u00e0 la sant\u00e9 \u00e0 travers les plantes m\u00e9dicinales.<\/p>\n<p>La Constitution du S\u00e9n\u00e9gal du 22 janvier 2001 modifi\u00e9e consacre le principe de la souverainet\u00e9 du peuple sur ses ressources naturelles\u2019\u2019. Pour r\u00e9tablir les populations dans leur droit constitutionnel, le Cicodev appelle \u00e9galement \u00e0 \u2018\u2019l\u2019op\u00e9rationnalisation de la volont\u00e9 proclam\u00e9e du chef de l\u2019Etat d\u2019interdire l\u2019octroi de titres fonciers sur les terres arables en milieu rural des communaut\u00e9s\u2019\u2019 ; \u00e0 \u2018\u2019l\u2019adoption de m\u00e9canismes juridiques sp\u00e9cifiques prot\u00e9geant les d\u00e9fenseurs des droits\/activistes des droits fonciers pour leur permettre de contribuer \u00e0 la gouvernance transparente et responsable du foncier en toute qui\u00e9tude\u2019\u2019 et \u00e0 \u2018\u2019l\u2019institutionnalisation d\u2019un contr\u00f4le citoyen \u00e0 tous les niveaux de la gouvernance fonci\u00e8re au S\u00e9n\u00e9gal, pour garantir la participation effective des populations\u2019\u2019. L\u2019organisation rappelle \u00e0 l\u2019Etat du S\u00e9n\u00e9gal son obligation de garantir aux populations leur droit de r\u00e9clamer un toit dans leurs communes. Tout en incitant toutes les parties au dialogue, elle invite les autorit\u00e9s judiciaires \u00e0 \u2018\u2019aller au-del\u00e0 de la libert\u00e9 provisoire accord\u00e9e aux populations contestataires de Diass, pour prendre toutes les mesures pour assurer la pleine jouissance des communaut\u00e9s de leurs droits fonciers dans la paix et la qui\u00e9tude sociale.<\/p>\n<div class='share-to-whatsapp-wrapper'><div class='share-on-whsp'>PARTAGER SUR : <\/div><a data-text='GESTION DU FONCIER \u00c0 DIASS - Le coup de gueule du Cicodev' data-link='https:\/\/www.nettali.com\/2021\/09\/21\/gestion-du-foncier-a-diass-le-coup-de-gueule-du-cicodev\/' class='whatsapp-button whatsapp-share'>WhatsApp<\/a><div class='clear '><\/div><\/div>","protected":false},"excerpt":{"rendered":"<p>NETTALI.COM \u2013 A travers un communiqu\u00e9, l\u2019Institut panafricain pour la citoyennet\u00e9, les consommateurs et le d\u00e9veloppement (Cicodev) d\u00e9nonce une agression relativement \u00e0 la gestion du foncier \u00e0 Diass et invite l\u2019Etat du S\u00e9n\u00e9gal \u00e0 prendre les mesures idoines. L\u2019Institut panafricain pour la citoyennet\u00e9, les consommateurs et le d\u00e9veloppement (Cicodev) regrette les \u00e9v\u00e9nements violents qui se [&hellip;]<\/p>\n","protected":false},"author":11,"featured_media":40796,"comment_status":"open","ping_status":"open","sticky":false,"template":"","format":"standard","meta":{"_et_pb_use_builder":"","_et_pb_old_content":""},"categories":[3],"tags":[],"yoast_head":"<!-- This site is optimized with the Yoast SEO Premium plugin v17.8 (Yoast SEO v17.8) - https:\/\/yoast.com\/wordpress\/plugins\/seo\/ -->\n<title>GESTION DU FONCIER \u00c0 DIASS - Le coup de gueule du Cicodev | Nettali.com<\/title>\n<meta name=\"robots\" content=\"index, follow, max-snippet:-1, max-image-preview:large, max-video-preview:-1\" \/>\n<link rel=\"canonical\" href=\"https:\/\/www.nettali.com\/2021\/09\/21\/gestion-du-foncier-a-diass-le-coup-de-gueule-du-cicodev\/\" \/>\n<meta property=\"og:locale\" content=\"fr_FR\" \/>\n<meta property=\"og:type\" content=\"article\" \/>\n<meta property=\"og:title\" content=\"GESTION DU FONCIER \u00c0 DIASS - Le coup de gueule du Cicodev\" \/>\n<meta property=\"og:description\" content=\"NETTALI.COM \u2013 A travers un communiqu\u00e9, l\u2019Institut panafricain pour la citoyennet\u00e9, les consommateurs et le d\u00e9veloppement (Cicodev) d\u00e9nonce une agression relativement \u00e0 la gestion du foncier \u00e0 Diass et invite l\u2019Etat du S\u00e9n\u00e9gal \u00e0 prendre les mesures idoines. L\u2019Institut panafricain pour la citoyennet\u00e9, les consommateurs et le d\u00e9veloppement (Cicodev) regrette les \u00e9v\u00e9nements violents qui se [&hellip;]\" \/>\n<meta property=\"og:url\" content=\"https:\/\/www.nettali.com\/2021\/09\/21\/gestion-du-foncier-a-diass-le-coup-de-gueule-du-cicodev\/\" \/>\n<meta property=\"og:site_name\" content=\"Nettali.com\" \/>\n<meta property=\"article:publisher\" content=\"https:\/\/www.facebook.com\/nettalicom\" \/>\n<meta property=\"article:published_time\" content=\"2021-09-21T09:05:33+00:00\" \/>\n<meta property=\"og:image\" content=\"https:\/\/www.nettali.com\/wp-content\/uploads\/2020\/07\/La-commune-de-Diass-620x400-1.jpg\" \/>\n\t<meta property=\"og:image:width\" content=\"620\" \/>\n\t<meta property=\"og:image:height\" content=\"400\" \/>\n<meta name=\"twitter:card\" content=\"summary_large_image\" \/>\n<meta name=\"twitter:label1\" content=\"\u00c9crit par\" \/>\n\t<meta name=\"twitter:data1\" content=\"Thierno Diop\" \/>\n\t<meta name=\"twitter:label2\" content=\"Dur\u00e9e de lecture estim\u00e9e\" \/>\n\t<meta name=\"twitter:data2\" content=\"3 minutes\" \/>\n<script type=\"application\/ld+json\" class=\"yoast-schema-graph\">{\"@context\":\"https:\/\/schema.org\",\"@graph\":[{\"@type\":\"WebSite\",\"@id\":\"https:\/\/www.nettali.com\/#website\",\"url\":\"https:\/\/www.nettali.com\/\",\"name\":\"Nettali.com\",\"description\":\"Le rendez-vous critique du Net\",\"potentialAction\":[{\"@type\":\"SearchAction\",\"target\":{\"@type\":\"EntryPoint\",\"urlTemplate\":\"https:\/\/www.nettali.com\/?s={search_term_string}\"},\"query-input\":\"required name=search_term_string\"}],\"inLanguage\":\"fr-FR\"},{\"@type\":\"ImageObject\",\"@id\":\"https:\/\/www.nettali.com\/2021\/09\/21\/gestion-du-foncier-a-diass-le-coup-de-gueule-du-cicodev\/#primaryimage\",\"inLanguage\":\"fr-FR\",\"url\":\"https:\/\/www.nettali.com\/wp-content\/uploads\/2020\/07\/La-commune-de-Diass-620x400-1.jpg\",\"contentUrl\":\"https:\/\/www.nettali.com\/wp-content\/uploads\/2020\/07\/La-commune-de-Diass-620x400-1.jpg\",\"width\":620,\"height\":400},{\"@type\":\"WebPage\",\"@id\":\"https:\/\/www.nettali.com\/2021\/09\/21\/gestion-du-foncier-a-diass-le-coup-de-gueule-du-cicodev\/#webpage\",\"url\":\"https:\/\/www.nettali.com\/2021\/09\/21\/gestion-du-foncier-a-diass-le-coup-de-gueule-du-cicodev\/\",\"name\":\"GESTION DU FONCIER \\u00c0 DIASS - Le coup de gueule du Cicodev | Nettali.com\",\"isPartOf\":{\"@id\":\"https:\/\/www.nettali.com\/#website\"},\"primaryImageOfPage\":{\"@id\":\"https:\/\/www.nettali.com\/2021\/09\/21\/gestion-du-foncier-a-diass-le-coup-de-gueule-du-cicodev\/#primaryimage\"},\"datePublished\":\"2021-09-21T09:05:33+00:00\",\"dateModified\":\"2021-09-21T09:05:33+00:00\",\"author\":{\"@id\":\"https:\/\/www.nettali.com\/#\/schema\/person\/8a06c6bd7b19304cf4bf985862900b5b\"},\"breadcrumb\":{\"@id\":\"https:\/\/www.nettali.com\/2021\/09\/21\/gestion-du-foncier-a-diass-le-coup-de-gueule-du-cicodev\/#breadcrumb\"},\"inLanguage\":\"fr-FR\",\"potentialAction\":[{\"@type\":\"ReadAction\",\"target\":[\"https:\/\/www.nettali.com\/2021\/09\/21\/gestion-du-foncier-a-diass-le-coup-de-gueule-du-cicodev\/\"]}]},{\"@type\":\"BreadcrumbList\",\"@id\":\"https:\/\/www.nettali.com\/2021\/09\/21\/gestion-du-foncier-a-diass-le-coup-de-gueule-du-cicodev\/#breadcrumb\",\"itemListElement\":[{\"@type\":\"ListItem\",\"position\":1,\"name\":\"Accueil\",\"item\":\"https:\/\/www.nettali.com\/\"},{\"@type\":\"ListItem\",\"position\":2,\"name\":\"GESTION DU FONCIER \\u00c0 DIASS &#8211; Le coup de gueule du Cicodev\"}]},{\"@type\":\"Person\",\"@id\":\"https:\/\/www.nettali.com\/#\/schema\/person\/8a06c6bd7b19304cf4bf985862900b5b\",\"name\":\"Thierno Diop\",\"image\":{\"@type\":\"ImageObject\",\"@id\":\"https:\/\/www.nettali.com\/#personlogo\",\"inLanguage\":\"fr-FR\",\"url\":\"https:\/\/secure.gravatar.com\/avatar\/c8ca58550c94fd2ac856d27391a6c866?s=96&d=mm&r=g\",\"contentUrl\":\"https:\/\/secure.gravatar.com\/avatar\/c8ca58550c94fd2ac856d27391a6c866?s=96&d=mm&r=g\",\"caption\":\"Thierno Diop\"},\"sameAs\":[\"https:\/\/nettali.com\"]}]}<\/script>\n<!-- \/ Yoast SEO Premium plugin. -->","yoast_head_json":{"title":"GESTION DU FONCIER \u00c0 DIASS - Le coup de gueule du Cicodev | Nettali.com","robots":{"index":"index","follow":"follow","max-snippet":"max-snippet:-1","max-image-preview":"max-image-preview:large","max-video-preview":"max-video-preview:-1"},"canonical":"https:\/\/www.nettali.com\/2021\/09\/21\/gestion-du-foncier-a-diass-le-coup-de-gueule-du-cicodev\/","og_locale":"fr_FR","og_type":"article","og_title":"GESTION DU FONCIER \u00c0 DIASS - Le coup de gueule du Cicodev","og_description":"NETTALI.COM \u2013 A travers un communiqu\u00e9, l\u2019Institut panafricain pour la citoyennet\u00e9, les consommateurs et le d\u00e9veloppement (Cicodev) d\u00e9nonce une agression relativement \u00e0 la gestion du foncier \u00e0 Diass et invite l\u2019Etat du S\u00e9n\u00e9gal \u00e0 prendre les mesures idoines. L\u2019Institut panafricain pour la citoyennet\u00e9, les consommateurs et le d\u00e9veloppement (Cicodev) regrette les \u00e9v\u00e9nements violents qui se [&hellip;]","og_url":"https:\/\/www.nettali.com\/2021\/09\/21\/gestion-du-foncier-a-diass-le-coup-de-gueule-du-cicodev\/","og_site_name":"Nettali.com","article_publisher":"https:\/\/www.facebook.com\/nettalicom","article_published_time":"2021-09-21T09:05:33+00:00","og_image":[{"width":620,"height":400,"url":"https:\/\/www.nettali.com\/wp-content\/uploads\/2020\/07\/La-commune-de-Diass-620x400-1.jpg","type":"image\/jpeg"}],"twitter_card":"summary_large_image","twitter_misc":{"\u00c9crit par":"Thierno Diop","Dur\u00e9e de lecture estim\u00e9e":"3 minutes"},"schema":{"@context":"https:\/\/schema.org","@graph":[{"@type":"WebSite","@id":"https:\/\/www.nettali.com\/#website","url":"https:\/\/www.nettali.com\/","name":"Nettali.com","description":"Le rendez-vous critique du Net","potentialAction":[{"@type":"SearchAction","target":{"@type":"EntryPoint","urlTemplate":"https:\/\/www.nettali.com\/?s={search_term_string}"},"query-input":"required name=search_term_string"}],"inLanguage":"fr-FR"},{"@type":"ImageObject","@id":"https:\/\/www.nettali.com\/2021\/09\/21\/gestion-du-foncier-a-diass-le-coup-de-gueule-du-cicodev\/#primaryimage","inLanguage":"fr-FR","url":"https:\/\/www.nettali.com\/wp-content\/uploads\/2020\/07\/La-commune-de-Diass-620x400-1.jpg","contentUrl":"https:\/\/www.nettali.com\/wp-content\/uploads\/2020\/07\/La-commune-de-Diass-620x400-1.jpg","width":620,"height":400},{"@type":"WebPage","@id":"https:\/\/www.nettali.com\/2021\/09\/21\/gestion-du-foncier-a-diass-le-coup-de-gueule-du-cicodev\/#webpage","url":"https:\/\/www.nettali.com\/2021\/09\/21\/gestion-du-foncier-a-diass-le-coup-de-gueule-du-cicodev\/","name":"GESTION DU FONCIER \u00c0 DIASS - Le coup de gueule du Cicodev | Nettali.com","isPartOf":{"@id":"https:\/\/www.nettali.com\/#website"},"primaryImageOfPage":{"@id":"https:\/\/www.nettali.com\/2021\/09\/21\/gestion-du-foncier-a-diass-le-coup-de-gueule-du-cicodev\/#primaryimage"},"datePublished":"2021-09-21T09:05:33+00:00","dateModified":"2021-09-21T09:05:33+00:00","author":{"@id":"https:\/\/www.nettali.com\/#\/schema\/person\/8a06c6bd7b19304cf4bf985862900b5b"},"breadcrumb":{"@id":"https:\/\/www.nettali.com\/2021\/09\/21\/gestion-du-foncier-a-diass-le-coup-de-gueule-du-cicodev\/#breadcrumb"},"inLanguage":"fr-FR","potentialAction":[{"@type":"ReadAction","target":["https:\/\/www.nettali.com\/2021\/09\/21\/gestion-du-foncier-a-diass-le-coup-de-gueule-du-cicodev\/"]}]},{"@type":"BreadcrumbList","@id":"https:\/\/www.nettali.com\/2021\/09\/21\/gestion-du-foncier-a-diass-le-coup-de-gueule-du-cicodev\/#breadcrumb","itemListElement":[{"@type":"ListItem","position":1,"name":"Accueil","item":"https:\/\/www.nettali.com\/"},{"@type":"ListItem","position":2,"name":"GESTION DU FONCIER \u00c0 DIASS &#8211; Le coup de gueule du Cicodev"}]},{"@type":"Person","@id":"https:\/\/www.nettali.com\/#\/schema\/person\/8a06c6bd7b19304cf4bf985862900b5b","name":"Thierno Diop","image":{"@type":"ImageObject","@id":"https:\/\/www.nettali.com\/#personlogo","inLanguage":"fr-FR","url":"https:\/\/secure.gravatar.com\/avatar\/c8ca58550c94fd2ac856d27391a6c866?s=96&d=mm&r=g","contentUrl":"https:\/\/secure.gravatar.com\/avatar\/c8ca58550c94fd2ac856d27391a6c866?s=96&d=mm&r=g","caption":"Thierno Diop"},"sameAs":["https:\/\/nettali.com"]}]}},"_links":{"self":[{"href":"https:\/\/www.nettali.com\/rest\/wp\/v2\/posts\/72331"}],"collection":[{"href":"https:\/\/www.nettali.com\/rest\/wp\/v2\/posts"}],"about":[{"href":"https:\/\/www.nettali.com\/rest\/wp\/v2\/types\/post"}],"author":[{"embeddable":true,"href":"https:\/\/www.nettali.com\/rest\/wp\/v2\/users\/11"}],"replies":[{"embeddable":true,"href":"https:\/\/www.nettali.com\/rest\/wp\/v2\/comments?post=72331"}],"version-history":[{"count":1,"href":"https:\/\/www.nettali.com\/rest\/wp\/v2\/posts\/72331\/revisions"}],"predecessor-version":[{"id":72333,"href":"https:\/\/www.nettali.com\/rest\/wp\/v2\/posts\/72331\/revisions\/72333"}],"wp:featuredmedia":[{"embeddable":true,"href":"https:\/\/www.nettali.com\/rest\/wp\/v2\/media\/40796"}],"wp:attachment":[{"href":"https:\/\/www.nettali.com\/rest\/wp\/v2\/media?parent=72331"}],"wp:term":[{"taxonomy":"category","embeddable":true,"href":"https:\/\/www.nettali.com\/rest\/wp\/v2\/categories?post=72331"},{"taxonomy":"post_tag","embeddable":true,"href":"https:\/\/www.nettali.com\/rest\/wp\/v2\/tags?post=72331"}],"curies":[{"name":"wp","href":"https:\/\/api.w.org\/{rel}","templated":true}]}}