{"id":72230,"date":"2021-09-19T19:58:55","date_gmt":"2021-09-19T19:58:55","guid":{"rendered":"https:\/\/www.nettali.com\/?p=72230"},"modified":"2021-09-19T19:58:55","modified_gmt":"2021-09-19T19:58:55","slug":"la-colere-des-autorites-maliennes-contre-le-ministre-des-affaires-etrangeres-nigerien","status":"publish","type":"post","link":"https:\/\/www.nettali.com\/2021\/09\/19\/la-colere-des-autorites-maliennes-contre-le-ministre-des-affaires-etrangeres-nigerien\/","title":{"rendered":"La col\u00e8re des autorit\u00e9s Maliennes contre le ministre des Affaires \u00e9trang\u00e8res Nig\u00e9rien"},"content":{"rendered":"<p class=\"summary_label\"><strong>NETTALI.COM - Depuis quelques jours, il est \u00e9voqu\u00e9 une sombre affaire de contrat entre la Russie et le Mali, afin de faire venir des \u00abmercenaires\u00bb du groupe Wagner pour combattre les Djihadistes et assurer la s\u00e9curit\u00e9 de certains dirigeants. La sortie du ministre des affaires \u00e9trang\u00e8res du Niger sur l\u2019affaire a fini par faire r\u00e9agir les autorit\u00e9s maliennes.<\/strong><\/p>\n<div id=\"printable\" class=\"text_body\">\n<p><em>\u00abNous n\u2019acceptons pas la pr\u00e9sence de ces gens-l\u00e0. Et les militaires maliens doivent renoncer sans d\u00e9lai, si cela s\u2019av\u00e8re, \u00e0 ce type d\u2019accord, parce que nous n\u2019accepterons pas que des irr\u00e9guliers \u00e9trangers, des mercenaires viennent dans notre sous-r\u00e9gion pour davantage d\u00e9grader la situation s\u00e9curitaire qui est d\u00e9j\u00e0 assez grave\u00bb<\/em>, avait d\u00e9clar\u00e9 M. Hassoumou Massouadou, sur Rfi. Et d'ajouter que <em>\u00abSi les militaires maliens ne rendent pas le pouvoir en f\u00e9vrier prochain, les sanctions internationales contre Bamako seront s\u00e9v\u00e8res\u00bb<\/em>. Des propos qui ont eu le don de sortir les autorit\u00e9s actuelles du Mali, de leur mutisme sur la question.<\/p>\n<p>Le Gouvernement de la transition au Mali condamne et rejette ces propos qu\u2019il juge <em>\u00abinacceptables, inamicaux et condescendants\u00bb. \u00abS'agissant de la volont\u00e9 pr\u00eat\u00e9e aux Autorit\u00e9s maliennes d'engager des \"mercenaires\", \u00a0le Gouvernement de la R\u00e9publique du Mali s'\u00e9tonne et s'interroge sur ces all\u00e9gations bas\u00e9es uniquement sur des rumeurs et des articles de presse commandit\u00e9s s'inscrivant dans le cadre d'une campagne de d\u00e9nigrement de notre pays et de diabolisation de ses dirigeants\u00bb<\/em>, a d\u00e9nonc\u00e9 le minist\u00e8re des affaires \u00e9trang\u00e8res du Mali, dans un communiqu\u00e9 de presse.<\/p>\n<p>Go\u00efta et ses hommes rappellent que le gouvernement du Mali <em>\u00abne permettra \u00e0 aucun Etat de faire des choix \u00e0 sa place et encore moins de d\u00e9cider quels partenaires il doit solliciter ou pas.\u00bb<\/em> Ils soulignent cependant, qu\u2019au regard de l'implication forte de l'ensemble de la communaut\u00e9 internationale aux c\u00f4t\u00e9s des pays du Sahel pour lutter contre les nombreux d\u00e9fis, <em>\u00abl'essentiel aujourd'hui est de conjuguer les efforts pour assurer v\u00e9ritablement le bien-\u00eatre et la s\u00e9curit\u00e9 des populations du Sahel dans un esprit de coh\u00e9sion et non pas s'appesantir sur des rumeurs.\u00bb<\/em><\/p>\n<div class=\"adcanevas\"><\/div>\n<\/div>\n<div class='share-to-whatsapp-wrapper'><div class='share-on-whsp'>PARTAGER SUR : <\/div><a data-text='La col\u00e8re des autorit\u00e9s Maliennes contre le ministre des Affaires \u00e9trang\u00e8res Nig\u00e9rien' data-link='https:\/\/www.nettali.com\/2021\/09\/19\/la-colere-des-autorites-maliennes-contre-le-ministre-des-affaires-etrangeres-nigerien\/' class='whatsapp-button whatsapp-share'>WhatsApp<\/a><div class='clear '><\/div><\/div>","protected":false},"excerpt":{"rendered":"<p>NETTALI.COM - Depuis quelques jours, il est \u00e9voqu\u00e9 une sombre affaire de contrat entre la Russie et le Mali, afin de faire venir des \u00abmercenaires\u00bb du groupe Wagner pour combattre les Djihadistes et assurer la s\u00e9curit\u00e9 de certains dirigeants. La sortie du ministre des affaires \u00e9trang\u00e8res du Niger sur l\u2019affaire a fini par faire r\u00e9agir [&hellip;]<\/p>\n","protected":false},"author":4,"featured_media":64626,"comment_status":"open","ping_status":"open","sticky":false,"template":"","format":"standard","meta":{"_et_pb_use_builder":"","_et_pb_old_content":""},"categories":[8],"tags":[],"yoast_head":"<!-- This site is optimized with the Yoast SEO Premium plugin v17.8 (Yoast SEO v17.8) - https:\/\/yoast.com\/wordpress\/plugins\/seo\/ -->\n<title>La col\u00e8re des autorit\u00e9s Maliennes contre le ministre des Affaires \u00e9trang\u00e8res Nig\u00e9rien | Nettali.com<\/title>\n<meta name=\"robots\" content=\"index, follow, max-snippet:-1, max-image-preview:large, max-video-preview:-1\" \/>\n<link rel=\"canonical\" href=\"https:\/\/www.nettali.com\/2021\/09\/19\/la-colere-des-autorites-maliennes-contre-le-ministre-des-affaires-etrangeres-nigerien\/\" \/>\n<meta property=\"og:locale\" content=\"fr_FR\" \/>\n<meta property=\"og:type\" content=\"article\" \/>\n<meta property=\"og:title\" content=\"La col\u00e8re des autorit\u00e9s Maliennes contre le ministre des Affaires \u00e9trang\u00e8res Nig\u00e9rien\" \/>\n<meta property=\"og:description\" content=\"NETTALI.COM - Depuis quelques jours, il est \u00e9voqu\u00e9 une sombre affaire de contrat entre la Russie et le Mali, afin de faire venir des \u00abmercenaires\u00bb du groupe Wagner pour combattre les Djihadistes et assurer la s\u00e9curit\u00e9 de certains dirigeants. La sortie du ministre des affaires \u00e9trang\u00e8res du Niger sur l\u2019affaire a fini par faire r\u00e9agir [&hellip;]\" \/>\n<meta property=\"og:url\" content=\"https:\/\/www.nettali.com\/2021\/09\/19\/la-colere-des-autorites-maliennes-contre-le-ministre-des-affaires-etrangeres-nigerien\/\" \/>\n<meta property=\"og:site_name\" content=\"Nettali.com\" \/>\n<meta property=\"article:publisher\" content=\"https:\/\/www.facebook.com\/nettalicom\" \/>\n<meta property=\"article:published_time\" content=\"2021-09-19T19:58:55+00:00\" \/>\n<meta property=\"og:image\" content=\"https:\/\/www.nettali.com\/wp-content\/uploads\/2021\/05\/Assimi-Goita.jpg\" \/>\n\t<meta property=\"og:image:width\" content=\"650\" \/>\n\t<meta property=\"og:image:height\" content=\"797\" \/>\n<meta name=\"twitter:card\" content=\"summary_large_image\" \/>\n<meta name=\"twitter:label1\" content=\"\u00c9crit par\" \/>\n\t<meta name=\"twitter:data1\" content=\"Daouda\" \/>\n\t<meta name=\"twitter:label2\" content=\"Dur\u00e9e de lecture estim\u00e9e\" \/>\n\t<meta name=\"twitter:data2\" content=\"2 minutes\" \/>\n<script type=\"application\/ld+json\" class=\"yoast-schema-graph\">{\"@context\":\"https:\/\/schema.org\",\"@graph\":[{\"@type\":\"WebSite\",\"@id\":\"https:\/\/www.nettali.com\/#website\",\"url\":\"https:\/\/www.nettali.com\/\",\"name\":\"Nettali.com\",\"description\":\"Le rendez-vous critique du Net\",\"potentialAction\":[{\"@type\":\"SearchAction\",\"target\":{\"@type\":\"EntryPoint\",\"urlTemplate\":\"https:\/\/www.nettali.com\/?s={search_term_string}\"},\"query-input\":\"required name=search_term_string\"}],\"inLanguage\":\"fr-FR\"},{\"@type\":\"ImageObject\",\"@id\":\"https:\/\/www.nettali.com\/2021\/09\/19\/la-colere-des-autorites-maliennes-contre-le-ministre-des-affaires-etrangeres-nigerien\/#primaryimage\",\"inLanguage\":\"fr-FR\",\"url\":\"https:\/\/www.nettali.com\/wp-content\/uploads\/2021\/05\/Assimi-Goita.jpg\",\"contentUrl\":\"https:\/\/www.nettali.com\/wp-content\/uploads\/2021\/05\/Assimi-Goita.jpg\",\"width\":650,\"height\":797},{\"@type\":\"WebPage\",\"@id\":\"https:\/\/www.nettali.com\/2021\/09\/19\/la-colere-des-autorites-maliennes-contre-le-ministre-des-affaires-etrangeres-nigerien\/#webpage\",\"url\":\"https:\/\/www.nettali.com\/2021\/09\/19\/la-colere-des-autorites-maliennes-contre-le-ministre-des-affaires-etrangeres-nigerien\/\",\"name\":\"La col\\u00e8re des autorit\\u00e9s Maliennes contre le ministre des Affaires \\u00e9trang\\u00e8res Nig\\u00e9rien | Nettali.com\",\"isPartOf\":{\"@id\":\"https:\/\/www.nettali.com\/#website\"},\"primaryImageOfPage\":{\"@id\":\"https:\/\/www.nettali.com\/2021\/09\/19\/la-colere-des-autorites-maliennes-contre-le-ministre-des-affaires-etrangeres-nigerien\/#primaryimage\"},\"datePublished\":\"2021-09-19T19:58:55+00:00\",\"dateModified\":\"2021-09-19T19:58:55+00:00\",\"author\":{\"@id\":\"https:\/\/www.nettali.com\/#\/schema\/person\/3317e0bb3aa1da309fbf7b2780901bf4\"},\"breadcrumb\":{\"@id\":\"https:\/\/www.nettali.com\/2021\/09\/19\/la-colere-des-autorites-maliennes-contre-le-ministre-des-affaires-etrangeres-nigerien\/#breadcrumb\"},\"inLanguage\":\"fr-FR\",\"potentialAction\":[{\"@type\":\"ReadAction\",\"target\":[\"https:\/\/www.nettali.com\/2021\/09\/19\/la-colere-des-autorites-maliennes-contre-le-ministre-des-affaires-etrangeres-nigerien\/\"]}]},{\"@type\":\"BreadcrumbList\",\"@id\":\"https:\/\/www.nettali.com\/2021\/09\/19\/la-colere-des-autorites-maliennes-contre-le-ministre-des-affaires-etrangeres-nigerien\/#breadcrumb\",\"itemListElement\":[{\"@type\":\"ListItem\",\"position\":1,\"name\":\"Accueil\",\"item\":\"https:\/\/www.nettali.com\/\"},{\"@type\":\"ListItem\",\"position\":2,\"name\":\"La col\\u00e8re des autorit\\u00e9s Maliennes contre le ministre des Affaires \\u00e9trang\\u00e8res Nig\\u00e9rien\"}]},{\"@type\":\"Person\",\"@id\":\"https:\/\/www.nettali.com\/#\/schema\/person\/3317e0bb3aa1da309fbf7b2780901bf4\",\"name\":\"Daouda\",\"image\":{\"@type\":\"ImageObject\",\"@id\":\"https:\/\/www.nettali.com\/#personlogo\",\"inLanguage\":\"fr-FR\",\"url\":\"https:\/\/secure.gravatar.com\/avatar\/8d143b5a49345098ddcfee1c49c2f47c?s=96&d=mm&r=g\",\"contentUrl\":\"https:\/\/secure.gravatar.com\/avatar\/8d143b5a49345098ddcfee1c49c2f47c?s=96&d=mm&r=g\",\"caption\":\"Daouda\"},\"sameAs\":[\"https:\/\/www.nettali.com\"]}]}<\/script>\n<!-- \/ Yoast SEO Premium plugin. -->","yoast_head_json":{"title":"La col\u00e8re des autorit\u00e9s Maliennes contre le ministre des Affaires \u00e9trang\u00e8res Nig\u00e9rien | Nettali.com","robots":{"index":"index","follow":"follow","max-snippet":"max-snippet:-1","max-image-preview":"max-image-preview:large","max-video-preview":"max-video-preview:-1"},"canonical":"https:\/\/www.nettali.com\/2021\/09\/19\/la-colere-des-autorites-maliennes-contre-le-ministre-des-affaires-etrangeres-nigerien\/","og_locale":"fr_FR","og_type":"article","og_title":"La col\u00e8re des autorit\u00e9s Maliennes contre le ministre des Affaires \u00e9trang\u00e8res Nig\u00e9rien","og_description":"NETTALI.COM - Depuis quelques jours, il est \u00e9voqu\u00e9 une sombre affaire de contrat entre la Russie et le Mali, afin de faire venir des \u00abmercenaires\u00bb du groupe Wagner pour combattre les Djihadistes et assurer la s\u00e9curit\u00e9 de certains dirigeants. La sortie du ministre des affaires \u00e9trang\u00e8res du Niger sur l\u2019affaire a fini par faire r\u00e9agir [&hellip;]","og_url":"https:\/\/www.nettali.com\/2021\/09\/19\/la-colere-des-autorites-maliennes-contre-le-ministre-des-affaires-etrangeres-nigerien\/","og_site_name":"Nettali.com","article_publisher":"https:\/\/www.facebook.com\/nettalicom","article_published_time":"2021-09-19T19:58:55+00:00","og_image":[{"width":650,"height":797,"url":"https:\/\/www.nettali.com\/wp-content\/uploads\/2021\/05\/Assimi-Goita.jpg","type":"image\/jpeg"}],"twitter_card":"summary_large_image","twitter_misc":{"\u00c9crit par":"Daouda","Dur\u00e9e de lecture estim\u00e9e":"2 minutes"},"schema":{"@context":"https:\/\/schema.org","@graph":[{"@type":"WebSite","@id":"https:\/\/www.nettali.com\/#website","url":"https:\/\/www.nettali.com\/","name":"Nettali.com","description":"Le rendez-vous critique du Net","potentialAction":[{"@type":"SearchAction","target":{"@type":"EntryPoint","urlTemplate":"https:\/\/www.nettali.com\/?s={search_term_string}"},"query-input":"required name=search_term_string"}],"inLanguage":"fr-FR"},{"@type":"ImageObject","@id":"https:\/\/www.nettali.com\/2021\/09\/19\/la-colere-des-autorites-maliennes-contre-le-ministre-des-affaires-etrangeres-nigerien\/#primaryimage","inLanguage":"fr-FR","url":"https:\/\/www.nettali.com\/wp-content\/uploads\/2021\/05\/Assimi-Goita.jpg","contentUrl":"https:\/\/www.nettali.com\/wp-content\/uploads\/2021\/05\/Assimi-Goita.jpg","width":650,"height":797},{"@type":"WebPage","@id":"https:\/\/www.nettali.com\/2021\/09\/19\/la-colere-des-autorites-maliennes-contre-le-ministre-des-affaires-etrangeres-nigerien\/#webpage","url":"https:\/\/www.nettali.com\/2021\/09\/19\/la-colere-des-autorites-maliennes-contre-le-ministre-des-affaires-etrangeres-nigerien\/","name":"La col\u00e8re des autorit\u00e9s Maliennes contre le ministre des Affaires \u00e9trang\u00e8res Nig\u00e9rien | Nettali.com","isPartOf":{"@id":"https:\/\/www.nettali.com\/#website"},"primaryImageOfPage":{"@id":"https:\/\/www.nettali.com\/2021\/09\/19\/la-colere-des-autorites-maliennes-contre-le-ministre-des-affaires-etrangeres-nigerien\/#primaryimage"},"datePublished":"2021-09-19T19:58:55+00:00","dateModified":"2021-09-19T19:58:55+00:00","author":{"@id":"https:\/\/www.nettali.com\/#\/schema\/person\/3317e0bb3aa1da309fbf7b2780901bf4"},"breadcrumb":{"@id":"https:\/\/www.nettali.com\/2021\/09\/19\/la-colere-des-autorites-maliennes-contre-le-ministre-des-affaires-etrangeres-nigerien\/#breadcrumb"},"inLanguage":"fr-FR","potentialAction":[{"@type":"ReadAction","target":["https:\/\/www.nettali.com\/2021\/09\/19\/la-colere-des-autorites-maliennes-contre-le-ministre-des-affaires-etrangeres-nigerien\/"]}]},{"@type":"BreadcrumbList","@id":"https:\/\/www.nettali.com\/2021\/09\/19\/la-colere-des-autorites-maliennes-contre-le-ministre-des-affaires-etrangeres-nigerien\/#breadcrumb","itemListElement":[{"@type":"ListItem","position":1,"name":"Accueil","item":"https:\/\/www.nettali.com\/"},{"@type":"ListItem","position":2,"name":"La col\u00e8re des autorit\u00e9s Maliennes contre le ministre des Affaires \u00e9trang\u00e8res Nig\u00e9rien"}]},{"@type":"Person","@id":"https:\/\/www.nettali.com\/#\/schema\/person\/3317e0bb3aa1da309fbf7b2780901bf4","name":"Daouda","image":{"@type":"ImageObject","@id":"https:\/\/www.nettali.com\/#personlogo","inLanguage":"fr-FR","url":"https:\/\/secure.gravatar.com\/avatar\/8d143b5a49345098ddcfee1c49c2f47c?s=96&d=mm&r=g","contentUrl":"https:\/\/secure.gravatar.com\/avatar\/8d143b5a49345098ddcfee1c49c2f47c?s=96&d=mm&r=g","caption":"Daouda"},"sameAs":["https:\/\/www.nettali.com"]}]}},"_links":{"self":[{"href":"https:\/\/www.nettali.com\/rest\/wp\/v2\/posts\/72230"}],"collection":[{"href":"https:\/\/www.nettali.com\/rest\/wp\/v2\/posts"}],"about":[{"href":"https:\/\/www.nettali.com\/rest\/wp\/v2\/types\/post"}],"author":[{"embeddable":true,"href":"https:\/\/www.nettali.com\/rest\/wp\/v2\/users\/4"}],"replies":[{"embeddable":true,"href":"https:\/\/www.nettali.com\/rest\/wp\/v2\/comments?post=72230"}],"version-history":[{"count":1,"href":"https:\/\/www.nettali.com\/rest\/wp\/v2\/posts\/72230\/revisions"}],"predecessor-version":[{"id":72231,"href":"https:\/\/www.nettali.com\/rest\/wp\/v2\/posts\/72230\/revisions\/72231"}],"wp:featuredmedia":[{"embeddable":true,"href":"https:\/\/www.nettali.com\/rest\/wp\/v2\/media\/64626"}],"wp:attachment":[{"href":"https:\/\/www.nettali.com\/rest\/wp\/v2\/media?parent=72230"}],"wp:term":[{"taxonomy":"category","embeddable":true,"href":"https:\/\/www.nettali.com\/rest\/wp\/v2\/categories?post=72230"},{"taxonomy":"post_tag","embeddable":true,"href":"https:\/\/www.nettali.com\/rest\/wp\/v2\/tags?post=72230"}],"curies":[{"name":"wp","href":"https:\/\/api.w.org\/{rel}","templated":true}]}}