{"id":72191,"date":"2021-09-18T20:44:48","date_gmt":"2021-09-18T20:44:48","guid":{"rendered":"https:\/\/www.nettali.com\/?p=72191"},"modified":"2021-09-19T12:34:23","modified_gmt":"2021-09-19T12:34:23","slug":"inauguration-hopital-de-touba-macky-sall-transforme-la-ceremonie-en-meeting-politique","status":"publish","type":"post","link":"https:\/\/www.nettali.com\/2021\/09\/18\/inauguration-hopital-de-touba-macky-sall-transforme-la-ceremonie-en-meeting-politique\/","title":{"rendered":"INAUGURATION HOPITAL DE TOUBA - Macky Sall transforme la c\u00e9r\u00e9monie en meeting politique"},"content":{"rendered":"<p><strong>NETTALI.COM\u00a0 - Touba a r\u00e9ceptionn\u00e9 ce samedi son nouvel h\u00f4pital de niveau 3. L'inauguration de ce bijou a aussi servi de tribune \u00e0 Macky Sall pour \u00e9taler les ambitions de sa coalition pour les prochaines locales. Ce qui n'a pas plu \u00e0 tout le monde.\u00a0<\/strong><\/p>\n<p>Le pr\u00e9sident de la R\u00e9publique est ce samedi dans la cit\u00e9 religieuse de Touba. Macky Sall qui a proc\u00e9d\u00e9 \u00e0 l'inauguration de l'h\u00f4pital Cheikh Ahmadou Bamba a d'abord \u00e9t\u00e9 longuement re\u00e7u par le khalife g\u00e9n\u00e9ral des mourides. Serigne Mountakha Bassirou Mback\u00e9 a\u00a0 tenu \u00e0 remercier le chef de l\u2019Etat pour tous les efforts faits par son gouvernement pour doter Touba d'infrastructures modernes. Apr\u00e8s son entretien avec le khalife, Macky Sall et sa d\u00e9l\u00e9gation se sont rendus sur la route de Darou Mouhty pour la c\u00e9r\u00e9monie d'inauguration de l'h\u00f4pital flambant neuf. C\u00e9r\u00e9monie \u00e0 laquelle ont pris par de nombreux dignitaires mourides, mais les autorit\u00e9s administratives et politiques de toute la r\u00e9gion de Diourbel.<\/p>\n<p>Prenant la parole \u00e0 la fin de la c\u00e9r\u00e9monie, Macky Sall a vant\u00e9 son bilan pour la ville de Touba, notamment les investissements faits pour lutter contre les inondations. Le chef de l\u2019Etat soutient m\u00eame avoir fait \u00e0 Touba ce qu'aucun de ses pr\u00e9d\u00e9cesseurs n'a fait. Mieux, le chef de l\u2019Etat a promis un investissement de 23 milliards de francs Cfa pour r\u00e9gler d\u00e9finitivement les probl\u00e8mes d'eau auxquels la ville de Touba fait face.<\/p>\n<p>Toutefois, Macky Sall ne pouvait s'emp\u00eacher de parler politique, surtout que le S\u00e9n\u00e9gal s'achemine vers des \u00e9lections municipales et d\u00e9partementales pr\u00e9vues en janvier.<\/p>\n<p>D'apr\u00e8s Macky Sall, sa coalition Benno Bokk Yakaar contr\u00f4le au moins 14 collectivit\u00e9s locales dans le d\u00e9partement de Mback\u00e9. A ces collectivit\u00e9s locales, il ajoute celle de Touba o\u00f9 il n'y aura qu'une seule liste. \"<em>Et cette liste devrait \u00eatre celle de Benno Bokk Yakaar<\/em>\", dit-il. Avant d'affirmer : \"Donc, il n'y aura pas de combat.\"<\/p>\n<p>Et cette partie du discours de Macky Sall n'a pas plu \u00e0 tout le monde. C'est le cas du d\u00e9put\u00e9 Cheikh Abdou Bara Doly Mback\u00e9. \"<em>Cette liste de Touba dont il parle, c'est celle du khalife. Il peut y avoir des marabouts qui n'appartiennent \u00e0 aucun parti, mais aussi des membres de l'opposition<\/em>\", soutient le d\u00e9put\u00e9 de Bokk Gis Gis. Qui ajoute : \"<em>Je suis ici parce que cet h\u00f4pital appartient aux populations de Touba. Et Macky Sall le laissera ici quand il partira en 2024<\/em>.\" Non sans rappeler avoir fait le d\u00e9placement pour respecter le <em>\"Ndig\u00ebl\"<\/em> du khalife et non pour \u00e9couter \"<em>un discours politicien<\/em>\"<\/p>\n<div class='share-to-whatsapp-wrapper'><div class='share-on-whsp'>PARTAGER SUR : <\/div><a data-text='INAUGURATION HOPITAL DE TOUBA - Macky Sall transforme la c\u00e9r\u00e9monie en meeting politique' data-link='https:\/\/www.nettali.com\/2021\/09\/18\/inauguration-hopital-de-touba-macky-sall-transforme-la-ceremonie-en-meeting-politique\/' class='whatsapp-button whatsapp-share'>WhatsApp<\/a><div class='clear '><\/div><\/div>","protected":false},"excerpt":{"rendered":"<p>NETTALI.COM\u00a0 - Touba a r\u00e9ceptionn\u00e9 ce samedi son nouvel h\u00f4pital de niveau 3. L'inauguration de ce bijou a aussi servi de tribune \u00e0 Macky Sall pour \u00e9taler les ambitions de sa coalition pour les prochaines locales. Ce qui n'a pas plu \u00e0 tout le monde.\u00a0 Le pr\u00e9sident de la R\u00e9publique est ce samedi dans la [&hellip;]<\/p>\n","protected":false},"author":3,"featured_media":72193,"comment_status":"open","ping_status":"open","sticky":false,"template":"","format":"standard","meta":{"_et_pb_use_builder":"","_et_pb_old_content":""},"categories":[2],"tags":[],"yoast_head":"<!-- This site is optimized with the Yoast SEO Premium plugin v17.8 (Yoast SEO v17.8) - https:\/\/yoast.com\/wordpress\/plugins\/seo\/ -->\n<title>INAUGURATION HOPITAL DE TOUBA - Macky Sall transforme la c\u00e9r\u00e9monie en meeting politique | Nettali.com<\/title>\n<meta name=\"robots\" content=\"index, follow, max-snippet:-1, max-image-preview:large, max-video-preview:-1\" \/>\n<link rel=\"canonical\" href=\"https:\/\/www.nettali.com\/2021\/09\/18\/inauguration-hopital-de-touba-macky-sall-transforme-la-ceremonie-en-meeting-politique\/\" \/>\n<meta property=\"og:locale\" content=\"fr_FR\" \/>\n<meta property=\"og:type\" content=\"article\" \/>\n<meta property=\"og:title\" content=\"INAUGURATION HOPITAL DE TOUBA - Macky Sall transforme la c\u00e9r\u00e9monie en meeting politique\" \/>\n<meta property=\"og:description\" content=\"NETTALI.COM\u00a0 - Touba a r\u00e9ceptionn\u00e9 ce samedi son nouvel h\u00f4pital de niveau 3. L&#039;inauguration de ce bijou a aussi servi de tribune \u00e0 Macky Sall pour \u00e9taler les ambitions de sa coalition pour les prochaines locales. Ce qui n&#039;a pas plu \u00e0 tout le monde.\u00a0 Le pr\u00e9sident de la R\u00e9publique est ce samedi dans la [&hellip;]\" \/>\n<meta property=\"og:url\" content=\"https:\/\/www.nettali.com\/2021\/09\/18\/inauguration-hopital-de-touba-macky-sall-transforme-la-ceremonie-en-meeting-politique\/\" \/>\n<meta property=\"og:site_name\" content=\"Nettali.com\" \/>\n<meta property=\"article:publisher\" content=\"https:\/\/www.facebook.com\/nettalicom\" \/>\n<meta property=\"article:published_time\" content=\"2021-09-18T20:44:48+00:00\" \/>\n<meta property=\"article:modified_time\" content=\"2021-09-19T12:34:23+00:00\" \/>\n<meta property=\"og:image\" content=\"https:\/\/www.nettali.com\/wp-content\/uploads\/2021\/09\/touba.jpg\" \/>\n\t<meta property=\"og:image:width\" content=\"960\" \/>\n\t<meta property=\"og:image:height\" content=\"640\" \/>\n<meta name=\"twitter:card\" content=\"summary_large_image\" \/>\n<meta name=\"twitter:label1\" content=\"\u00c9crit par\" \/>\n\t<meta name=\"twitter:data1\" content=\"Moustapha\" \/>\n\t<meta name=\"twitter:label2\" content=\"Dur\u00e9e de lecture estim\u00e9e\" \/>\n\t<meta name=\"twitter:data2\" content=\"2 minutes\" \/>\n<script type=\"application\/ld+json\" class=\"yoast-schema-graph\">{\"@context\":\"https:\/\/schema.org\",\"@graph\":[{\"@type\":\"WebSite\",\"@id\":\"https:\/\/www.nettali.com\/#website\",\"url\":\"https:\/\/www.nettali.com\/\",\"name\":\"Nettali.com\",\"description\":\"Le rendez-vous critique du Net\",\"potentialAction\":[{\"@type\":\"SearchAction\",\"target\":{\"@type\":\"EntryPoint\",\"urlTemplate\":\"https:\/\/www.nettali.com\/?s={search_term_string}\"},\"query-input\":\"required name=search_term_string\"}],\"inLanguage\":\"fr-FR\"},{\"@type\":\"ImageObject\",\"@id\":\"https:\/\/www.nettali.com\/2021\/09\/18\/inauguration-hopital-de-touba-macky-sall-transforme-la-ceremonie-en-meeting-politique\/#primaryimage\",\"inLanguage\":\"fr-FR\",\"url\":\"https:\/\/www.nettali.com\/wp-content\/uploads\/2021\/09\/touba.jpg\",\"contentUrl\":\"https:\/\/www.nettali.com\/wp-content\/uploads\/2021\/09\/touba.jpg\",\"width\":960,\"height\":640},{\"@type\":\"WebPage\",\"@id\":\"https:\/\/www.nettali.com\/2021\/09\/18\/inauguration-hopital-de-touba-macky-sall-transforme-la-ceremonie-en-meeting-politique\/#webpage\",\"url\":\"https:\/\/www.nettali.com\/2021\/09\/18\/inauguration-hopital-de-touba-macky-sall-transforme-la-ceremonie-en-meeting-politique\/\",\"name\":\"INAUGURATION HOPITAL DE TOUBA - Macky Sall transforme la c\\u00e9r\\u00e9monie en meeting politique | Nettali.com\",\"isPartOf\":{\"@id\":\"https:\/\/www.nettali.com\/#website\"},\"primaryImageOfPage\":{\"@id\":\"https:\/\/www.nettali.com\/2021\/09\/18\/inauguration-hopital-de-touba-macky-sall-transforme-la-ceremonie-en-meeting-politique\/#primaryimage\"},\"datePublished\":\"2021-09-18T20:44:48+00:00\",\"dateModified\":\"2021-09-19T12:34:23+00:00\",\"author\":{\"@id\":\"https:\/\/www.nettali.com\/#\/schema\/person\/7962a12a6e0267f88f0ffa544c36469a\"},\"breadcrumb\":{\"@id\":\"https:\/\/www.nettali.com\/2021\/09\/18\/inauguration-hopital-de-touba-macky-sall-transforme-la-ceremonie-en-meeting-politique\/#breadcrumb\"},\"inLanguage\":\"fr-FR\",\"potentialAction\":[{\"@type\":\"ReadAction\",\"target\":[\"https:\/\/www.nettali.com\/2021\/09\/18\/inauguration-hopital-de-touba-macky-sall-transforme-la-ceremonie-en-meeting-politique\/\"]}]},{\"@type\":\"BreadcrumbList\",\"@id\":\"https:\/\/www.nettali.com\/2021\/09\/18\/inauguration-hopital-de-touba-macky-sall-transforme-la-ceremonie-en-meeting-politique\/#breadcrumb\",\"itemListElement\":[{\"@type\":\"ListItem\",\"position\":1,\"name\":\"Accueil\",\"item\":\"https:\/\/www.nettali.com\/\"},{\"@type\":\"ListItem\",\"position\":2,\"name\":\"INAUGURATION HOPITAL DE TOUBA &#8211; Macky Sall transforme la c\\u00e9r\\u00e9monie en meeting politique\"}]},{\"@type\":\"Person\",\"@id\":\"https:\/\/www.nettali.com\/#\/schema\/person\/7962a12a6e0267f88f0ffa544c36469a\",\"name\":\"Moustapha\",\"image\":{\"@type\":\"ImageObject\",\"@id\":\"https:\/\/www.nettali.com\/#personlogo\",\"inLanguage\":\"fr-FR\",\"url\":\"https:\/\/secure.gravatar.com\/avatar\/10fdf6a071cccdcf374e3dbe45159590?s=96&d=mm&r=g\",\"contentUrl\":\"https:\/\/secure.gravatar.com\/avatar\/10fdf6a071cccdcf374e3dbe45159590?s=96&d=mm&r=g\",\"caption\":\"Moustapha\"},\"sameAs\":[\"https:\/\/www.nettali.com\"]}]}<\/script>\n<!-- \/ Yoast SEO Premium plugin. -->","yoast_head_json":{"title":"INAUGURATION HOPITAL DE TOUBA - Macky Sall transforme la c\u00e9r\u00e9monie en meeting politique | Nettali.com","robots":{"index":"index","follow":"follow","max-snippet":"max-snippet:-1","max-image-preview":"max-image-preview:large","max-video-preview":"max-video-preview:-1"},"canonical":"https:\/\/www.nettali.com\/2021\/09\/18\/inauguration-hopital-de-touba-macky-sall-transforme-la-ceremonie-en-meeting-politique\/","og_locale":"fr_FR","og_type":"article","og_title":"INAUGURATION HOPITAL DE TOUBA - Macky Sall transforme la c\u00e9r\u00e9monie en meeting politique","og_description":"NETTALI.COM\u00a0 - Touba a r\u00e9ceptionn\u00e9 ce samedi son nouvel h\u00f4pital de niveau 3. L'inauguration de ce bijou a aussi servi de tribune \u00e0 Macky Sall pour \u00e9taler les ambitions de sa coalition pour les prochaines locales. Ce qui n'a pas plu \u00e0 tout le monde.\u00a0 Le pr\u00e9sident de la R\u00e9publique est ce samedi dans la [&hellip;]","og_url":"https:\/\/www.nettali.com\/2021\/09\/18\/inauguration-hopital-de-touba-macky-sall-transforme-la-ceremonie-en-meeting-politique\/","og_site_name":"Nettali.com","article_publisher":"https:\/\/www.facebook.com\/nettalicom","article_published_time":"2021-09-18T20:44:48+00:00","article_modified_time":"2021-09-19T12:34:23+00:00","og_image":[{"width":960,"height":640,"url":"https:\/\/www.nettali.com\/wp-content\/uploads\/2021\/09\/touba.jpg","type":"image\/jpeg"}],"twitter_card":"summary_large_image","twitter_misc":{"\u00c9crit par":"Moustapha","Dur\u00e9e de lecture estim\u00e9e":"2 minutes"},"schema":{"@context":"https:\/\/schema.org","@graph":[{"@type":"WebSite","@id":"https:\/\/www.nettali.com\/#website","url":"https:\/\/www.nettali.com\/","name":"Nettali.com","description":"Le rendez-vous critique du Net","potentialAction":[{"@type":"SearchAction","target":{"@type":"EntryPoint","urlTemplate":"https:\/\/www.nettali.com\/?s={search_term_string}"},"query-input":"required name=search_term_string"}],"inLanguage":"fr-FR"},{"@type":"ImageObject","@id":"https:\/\/www.nettali.com\/2021\/09\/18\/inauguration-hopital-de-touba-macky-sall-transforme-la-ceremonie-en-meeting-politique\/#primaryimage","inLanguage":"fr-FR","url":"https:\/\/www.nettali.com\/wp-content\/uploads\/2021\/09\/touba.jpg","contentUrl":"https:\/\/www.nettali.com\/wp-content\/uploads\/2021\/09\/touba.jpg","width":960,"height":640},{"@type":"WebPage","@id":"https:\/\/www.nettali.com\/2021\/09\/18\/inauguration-hopital-de-touba-macky-sall-transforme-la-ceremonie-en-meeting-politique\/#webpage","url":"https:\/\/www.nettali.com\/2021\/09\/18\/inauguration-hopital-de-touba-macky-sall-transforme-la-ceremonie-en-meeting-politique\/","name":"INAUGURATION HOPITAL DE TOUBA - Macky Sall transforme la c\u00e9r\u00e9monie en meeting politique | Nettali.com","isPartOf":{"@id":"https:\/\/www.nettali.com\/#website"},"primaryImageOfPage":{"@id":"https:\/\/www.nettali.com\/2021\/09\/18\/inauguration-hopital-de-touba-macky-sall-transforme-la-ceremonie-en-meeting-politique\/#primaryimage"},"datePublished":"2021-09-18T20:44:48+00:00","dateModified":"2021-09-19T12:34:23+00:00","author":{"@id":"https:\/\/www.nettali.com\/#\/schema\/person\/7962a12a6e0267f88f0ffa544c36469a"},"breadcrumb":{"@id":"https:\/\/www.nettali.com\/2021\/09\/18\/inauguration-hopital-de-touba-macky-sall-transforme-la-ceremonie-en-meeting-politique\/#breadcrumb"},"inLanguage":"fr-FR","potentialAction":[{"@type":"ReadAction","target":["https:\/\/www.nettali.com\/2021\/09\/18\/inauguration-hopital-de-touba-macky-sall-transforme-la-ceremonie-en-meeting-politique\/"]}]},{"@type":"BreadcrumbList","@id":"https:\/\/www.nettali.com\/2021\/09\/18\/inauguration-hopital-de-touba-macky-sall-transforme-la-ceremonie-en-meeting-politique\/#breadcrumb","itemListElement":[{"@type":"ListItem","position":1,"name":"Accueil","item":"https:\/\/www.nettali.com\/"},{"@type":"ListItem","position":2,"name":"INAUGURATION HOPITAL DE TOUBA &#8211; Macky Sall transforme la c\u00e9r\u00e9monie en meeting politique"}]},{"@type":"Person","@id":"https:\/\/www.nettali.com\/#\/schema\/person\/7962a12a6e0267f88f0ffa544c36469a","name":"Moustapha","image":{"@type":"ImageObject","@id":"https:\/\/www.nettali.com\/#personlogo","inLanguage":"fr-FR","url":"https:\/\/secure.gravatar.com\/avatar\/10fdf6a071cccdcf374e3dbe45159590?s=96&d=mm&r=g","contentUrl":"https:\/\/secure.gravatar.com\/avatar\/10fdf6a071cccdcf374e3dbe45159590?s=96&d=mm&r=g","caption":"Moustapha"},"sameAs":["https:\/\/www.nettali.com"]}]}},"_links":{"self":[{"href":"https:\/\/www.nettali.com\/rest\/wp\/v2\/posts\/72191"}],"collection":[{"href":"https:\/\/www.nettali.com\/rest\/wp\/v2\/posts"}],"about":[{"href":"https:\/\/www.nettali.com\/rest\/wp\/v2\/types\/post"}],"author":[{"embeddable":true,"href":"https:\/\/www.nettali.com\/rest\/wp\/v2\/users\/3"}],"replies":[{"embeddable":true,"href":"https:\/\/www.nettali.com\/rest\/wp\/v2\/comments?post=72191"}],"version-history":[{"count":4,"href":"https:\/\/www.nettali.com\/rest\/wp\/v2\/posts\/72191\/revisions"}],"predecessor-version":[{"id":72198,"href":"https:\/\/www.nettali.com\/rest\/wp\/v2\/posts\/72191\/revisions\/72198"}],"wp:featuredmedia":[{"embeddable":true,"href":"https:\/\/www.nettali.com\/rest\/wp\/v2\/media\/72193"}],"wp:attachment":[{"href":"https:\/\/www.nettali.com\/rest\/wp\/v2\/media?parent=72191"}],"wp:term":[{"taxonomy":"category","embeddable":true,"href":"https:\/\/www.nettali.com\/rest\/wp\/v2\/categories?post=72191"},{"taxonomy":"post_tag","embeddable":true,"href":"https:\/\/www.nettali.com\/rest\/wp\/v2\/tags?post=72191"}],"curies":[{"name":"wp","href":"https:\/\/api.w.org\/{rel}","templated":true}]}}