{"id":72071,"date":"2021-09-17T03:09:09","date_gmt":"2021-09-17T03:09:09","guid":{"rendered":"https:\/\/www.nettali.com\/?p=72071"},"modified":"2021-09-17T16:28:08","modified_gmt":"2021-09-17T16:28:08","slug":"affaire-kilifeu-et-simon-sonko-et-dias-face-a-leurs-propres-contradictions","status":"publish","type":"post","link":"https:\/\/www.nettali.com\/2021\/09\/17\/affaire-kilifeu-et-simon-sonko-et-dias-face-a-leurs-propres-contradictions\/","title":{"rendered":"AFFAIRE KILIFEU ET SIMON - Sonko et Dias face \u00e0 leurs propres contradictions"},"content":{"rendered":"<p><strong>NETTALI.COM\u00a0 - Pr\u00e9sents jeudi \u00e0 la conf\u00e9rence de presse du mouvement \"Y'en a marre\", Ousmane Sonko et Barth\u00e9lemy Dias ont tenu \u00e0 apporter leur soutien \u00e0 Kilifeu et Simon Inculp\u00e9s et plac\u00e9s sous mandat de d\u00e9p\u00f4t dans l'affaire de trafic pr\u00e9sum\u00e9 de visas. Mais les deux jeunes opposants se contredisent parfois dans leurs propos<\/strong>.<\/p>\n<p>Comme \u00e0 son habitude, Ousmane Sonko accuse Macky Sall et <em>\"ses\"<\/em> magistrats d'avoir complot\u00e9 pour envoyer Kilifeu et Simon en prison. Le leader de Pastef se dit convaincu que cette affaire de trafic pr\u00e9sum\u00e9 de visas ne saurait lier \"Y'en a marre\". \"<em>Le mouvement se bat pour des principes. Donc, cette affaire ne lie en aucun cas Y'en a marre<\/em>\", souligne-t-il. Pourtant, c'est Ousmane Sonko, lui-m\u00eame, qui lie <em>\"cette affaire\"<\/em> au mouvement \"Y'en a marre\". En effet, alors qu'aucune enqu\u00eate n'est ouverte contre \"Y'en a marre\", le chef de Pastef d\u00e9gaine : \"<em>L'entreprise de destruction d'un mouvement aussi important que Y'en a marre dans ce pays a d\u00e9j\u00e0 \u00e9chou\u00e9. S'ils ne peuvent pas d\u00e9truire le mouvement par la voie judiciaire, ils le feront moralement. Mais \u00e7a ne passera pas. Les faits n'existent pas. Ils essayent d'installer un amalgame dans la t\u00eate des S\u00e9n\u00e9galais<\/em>.\" L'amalgame ne vient-il pas de Sonko qui cite un mouvement dans une enqu\u00eate qui le concerne pas ?<\/p>\n<p>Barth\u00e9lemy Dias ne dit pas autre chose. Lui qui dit soutenir \"Y'en a marre\". \"<em>Je suis l\u00e0 pour apporter mon soutien \u00e0 un mouvement que j'ai vu na\u00eetre. Il a consolid\u00e9 les acquis d\u00e9mocratiques et particip\u00e9 \u00e0 l'\u00e9veil des consciences. Dans le cas des d\u00e9put\u00e9s, j'ai \u00e9t\u00e9 d\u00e9put\u00e9 et je sais que c'est du flagrant d\u00e9lit. Il n\u2019y a pas de proc\u00e9dure de lev\u00e9e de l'immunit\u00e9 parlementaire. Pour le cas de Kilifeu et Simon, on ne doit pas instruire. Les faits sont l\u00e0 et c'est du flagrant d\u00e9lit. Cette affaire doit \u00eatre jug\u00e9e rapidement. Envoyer cette affaire en instruction est une prise d\u2019otage.<\/em>\"<\/p>\n<p>Pourtant, c'est doute pour \u00e9viter ce genre d'amalgame que Kilifeu et Simon ont \u00e9t\u00e9 suspendus des activit\u00e9s de \"Y'en a marre\". Mieux, a expliqu\u00e9 Aliou San\u00e9, \"<em>les mis en cause font partie du mouvement, mais une affaire qui les concerne ne concerne pas forc\u00e9ment Y'en a marre<\/em>\".<\/p>\n<div class='share-to-whatsapp-wrapper'><div class='share-on-whsp'>PARTAGER SUR : <\/div><a data-text='AFFAIRE KILIFEU ET SIMON - Sonko et Dias face \u00e0 leurs propres contradictions' data-link='https:\/\/www.nettali.com\/2021\/09\/17\/affaire-kilifeu-et-simon-sonko-et-dias-face-a-leurs-propres-contradictions\/' class='whatsapp-button whatsapp-share'>WhatsApp<\/a><div class='clear '><\/div><\/div>","protected":false},"excerpt":{"rendered":"<p>NETTALI.COM\u00a0 - Pr\u00e9sents jeudi \u00e0 la conf\u00e9rence de presse du mouvement \"Y'en a marre\", Ousmane Sonko et Barth\u00e9lemy Dias ont tenu \u00e0 apporter leur soutien \u00e0 Kilifeu et Simon Inculp\u00e9s et plac\u00e9s sous mandat de d\u00e9p\u00f4t dans l'affaire de trafic pr\u00e9sum\u00e9 de visas. Mais les deux jeunes opposants se contredisent parfois dans leurs propos. Comme [&hellip;]<\/p>\n","protected":false},"author":3,"featured_media":72072,"comment_status":"open","ping_status":"open","sticky":false,"template":"","format":"standard","meta":{"_et_pb_use_builder":"","_et_pb_old_content":""},"categories":[3878,2],"tags":[],"yoast_head":"<!-- This site is optimized with the Yoast SEO Premium plugin v17.8 (Yoast SEO v17.8) - https:\/\/yoast.com\/wordpress\/plugins\/seo\/ -->\n<title>AFFAIRE KILIFEU ET SIMON - Sonko et Dias face \u00e0 leurs propres contradictions | Nettali.com<\/title>\n<meta name=\"robots\" content=\"index, follow, max-snippet:-1, max-image-preview:large, max-video-preview:-1\" \/>\n<link rel=\"canonical\" href=\"https:\/\/www.nettali.com\/2021\/09\/17\/affaire-kilifeu-et-simon-sonko-et-dias-face-a-leurs-propres-contradictions\/\" \/>\n<meta property=\"og:locale\" content=\"fr_FR\" \/>\n<meta property=\"og:type\" content=\"article\" \/>\n<meta property=\"og:title\" content=\"AFFAIRE KILIFEU ET SIMON - Sonko et Dias face \u00e0 leurs propres contradictions\" \/>\n<meta property=\"og:description\" content=\"NETTALI.COM\u00a0 - Pr\u00e9sents jeudi \u00e0 la conf\u00e9rence de presse du mouvement &quot;Y&#039;en a marre&quot;, Ousmane Sonko et Barth\u00e9lemy Dias ont tenu \u00e0 apporter leur soutien \u00e0 Kilifeu et Simon Inculp\u00e9s et plac\u00e9s sous mandat de d\u00e9p\u00f4t dans l&#039;affaire de trafic pr\u00e9sum\u00e9 de visas. Mais les deux jeunes opposants se contredisent parfois dans leurs propos. Comme [&hellip;]\" \/>\n<meta property=\"og:url\" content=\"https:\/\/www.nettali.com\/2021\/09\/17\/affaire-kilifeu-et-simon-sonko-et-dias-face-a-leurs-propres-contradictions\/\" \/>\n<meta property=\"og:site_name\" content=\"Nettali.com\" \/>\n<meta property=\"article:publisher\" content=\"https:\/\/www.facebook.com\/nettalicom\" \/>\n<meta property=\"article:published_time\" content=\"2021-09-17T03:09:09+00:00\" \/>\n<meta property=\"article:modified_time\" content=\"2021-09-17T16:28:08+00:00\" \/>\n<meta property=\"og:image\" content=\"https:\/\/www.nettali.com\/wp-content\/uploads\/2021\/09\/85fdbba706d703aeb4813869ea963c10.jpg\" \/>\n\t<meta property=\"og:image:width\" content=\"900\" \/>\n\t<meta property=\"og:image:height\" content=\"521\" \/>\n<meta name=\"twitter:card\" content=\"summary_large_image\" \/>\n<meta name=\"twitter:label1\" content=\"\u00c9crit par\" \/>\n\t<meta name=\"twitter:data1\" content=\"Moustapha\" \/>\n\t<meta name=\"twitter:label2\" content=\"Dur\u00e9e de lecture estim\u00e9e\" \/>\n\t<meta name=\"twitter:data2\" content=\"2 minutes\" \/>\n<script type=\"application\/ld+json\" class=\"yoast-schema-graph\">{\"@context\":\"https:\/\/schema.org\",\"@graph\":[{\"@type\":\"WebSite\",\"@id\":\"https:\/\/www.nettali.com\/#website\",\"url\":\"https:\/\/www.nettali.com\/\",\"name\":\"Nettali.com\",\"description\":\"Le rendez-vous critique du Net\",\"potentialAction\":[{\"@type\":\"SearchAction\",\"target\":{\"@type\":\"EntryPoint\",\"urlTemplate\":\"https:\/\/www.nettali.com\/?s={search_term_string}\"},\"query-input\":\"required name=search_term_string\"}],\"inLanguage\":\"fr-FR\"},{\"@type\":\"ImageObject\",\"@id\":\"https:\/\/www.nettali.com\/2021\/09\/17\/affaire-kilifeu-et-simon-sonko-et-dias-face-a-leurs-propres-contradictions\/#primaryimage\",\"inLanguage\":\"fr-FR\",\"url\":\"https:\/\/www.nettali.com\/wp-content\/uploads\/2021\/09\/85fdbba706d703aeb4813869ea963c10.jpg\",\"contentUrl\":\"https:\/\/www.nettali.com\/wp-content\/uploads\/2021\/09\/85fdbba706d703aeb4813869ea963c10.jpg\",\"width\":900,\"height\":521},{\"@type\":\"WebPage\",\"@id\":\"https:\/\/www.nettali.com\/2021\/09\/17\/affaire-kilifeu-et-simon-sonko-et-dias-face-a-leurs-propres-contradictions\/#webpage\",\"url\":\"https:\/\/www.nettali.com\/2021\/09\/17\/affaire-kilifeu-et-simon-sonko-et-dias-face-a-leurs-propres-contradictions\/\",\"name\":\"AFFAIRE KILIFEU ET SIMON - Sonko et Dias face \\u00e0 leurs propres contradictions | Nettali.com\",\"isPartOf\":{\"@id\":\"https:\/\/www.nettali.com\/#website\"},\"primaryImageOfPage\":{\"@id\":\"https:\/\/www.nettali.com\/2021\/09\/17\/affaire-kilifeu-et-simon-sonko-et-dias-face-a-leurs-propres-contradictions\/#primaryimage\"},\"datePublished\":\"2021-09-17T03:09:09+00:00\",\"dateModified\":\"2021-09-17T16:28:08+00:00\",\"author\":{\"@id\":\"https:\/\/www.nettali.com\/#\/schema\/person\/7962a12a6e0267f88f0ffa544c36469a\"},\"breadcrumb\":{\"@id\":\"https:\/\/www.nettali.com\/2021\/09\/17\/affaire-kilifeu-et-simon-sonko-et-dias-face-a-leurs-propres-contradictions\/#breadcrumb\"},\"inLanguage\":\"fr-FR\",\"potentialAction\":[{\"@type\":\"ReadAction\",\"target\":[\"https:\/\/www.nettali.com\/2021\/09\/17\/affaire-kilifeu-et-simon-sonko-et-dias-face-a-leurs-propres-contradictions\/\"]}]},{\"@type\":\"BreadcrumbList\",\"@id\":\"https:\/\/www.nettali.com\/2021\/09\/17\/affaire-kilifeu-et-simon-sonko-et-dias-face-a-leurs-propres-contradictions\/#breadcrumb\",\"itemListElement\":[{\"@type\":\"ListItem\",\"position\":1,\"name\":\"Accueil\",\"item\":\"https:\/\/www.nettali.com\/\"},{\"@type\":\"ListItem\",\"position\":2,\"name\":\"AFFAIRE KILIFEU ET SIMON &#8211; Sonko et Dias face \\u00e0 leurs propres contradictions\"}]},{\"@type\":\"Person\",\"@id\":\"https:\/\/www.nettali.com\/#\/schema\/person\/7962a12a6e0267f88f0ffa544c36469a\",\"name\":\"Moustapha\",\"image\":{\"@type\":\"ImageObject\",\"@id\":\"https:\/\/www.nettali.com\/#personlogo\",\"inLanguage\":\"fr-FR\",\"url\":\"https:\/\/secure.gravatar.com\/avatar\/10fdf6a071cccdcf374e3dbe45159590?s=96&d=mm&r=g\",\"contentUrl\":\"https:\/\/secure.gravatar.com\/avatar\/10fdf6a071cccdcf374e3dbe45159590?s=96&d=mm&r=g\",\"caption\":\"Moustapha\"},\"sameAs\":[\"https:\/\/www.nettali.com\"]}]}<\/script>\n<!-- \/ Yoast SEO Premium plugin. -->","yoast_head_json":{"title":"AFFAIRE KILIFEU ET SIMON - Sonko et Dias face \u00e0 leurs propres contradictions | Nettali.com","robots":{"index":"index","follow":"follow","max-snippet":"max-snippet:-1","max-image-preview":"max-image-preview:large","max-video-preview":"max-video-preview:-1"},"canonical":"https:\/\/www.nettali.com\/2021\/09\/17\/affaire-kilifeu-et-simon-sonko-et-dias-face-a-leurs-propres-contradictions\/","og_locale":"fr_FR","og_type":"article","og_title":"AFFAIRE KILIFEU ET SIMON - Sonko et Dias face \u00e0 leurs propres contradictions","og_description":"NETTALI.COM\u00a0 - Pr\u00e9sents jeudi \u00e0 la conf\u00e9rence de presse du mouvement \"Y'en a marre\", Ousmane Sonko et Barth\u00e9lemy Dias ont tenu \u00e0 apporter leur soutien \u00e0 Kilifeu et Simon Inculp\u00e9s et plac\u00e9s sous mandat de d\u00e9p\u00f4t dans l'affaire de trafic pr\u00e9sum\u00e9 de visas. Mais les deux jeunes opposants se contredisent parfois dans leurs propos. Comme [&hellip;]","og_url":"https:\/\/www.nettali.com\/2021\/09\/17\/affaire-kilifeu-et-simon-sonko-et-dias-face-a-leurs-propres-contradictions\/","og_site_name":"Nettali.com","article_publisher":"https:\/\/www.facebook.com\/nettalicom","article_published_time":"2021-09-17T03:09:09+00:00","article_modified_time":"2021-09-17T16:28:08+00:00","og_image":[{"width":900,"height":521,"url":"https:\/\/www.nettali.com\/wp-content\/uploads\/2021\/09\/85fdbba706d703aeb4813869ea963c10.jpg","type":"image\/jpeg"}],"twitter_card":"summary_large_image","twitter_misc":{"\u00c9crit par":"Moustapha","Dur\u00e9e de lecture estim\u00e9e":"2 minutes"},"schema":{"@context":"https:\/\/schema.org","@graph":[{"@type":"WebSite","@id":"https:\/\/www.nettali.com\/#website","url":"https:\/\/www.nettali.com\/","name":"Nettali.com","description":"Le rendez-vous critique du Net","potentialAction":[{"@type":"SearchAction","target":{"@type":"EntryPoint","urlTemplate":"https:\/\/www.nettali.com\/?s={search_term_string}"},"query-input":"required name=search_term_string"}],"inLanguage":"fr-FR"},{"@type":"ImageObject","@id":"https:\/\/www.nettali.com\/2021\/09\/17\/affaire-kilifeu-et-simon-sonko-et-dias-face-a-leurs-propres-contradictions\/#primaryimage","inLanguage":"fr-FR","url":"https:\/\/www.nettali.com\/wp-content\/uploads\/2021\/09\/85fdbba706d703aeb4813869ea963c10.jpg","contentUrl":"https:\/\/www.nettali.com\/wp-content\/uploads\/2021\/09\/85fdbba706d703aeb4813869ea963c10.jpg","width":900,"height":521},{"@type":"WebPage","@id":"https:\/\/www.nettali.com\/2021\/09\/17\/affaire-kilifeu-et-simon-sonko-et-dias-face-a-leurs-propres-contradictions\/#webpage","url":"https:\/\/www.nettali.com\/2021\/09\/17\/affaire-kilifeu-et-simon-sonko-et-dias-face-a-leurs-propres-contradictions\/","name":"AFFAIRE KILIFEU ET SIMON - Sonko et Dias face \u00e0 leurs propres contradictions | Nettali.com","isPartOf":{"@id":"https:\/\/www.nettali.com\/#website"},"primaryImageOfPage":{"@id":"https:\/\/www.nettali.com\/2021\/09\/17\/affaire-kilifeu-et-simon-sonko-et-dias-face-a-leurs-propres-contradictions\/#primaryimage"},"datePublished":"2021-09-17T03:09:09+00:00","dateModified":"2021-09-17T16:28:08+00:00","author":{"@id":"https:\/\/www.nettali.com\/#\/schema\/person\/7962a12a6e0267f88f0ffa544c36469a"},"breadcrumb":{"@id":"https:\/\/www.nettali.com\/2021\/09\/17\/affaire-kilifeu-et-simon-sonko-et-dias-face-a-leurs-propres-contradictions\/#breadcrumb"},"inLanguage":"fr-FR","potentialAction":[{"@type":"ReadAction","target":["https:\/\/www.nettali.com\/2021\/09\/17\/affaire-kilifeu-et-simon-sonko-et-dias-face-a-leurs-propres-contradictions\/"]}]},{"@type":"BreadcrumbList","@id":"https:\/\/www.nettali.com\/2021\/09\/17\/affaire-kilifeu-et-simon-sonko-et-dias-face-a-leurs-propres-contradictions\/#breadcrumb","itemListElement":[{"@type":"ListItem","position":1,"name":"Accueil","item":"https:\/\/www.nettali.com\/"},{"@type":"ListItem","position":2,"name":"AFFAIRE KILIFEU ET SIMON &#8211; Sonko et Dias face \u00e0 leurs propres contradictions"}]},{"@type":"Person","@id":"https:\/\/www.nettali.com\/#\/schema\/person\/7962a12a6e0267f88f0ffa544c36469a","name":"Moustapha","image":{"@type":"ImageObject","@id":"https:\/\/www.nettali.com\/#personlogo","inLanguage":"fr-FR","url":"https:\/\/secure.gravatar.com\/avatar\/10fdf6a071cccdcf374e3dbe45159590?s=96&d=mm&r=g","contentUrl":"https:\/\/secure.gravatar.com\/avatar\/10fdf6a071cccdcf374e3dbe45159590?s=96&d=mm&r=g","caption":"Moustapha"},"sameAs":["https:\/\/www.nettali.com"]}]}},"_links":{"self":[{"href":"https:\/\/www.nettali.com\/rest\/wp\/v2\/posts\/72071"}],"collection":[{"href":"https:\/\/www.nettali.com\/rest\/wp\/v2\/posts"}],"about":[{"href":"https:\/\/www.nettali.com\/rest\/wp\/v2\/types\/post"}],"author":[{"embeddable":true,"href":"https:\/\/www.nettali.com\/rest\/wp\/v2\/users\/3"}],"replies":[{"embeddable":true,"href":"https:\/\/www.nettali.com\/rest\/wp\/v2\/comments?post=72071"}],"version-history":[{"count":1,"href":"https:\/\/www.nettali.com\/rest\/wp\/v2\/posts\/72071\/revisions"}],"predecessor-version":[{"id":72073,"href":"https:\/\/www.nettali.com\/rest\/wp\/v2\/posts\/72071\/revisions\/72073"}],"wp:featuredmedia":[{"embeddable":true,"href":"https:\/\/www.nettali.com\/rest\/wp\/v2\/media\/72072"}],"wp:attachment":[{"href":"https:\/\/www.nettali.com\/rest\/wp\/v2\/media?parent=72071"}],"wp:term":[{"taxonomy":"category","embeddable":true,"href":"https:\/\/www.nettali.com\/rest\/wp\/v2\/categories?post=72071"},{"taxonomy":"post_tag","embeddable":true,"href":"https:\/\/www.nettali.com\/rest\/wp\/v2\/tags?post=72071"}],"curies":[{"name":"wp","href":"https:\/\/api.w.org\/{rel}","templated":true}]}}