{"id":72056,"date":"2021-09-16T19:36:36","date_gmt":"2021-09-16T19:36:36","guid":{"rendered":"https:\/\/www.nettali.com\/?p=72056"},"modified":"2021-09-16T19:36:36","modified_gmt":"2021-09-16T19:36:36","slug":"par-jean-pierre-malou-vous-aussi-monsieur-hott","status":"publish","type":"post","link":"https:\/\/www.nettali.com\/2021\/09\/16\/par-jean-pierre-malou-vous-aussi-monsieur-hott\/","title":{"rendered":"PAR JEAN PIERRE MALOU - Vous aussi, Monsieur Hott"},"content":{"rendered":"<p><strong>CONTRIBUTION - Les r\u00e9sultats de l\u2019enqu\u00eate harmonis\u00e9e sur les conditions de vie des m\u00e9nages r\u00e9alis\u00e9e par l\u2019Agence nationale de la statistique et de la d\u00e9mographie (Ansd), montrant en hausse la pauvret\u00e9 au S\u00e9n\u00e9gal, malgr\u00e9 les nombreux efforts de r\u00e9duction de la pauvret\u00e9 ont fait sortir le ministre de l\u2019Economie, du Plan et de coop\u00e9ration, Amadou Hott, de ses gonds. Et pourtant.<\/strong><\/p>\n<p>En journalisme les faits sont sacr\u00e9s, les commentaires sont libres. Sous ce rapport, quoi de plus professionnel que d\u2019exploiter les rapports de notre fiert\u00e9 nationale en mati\u00e8re de collecte, de production, d\u2019analyse et de diffusion des informations sur l\u2019\u00e9conomie et la soci\u00e9t\u00e9 S\u00e9n\u00e9galaise, de l\u2019Agence nationale de la statistique et de la d\u00e9mographie (Ansd).<\/p>\n<p>En France, les donn\u00e9es de l\u2019Institut national de la statistique et des \u00e9tudes \u00e9conomiques ne sont susceptibles d\u2019aucune contestation ou du moins de doute de quelque bord que ce soit. Un principe sacro-saint qui lui conf\u00e8re un cachet scientifique. Rapport\u00e9 \u00e0 la mise au point du minist\u00e8re de l\u2019Economie, du Plan et de la coop\u00e9ration en rapport aux statistiques r\u00e9centes sur la pauvret\u00e9 au S\u00e9n\u00e9gal en hausse, le patron dudit d\u00e9partement n\u2019a trouv\u00e9 mieux que de renvoyer \u00e0 l\u2019\u00e9cole, le Dg de l\u2019Ansd, All\u00e9 Nar Diop, ing\u00e9nieur statisticien \u00e9conomiste, docteur en \u00e9conomie appliqu\u00e9e, inspecteur du Tr\u00e9sor, actuaire et ma\u00eetre de conf\u00e9rences, titulaire \u00e0 la Facult\u00e9 des sciences \u00e9conomiques et de gestion de l\u2019Universit\u00e9 Cheikh Anta Diop (Faseg-Ucad). Laquelle agence (Ansd) dans son enqu\u00eate harmonis\u00e9e sur les conditions de vie des m\u00e9nages (Ehcvm) S\u00e9n\u00e9galais met en exergue les efforts du gouvernement dans l\u2019am\u00e9lioration des conditions de vie de ses populations.<\/p>\n<p>Partant de cela, l\u2019Ansd rapporte que la pauvret\u00e9 est en hausse au S\u00e9n\u00e9gal. Une goutte qui a fait d\u00e9border le vase, amenant le ministre Hott \u00e0 remettre en cause tout le travail des amis du chiffre. Le statisticien est un math\u00e9maticien expert en probabilit\u00e9, incontournable dans tous les domaines d\u2019activit\u00e9 (\u00e9conomie, finances, d\u00e9mographie, industries, services, \u00e9ducation, opinion, sant\u00e9...).<\/p>\n<p>Son utilit\u00e9 et sa place dans la prise de d\u00e9cision n\u2019est plus \u00e0 d\u00e9montrer, \u00e9tant entendu que pour tester la pertinence des mod\u00e8les \u00e9conomiques, on convoque l\u2019\u00e9conom\u00e9trie qui se base sur les donn\u00e9es statistiques pour d\u00e9crire les ph\u00e9nom\u00e8nes \u00e9conomiques \u00e0 partir de l\u2019observation statistique des grandeurs pertinentes. De ce point de vue, il doit \u00eatre prot\u00e9ger encourager et surtout motiver pour mettre \u00e0 la disposition des d\u00e9cideurs politiques cet outil d\u2019aide \u00e0 la d\u00e9cision incontournable. Mieux, c\u2019est sur la base de ces m\u00eames donn\u00e9es statistiques vivement contest\u00e9es que l\u2019Etat se pourvoit pour capter des fonds des partenaires en acceptant all\u00e9grement d\u2019\u00eatre pays pauvre tr\u00e8s endett\u00e9 (Ppte) ou alors pays moins avanc\u00e9.<\/p>\n<p><strong>DES EFFORTS POUR PEU DE RESULTATS !<\/strong><\/p>\n<p>Certes, la pilule est difficile \u00e0 avaler apr\u00e8s tant d\u2019efforts consentis en mati\u00e8re de lutte ou de r\u00e9duction de la pauvret\u00e9 depuis 2012 \u00e0 nos jours \u00e0 travers, entre autres le Programme national de bourses de s\u00e9curit\u00e9 familiale (Pnbsf), la couverture maladie universelle (Cmu), le Programme d\u2019urgence de d\u00e9veloppement communautaire (Pudc), le Programme d\u2019urgence de modernisation des axes et territoire, la Loi d\u2019orientation sociale, le Programme de modernisation des villes (Promovilles), le Programme national de modernisation des villes religieuses, le programme national des domaines agricoles (Prodac), le Programme d'insertion socio-professionnelle des jeunes et des femmes (Pisj), mais force est de constater que la pauvret\u00e9 reste un \u00e9tat de fait et non un \u00e9tat d\u2019esprit au S\u00e9n\u00e9gal\u2026Tous ces programmes n\u2019ont pas atteints les effets escompt\u00e9s de la gouvernance du Pr\u00e9sident Sall. Ce qui n\u2019est d\u2019ailleurs pas surprenant au regard de la gouvernance des fonds cons\u00e9quents inject\u00e9s dans tous ces programmes puisqu\u2019il n\u2019y a jamais eu d\u2019\u00e9valuations de tous ces programmes pour d\u00e9celer les limites et corriger pour avancer.<\/p>\n<p><strong>LE NAUFRAGE EST IMPUTABLE AU CHEF DE L\u2019ETAT, A L\u2019ASSEMBLEE NATIONALE ET AUX RESPONSABLES DES PROGRAMMES (MINISTERES)<\/strong><\/p>\n<p>Dans cet \u00e9chec des politiques sociales, le premier responsable, c\u2019est sans doute le chef de l\u2019Etat qui d\u00e9cline les orientations mais par devoir de contr\u00f4le l\u2019Assembl\u00e9e nationale et les responsables de tous les programmes sous la coupole des minist\u00e8res respectifs qui sont reprochables. La politique politicienne doit \u00eatre \u00e9cart\u00e9e de toutes les sph\u00e8res pour porter le d\u00e9veloppement endog\u00e8ne de notre jeune nation. Le reste n\u2019est que saupoudrage et exc\u00e8s de z\u00e8le.<\/p>\n<p>&nbsp;<\/p>\n<div class='share-to-whatsapp-wrapper'><div class='share-on-whsp'>PARTAGER SUR : <\/div><a data-text='PAR JEAN PIERRE MALOU - Vous aussi, Monsieur Hott' data-link='https:\/\/www.nettali.com\/2021\/09\/16\/par-jean-pierre-malou-vous-aussi-monsieur-hott\/' class='whatsapp-button whatsapp-share'>WhatsApp<\/a><div class='clear '><\/div><\/div>","protected":false},"excerpt":{"rendered":"<p>CONTRIBUTION - Les r\u00e9sultats de l\u2019enqu\u00eate harmonis\u00e9e sur les conditions de vie des m\u00e9nages r\u00e9alis\u00e9e par l\u2019Agence nationale de la statistique et de la d\u00e9mographie (Ansd), montrant en hausse la pauvret\u00e9 au S\u00e9n\u00e9gal, malgr\u00e9 les nombreux efforts de r\u00e9duction de la pauvret\u00e9 ont fait sortir le ministre de l\u2019Economie, du Plan et de coop\u00e9ration, Amadou [&hellip;]<\/p>\n","protected":false},"author":11,"featured_media":5607,"comment_status":"open","ping_status":"open","sticky":false,"template":"","format":"standard","meta":{"_et_pb_use_builder":"","_et_pb_old_content":""},"categories":[23,34933],"tags":[],"yoast_head":"<!-- This site is optimized with the Yoast SEO Premium plugin v17.8 (Yoast SEO v17.8) - https:\/\/yoast.com\/wordpress\/plugins\/seo\/ -->\n<title>PAR JEAN PIERRE MALOU - Vous aussi, Monsieur Hott | Nettali.com<\/title>\n<meta name=\"robots\" content=\"index, follow, max-snippet:-1, max-image-preview:large, max-video-preview:-1\" \/>\n<link rel=\"canonical\" href=\"https:\/\/www.nettali.com\/2021\/09\/16\/par-jean-pierre-malou-vous-aussi-monsieur-hott\/\" \/>\n<meta property=\"og:locale\" content=\"fr_FR\" \/>\n<meta property=\"og:type\" content=\"article\" \/>\n<meta property=\"og:title\" content=\"PAR JEAN PIERRE MALOU - Vous aussi, Monsieur Hott\" \/>\n<meta property=\"og:description\" content=\"CONTRIBUTION - Les r\u00e9sultats de l\u2019enqu\u00eate harmonis\u00e9e sur les conditions de vie des m\u00e9nages r\u00e9alis\u00e9e par l\u2019Agence nationale de la statistique et de la d\u00e9mographie (Ansd), montrant en hausse la pauvret\u00e9 au S\u00e9n\u00e9gal, malgr\u00e9 les nombreux efforts de r\u00e9duction de la pauvret\u00e9 ont fait sortir le ministre de l\u2019Economie, du Plan et de coop\u00e9ration, Amadou [&hellip;]\" \/>\n<meta property=\"og:url\" content=\"https:\/\/www.nettali.com\/2021\/09\/16\/par-jean-pierre-malou-vous-aussi-monsieur-hott\/\" \/>\n<meta property=\"og:site_name\" content=\"Nettali.com\" \/>\n<meta property=\"article:publisher\" content=\"https:\/\/www.facebook.com\/nettalicom\" \/>\n<meta property=\"article:published_time\" content=\"2021-09-16T19:36:36+00:00\" \/>\n<meta property=\"og:image\" content=\"https:\/\/www.nettali.com\/wp-content\/uploads\/2019\/04\/Hott.jpg\" \/>\n\t<meta property=\"og:image:width\" content=\"620\" \/>\n\t<meta property=\"og:image:height\" content=\"453\" \/>\n<meta name=\"twitter:card\" content=\"summary_large_image\" \/>\n<meta name=\"twitter:label1\" content=\"\u00c9crit par\" \/>\n\t<meta name=\"twitter:data1\" content=\"Thierno Diop\" \/>\n\t<meta name=\"twitter:label2\" content=\"Dur\u00e9e de lecture estim\u00e9e\" \/>\n\t<meta name=\"twitter:data2\" content=\"4 minutes\" \/>\n<script type=\"application\/ld+json\" class=\"yoast-schema-graph\">{\"@context\":\"https:\/\/schema.org\",\"@graph\":[{\"@type\":\"WebSite\",\"@id\":\"https:\/\/www.nettali.com\/#website\",\"url\":\"https:\/\/www.nettali.com\/\",\"name\":\"Nettali.com\",\"description\":\"Le rendez-vous critique du Net\",\"potentialAction\":[{\"@type\":\"SearchAction\",\"target\":{\"@type\":\"EntryPoint\",\"urlTemplate\":\"https:\/\/www.nettali.com\/?s={search_term_string}\"},\"query-input\":\"required name=search_term_string\"}],\"inLanguage\":\"fr-FR\"},{\"@type\":\"ImageObject\",\"@id\":\"https:\/\/www.nettali.com\/2021\/09\/16\/par-jean-pierre-malou-vous-aussi-monsieur-hott\/#primaryimage\",\"inLanguage\":\"fr-FR\",\"url\":\"https:\/\/www.nettali.com\/wp-content\/uploads\/2019\/04\/Hott.jpg\",\"contentUrl\":\"https:\/\/www.nettali.com\/wp-content\/uploads\/2019\/04\/Hott.jpg\",\"width\":620,\"height\":453},{\"@type\":\"WebPage\",\"@id\":\"https:\/\/www.nettali.com\/2021\/09\/16\/par-jean-pierre-malou-vous-aussi-monsieur-hott\/#webpage\",\"url\":\"https:\/\/www.nettali.com\/2021\/09\/16\/par-jean-pierre-malou-vous-aussi-monsieur-hott\/\",\"name\":\"PAR JEAN PIERRE MALOU - Vous aussi, Monsieur Hott | Nettali.com\",\"isPartOf\":{\"@id\":\"https:\/\/www.nettali.com\/#website\"},\"primaryImageOfPage\":{\"@id\":\"https:\/\/www.nettali.com\/2021\/09\/16\/par-jean-pierre-malou-vous-aussi-monsieur-hott\/#primaryimage\"},\"datePublished\":\"2021-09-16T19:36:36+00:00\",\"dateModified\":\"2021-09-16T19:36:36+00:00\",\"author\":{\"@id\":\"https:\/\/www.nettali.com\/#\/schema\/person\/8a06c6bd7b19304cf4bf985862900b5b\"},\"breadcrumb\":{\"@id\":\"https:\/\/www.nettali.com\/2021\/09\/16\/par-jean-pierre-malou-vous-aussi-monsieur-hott\/#breadcrumb\"},\"inLanguage\":\"fr-FR\",\"potentialAction\":[{\"@type\":\"ReadAction\",\"target\":[\"https:\/\/www.nettali.com\/2021\/09\/16\/par-jean-pierre-malou-vous-aussi-monsieur-hott\/\"]}]},{\"@type\":\"BreadcrumbList\",\"@id\":\"https:\/\/www.nettali.com\/2021\/09\/16\/par-jean-pierre-malou-vous-aussi-monsieur-hott\/#breadcrumb\",\"itemListElement\":[{\"@type\":\"ListItem\",\"position\":1,\"name\":\"Accueil\",\"item\":\"https:\/\/www.nettali.com\/\"},{\"@type\":\"ListItem\",\"position\":2,\"name\":\"PAR JEAN PIERRE MALOU &#8211; Vous aussi, Monsieur Hott\"}]},{\"@type\":\"Person\",\"@id\":\"https:\/\/www.nettali.com\/#\/schema\/person\/8a06c6bd7b19304cf4bf985862900b5b\",\"name\":\"Thierno Diop\",\"image\":{\"@type\":\"ImageObject\",\"@id\":\"https:\/\/www.nettali.com\/#personlogo\",\"inLanguage\":\"fr-FR\",\"url\":\"https:\/\/secure.gravatar.com\/avatar\/c8ca58550c94fd2ac856d27391a6c866?s=96&d=mm&r=g\",\"contentUrl\":\"https:\/\/secure.gravatar.com\/avatar\/c8ca58550c94fd2ac856d27391a6c866?s=96&d=mm&r=g\",\"caption\":\"Thierno Diop\"},\"sameAs\":[\"https:\/\/nettali.com\"]}]}<\/script>\n<!-- \/ Yoast SEO Premium plugin. -->","yoast_head_json":{"title":"PAR JEAN PIERRE MALOU - Vous aussi, Monsieur Hott | Nettali.com","robots":{"index":"index","follow":"follow","max-snippet":"max-snippet:-1","max-image-preview":"max-image-preview:large","max-video-preview":"max-video-preview:-1"},"canonical":"https:\/\/www.nettali.com\/2021\/09\/16\/par-jean-pierre-malou-vous-aussi-monsieur-hott\/","og_locale":"fr_FR","og_type":"article","og_title":"PAR JEAN PIERRE MALOU - Vous aussi, Monsieur Hott","og_description":"CONTRIBUTION - Les r\u00e9sultats de l\u2019enqu\u00eate harmonis\u00e9e sur les conditions de vie des m\u00e9nages r\u00e9alis\u00e9e par l\u2019Agence nationale de la statistique et de la d\u00e9mographie (Ansd), montrant en hausse la pauvret\u00e9 au S\u00e9n\u00e9gal, malgr\u00e9 les nombreux efforts de r\u00e9duction de la pauvret\u00e9 ont fait sortir le ministre de l\u2019Economie, du Plan et de coop\u00e9ration, Amadou [&hellip;]","og_url":"https:\/\/www.nettali.com\/2021\/09\/16\/par-jean-pierre-malou-vous-aussi-monsieur-hott\/","og_site_name":"Nettali.com","article_publisher":"https:\/\/www.facebook.com\/nettalicom","article_published_time":"2021-09-16T19:36:36+00:00","og_image":[{"width":620,"height":453,"url":"https:\/\/www.nettali.com\/wp-content\/uploads\/2019\/04\/Hott.jpg","type":"image\/jpeg"}],"twitter_card":"summary_large_image","twitter_misc":{"\u00c9crit par":"Thierno Diop","Dur\u00e9e de lecture estim\u00e9e":"4 minutes"},"schema":{"@context":"https:\/\/schema.org","@graph":[{"@type":"WebSite","@id":"https:\/\/www.nettali.com\/#website","url":"https:\/\/www.nettali.com\/","name":"Nettali.com","description":"Le rendez-vous critique du Net","potentialAction":[{"@type":"SearchAction","target":{"@type":"EntryPoint","urlTemplate":"https:\/\/www.nettali.com\/?s={search_term_string}"},"query-input":"required name=search_term_string"}],"inLanguage":"fr-FR"},{"@type":"ImageObject","@id":"https:\/\/www.nettali.com\/2021\/09\/16\/par-jean-pierre-malou-vous-aussi-monsieur-hott\/#primaryimage","inLanguage":"fr-FR","url":"https:\/\/www.nettali.com\/wp-content\/uploads\/2019\/04\/Hott.jpg","contentUrl":"https:\/\/www.nettali.com\/wp-content\/uploads\/2019\/04\/Hott.jpg","width":620,"height":453},{"@type":"WebPage","@id":"https:\/\/www.nettali.com\/2021\/09\/16\/par-jean-pierre-malou-vous-aussi-monsieur-hott\/#webpage","url":"https:\/\/www.nettali.com\/2021\/09\/16\/par-jean-pierre-malou-vous-aussi-monsieur-hott\/","name":"PAR JEAN PIERRE MALOU - Vous aussi, Monsieur Hott | Nettali.com","isPartOf":{"@id":"https:\/\/www.nettali.com\/#website"},"primaryImageOfPage":{"@id":"https:\/\/www.nettali.com\/2021\/09\/16\/par-jean-pierre-malou-vous-aussi-monsieur-hott\/#primaryimage"},"datePublished":"2021-09-16T19:36:36+00:00","dateModified":"2021-09-16T19:36:36+00:00","author":{"@id":"https:\/\/www.nettali.com\/#\/schema\/person\/8a06c6bd7b19304cf4bf985862900b5b"},"breadcrumb":{"@id":"https:\/\/www.nettali.com\/2021\/09\/16\/par-jean-pierre-malou-vous-aussi-monsieur-hott\/#breadcrumb"},"inLanguage":"fr-FR","potentialAction":[{"@type":"ReadAction","target":["https:\/\/www.nettali.com\/2021\/09\/16\/par-jean-pierre-malou-vous-aussi-monsieur-hott\/"]}]},{"@type":"BreadcrumbList","@id":"https:\/\/www.nettali.com\/2021\/09\/16\/par-jean-pierre-malou-vous-aussi-monsieur-hott\/#breadcrumb","itemListElement":[{"@type":"ListItem","position":1,"name":"Accueil","item":"https:\/\/www.nettali.com\/"},{"@type":"ListItem","position":2,"name":"PAR JEAN PIERRE MALOU &#8211; Vous aussi, Monsieur Hott"}]},{"@type":"Person","@id":"https:\/\/www.nettali.com\/#\/schema\/person\/8a06c6bd7b19304cf4bf985862900b5b","name":"Thierno Diop","image":{"@type":"ImageObject","@id":"https:\/\/www.nettali.com\/#personlogo","inLanguage":"fr-FR","url":"https:\/\/secure.gravatar.com\/avatar\/c8ca58550c94fd2ac856d27391a6c866?s=96&d=mm&r=g","contentUrl":"https:\/\/secure.gravatar.com\/avatar\/c8ca58550c94fd2ac856d27391a6c866?s=96&d=mm&r=g","caption":"Thierno Diop"},"sameAs":["https:\/\/nettali.com"]}]}},"_links":{"self":[{"href":"https:\/\/www.nettali.com\/rest\/wp\/v2\/posts\/72056"}],"collection":[{"href":"https:\/\/www.nettali.com\/rest\/wp\/v2\/posts"}],"about":[{"href":"https:\/\/www.nettali.com\/rest\/wp\/v2\/types\/post"}],"author":[{"embeddable":true,"href":"https:\/\/www.nettali.com\/rest\/wp\/v2\/users\/11"}],"replies":[{"embeddable":true,"href":"https:\/\/www.nettali.com\/rest\/wp\/v2\/comments?post=72056"}],"version-history":[{"count":1,"href":"https:\/\/www.nettali.com\/rest\/wp\/v2\/posts\/72056\/revisions"}],"predecessor-version":[{"id":72057,"href":"https:\/\/www.nettali.com\/rest\/wp\/v2\/posts\/72056\/revisions\/72057"}],"wp:featuredmedia":[{"embeddable":true,"href":"https:\/\/www.nettali.com\/rest\/wp\/v2\/media\/5607"}],"wp:attachment":[{"href":"https:\/\/www.nettali.com\/rest\/wp\/v2\/media?parent=72056"}],"wp:term":[{"taxonomy":"category","embeddable":true,"href":"https:\/\/www.nettali.com\/rest\/wp\/v2\/categories?post=72056"},{"taxonomy":"post_tag","embeddable":true,"href":"https:\/\/www.nettali.com\/rest\/wp\/v2\/tags?post=72056"}],"curies":[{"name":"wp","href":"https:\/\/api.w.org\/{rel}","templated":true}]}}