{"id":71957,"date":"2021-09-15T09:22:22","date_gmt":"2021-09-15T09:22:22","guid":{"rendered":"https:\/\/www.nettali.com\/?p=71957"},"modified":"2021-09-15T18:16:54","modified_gmt":"2021-09-15T18:16:54","slug":"stabilisation-des-prix-alimentaires-vague-et-imprecis-larrete-du-ministre-du-commerce-plombe-les-operations-de-controle","status":"publish","type":"post","link":"https:\/\/www.nettali.com\/2021\/09\/15\/stabilisation-des-prix-alimentaires-vague-et-imprecis-larrete-du-ministre-du-commerce-plombe-les-operations-de-controle\/","title":{"rendered":"STABILISATION DES PRIX ALIMENTAIRES - Vague et impr\u00e9cis, l\u2019arr\u00eat\u00e9 du ministre du Commerce plombe les op\u00e9rations de contr\u00f4le"},"content":{"rendered":"<p><strong>NETTALI.COM - Le 03 septembre 2021, le ministre du Commerce, Mme Assoma Aminata Diatta, a publi\u00e9 un arr\u00eat\u00e9 portant administration ou stabilisation des prix de l\u2019huile de palme raffin\u00e9e, du sucre cristallis\u00e9 et du riz bris\u00e9 non parfum\u00e9. Pour le cas du litre d\u2019huile (1.200 cfa), l\u2019Etat a cibl\u00e9 les f\u00fbts en vrac qui, malheureusement, ne sont pratiquement plus utilis\u00e9s dans les boutiques. D\u2019o\u00f9 les interpr\u00e9tations tr\u00e8s \u00e9lastiques que permet le communiqu\u00e9 confus et laconique du ministre du Commerce. Un arr\u00eat\u00e9 qui plombe sur le terrain le travail des contr\u00f4leurs des prix.<\/strong><\/p>\n<p><strong>\u00a0<\/strong>Depuis quelques semaines, les consommateurs subissent une hausse brutale et exag\u00e9r\u00e9e des prix des denr\u00e9es alimentaires. C\u2019est comme si les boutiquiers se sont pass\u00e9s le mot d\u2019ordre puisque le litre d\u2019huile raffin\u00e9e en bouteille qui doit normalement co\u00fbter 1.200 cfa est partout vendu \u00e0 1.500 cfa voire 1600 cfa. Soit une hausse de 300 \u00e0 400 francs par litre ! Quant \u00e0 la dosette d\u2019huile (250 ml), elle est vendue \u00e0 400 cfa alors pourtant que son prix est officiellement plafonn\u00e9 \u00e0 350 cfa. La bouteille de gaz butane (6 kg) n\u2019est pas \u00e9pargn\u00e9e par les commer\u00e7ants v\u00e9reux. Bien que son prix soit fix\u00e9 \u00e0 2885 cfa par l\u2019Etat, elle ne peut pas \u00eatre obtenue \u00e0 moins de 3.000 cfa etc. Sans oublier le riz ordinaire, le sucre cristallis\u00e9 etc. Face \u00e0 ces hausses exag\u00e9r\u00e9es qui font monter la col\u00e8re sociale, le minist\u00e8re du Commerce a rendu public un arr\u00eat\u00e9 portant administration voire stabilisation des prix de l\u2019huile de palme raffin\u00e9e, du sucre cristallis\u00e9 et du riz bris\u00e9 non parfum\u00e9. Des prix applicables dans la r\u00e9gion de Dakar et qui se pr\u00e9sentent comme suit : Prix du riz bris\u00e9 non parfum\u00e9 : 300 Fcfa\/Kg ; Huile de palme raffin\u00e9e : 1200 Fcfa\/litre ; Dosette de 250 ml : 350 Fcfa\/dosette ; Sucre cristallis\u00e9 : 600 Fcfa \/ Kg ; Gaz butane 2,7 kg : 1270 Fcfa en prix grossiste et 1305 Fcfa en d\u00e9tail ; Gaz butane 6 kg : 2885 Fcfa en d\u00e9tail etc.<\/p>\n<p>Toujours son communiqu\u00e9, le ministre du Commerce, Mme Assoma Aminata Diatta, a tenu \u00e0 pr\u00e9ciser que les commer\u00e7ants d\u00e9taillants doivent publier les prix ainsi fix\u00e9s de fa\u00e7on visible et lisible pour les consommateurs par tout moyen appropri\u00e9 notamment le marquage, l\u2019\u00e9tiquetage et l\u2019affichage. \u00ab Les infractions au pr\u00e9sent arr\u00eat\u00e9 sont sanctionn\u00e9es conform\u00e9ment aux dispositions de la loi n\u00b0 2021-25 du 25 avril 2021 sur les prix et la protection du consommateur. Le Directeur du Commerce int\u00e9rieur et les Gouverneurs de r\u00e9gion, sont charg\u00e9s, chacun en ce qui le concerne, de l\u2019ex\u00e9cution du pr\u00e9sent arr\u00eat\u00e9 qui sera publi\u00e9 partout o\u00f9 besoin il y en a \u00bb lit-on dans l\u2019arr\u00eat\u00e9 minist\u00e9riel.<\/p>\n<p><strong>La d\u00e9fiance des commer\u00e7ants<\/strong><\/p>\n<p>D\u00e8s le lendemain de la publication de ce texte, les braves contr\u00f4leurs des prix ont investi les boutiques et march\u00e9s de la r\u00e9gion de Dakar pour faire ex\u00e9cuter l\u2019arr\u00eat\u00e9 minist\u00e9riel. Et surtout pour traquer les commer\u00e7ants r\u00e9calcitrants pour leur faire rendre gorge. Une semaine apr\u00e8s le d\u00e9but des op\u00e9rations de controle des tarifs, des agents du Contr\u00f4le \u00e9conomique contact\u00e9s par \u00ab Le T\u00e9moin \u00bb s\u2019accordent \u00e0 d\u00e9plorer que la montagne de stabilisation des prix tant annonc\u00e9e par le ministre du Commerce ait malheureusement accouch\u00e9 d\u2019une souris. Pis, une souris qui continue encore de grignoter le panier de la m\u00e9nag\u00e8re. Au banc des accus\u00e9, un arr\u00eat\u00e9 minist\u00e9riel jug\u00e9 confus et laconique aux multiples interpr\u00e9tations qui ne s\u2019accorde pas avec la r\u00e9alit\u00e9 des rayons. Selon un contr\u00f4leur des prix, le litre d\u2019huile en vrac dont parle le minist\u00e8re du Commerce ne se vend plus dans les boutiques de Dakar et d\u2019ailleurs \u2014 ce que nous avons pu v\u00e9rifier du reste. \u00ab Mme le ministre a d\u00fb oublier que les f\u00fbts en vrac de 200 litres de la Sonacos dot\u00e9s d\u2019une pompe de mesure n\u2019existent plus dans les boutiques. Elles y \u00e9taient dans les ann\u00e9es 70 et 80 ! Aujourd\u2019hui, les huiles alimentaires raffin\u00e9es sont reconditionn\u00e9es dans des bouteilles et revendues entre 1.500 et 1.600 cfa\/litre. Donc, ce sont les huiles en bouteilles plastiques de grande consommation que l\u2019arr\u00eat\u00e9 minist\u00e9riel devait cibler dans sa politique de stabilisation contre la hausse. L\u2019arr\u00eat\u00e9 du ministre devait pr\u00e9ciser clairement huile en vrac et huile en bouteilles. M\u00eame si l\u2019huile en vrac ne se vend plus depuis belle lurette ! \u00bb explique notre contr\u00f4leur des prix. Notre interlocuteur d\u00e9plore un communiqu\u00e9 aux termes vagues derri\u00e8re lequel se refugient les boutiquiers v\u00e9reux pour continuer \u00e0 vendre plus cher la bouteille d\u2019huile entre 1.500 cfa\/litre et 1.600 cfa\/litre alors qu\u2019elle est officiellement fix\u00e9e \u00e0 1.200 cfa. \u00ab Nous avons proc\u00e9d\u00e9 \u00e0 d\u2019importantes saisies de bonbonnes de gaz butane pour hausse mais seule l\u2019huile nous pose probl\u00e8me et freine nos op\u00e9rations de contr\u00f4le et de saisie \u00bb confie un autre agent du Contr\u00f4le \u00e9conomique.<\/p>\n<p>Comme le faisait le pr\u00e9sident gabonais Ali Bongo Ondimba \u00e0 Libreville, le pr\u00e9sident Macky Sall doit faire des visites inopin\u00e9es dans les boutiques et commerces de Dakar afin de v\u00e9rifier si sa politique de stabilisation des prix des denr\u00e9es alimentaires a connu ou pas un impact global. Il se rendrait alors compte que les consommateurs s\u00e9n\u00e9galais sont pris en otages tarifaires par les boutiquiers de leurs quartiers. Dans ces conditions, \u00e9videmment, la col\u00e8re sociale qui pousse des mouvements citoyens \u00e0 manifester contre la chert\u00e9 de la vie serait parfaitement justifi\u00e9e. Car malheureusement, l\u2019arr\u00eat\u00e9 du ministre du Commerce, Mme Assoma Aminata Diatta, n\u2019a pas contribu\u00e9 \u00e0 clarifier les choses ! Au contraire, de par son caract\u00e8re impr\u00e9cis, il fait l\u2019affaire des commer\u00e7ants v\u00e9reux\u2026<\/p>\n<p>(Avec Enqu\u00eate)<\/p>\n<div class='share-to-whatsapp-wrapper'><div class='share-on-whsp'>PARTAGER SUR : <\/div><a data-text='STABILISATION DES PRIX ALIMENTAIRES - Vague et impr\u00e9cis, l\u2019arr\u00eat\u00e9 du ministre du Commerce plombe les op\u00e9rations de contr\u00f4le' data-link='https:\/\/www.nettali.com\/2021\/09\/15\/stabilisation-des-prix-alimentaires-vague-et-imprecis-larrete-du-ministre-du-commerce-plombe-les-operations-de-controle\/' class='whatsapp-button whatsapp-share'>WhatsApp<\/a><div class='clear '><\/div><\/div>","protected":false},"excerpt":{"rendered":"<p>NETTALI.COM - Le 03 septembre 2021, le ministre du Commerce, Mme Assoma Aminata Diatta, a publi\u00e9 un arr\u00eat\u00e9 portant administration ou stabilisation des prix de l\u2019huile de palme raffin\u00e9e, du sucre cristallis\u00e9 et du riz bris\u00e9 non parfum\u00e9. Pour le cas du litre d\u2019huile (1.200 cfa), l\u2019Etat a cibl\u00e9 les f\u00fbts en vrac qui, malheureusement, [&hellip;]<\/p>\n","protected":false},"author":11,"featured_media":31531,"comment_status":"open","ping_status":"open","sticky":false,"template":"","format":"standard","meta":{"_et_pb_use_builder":"","_et_pb_old_content":""},"categories":[3],"tags":[],"yoast_head":"<!-- This site is optimized with the Yoast SEO Premium plugin v17.8 (Yoast SEO v17.8) - https:\/\/yoast.com\/wordpress\/plugins\/seo\/ -->\n<title>STABILISATION DES PRIX ALIMENTAIRES - Vague et impr\u00e9cis, l\u2019arr\u00eat\u00e9 du ministre du Commerce plombe les op\u00e9rations de contr\u00f4le | Nettali.com<\/title>\n<meta name=\"robots\" content=\"index, follow, max-snippet:-1, max-image-preview:large, max-video-preview:-1\" \/>\n<link rel=\"canonical\" href=\"https:\/\/www.nettali.com\/2021\/09\/15\/stabilisation-des-prix-alimentaires-vague-et-imprecis-larrete-du-ministre-du-commerce-plombe-les-operations-de-controle\/\" \/>\n<meta property=\"og:locale\" content=\"fr_FR\" \/>\n<meta property=\"og:type\" content=\"article\" \/>\n<meta property=\"og:title\" content=\"STABILISATION DES PRIX ALIMENTAIRES - Vague et impr\u00e9cis, l\u2019arr\u00eat\u00e9 du ministre du Commerce plombe les op\u00e9rations de contr\u00f4le\" \/>\n<meta property=\"og:description\" content=\"NETTALI.COM - Le 03 septembre 2021, le ministre du Commerce, Mme Assoma Aminata Diatta, a publi\u00e9 un arr\u00eat\u00e9 portant administration ou stabilisation des prix de l\u2019huile de palme raffin\u00e9e, du sucre cristallis\u00e9 et du riz bris\u00e9 non parfum\u00e9. Pour le cas du litre d\u2019huile (1.200 cfa), l\u2019Etat a cibl\u00e9 les f\u00fbts en vrac qui, malheureusement, [&hellip;]\" \/>\n<meta property=\"og:url\" content=\"https:\/\/www.nettali.com\/2021\/09\/15\/stabilisation-des-prix-alimentaires-vague-et-imprecis-larrete-du-ministre-du-commerce-plombe-les-operations-de-controle\/\" \/>\n<meta property=\"og:site_name\" content=\"Nettali.com\" \/>\n<meta property=\"article:publisher\" content=\"https:\/\/www.facebook.com\/nettalicom\" \/>\n<meta property=\"article:published_time\" content=\"2021-09-15T09:22:22+00:00\" \/>\n<meta property=\"article:modified_time\" content=\"2021-09-15T18:16:54+00:00\" \/>\n<meta property=\"og:image\" content=\"https:\/\/www.nettali.com\/wp-content\/uploads\/2020\/03\/Aminata-Assome-Diatta.jpg\" \/>\n\t<meta property=\"og:image:width\" content=\"650\" \/>\n\t<meta property=\"og:image:height\" content=\"377\" \/>\n<meta name=\"twitter:card\" content=\"summary_large_image\" \/>\n<meta name=\"twitter:label1\" content=\"\u00c9crit par\" \/>\n\t<meta name=\"twitter:data1\" content=\"Thierno Diop\" \/>\n\t<meta name=\"twitter:label2\" content=\"Dur\u00e9e de lecture estim\u00e9e\" \/>\n\t<meta name=\"twitter:data2\" content=\"4 minutes\" \/>\n<script type=\"application\/ld+json\" class=\"yoast-schema-graph\">{\"@context\":\"https:\/\/schema.org\",\"@graph\":[{\"@type\":\"WebSite\",\"@id\":\"https:\/\/www.nettali.com\/#website\",\"url\":\"https:\/\/www.nettali.com\/\",\"name\":\"Nettali.com\",\"description\":\"Le rendez-vous critique du Net\",\"potentialAction\":[{\"@type\":\"SearchAction\",\"target\":{\"@type\":\"EntryPoint\",\"urlTemplate\":\"https:\/\/www.nettali.com\/?s={search_term_string}\"},\"query-input\":\"required name=search_term_string\"}],\"inLanguage\":\"fr-FR\"},{\"@type\":\"ImageObject\",\"@id\":\"https:\/\/www.nettali.com\/2021\/09\/15\/stabilisation-des-prix-alimentaires-vague-et-imprecis-larrete-du-ministre-du-commerce-plombe-les-operations-de-controle\/#primaryimage\",\"inLanguage\":\"fr-FR\",\"url\":\"https:\/\/www.nettali.com\/wp-content\/uploads\/2020\/03\/Aminata-Assome-Diatta.jpg\",\"contentUrl\":\"https:\/\/www.nettali.com\/wp-content\/uploads\/2020\/03\/Aminata-Assome-Diatta.jpg\",\"width\":650,\"height\":377},{\"@type\":\"WebPage\",\"@id\":\"https:\/\/www.nettali.com\/2021\/09\/15\/stabilisation-des-prix-alimentaires-vague-et-imprecis-larrete-du-ministre-du-commerce-plombe-les-operations-de-controle\/#webpage\",\"url\":\"https:\/\/www.nettali.com\/2021\/09\/15\/stabilisation-des-prix-alimentaires-vague-et-imprecis-larrete-du-ministre-du-commerce-plombe-les-operations-de-controle\/\",\"name\":\"STABILISATION DES PRIX ALIMENTAIRES - Vague et impr\\u00e9cis, l\\u2019arr\\u00eat\\u00e9 du ministre du Commerce plombe les op\\u00e9rations de contr\\u00f4le | Nettali.com\",\"isPartOf\":{\"@id\":\"https:\/\/www.nettali.com\/#website\"},\"primaryImageOfPage\":{\"@id\":\"https:\/\/www.nettali.com\/2021\/09\/15\/stabilisation-des-prix-alimentaires-vague-et-imprecis-larrete-du-ministre-du-commerce-plombe-les-operations-de-controle\/#primaryimage\"},\"datePublished\":\"2021-09-15T09:22:22+00:00\",\"dateModified\":\"2021-09-15T18:16:54+00:00\",\"author\":{\"@id\":\"https:\/\/www.nettali.com\/#\/schema\/person\/8a06c6bd7b19304cf4bf985862900b5b\"},\"breadcrumb\":{\"@id\":\"https:\/\/www.nettali.com\/2021\/09\/15\/stabilisation-des-prix-alimentaires-vague-et-imprecis-larrete-du-ministre-du-commerce-plombe-les-operations-de-controle\/#breadcrumb\"},\"inLanguage\":\"fr-FR\",\"potentialAction\":[{\"@type\":\"ReadAction\",\"target\":[\"https:\/\/www.nettali.com\/2021\/09\/15\/stabilisation-des-prix-alimentaires-vague-et-imprecis-larrete-du-ministre-du-commerce-plombe-les-operations-de-controle\/\"]}]},{\"@type\":\"BreadcrumbList\",\"@id\":\"https:\/\/www.nettali.com\/2021\/09\/15\/stabilisation-des-prix-alimentaires-vague-et-imprecis-larrete-du-ministre-du-commerce-plombe-les-operations-de-controle\/#breadcrumb\",\"itemListElement\":[{\"@type\":\"ListItem\",\"position\":1,\"name\":\"Accueil\",\"item\":\"https:\/\/www.nettali.com\/\"},{\"@type\":\"ListItem\",\"position\":2,\"name\":\"STABILISATION DES PRIX ALIMENTAIRES &#8211; Vague et impr\\u00e9cis, l\\u2019arr\\u00eat\\u00e9 du ministre du Commerce plombe les op\\u00e9rations de contr\\u00f4le\"}]},{\"@type\":\"Person\",\"@id\":\"https:\/\/www.nettali.com\/#\/schema\/person\/8a06c6bd7b19304cf4bf985862900b5b\",\"name\":\"Thierno Diop\",\"image\":{\"@type\":\"ImageObject\",\"@id\":\"https:\/\/www.nettali.com\/#personlogo\",\"inLanguage\":\"fr-FR\",\"url\":\"https:\/\/secure.gravatar.com\/avatar\/c8ca58550c94fd2ac856d27391a6c866?s=96&d=mm&r=g\",\"contentUrl\":\"https:\/\/secure.gravatar.com\/avatar\/c8ca58550c94fd2ac856d27391a6c866?s=96&d=mm&r=g\",\"caption\":\"Thierno Diop\"},\"sameAs\":[\"https:\/\/nettali.com\"]}]}<\/script>\n<!-- \/ Yoast SEO Premium plugin. -->","yoast_head_json":{"title":"STABILISATION DES PRIX ALIMENTAIRES - Vague et impr\u00e9cis, l\u2019arr\u00eat\u00e9 du ministre du Commerce plombe les op\u00e9rations de contr\u00f4le | Nettali.com","robots":{"index":"index","follow":"follow","max-snippet":"max-snippet:-1","max-image-preview":"max-image-preview:large","max-video-preview":"max-video-preview:-1"},"canonical":"https:\/\/www.nettali.com\/2021\/09\/15\/stabilisation-des-prix-alimentaires-vague-et-imprecis-larrete-du-ministre-du-commerce-plombe-les-operations-de-controle\/","og_locale":"fr_FR","og_type":"article","og_title":"STABILISATION DES PRIX ALIMENTAIRES - Vague et impr\u00e9cis, l\u2019arr\u00eat\u00e9 du ministre du Commerce plombe les op\u00e9rations de contr\u00f4le","og_description":"NETTALI.COM - Le 03 septembre 2021, le ministre du Commerce, Mme Assoma Aminata Diatta, a publi\u00e9 un arr\u00eat\u00e9 portant administration ou stabilisation des prix de l\u2019huile de palme raffin\u00e9e, du sucre cristallis\u00e9 et du riz bris\u00e9 non parfum\u00e9. Pour le cas du litre d\u2019huile (1.200 cfa), l\u2019Etat a cibl\u00e9 les f\u00fbts en vrac qui, malheureusement, [&hellip;]","og_url":"https:\/\/www.nettali.com\/2021\/09\/15\/stabilisation-des-prix-alimentaires-vague-et-imprecis-larrete-du-ministre-du-commerce-plombe-les-operations-de-controle\/","og_site_name":"Nettali.com","article_publisher":"https:\/\/www.facebook.com\/nettalicom","article_published_time":"2021-09-15T09:22:22+00:00","article_modified_time":"2021-09-15T18:16:54+00:00","og_image":[{"width":650,"height":377,"url":"https:\/\/www.nettali.com\/wp-content\/uploads\/2020\/03\/Aminata-Assome-Diatta.jpg","type":"image\/jpeg"}],"twitter_card":"summary_large_image","twitter_misc":{"\u00c9crit par":"Thierno Diop","Dur\u00e9e de lecture estim\u00e9e":"4 minutes"},"schema":{"@context":"https:\/\/schema.org","@graph":[{"@type":"WebSite","@id":"https:\/\/www.nettali.com\/#website","url":"https:\/\/www.nettali.com\/","name":"Nettali.com","description":"Le rendez-vous critique du Net","potentialAction":[{"@type":"SearchAction","target":{"@type":"EntryPoint","urlTemplate":"https:\/\/www.nettali.com\/?s={search_term_string}"},"query-input":"required name=search_term_string"}],"inLanguage":"fr-FR"},{"@type":"ImageObject","@id":"https:\/\/www.nettali.com\/2021\/09\/15\/stabilisation-des-prix-alimentaires-vague-et-imprecis-larrete-du-ministre-du-commerce-plombe-les-operations-de-controle\/#primaryimage","inLanguage":"fr-FR","url":"https:\/\/www.nettali.com\/wp-content\/uploads\/2020\/03\/Aminata-Assome-Diatta.jpg","contentUrl":"https:\/\/www.nettali.com\/wp-content\/uploads\/2020\/03\/Aminata-Assome-Diatta.jpg","width":650,"height":377},{"@type":"WebPage","@id":"https:\/\/www.nettali.com\/2021\/09\/15\/stabilisation-des-prix-alimentaires-vague-et-imprecis-larrete-du-ministre-du-commerce-plombe-les-operations-de-controle\/#webpage","url":"https:\/\/www.nettali.com\/2021\/09\/15\/stabilisation-des-prix-alimentaires-vague-et-imprecis-larrete-du-ministre-du-commerce-plombe-les-operations-de-controle\/","name":"STABILISATION DES PRIX ALIMENTAIRES - Vague et impr\u00e9cis, l\u2019arr\u00eat\u00e9 du ministre du Commerce plombe les op\u00e9rations de contr\u00f4le | Nettali.com","isPartOf":{"@id":"https:\/\/www.nettali.com\/#website"},"primaryImageOfPage":{"@id":"https:\/\/www.nettali.com\/2021\/09\/15\/stabilisation-des-prix-alimentaires-vague-et-imprecis-larrete-du-ministre-du-commerce-plombe-les-operations-de-controle\/#primaryimage"},"datePublished":"2021-09-15T09:22:22+00:00","dateModified":"2021-09-15T18:16:54+00:00","author":{"@id":"https:\/\/www.nettali.com\/#\/schema\/person\/8a06c6bd7b19304cf4bf985862900b5b"},"breadcrumb":{"@id":"https:\/\/www.nettali.com\/2021\/09\/15\/stabilisation-des-prix-alimentaires-vague-et-imprecis-larrete-du-ministre-du-commerce-plombe-les-operations-de-controle\/#breadcrumb"},"inLanguage":"fr-FR","potentialAction":[{"@type":"ReadAction","target":["https:\/\/www.nettali.com\/2021\/09\/15\/stabilisation-des-prix-alimentaires-vague-et-imprecis-larrete-du-ministre-du-commerce-plombe-les-operations-de-controle\/"]}]},{"@type":"BreadcrumbList","@id":"https:\/\/www.nettali.com\/2021\/09\/15\/stabilisation-des-prix-alimentaires-vague-et-imprecis-larrete-du-ministre-du-commerce-plombe-les-operations-de-controle\/#breadcrumb","itemListElement":[{"@type":"ListItem","position":1,"name":"Accueil","item":"https:\/\/www.nettali.com\/"},{"@type":"ListItem","position":2,"name":"STABILISATION DES PRIX ALIMENTAIRES &#8211; Vague et impr\u00e9cis, l\u2019arr\u00eat\u00e9 du ministre du Commerce plombe les op\u00e9rations de contr\u00f4le"}]},{"@type":"Person","@id":"https:\/\/www.nettali.com\/#\/schema\/person\/8a06c6bd7b19304cf4bf985862900b5b","name":"Thierno Diop","image":{"@type":"ImageObject","@id":"https:\/\/www.nettali.com\/#personlogo","inLanguage":"fr-FR","url":"https:\/\/secure.gravatar.com\/avatar\/c8ca58550c94fd2ac856d27391a6c866?s=96&d=mm&r=g","contentUrl":"https:\/\/secure.gravatar.com\/avatar\/c8ca58550c94fd2ac856d27391a6c866?s=96&d=mm&r=g","caption":"Thierno Diop"},"sameAs":["https:\/\/nettali.com"]}]}},"_links":{"self":[{"href":"https:\/\/www.nettali.com\/rest\/wp\/v2\/posts\/71957"}],"collection":[{"href":"https:\/\/www.nettali.com\/rest\/wp\/v2\/posts"}],"about":[{"href":"https:\/\/www.nettali.com\/rest\/wp\/v2\/types\/post"}],"author":[{"embeddable":true,"href":"https:\/\/www.nettali.com\/rest\/wp\/v2\/users\/11"}],"replies":[{"embeddable":true,"href":"https:\/\/www.nettali.com\/rest\/wp\/v2\/comments?post=71957"}],"version-history":[{"count":1,"href":"https:\/\/www.nettali.com\/rest\/wp\/v2\/posts\/71957\/revisions"}],"predecessor-version":[{"id":71958,"href":"https:\/\/www.nettali.com\/rest\/wp\/v2\/posts\/71957\/revisions\/71958"}],"wp:featuredmedia":[{"embeddable":true,"href":"https:\/\/www.nettali.com\/rest\/wp\/v2\/media\/31531"}],"wp:attachment":[{"href":"https:\/\/www.nettali.com\/rest\/wp\/v2\/media?parent=71957"}],"wp:term":[{"taxonomy":"category","embeddable":true,"href":"https:\/\/www.nettali.com\/rest\/wp\/v2\/categories?post=71957"},{"taxonomy":"post_tag","embeddable":true,"href":"https:\/\/www.nettali.com\/rest\/wp\/v2\/tags?post=71957"}],"curies":[{"name":"wp","href":"https:\/\/api.w.org\/{rel}","templated":true}]}}