{"id":71864,"date":"2021-09-13T23:06:32","date_gmt":"2021-09-13T23:06:32","guid":{"rendered":"https:\/\/www.nettali.com\/?p=71864"},"modified":"2021-09-14T09:21:16","modified_gmt":"2021-09-14T09:21:16","slug":"trafic-presume-visas-retour-de-parquet-pour-kilifeu-simon-et-thier","status":"publish","type":"post","link":"https:\/\/www.nettali.com\/2021\/09\/13\/trafic-presume-visas-retour-de-parquet-pour-kilifeu-simon-et-thier\/","title":{"rendered":"TRAFIC PRESUME DE VISAS - Retour de parquet pour Kilifeu, Simon et Thier"},"content":{"rendered":"<p><strong>NETTALI.COM - Pr\u00e9sent\u00e9s au parquet ce lundi matin dans le cadre de l'enqu\u00eate sur le trafic pr\u00e9sum\u00e9 de visas, les rappeurs Kilifeu et Simon et leur ami Thier ont b\u00e9n\u00e9fici\u00e9 d'un retour de parquet.<\/strong><\/p>\n<p>Les rappeurs Kilifeu et Simon ne se sont pas tir\u00e9s d'affaire. Selon leurs avocats, ils b\u00e9n\u00e9ficieront d\u2019un retour de parquet. Ils seront donc renvoy\u00e9s au commissariat central de Dakar o\u00f9 ils \u00e9taient en garde-\u00e0-vue.<\/p>\n<p>Rappelons que l'affaire Kilifeu contre Thier est loin de r\u00e9v\u00e9ler tous ses secrets. Alors qu\u2019on croyait que le \"bourreau\", de son vrai nom Amadou Thierno Diallo, avait \u00e9puis\u00e9 ses cartouches en d\u00e9voilant des vid\u00e9os explosives, il a d\u00e9gain\u00e9 contre d\u2019autres figures du mouvement \"Y en a marre\". Simon et Thiat ont \u00e9t\u00e9 invit\u00e9s dans la cause, pour des motifs bien diff\u00e9rents de ceux invoqu\u00e9s contre leur compagnon de guerre.<\/p>\n<p>A Simon, il est reproch\u00e9 d\u2019avoir \"<em>lou\u00e9\"<\/em> son passeport fran\u00e7ais, plusieurs fois, \u00e0 Thier, moyennant des sommes variant entre 2 et 3 millions de francs Cfa.<\/p>\n<p>Cit\u00e9 dans cette affaire, le rappeur Cyril Tour\u00e9 alias \"<em>Thiat\"<\/em> a \u00e9t\u00e9 entendu, vendredi dernier, avant d\u2019\u00eatre lib\u00e9r\u00e9.<\/p>\n<div class='share-to-whatsapp-wrapper'><div class='share-on-whsp'>PARTAGER SUR : <\/div><a data-text='TRAFIC PRESUME DE VISAS - Retour de parquet pour Kilifeu, Simon et Thier' data-link='https:\/\/www.nettali.com\/2021\/09\/13\/trafic-presume-visas-retour-de-parquet-pour-kilifeu-simon-et-thier\/' class='whatsapp-button whatsapp-share'>WhatsApp<\/a><div class='clear '><\/div><\/div>","protected":false},"excerpt":{"rendered":"<p>NETTALI.COM - Pr\u00e9sent\u00e9s au parquet ce lundi matin dans le cadre de l'enqu\u00eate sur le trafic pr\u00e9sum\u00e9 de visas, les rappeurs Kilifeu et Simon et leur ami Thier ont b\u00e9n\u00e9fici\u00e9 d'un retour de parquet. Les rappeurs Kilifeu et Simon ne se sont pas tir\u00e9s d'affaire. Selon leurs avocats, ils b\u00e9n\u00e9ficieront d\u2019un retour de parquet. Ils [&hellip;]<\/p>\n","protected":false},"author":5,"featured_media":71865,"comment_status":"open","ping_status":"open","sticky":false,"template":"","format":"standard","meta":{"_et_pb_use_builder":"","_et_pb_old_content":""},"categories":[3],"tags":[],"yoast_head":"<!-- This site is optimized with the Yoast SEO Premium plugin v17.8 (Yoast SEO v17.8) - https:\/\/yoast.com\/wordpress\/plugins\/seo\/ -->\n<title>TRAFIC PRESUME DE VISAS - Retour de parquet pour Kilifeu, Simon et Thier | Nettali.com<\/title>\n<meta name=\"robots\" content=\"index, follow, max-snippet:-1, max-image-preview:large, max-video-preview:-1\" \/>\n<link rel=\"canonical\" href=\"https:\/\/www.nettali.com\/2021\/09\/13\/trafic-presume-visas-retour-de-parquet-pour-kilifeu-simon-et-thier\/\" \/>\n<meta property=\"og:locale\" content=\"fr_FR\" \/>\n<meta property=\"og:type\" content=\"article\" \/>\n<meta property=\"og:title\" content=\"TRAFIC PRESUME DE VISAS - Retour de parquet pour Kilifeu, Simon et Thier\" \/>\n<meta property=\"og:description\" content=\"NETTALI.COM - Pr\u00e9sent\u00e9s au parquet ce lundi matin dans le cadre de l&#039;enqu\u00eate sur le trafic pr\u00e9sum\u00e9 de visas, les rappeurs Kilifeu et Simon et leur ami Thier ont b\u00e9n\u00e9fici\u00e9 d&#039;un retour de parquet. Les rappeurs Kilifeu et Simon ne se sont pas tir\u00e9s d&#039;affaire. Selon leurs avocats, ils b\u00e9n\u00e9ficieront d\u2019un retour de parquet. Ils [&hellip;]\" \/>\n<meta property=\"og:url\" content=\"https:\/\/www.nettali.com\/2021\/09\/13\/trafic-presume-visas-retour-de-parquet-pour-kilifeu-simon-et-thier\/\" \/>\n<meta property=\"og:site_name\" content=\"Nettali.com\" \/>\n<meta property=\"article:publisher\" content=\"https:\/\/www.facebook.com\/nettalicom\" \/>\n<meta property=\"article:published_time\" content=\"2021-09-13T23:06:32+00:00\" \/>\n<meta property=\"article:modified_time\" content=\"2021-09-14T09:21:16+00:00\" \/>\n<meta property=\"og:image\" content=\"https:\/\/www.nettali.com\/wp-content\/uploads\/2021\/09\/simon-kilifeu_1.jpeg\" \/>\n\t<meta property=\"og:image:width\" content=\"696\" \/>\n\t<meta property=\"og:image:height\" content=\"404\" \/>\n<meta name=\"twitter:card\" content=\"summary_large_image\" \/>\n<meta name=\"twitter:label1\" content=\"\u00c9crit par\" \/>\n\t<meta name=\"twitter:data1\" content=\"Ibrahima\" \/>\n\t<meta name=\"twitter:label2\" content=\"Dur\u00e9e de lecture estim\u00e9e\" \/>\n\t<meta name=\"twitter:data2\" content=\"1 minute\" \/>\n<script type=\"application\/ld+json\" class=\"yoast-schema-graph\">{\"@context\":\"https:\/\/schema.org\",\"@graph\":[{\"@type\":\"WebSite\",\"@id\":\"https:\/\/www.nettali.com\/#website\",\"url\":\"https:\/\/www.nettali.com\/\",\"name\":\"Nettali.com\",\"description\":\"Le rendez-vous critique du Net\",\"potentialAction\":[{\"@type\":\"SearchAction\",\"target\":{\"@type\":\"EntryPoint\",\"urlTemplate\":\"https:\/\/www.nettali.com\/?s={search_term_string}\"},\"query-input\":\"required name=search_term_string\"}],\"inLanguage\":\"fr-FR\"},{\"@type\":\"ImageObject\",\"@id\":\"https:\/\/www.nettali.com\/2021\/09\/13\/trafic-presume-visas-retour-de-parquet-pour-kilifeu-simon-et-thier\/#primaryimage\",\"inLanguage\":\"fr-FR\",\"url\":\"https:\/\/www.nettali.com\/wp-content\/uploads\/2021\/09\/simon-kilifeu_1.jpeg\",\"contentUrl\":\"https:\/\/www.nettali.com\/wp-content\/uploads\/2021\/09\/simon-kilifeu_1.jpeg\",\"width\":696,\"height\":404},{\"@type\":\"WebPage\",\"@id\":\"https:\/\/www.nettali.com\/2021\/09\/13\/trafic-presume-visas-retour-de-parquet-pour-kilifeu-simon-et-thier\/#webpage\",\"url\":\"https:\/\/www.nettali.com\/2021\/09\/13\/trafic-presume-visas-retour-de-parquet-pour-kilifeu-simon-et-thier\/\",\"name\":\"TRAFIC PRESUME DE VISAS - Retour de parquet pour Kilifeu, Simon et Thier | Nettali.com\",\"isPartOf\":{\"@id\":\"https:\/\/www.nettali.com\/#website\"},\"primaryImageOfPage\":{\"@id\":\"https:\/\/www.nettali.com\/2021\/09\/13\/trafic-presume-visas-retour-de-parquet-pour-kilifeu-simon-et-thier\/#primaryimage\"},\"datePublished\":\"2021-09-13T23:06:32+00:00\",\"dateModified\":\"2021-09-14T09:21:16+00:00\",\"author\":{\"@id\":\"https:\/\/www.nettali.com\/#\/schema\/person\/bb147657c2986240405a608162b9bb23\"},\"breadcrumb\":{\"@id\":\"https:\/\/www.nettali.com\/2021\/09\/13\/trafic-presume-visas-retour-de-parquet-pour-kilifeu-simon-et-thier\/#breadcrumb\"},\"inLanguage\":\"fr-FR\",\"potentialAction\":[{\"@type\":\"ReadAction\",\"target\":[\"https:\/\/www.nettali.com\/2021\/09\/13\/trafic-presume-visas-retour-de-parquet-pour-kilifeu-simon-et-thier\/\"]}]},{\"@type\":\"BreadcrumbList\",\"@id\":\"https:\/\/www.nettali.com\/2021\/09\/13\/trafic-presume-visas-retour-de-parquet-pour-kilifeu-simon-et-thier\/#breadcrumb\",\"itemListElement\":[{\"@type\":\"ListItem\",\"position\":1,\"name\":\"Accueil\",\"item\":\"https:\/\/www.nettali.com\/\"},{\"@type\":\"ListItem\",\"position\":2,\"name\":\"TRAFIC PRESUME DE VISAS &#8211; Retour de parquet pour Kilifeu, Simon et Thier\"}]},{\"@type\":\"Person\",\"@id\":\"https:\/\/www.nettali.com\/#\/schema\/person\/bb147657c2986240405a608162b9bb23\",\"name\":\"Ibrahima\",\"image\":{\"@type\":\"ImageObject\",\"@id\":\"https:\/\/www.nettali.com\/#personlogo\",\"inLanguage\":\"fr-FR\",\"url\":\"https:\/\/secure.gravatar.com\/avatar\/26a8a81f09f0dd7624c9d5c36c9ba3a2?s=96&d=mm&r=g\",\"contentUrl\":\"https:\/\/secure.gravatar.com\/avatar\/26a8a81f09f0dd7624c9d5c36c9ba3a2?s=96&d=mm&r=g\",\"caption\":\"Ibrahima\"},\"sameAs\":[\"https:\/\/www.nettali.com\"]}]}<\/script>\n<!-- \/ Yoast SEO Premium plugin. -->","yoast_head_json":{"title":"TRAFIC PRESUME DE VISAS - Retour de parquet pour Kilifeu, Simon et Thier | Nettali.com","robots":{"index":"index","follow":"follow","max-snippet":"max-snippet:-1","max-image-preview":"max-image-preview:large","max-video-preview":"max-video-preview:-1"},"canonical":"https:\/\/www.nettali.com\/2021\/09\/13\/trafic-presume-visas-retour-de-parquet-pour-kilifeu-simon-et-thier\/","og_locale":"fr_FR","og_type":"article","og_title":"TRAFIC PRESUME DE VISAS - Retour de parquet pour Kilifeu, Simon et Thier","og_description":"NETTALI.COM - Pr\u00e9sent\u00e9s au parquet ce lundi matin dans le cadre de l'enqu\u00eate sur le trafic pr\u00e9sum\u00e9 de visas, les rappeurs Kilifeu et Simon et leur ami Thier ont b\u00e9n\u00e9fici\u00e9 d'un retour de parquet. Les rappeurs Kilifeu et Simon ne se sont pas tir\u00e9s d'affaire. Selon leurs avocats, ils b\u00e9n\u00e9ficieront d\u2019un retour de parquet. Ils [&hellip;]","og_url":"https:\/\/www.nettali.com\/2021\/09\/13\/trafic-presume-visas-retour-de-parquet-pour-kilifeu-simon-et-thier\/","og_site_name":"Nettali.com","article_publisher":"https:\/\/www.facebook.com\/nettalicom","article_published_time":"2021-09-13T23:06:32+00:00","article_modified_time":"2021-09-14T09:21:16+00:00","og_image":[{"width":696,"height":404,"url":"https:\/\/www.nettali.com\/wp-content\/uploads\/2021\/09\/simon-kilifeu_1.jpeg","type":"image\/jpeg"}],"twitter_card":"summary_large_image","twitter_misc":{"\u00c9crit par":"Ibrahima","Dur\u00e9e de lecture estim\u00e9e":"1 minute"},"schema":{"@context":"https:\/\/schema.org","@graph":[{"@type":"WebSite","@id":"https:\/\/www.nettali.com\/#website","url":"https:\/\/www.nettali.com\/","name":"Nettali.com","description":"Le rendez-vous critique du Net","potentialAction":[{"@type":"SearchAction","target":{"@type":"EntryPoint","urlTemplate":"https:\/\/www.nettali.com\/?s={search_term_string}"},"query-input":"required name=search_term_string"}],"inLanguage":"fr-FR"},{"@type":"ImageObject","@id":"https:\/\/www.nettali.com\/2021\/09\/13\/trafic-presume-visas-retour-de-parquet-pour-kilifeu-simon-et-thier\/#primaryimage","inLanguage":"fr-FR","url":"https:\/\/www.nettali.com\/wp-content\/uploads\/2021\/09\/simon-kilifeu_1.jpeg","contentUrl":"https:\/\/www.nettali.com\/wp-content\/uploads\/2021\/09\/simon-kilifeu_1.jpeg","width":696,"height":404},{"@type":"WebPage","@id":"https:\/\/www.nettali.com\/2021\/09\/13\/trafic-presume-visas-retour-de-parquet-pour-kilifeu-simon-et-thier\/#webpage","url":"https:\/\/www.nettali.com\/2021\/09\/13\/trafic-presume-visas-retour-de-parquet-pour-kilifeu-simon-et-thier\/","name":"TRAFIC PRESUME DE VISAS - Retour de parquet pour Kilifeu, Simon et Thier | Nettali.com","isPartOf":{"@id":"https:\/\/www.nettali.com\/#website"},"primaryImageOfPage":{"@id":"https:\/\/www.nettali.com\/2021\/09\/13\/trafic-presume-visas-retour-de-parquet-pour-kilifeu-simon-et-thier\/#primaryimage"},"datePublished":"2021-09-13T23:06:32+00:00","dateModified":"2021-09-14T09:21:16+00:00","author":{"@id":"https:\/\/www.nettali.com\/#\/schema\/person\/bb147657c2986240405a608162b9bb23"},"breadcrumb":{"@id":"https:\/\/www.nettali.com\/2021\/09\/13\/trafic-presume-visas-retour-de-parquet-pour-kilifeu-simon-et-thier\/#breadcrumb"},"inLanguage":"fr-FR","potentialAction":[{"@type":"ReadAction","target":["https:\/\/www.nettali.com\/2021\/09\/13\/trafic-presume-visas-retour-de-parquet-pour-kilifeu-simon-et-thier\/"]}]},{"@type":"BreadcrumbList","@id":"https:\/\/www.nettali.com\/2021\/09\/13\/trafic-presume-visas-retour-de-parquet-pour-kilifeu-simon-et-thier\/#breadcrumb","itemListElement":[{"@type":"ListItem","position":1,"name":"Accueil","item":"https:\/\/www.nettali.com\/"},{"@type":"ListItem","position":2,"name":"TRAFIC PRESUME DE VISAS &#8211; Retour de parquet pour Kilifeu, Simon et Thier"}]},{"@type":"Person","@id":"https:\/\/www.nettali.com\/#\/schema\/person\/bb147657c2986240405a608162b9bb23","name":"Ibrahima","image":{"@type":"ImageObject","@id":"https:\/\/www.nettali.com\/#personlogo","inLanguage":"fr-FR","url":"https:\/\/secure.gravatar.com\/avatar\/26a8a81f09f0dd7624c9d5c36c9ba3a2?s=96&d=mm&r=g","contentUrl":"https:\/\/secure.gravatar.com\/avatar\/26a8a81f09f0dd7624c9d5c36c9ba3a2?s=96&d=mm&r=g","caption":"Ibrahima"},"sameAs":["https:\/\/www.nettali.com"]}]}},"_links":{"self":[{"href":"https:\/\/www.nettali.com\/rest\/wp\/v2\/posts\/71864"}],"collection":[{"href":"https:\/\/www.nettali.com\/rest\/wp\/v2\/posts"}],"about":[{"href":"https:\/\/www.nettali.com\/rest\/wp\/v2\/types\/post"}],"author":[{"embeddable":true,"href":"https:\/\/www.nettali.com\/rest\/wp\/v2\/users\/5"}],"replies":[{"embeddable":true,"href":"https:\/\/www.nettali.com\/rest\/wp\/v2\/comments?post=71864"}],"version-history":[{"count":4,"href":"https:\/\/www.nettali.com\/rest\/wp\/v2\/posts\/71864\/revisions"}],"predecessor-version":[{"id":71874,"href":"https:\/\/www.nettali.com\/rest\/wp\/v2\/posts\/71864\/revisions\/71874"}],"wp:featuredmedia":[{"embeddable":true,"href":"https:\/\/www.nettali.com\/rest\/wp\/v2\/media\/71865"}],"wp:attachment":[{"href":"https:\/\/www.nettali.com\/rest\/wp\/v2\/media?parent=71864"}],"wp:term":[{"taxonomy":"category","embeddable":true,"href":"https:\/\/www.nettali.com\/rest\/wp\/v2\/categories?post=71864"},{"taxonomy":"post_tag","embeddable":true,"href":"https:\/\/www.nettali.com\/rest\/wp\/v2\/tags?post=71864"}],"curies":[{"name":"wp","href":"https:\/\/api.w.org\/{rel}","templated":true}]}}