{"id":71863,"date":"2021-09-13T22:59:02","date_gmt":"2021-09-13T22:59:02","guid":{"rendered":"https:\/\/www.nettali.com\/?p=71863"},"modified":"2021-09-14T09:08:48","modified_gmt":"2021-09-14T09:08:48","slug":"alliance-avec-le-pds-thierno-alassane-sall-dit-niet","status":"publish","type":"post","link":"https:\/\/www.nettali.com\/2021\/09\/13\/alliance-avec-le-pds-thierno-alassane-sall-dit-niet\/","title":{"rendered":"ALLIANCE AVEC LE PDS - Thierno Alassane Sall dit niet"},"content":{"rendered":"<p><strong>NETTALI.COM\u00a0 - Le parti de l'ancien ministre Thierno Alassane Sall n'a pas l'intention de s'allier avec des formations politiques comme le Pds. Dans un communiqu\u00e9, la \"R\u00e9publique des valeurs\" a indiqu\u00e9 qu'elle ne signera la charte de la coalition <em>\"nouvellement annonc\u00e9e\".<\/em><\/strong><\/p>\n<p>Il y a quelques jours, le Parti d\u00e9mocratique s\u00e9n\u00e9galais (Pds), la Convergence d\u00e9mocratique et lib\u00e9rale Bokk Gis Gis, And-J\u00ebf\/Pads, le Congr\u00e8s de la renaissance d\u00e9mocratique (Crd) et \"Jotna\" ont annonc\u00e9 la naissance d'une nouvelle coalition \u00e9lectorale. Et beaucoup se sont \u00e9tonn\u00e9s de voir sur la liste des partis membres, la \"R\u00e9publique des valeurs\" de Thierno Alassane Sall. La cause : dans un pass\u00e9 r\u00e9cemment, l'ancien ministre de l'Energie a publi\u00e9 un livre, \"<em>Protocole de l'Elys\u00e9e : confidence d'un ancien ministre s\u00e9n\u00e9galais du P\u00e9trole<\/em>\", dans lequel il fustige la gestion du pays par le r\u00e9gime du Parti d\u00e9mocratique s\u00e9n\u00e9galais (Pds). Pour certains analystes, en int\u00e9grant cette coalition, Thierno Alassane Sall venait de se renier. Eh bien, il n'en est rien. La \"R\u00e9publique des valeurs\" ne sera pas dans la coalition du Pds et de ses alli\u00e9s.<\/p>\n<p>\"<em>La R\u00e9publique des valeurs ne se reconna\u00eet pas dans les alliances au niveau national. En cons\u00e9quence, elle ne signera pas la charte de la coalition nouvellement annonc\u00e9e. Notre option de toujours\u00a0 a \u00e9t\u00e9 de construire un vrai p\u00f4le alternatif\u00a0 ancr\u00e9 sur l'\u00e9thique et la citoyennet\u00e9<\/em>\", lit-on dans un communiqu\u00e9 rendu public ce lundi par le parti de Thierno Alassane Sall. Et la m\u00eame source d'ajouter : \"<em>La R\u00e9publique des valeurs reste ouverte \u00e0 tous les S\u00e9n\u00e9galais, mouvements citoyens et forces politiques qui s'opposent r\u00e9solument au r\u00e9gime actuel pour une refondation de la R\u00e9publique<\/em>.\"<\/p>\n<p>En outre, le parti de Thierno Alassane Sall souligne que \"<em>face \u00e0 cette situation<\/em>\", il annoncera \"<em>tr\u00e8s prochainement les modalit\u00e9s de sa participation aux \u00e9lections d\u00e9partementales et communales<\/em>\".<\/p>\n<div class='share-to-whatsapp-wrapper'><div class='share-on-whsp'>PARTAGER SUR : <\/div><a data-text='ALLIANCE AVEC LE PDS - Thierno Alassane Sall dit niet' data-link='https:\/\/www.nettali.com\/2021\/09\/13\/alliance-avec-le-pds-thierno-alassane-sall-dit-niet\/' class='whatsapp-button whatsapp-share'>WhatsApp<\/a><div class='clear '><\/div><\/div>","protected":false},"excerpt":{"rendered":"<p>NETTALI.COM\u00a0 - Le parti de l'ancien ministre Thierno Alassane Sall n'a pas l'intention de s'allier avec des formations politiques comme le Pds. Dans un communiqu\u00e9, la \"R\u00e9publique des valeurs\" a indiqu\u00e9 qu'elle ne signera la charte de la coalition \"nouvellement annonc\u00e9e\". Il y a quelques jours, le Parti d\u00e9mocratique s\u00e9n\u00e9galais (Pds), la Convergence d\u00e9mocratique et [&hellip;]<\/p>\n","protected":false},"author":3,"featured_media":61579,"comment_status":"open","ping_status":"open","sticky":false,"template":"","format":"standard","meta":{"_et_pb_use_builder":"","_et_pb_old_content":""},"categories":[2],"tags":[],"yoast_head":"<!-- This site is optimized with the Yoast SEO Premium plugin v17.8 (Yoast SEO v17.8) - https:\/\/yoast.com\/wordpress\/plugins\/seo\/ -->\n<title>ALLIANCE AVEC LE PDS - Thierno Alassane Sall dit niet | Nettali.com<\/title>\n<meta name=\"robots\" content=\"index, follow, max-snippet:-1, max-image-preview:large, max-video-preview:-1\" \/>\n<link rel=\"canonical\" href=\"https:\/\/www.nettali.com\/2021\/09\/13\/alliance-avec-le-pds-thierno-alassane-sall-dit-niet\/\" \/>\n<meta property=\"og:locale\" content=\"fr_FR\" \/>\n<meta property=\"og:type\" content=\"article\" \/>\n<meta property=\"og:title\" content=\"ALLIANCE AVEC LE PDS - Thierno Alassane Sall dit niet\" \/>\n<meta property=\"og:description\" content=\"NETTALI.COM\u00a0 - Le parti de l&#039;ancien ministre Thierno Alassane Sall n&#039;a pas l&#039;intention de s&#039;allier avec des formations politiques comme le Pds. Dans un communiqu\u00e9, la &quot;R\u00e9publique des valeurs&quot; a indiqu\u00e9 qu&#039;elle ne signera la charte de la coalition &quot;nouvellement annonc\u00e9e&quot;. Il y a quelques jours, le Parti d\u00e9mocratique s\u00e9n\u00e9galais (Pds), la Convergence d\u00e9mocratique et [&hellip;]\" \/>\n<meta property=\"og:url\" content=\"https:\/\/www.nettali.com\/2021\/09\/13\/alliance-avec-le-pds-thierno-alassane-sall-dit-niet\/\" \/>\n<meta property=\"og:site_name\" content=\"Nettali.com\" \/>\n<meta property=\"article:publisher\" content=\"https:\/\/www.facebook.com\/nettalicom\" \/>\n<meta property=\"article:published_time\" content=\"2021-09-13T22:59:02+00:00\" \/>\n<meta property=\"article:modified_time\" content=\"2021-09-14T09:08:48+00:00\" \/>\n<meta property=\"og:image\" content=\"https:\/\/www.nettali.com\/wp-content\/uploads\/2021\/04\/Thierno-Alassane-Sall.jpg\" \/>\n\t<meta property=\"og:image:width\" content=\"755\" \/>\n\t<meta property=\"og:image:height\" content=\"449\" \/>\n<meta name=\"twitter:card\" content=\"summary_large_image\" \/>\n<meta name=\"twitter:label1\" content=\"\u00c9crit par\" \/>\n\t<meta name=\"twitter:data1\" content=\"Moustapha\" \/>\n\t<meta name=\"twitter:label2\" content=\"Dur\u00e9e de lecture estim\u00e9e\" \/>\n\t<meta name=\"twitter:data2\" content=\"2 minutes\" \/>\n<script type=\"application\/ld+json\" class=\"yoast-schema-graph\">{\"@context\":\"https:\/\/schema.org\",\"@graph\":[{\"@type\":\"WebSite\",\"@id\":\"https:\/\/www.nettali.com\/#website\",\"url\":\"https:\/\/www.nettali.com\/\",\"name\":\"Nettali.com\",\"description\":\"Le rendez-vous critique du Net\",\"potentialAction\":[{\"@type\":\"SearchAction\",\"target\":{\"@type\":\"EntryPoint\",\"urlTemplate\":\"https:\/\/www.nettali.com\/?s={search_term_string}\"},\"query-input\":\"required name=search_term_string\"}],\"inLanguage\":\"fr-FR\"},{\"@type\":\"ImageObject\",\"@id\":\"https:\/\/www.nettali.com\/2021\/09\/13\/alliance-avec-le-pds-thierno-alassane-sall-dit-niet\/#primaryimage\",\"inLanguage\":\"fr-FR\",\"url\":\"https:\/\/www.nettali.com\/wp-content\/uploads\/2021\/04\/Thierno-Alassane-Sall.jpg\",\"contentUrl\":\"https:\/\/www.nettali.com\/wp-content\/uploads\/2021\/04\/Thierno-Alassane-Sall.jpg\",\"width\":755,\"height\":449},{\"@type\":\"WebPage\",\"@id\":\"https:\/\/www.nettali.com\/2021\/09\/13\/alliance-avec-le-pds-thierno-alassane-sall-dit-niet\/#webpage\",\"url\":\"https:\/\/www.nettali.com\/2021\/09\/13\/alliance-avec-le-pds-thierno-alassane-sall-dit-niet\/\",\"name\":\"ALLIANCE AVEC LE PDS - Thierno Alassane Sall dit niet | Nettali.com\",\"isPartOf\":{\"@id\":\"https:\/\/www.nettali.com\/#website\"},\"primaryImageOfPage\":{\"@id\":\"https:\/\/www.nettali.com\/2021\/09\/13\/alliance-avec-le-pds-thierno-alassane-sall-dit-niet\/#primaryimage\"},\"datePublished\":\"2021-09-13T22:59:02+00:00\",\"dateModified\":\"2021-09-14T09:08:48+00:00\",\"author\":{\"@id\":\"https:\/\/www.nettali.com\/#\/schema\/person\/7962a12a6e0267f88f0ffa544c36469a\"},\"breadcrumb\":{\"@id\":\"https:\/\/www.nettali.com\/2021\/09\/13\/alliance-avec-le-pds-thierno-alassane-sall-dit-niet\/#breadcrumb\"},\"inLanguage\":\"fr-FR\",\"potentialAction\":[{\"@type\":\"ReadAction\",\"target\":[\"https:\/\/www.nettali.com\/2021\/09\/13\/alliance-avec-le-pds-thierno-alassane-sall-dit-niet\/\"]}]},{\"@type\":\"BreadcrumbList\",\"@id\":\"https:\/\/www.nettali.com\/2021\/09\/13\/alliance-avec-le-pds-thierno-alassane-sall-dit-niet\/#breadcrumb\",\"itemListElement\":[{\"@type\":\"ListItem\",\"position\":1,\"name\":\"Accueil\",\"item\":\"https:\/\/www.nettali.com\/\"},{\"@type\":\"ListItem\",\"position\":2,\"name\":\"ALLIANCE AVEC LE PDS &#8211; Thierno Alassane Sall dit niet\"}]},{\"@type\":\"Person\",\"@id\":\"https:\/\/www.nettali.com\/#\/schema\/person\/7962a12a6e0267f88f0ffa544c36469a\",\"name\":\"Moustapha\",\"image\":{\"@type\":\"ImageObject\",\"@id\":\"https:\/\/www.nettali.com\/#personlogo\",\"inLanguage\":\"fr-FR\",\"url\":\"https:\/\/secure.gravatar.com\/avatar\/10fdf6a071cccdcf374e3dbe45159590?s=96&d=mm&r=g\",\"contentUrl\":\"https:\/\/secure.gravatar.com\/avatar\/10fdf6a071cccdcf374e3dbe45159590?s=96&d=mm&r=g\",\"caption\":\"Moustapha\"},\"sameAs\":[\"https:\/\/www.nettali.com\"]}]}<\/script>\n<!-- \/ Yoast SEO Premium plugin. -->","yoast_head_json":{"title":"ALLIANCE AVEC LE PDS - Thierno Alassane Sall dit niet | Nettali.com","robots":{"index":"index","follow":"follow","max-snippet":"max-snippet:-1","max-image-preview":"max-image-preview:large","max-video-preview":"max-video-preview:-1"},"canonical":"https:\/\/www.nettali.com\/2021\/09\/13\/alliance-avec-le-pds-thierno-alassane-sall-dit-niet\/","og_locale":"fr_FR","og_type":"article","og_title":"ALLIANCE AVEC LE PDS - Thierno Alassane Sall dit niet","og_description":"NETTALI.COM\u00a0 - Le parti de l'ancien ministre Thierno Alassane Sall n'a pas l'intention de s'allier avec des formations politiques comme le Pds. Dans un communiqu\u00e9, la \"R\u00e9publique des valeurs\" a indiqu\u00e9 qu'elle ne signera la charte de la coalition \"nouvellement annonc\u00e9e\". Il y a quelques jours, le Parti d\u00e9mocratique s\u00e9n\u00e9galais (Pds), la Convergence d\u00e9mocratique et [&hellip;]","og_url":"https:\/\/www.nettali.com\/2021\/09\/13\/alliance-avec-le-pds-thierno-alassane-sall-dit-niet\/","og_site_name":"Nettali.com","article_publisher":"https:\/\/www.facebook.com\/nettalicom","article_published_time":"2021-09-13T22:59:02+00:00","article_modified_time":"2021-09-14T09:08:48+00:00","og_image":[{"width":755,"height":449,"url":"https:\/\/www.nettali.com\/wp-content\/uploads\/2021\/04\/Thierno-Alassane-Sall.jpg","type":"image\/jpeg"}],"twitter_card":"summary_large_image","twitter_misc":{"\u00c9crit par":"Moustapha","Dur\u00e9e de lecture estim\u00e9e":"2 minutes"},"schema":{"@context":"https:\/\/schema.org","@graph":[{"@type":"WebSite","@id":"https:\/\/www.nettali.com\/#website","url":"https:\/\/www.nettali.com\/","name":"Nettali.com","description":"Le rendez-vous critique du Net","potentialAction":[{"@type":"SearchAction","target":{"@type":"EntryPoint","urlTemplate":"https:\/\/www.nettali.com\/?s={search_term_string}"},"query-input":"required name=search_term_string"}],"inLanguage":"fr-FR"},{"@type":"ImageObject","@id":"https:\/\/www.nettali.com\/2021\/09\/13\/alliance-avec-le-pds-thierno-alassane-sall-dit-niet\/#primaryimage","inLanguage":"fr-FR","url":"https:\/\/www.nettali.com\/wp-content\/uploads\/2021\/04\/Thierno-Alassane-Sall.jpg","contentUrl":"https:\/\/www.nettali.com\/wp-content\/uploads\/2021\/04\/Thierno-Alassane-Sall.jpg","width":755,"height":449},{"@type":"WebPage","@id":"https:\/\/www.nettali.com\/2021\/09\/13\/alliance-avec-le-pds-thierno-alassane-sall-dit-niet\/#webpage","url":"https:\/\/www.nettali.com\/2021\/09\/13\/alliance-avec-le-pds-thierno-alassane-sall-dit-niet\/","name":"ALLIANCE AVEC LE PDS - Thierno Alassane Sall dit niet | Nettali.com","isPartOf":{"@id":"https:\/\/www.nettali.com\/#website"},"primaryImageOfPage":{"@id":"https:\/\/www.nettali.com\/2021\/09\/13\/alliance-avec-le-pds-thierno-alassane-sall-dit-niet\/#primaryimage"},"datePublished":"2021-09-13T22:59:02+00:00","dateModified":"2021-09-14T09:08:48+00:00","author":{"@id":"https:\/\/www.nettali.com\/#\/schema\/person\/7962a12a6e0267f88f0ffa544c36469a"},"breadcrumb":{"@id":"https:\/\/www.nettali.com\/2021\/09\/13\/alliance-avec-le-pds-thierno-alassane-sall-dit-niet\/#breadcrumb"},"inLanguage":"fr-FR","potentialAction":[{"@type":"ReadAction","target":["https:\/\/www.nettali.com\/2021\/09\/13\/alliance-avec-le-pds-thierno-alassane-sall-dit-niet\/"]}]},{"@type":"BreadcrumbList","@id":"https:\/\/www.nettali.com\/2021\/09\/13\/alliance-avec-le-pds-thierno-alassane-sall-dit-niet\/#breadcrumb","itemListElement":[{"@type":"ListItem","position":1,"name":"Accueil","item":"https:\/\/www.nettali.com\/"},{"@type":"ListItem","position":2,"name":"ALLIANCE AVEC LE PDS &#8211; Thierno Alassane Sall dit niet"}]},{"@type":"Person","@id":"https:\/\/www.nettali.com\/#\/schema\/person\/7962a12a6e0267f88f0ffa544c36469a","name":"Moustapha","image":{"@type":"ImageObject","@id":"https:\/\/www.nettali.com\/#personlogo","inLanguage":"fr-FR","url":"https:\/\/secure.gravatar.com\/avatar\/10fdf6a071cccdcf374e3dbe45159590?s=96&d=mm&r=g","contentUrl":"https:\/\/secure.gravatar.com\/avatar\/10fdf6a071cccdcf374e3dbe45159590?s=96&d=mm&r=g","caption":"Moustapha"},"sameAs":["https:\/\/www.nettali.com"]}]}},"_links":{"self":[{"href":"https:\/\/www.nettali.com\/rest\/wp\/v2\/posts\/71863"}],"collection":[{"href":"https:\/\/www.nettali.com\/rest\/wp\/v2\/posts"}],"about":[{"href":"https:\/\/www.nettali.com\/rest\/wp\/v2\/types\/post"}],"author":[{"embeddable":true,"href":"https:\/\/www.nettali.com\/rest\/wp\/v2\/users\/3"}],"replies":[{"embeddable":true,"href":"https:\/\/www.nettali.com\/rest\/wp\/v2\/comments?post=71863"}],"version-history":[{"count":3,"href":"https:\/\/www.nettali.com\/rest\/wp\/v2\/posts\/71863\/revisions"}],"predecessor-version":[{"id":71872,"href":"https:\/\/www.nettali.com\/rest\/wp\/v2\/posts\/71863\/revisions\/71872"}],"wp:featuredmedia":[{"embeddable":true,"href":"https:\/\/www.nettali.com\/rest\/wp\/v2\/media\/61579"}],"wp:attachment":[{"href":"https:\/\/www.nettali.com\/rest\/wp\/v2\/media?parent=71863"}],"wp:term":[{"taxonomy":"category","embeddable":true,"href":"https:\/\/www.nettali.com\/rest\/wp\/v2\/categories?post=71863"},{"taxonomy":"post_tag","embeddable":true,"href":"https:\/\/www.nettali.com\/rest\/wp\/v2\/tags?post=71863"}],"curies":[{"name":"wp","href":"https:\/\/api.w.org\/{rel}","templated":true}]}}