{"id":71843,"date":"2021-09-13T15:20:16","date_gmt":"2021-09-13T15:20:16","guid":{"rendered":"https:\/\/www.nettali.com\/?p=71843"},"modified":"2021-09-13T23:19:34","modified_gmt":"2021-09-13T23:19:34","slug":"conakry-conde-prefere-etre-tue-que-de-signer-sa-demission","status":"publish","type":"post","link":"https:\/\/www.nettali.com\/2021\/09\/13\/conakry-conde-prefere-etre-tue-que-de-signer-sa-demission\/","title":{"rendered":"CONAKRY - Cond\u00e9\u00a0 \"pr\u00e9f\u00e8re \u00eatre tu\u00e9\" que de signer sa d\u00e9mission"},"content":{"rendered":"<p><strong>NETTALI.COM - Depuis quelque temps, il est pr\u00eat\u00e9 \u00e0 Alpha Cond\u00e9 de refus\u00e9 de signer sa d\u00e9mission. Jeune Afrique vient de confirmer cette information. Le media panafricain porte ainsi des r\u00e9v\u00e9lations sur l\u2019endroit o\u00f9 se trouve pr\u00e9sentement l\u2019ex-home fort de Conakry. <\/strong><\/p>\n<p><strong>\u00a0<\/strong>Dans une nouvelle publication, Jeune Afrique r\u00e9v\u00e8le que le pr\u00e9sident Alpha cond\u00e9\u00a0 \u00abpr\u00e9f\u00e8re \u00eatre tu\u00e9\u00bb que de signer sa d\u00e9mission.<\/p>\n<p>En clair, \u00e9crit le media panafricain, l\u2019ancien pr\u00e9sident guin\u00e9en demeure d\u00e9tenu dans l\u2019antenne des forces sp\u00e9ciales, install\u00e9e dans une aile du Palais du peuple, \u00e0 l\u2019entr\u00e9e de Kaloum, pr\u00e9cis\u00e9ment dans la suite o\u00f9 vivait pr\u00e9c\u00e9demment le lieutenant-colonel Mamady Doumbouya.<\/p>\n<p>Selon la m\u00eame source, c\u2019est d\u2019ailleurs dans cette m\u00eame pi\u00e8ce (et non au palais de S\u00e9khoutour\u00e9ya), que la d\u00e9sormais c\u00e9l\u00e8bre photo d\u2019Alpha Cond\u00e9, assis sur un canap\u00e9 et encercl\u00e9 par des militaires, a \u00e9t\u00e9 prise.<\/p>\n<p>&nbsp;<\/p>\n<div class='share-to-whatsapp-wrapper'><div class='share-on-whsp'>PARTAGER SUR : <\/div><a data-text='CONAKRY - Cond\u00e9\u00a0 \"pr\u00e9f\u00e8re \u00eatre tu\u00e9\" que de signer sa d\u00e9mission' data-link='https:\/\/www.nettali.com\/2021\/09\/13\/conakry-conde-prefere-etre-tue-que-de-signer-sa-demission\/' class='whatsapp-button whatsapp-share'>WhatsApp<\/a><div class='clear '><\/div><\/div>","protected":false},"excerpt":{"rendered":"<p>NETTALI.COM - Depuis quelque temps, il est pr\u00eat\u00e9 \u00e0 Alpha Cond\u00e9 de refus\u00e9 de signer sa d\u00e9mission. Jeune Afrique vient de confirmer cette information. Le media panafricain porte ainsi des r\u00e9v\u00e9lations sur l\u2019endroit o\u00f9 se trouve pr\u00e9sentement l\u2019ex-home fort de Conakry. \u00a0Dans une nouvelle publication, Jeune Afrique r\u00e9v\u00e8le que le pr\u00e9sident Alpha cond\u00e9\u00a0 \u00abpr\u00e9f\u00e8re \u00eatre [&hellip;]<\/p>\n","protected":false},"author":11,"featured_media":6889,"comment_status":"open","ping_status":"open","sticky":false,"template":"","format":"standard","meta":{"_et_pb_use_builder":"","_et_pb_old_content":""},"categories":[8],"tags":[],"yoast_head":"<!-- This site is optimized with the Yoast SEO Premium plugin v17.8 (Yoast SEO v17.8) - https:\/\/yoast.com\/wordpress\/plugins\/seo\/ -->\n<title>CONAKRY - Cond\u00e9\u00a0 &quot;pr\u00e9f\u00e8re \u00eatre tu\u00e9&quot; que de signer sa d\u00e9mission | Nettali.com<\/title>\n<meta name=\"robots\" content=\"index, follow, max-snippet:-1, max-image-preview:large, max-video-preview:-1\" \/>\n<link rel=\"canonical\" href=\"https:\/\/www.nettali.com\/2021\/09\/13\/conakry-conde-prefere-etre-tue-que-de-signer-sa-demission\/\" \/>\n<meta property=\"og:locale\" content=\"fr_FR\" \/>\n<meta property=\"og:type\" content=\"article\" \/>\n<meta property=\"og:title\" content=\"CONAKRY - Cond\u00e9\u00a0 &quot;pr\u00e9f\u00e8re \u00eatre tu\u00e9&quot; que de signer sa d\u00e9mission\" \/>\n<meta property=\"og:description\" content=\"NETTALI.COM - Depuis quelque temps, il est pr\u00eat\u00e9 \u00e0 Alpha Cond\u00e9 de refus\u00e9 de signer sa d\u00e9mission. Jeune Afrique vient de confirmer cette information. Le media panafricain porte ainsi des r\u00e9v\u00e9lations sur l\u2019endroit o\u00f9 se trouve pr\u00e9sentement l\u2019ex-home fort de Conakry. \u00a0Dans une nouvelle publication, Jeune Afrique r\u00e9v\u00e8le que le pr\u00e9sident Alpha cond\u00e9\u00a0 \u00abpr\u00e9f\u00e8re \u00eatre [&hellip;]\" \/>\n<meta property=\"og:url\" content=\"https:\/\/www.nettali.com\/2021\/09\/13\/conakry-conde-prefere-etre-tue-que-de-signer-sa-demission\/\" \/>\n<meta property=\"og:site_name\" content=\"Nettali.com\" \/>\n<meta property=\"article:publisher\" content=\"https:\/\/www.facebook.com\/nettalicom\" \/>\n<meta property=\"article:published_time\" content=\"2021-09-13T15:20:16+00:00\" \/>\n<meta property=\"article:modified_time\" content=\"2021-09-13T23:19:34+00:00\" \/>\n<meta property=\"og:image\" content=\"https:\/\/www.nettali.com\/wp-content\/uploads\/2019\/04\/alpha-conde-lors-dun-entretien-avec-des-journalistes-francais-696x407_1.png\" \/>\n\t<meta property=\"og:image:width\" content=\"696\" \/>\n\t<meta property=\"og:image:height\" content=\"407\" \/>\n<meta name=\"twitter:card\" content=\"summary_large_image\" \/>\n<meta name=\"twitter:label1\" content=\"\u00c9crit par\" \/>\n\t<meta name=\"twitter:data1\" content=\"Thierno Diop\" \/>\n\t<meta name=\"twitter:label2\" content=\"Dur\u00e9e de lecture estim\u00e9e\" \/>\n\t<meta name=\"twitter:data2\" content=\"1 minute\" \/>\n<script type=\"application\/ld+json\" class=\"yoast-schema-graph\">{\"@context\":\"https:\/\/schema.org\",\"@graph\":[{\"@type\":\"WebSite\",\"@id\":\"https:\/\/www.nettali.com\/#website\",\"url\":\"https:\/\/www.nettali.com\/\",\"name\":\"Nettali.com\",\"description\":\"Le rendez-vous critique du Net\",\"potentialAction\":[{\"@type\":\"SearchAction\",\"target\":{\"@type\":\"EntryPoint\",\"urlTemplate\":\"https:\/\/www.nettali.com\/?s={search_term_string}\"},\"query-input\":\"required name=search_term_string\"}],\"inLanguage\":\"fr-FR\"},{\"@type\":\"ImageObject\",\"@id\":\"https:\/\/www.nettali.com\/2021\/09\/13\/conakry-conde-prefere-etre-tue-que-de-signer-sa-demission\/#primaryimage\",\"inLanguage\":\"fr-FR\",\"url\":\"https:\/\/www.nettali.com\/wp-content\/uploads\/2019\/04\/alpha-conde-lors-dun-entretien-avec-des-journalistes-francais-696x407_1.png\",\"contentUrl\":\"https:\/\/www.nettali.com\/wp-content\/uploads\/2019\/04\/alpha-conde-lors-dun-entretien-avec-des-journalistes-francais-696x407_1.png\",\"width\":696,\"height\":407},{\"@type\":\"WebPage\",\"@id\":\"https:\/\/www.nettali.com\/2021\/09\/13\/conakry-conde-prefere-etre-tue-que-de-signer-sa-demission\/#webpage\",\"url\":\"https:\/\/www.nettali.com\/2021\/09\/13\/conakry-conde-prefere-etre-tue-que-de-signer-sa-demission\/\",\"name\":\"CONAKRY - Cond\\u00e9\\u00a0 \\\"pr\\u00e9f\\u00e8re \\u00eatre tu\\u00e9\\\" que de signer sa d\\u00e9mission | Nettali.com\",\"isPartOf\":{\"@id\":\"https:\/\/www.nettali.com\/#website\"},\"primaryImageOfPage\":{\"@id\":\"https:\/\/www.nettali.com\/2021\/09\/13\/conakry-conde-prefere-etre-tue-que-de-signer-sa-demission\/#primaryimage\"},\"datePublished\":\"2021-09-13T15:20:16+00:00\",\"dateModified\":\"2021-09-13T23:19:34+00:00\",\"author\":{\"@id\":\"https:\/\/www.nettali.com\/#\/schema\/person\/8a06c6bd7b19304cf4bf985862900b5b\"},\"breadcrumb\":{\"@id\":\"https:\/\/www.nettali.com\/2021\/09\/13\/conakry-conde-prefere-etre-tue-que-de-signer-sa-demission\/#breadcrumb\"},\"inLanguage\":\"fr-FR\",\"potentialAction\":[{\"@type\":\"ReadAction\",\"target\":[\"https:\/\/www.nettali.com\/2021\/09\/13\/conakry-conde-prefere-etre-tue-que-de-signer-sa-demission\/\"]}]},{\"@type\":\"BreadcrumbList\",\"@id\":\"https:\/\/www.nettali.com\/2021\/09\/13\/conakry-conde-prefere-etre-tue-que-de-signer-sa-demission\/#breadcrumb\",\"itemListElement\":[{\"@type\":\"ListItem\",\"position\":1,\"name\":\"Accueil\",\"item\":\"https:\/\/www.nettali.com\/\"},{\"@type\":\"ListItem\",\"position\":2,\"name\":\"CONAKRY &#8211; Cond\\u00e9\\u00a0 \\u00ab\\u00a0pr\\u00e9f\\u00e8re \\u00eatre tu\\u00e9\\u00a0\\u00bb que de signer sa d\\u00e9mission\"}]},{\"@type\":\"Person\",\"@id\":\"https:\/\/www.nettali.com\/#\/schema\/person\/8a06c6bd7b19304cf4bf985862900b5b\",\"name\":\"Thierno Diop\",\"image\":{\"@type\":\"ImageObject\",\"@id\":\"https:\/\/www.nettali.com\/#personlogo\",\"inLanguage\":\"fr-FR\",\"url\":\"https:\/\/secure.gravatar.com\/avatar\/c8ca58550c94fd2ac856d27391a6c866?s=96&d=mm&r=g\",\"contentUrl\":\"https:\/\/secure.gravatar.com\/avatar\/c8ca58550c94fd2ac856d27391a6c866?s=96&d=mm&r=g\",\"caption\":\"Thierno Diop\"},\"sameAs\":[\"https:\/\/nettali.com\"]}]}<\/script>\n<!-- \/ Yoast SEO Premium plugin. -->","yoast_head_json":{"title":"CONAKRY - Cond\u00e9\u00a0 \"pr\u00e9f\u00e8re \u00eatre tu\u00e9\" que de signer sa d\u00e9mission | Nettali.com","robots":{"index":"index","follow":"follow","max-snippet":"max-snippet:-1","max-image-preview":"max-image-preview:large","max-video-preview":"max-video-preview:-1"},"canonical":"https:\/\/www.nettali.com\/2021\/09\/13\/conakry-conde-prefere-etre-tue-que-de-signer-sa-demission\/","og_locale":"fr_FR","og_type":"article","og_title":"CONAKRY - Cond\u00e9\u00a0 \"pr\u00e9f\u00e8re \u00eatre tu\u00e9\" que de signer sa d\u00e9mission","og_description":"NETTALI.COM - Depuis quelque temps, il est pr\u00eat\u00e9 \u00e0 Alpha Cond\u00e9 de refus\u00e9 de signer sa d\u00e9mission. Jeune Afrique vient de confirmer cette information. Le media panafricain porte ainsi des r\u00e9v\u00e9lations sur l\u2019endroit o\u00f9 se trouve pr\u00e9sentement l\u2019ex-home fort de Conakry. \u00a0Dans une nouvelle publication, Jeune Afrique r\u00e9v\u00e8le que le pr\u00e9sident Alpha cond\u00e9\u00a0 \u00abpr\u00e9f\u00e8re \u00eatre [&hellip;]","og_url":"https:\/\/www.nettali.com\/2021\/09\/13\/conakry-conde-prefere-etre-tue-que-de-signer-sa-demission\/","og_site_name":"Nettali.com","article_publisher":"https:\/\/www.facebook.com\/nettalicom","article_published_time":"2021-09-13T15:20:16+00:00","article_modified_time":"2021-09-13T23:19:34+00:00","og_image":[{"width":696,"height":407,"url":"https:\/\/www.nettali.com\/wp-content\/uploads\/2019\/04\/alpha-conde-lors-dun-entretien-avec-des-journalistes-francais-696x407_1.png","type":"image\/png"}],"twitter_card":"summary_large_image","twitter_misc":{"\u00c9crit par":"Thierno Diop","Dur\u00e9e de lecture estim\u00e9e":"1 minute"},"schema":{"@context":"https:\/\/schema.org","@graph":[{"@type":"WebSite","@id":"https:\/\/www.nettali.com\/#website","url":"https:\/\/www.nettali.com\/","name":"Nettali.com","description":"Le rendez-vous critique du Net","potentialAction":[{"@type":"SearchAction","target":{"@type":"EntryPoint","urlTemplate":"https:\/\/www.nettali.com\/?s={search_term_string}"},"query-input":"required name=search_term_string"}],"inLanguage":"fr-FR"},{"@type":"ImageObject","@id":"https:\/\/www.nettali.com\/2021\/09\/13\/conakry-conde-prefere-etre-tue-que-de-signer-sa-demission\/#primaryimage","inLanguage":"fr-FR","url":"https:\/\/www.nettali.com\/wp-content\/uploads\/2019\/04\/alpha-conde-lors-dun-entretien-avec-des-journalistes-francais-696x407_1.png","contentUrl":"https:\/\/www.nettali.com\/wp-content\/uploads\/2019\/04\/alpha-conde-lors-dun-entretien-avec-des-journalistes-francais-696x407_1.png","width":696,"height":407},{"@type":"WebPage","@id":"https:\/\/www.nettali.com\/2021\/09\/13\/conakry-conde-prefere-etre-tue-que-de-signer-sa-demission\/#webpage","url":"https:\/\/www.nettali.com\/2021\/09\/13\/conakry-conde-prefere-etre-tue-que-de-signer-sa-demission\/","name":"CONAKRY - Cond\u00e9\u00a0 \"pr\u00e9f\u00e8re \u00eatre tu\u00e9\" que de signer sa d\u00e9mission | Nettali.com","isPartOf":{"@id":"https:\/\/www.nettali.com\/#website"},"primaryImageOfPage":{"@id":"https:\/\/www.nettali.com\/2021\/09\/13\/conakry-conde-prefere-etre-tue-que-de-signer-sa-demission\/#primaryimage"},"datePublished":"2021-09-13T15:20:16+00:00","dateModified":"2021-09-13T23:19:34+00:00","author":{"@id":"https:\/\/www.nettali.com\/#\/schema\/person\/8a06c6bd7b19304cf4bf985862900b5b"},"breadcrumb":{"@id":"https:\/\/www.nettali.com\/2021\/09\/13\/conakry-conde-prefere-etre-tue-que-de-signer-sa-demission\/#breadcrumb"},"inLanguage":"fr-FR","potentialAction":[{"@type":"ReadAction","target":["https:\/\/www.nettali.com\/2021\/09\/13\/conakry-conde-prefere-etre-tue-que-de-signer-sa-demission\/"]}]},{"@type":"BreadcrumbList","@id":"https:\/\/www.nettali.com\/2021\/09\/13\/conakry-conde-prefere-etre-tue-que-de-signer-sa-demission\/#breadcrumb","itemListElement":[{"@type":"ListItem","position":1,"name":"Accueil","item":"https:\/\/www.nettali.com\/"},{"@type":"ListItem","position":2,"name":"CONAKRY &#8211; Cond\u00e9\u00a0 \u00ab\u00a0pr\u00e9f\u00e8re \u00eatre tu\u00e9\u00a0\u00bb que de signer sa d\u00e9mission"}]},{"@type":"Person","@id":"https:\/\/www.nettali.com\/#\/schema\/person\/8a06c6bd7b19304cf4bf985862900b5b","name":"Thierno Diop","image":{"@type":"ImageObject","@id":"https:\/\/www.nettali.com\/#personlogo","inLanguage":"fr-FR","url":"https:\/\/secure.gravatar.com\/avatar\/c8ca58550c94fd2ac856d27391a6c866?s=96&d=mm&r=g","contentUrl":"https:\/\/secure.gravatar.com\/avatar\/c8ca58550c94fd2ac856d27391a6c866?s=96&d=mm&r=g","caption":"Thierno Diop"},"sameAs":["https:\/\/nettali.com"]}]}},"_links":{"self":[{"href":"https:\/\/www.nettali.com\/rest\/wp\/v2\/posts\/71843"}],"collection":[{"href":"https:\/\/www.nettali.com\/rest\/wp\/v2\/posts"}],"about":[{"href":"https:\/\/www.nettali.com\/rest\/wp\/v2\/types\/post"}],"author":[{"embeddable":true,"href":"https:\/\/www.nettali.com\/rest\/wp\/v2\/users\/11"}],"replies":[{"embeddable":true,"href":"https:\/\/www.nettali.com\/rest\/wp\/v2\/comments?post=71843"}],"version-history":[{"count":3,"href":"https:\/\/www.nettali.com\/rest\/wp\/v2\/posts\/71843\/revisions"}],"predecessor-version":[{"id":71876,"href":"https:\/\/www.nettali.com\/rest\/wp\/v2\/posts\/71843\/revisions\/71876"}],"wp:featuredmedia":[{"embeddable":true,"href":"https:\/\/www.nettali.com\/rest\/wp\/v2\/media\/6889"}],"wp:attachment":[{"href":"https:\/\/www.nettali.com\/rest\/wp\/v2\/media?parent=71843"}],"wp:term":[{"taxonomy":"category","embeddable":true,"href":"https:\/\/www.nettali.com\/rest\/wp\/v2\/categories?post=71843"},{"taxonomy":"post_tag","embeddable":true,"href":"https:\/\/www.nettali.com\/rest\/wp\/v2\/tags?post=71843"}],"curies":[{"name":"wp","href":"https:\/\/api.w.org\/{rel}","templated":true}]}}