{"id":71652,"date":"2021-09-10T16:04:15","date_gmt":"2021-09-10T16:04:15","guid":{"rendered":"https:\/\/www.nettali.com\/?p=71652"},"modified":"2021-09-10T16:04:15","modified_gmt":"2021-09-10T16:04:15","slug":"manchester-city-benjamin-mendy-toujours-en-prison","status":"publish","type":"post","link":"https:\/\/www.nettali.com\/2021\/09\/10\/manchester-city-benjamin-mendy-toujours-en-prison\/","title":{"rendered":"MANCHESTER CITY - Benjamin Mendy toujours en prison!"},"content":{"rendered":"<p><strong>NETTALI.COM - Benjamin Mendy devra encore prendre son mal en patience. Accus\u00e9 de quatre viols et d'une agression sexuelle, le d\u00e9fenseur de Manchester City a \u00e9t\u00e9 plac\u00e9 en d\u00e9tention provisoire depuis le 27 ao\u00fbt dernier. Auditionn\u00e9 ce vendredi par le tribunal de Chester, le champion du monde ne va pas retrouver la libert\u00e9, pas pour l'instant.<\/strong><\/p>\n<p>L'nternational fran\u00e7ais restera en prison jusqu'\u00e0 la date de son proc\u00e8s. Celle-ci a \u00e9t\u00e9 fix\u00e9e au 24 janvier 2022, renseigne Le Parisien.<\/p>\n<p>L'on ajoute qu'une autre audience pr\u00e9liminaire doit avoir lieu le 15 novembre. Autant dire que Benjamin Mendy ne s'est pas encore tir\u00e9 d'affaire.<\/p>\n<div class='share-to-whatsapp-wrapper'><div class='share-on-whsp'>PARTAGER SUR : <\/div><a data-text='MANCHESTER CITY - Benjamin Mendy toujours en prison!' data-link='https:\/\/www.nettali.com\/2021\/09\/10\/manchester-city-benjamin-mendy-toujours-en-prison\/' class='whatsapp-button whatsapp-share'>WhatsApp<\/a><div class='clear '><\/div><\/div>","protected":false},"excerpt":{"rendered":"<p>NETTALI.COM - Benjamin Mendy devra encore prendre son mal en patience. Accus\u00e9 de quatre viols et d'une agression sexuelle, le d\u00e9fenseur de Manchester City a \u00e9t\u00e9 plac\u00e9 en d\u00e9tention provisoire depuis le 27 ao\u00fbt dernier. Auditionn\u00e9 ce vendredi par le tribunal de Chester, le champion du monde ne va pas retrouver la libert\u00e9, pas pour [&hellip;]<\/p>\n","protected":false},"author":5,"featured_media":71649,"comment_status":"open","ping_status":"open","sticky":false,"template":"","format":"standard","meta":{"_et_pb_use_builder":"","_et_pb_old_content":""},"categories":[6],"tags":[],"yoast_head":"<!-- This site is optimized with the Yoast SEO Premium plugin v17.8 (Yoast SEO v17.8) - https:\/\/yoast.com\/wordpress\/plugins\/seo\/ -->\n<title>MANCHESTER CITY - Benjamin Mendy toujours en prison! | Nettali.com<\/title>\n<meta name=\"robots\" content=\"index, follow, max-snippet:-1, max-image-preview:large, max-video-preview:-1\" \/>\n<link rel=\"canonical\" href=\"https:\/\/www.nettali.com\/2021\/09\/10\/manchester-city-benjamin-mendy-toujours-en-prison\/\" \/>\n<meta property=\"og:locale\" content=\"fr_FR\" \/>\n<meta property=\"og:type\" content=\"article\" \/>\n<meta property=\"og:title\" content=\"MANCHESTER CITY - Benjamin Mendy toujours en prison!\" \/>\n<meta property=\"og:description\" content=\"NETTALI.COM - Benjamin Mendy devra encore prendre son mal en patience. Accus\u00e9 de quatre viols et d&#039;une agression sexuelle, le d\u00e9fenseur de Manchester City a \u00e9t\u00e9 plac\u00e9 en d\u00e9tention provisoire depuis le 27 ao\u00fbt dernier. Auditionn\u00e9 ce vendredi par le tribunal de Chester, le champion du monde ne va pas retrouver la libert\u00e9, pas pour [&hellip;]\" \/>\n<meta property=\"og:url\" content=\"https:\/\/www.nettali.com\/2021\/09\/10\/manchester-city-benjamin-mendy-toujours-en-prison\/\" \/>\n<meta property=\"og:site_name\" content=\"Nettali.com\" \/>\n<meta property=\"article:publisher\" content=\"https:\/\/www.facebook.com\/nettalicom\" \/>\n<meta property=\"article:published_time\" content=\"2021-09-10T16:04:15+00:00\" \/>\n<meta property=\"og:image\" content=\"https:\/\/www.nettali.com\/wp-content\/uploads\/2021\/09\/Benjamin-Mendy22-1.jpg\" \/>\n\t<meta property=\"og:image:width\" content=\"1920\" \/>\n\t<meta property=\"og:image:height\" content=\"1080\" \/>\n<meta name=\"twitter:card\" content=\"summary_large_image\" \/>\n<meta name=\"twitter:label1\" content=\"\u00c9crit par\" \/>\n\t<meta name=\"twitter:data1\" content=\"Ibrahima\" \/>\n\t<meta name=\"twitter:label2\" content=\"Dur\u00e9e de lecture estim\u00e9e\" \/>\n\t<meta name=\"twitter:data2\" content=\"1 minute\" \/>\n<script type=\"application\/ld+json\" class=\"yoast-schema-graph\">{\"@context\":\"https:\/\/schema.org\",\"@graph\":[{\"@type\":\"WebSite\",\"@id\":\"https:\/\/www.nettali.com\/#website\",\"url\":\"https:\/\/www.nettali.com\/\",\"name\":\"Nettali.com\",\"description\":\"Le rendez-vous critique du Net\",\"potentialAction\":[{\"@type\":\"SearchAction\",\"target\":{\"@type\":\"EntryPoint\",\"urlTemplate\":\"https:\/\/www.nettali.com\/?s={search_term_string}\"},\"query-input\":\"required name=search_term_string\"}],\"inLanguage\":\"fr-FR\"},{\"@type\":\"ImageObject\",\"@id\":\"https:\/\/www.nettali.com\/2021\/09\/10\/manchester-city-benjamin-mendy-toujours-en-prison\/#primaryimage\",\"inLanguage\":\"fr-FR\",\"url\":\"https:\/\/www.nettali.com\/wp-content\/uploads\/2021\/09\/Benjamin-Mendy22-1.jpg\",\"contentUrl\":\"https:\/\/www.nettali.com\/wp-content\/uploads\/2021\/09\/Benjamin-Mendy22-1.jpg\",\"width\":1920,\"height\":1080},{\"@type\":\"WebPage\",\"@id\":\"https:\/\/www.nettali.com\/2021\/09\/10\/manchester-city-benjamin-mendy-toujours-en-prison\/#webpage\",\"url\":\"https:\/\/www.nettali.com\/2021\/09\/10\/manchester-city-benjamin-mendy-toujours-en-prison\/\",\"name\":\"MANCHESTER CITY - Benjamin Mendy toujours en prison! | Nettali.com\",\"isPartOf\":{\"@id\":\"https:\/\/www.nettali.com\/#website\"},\"primaryImageOfPage\":{\"@id\":\"https:\/\/www.nettali.com\/2021\/09\/10\/manchester-city-benjamin-mendy-toujours-en-prison\/#primaryimage\"},\"datePublished\":\"2021-09-10T16:04:15+00:00\",\"dateModified\":\"2021-09-10T16:04:15+00:00\",\"author\":{\"@id\":\"https:\/\/www.nettali.com\/#\/schema\/person\/bb147657c2986240405a608162b9bb23\"},\"breadcrumb\":{\"@id\":\"https:\/\/www.nettali.com\/2021\/09\/10\/manchester-city-benjamin-mendy-toujours-en-prison\/#breadcrumb\"},\"inLanguage\":\"fr-FR\",\"potentialAction\":[{\"@type\":\"ReadAction\",\"target\":[\"https:\/\/www.nettali.com\/2021\/09\/10\/manchester-city-benjamin-mendy-toujours-en-prison\/\"]}]},{\"@type\":\"BreadcrumbList\",\"@id\":\"https:\/\/www.nettali.com\/2021\/09\/10\/manchester-city-benjamin-mendy-toujours-en-prison\/#breadcrumb\",\"itemListElement\":[{\"@type\":\"ListItem\",\"position\":1,\"name\":\"Accueil\",\"item\":\"https:\/\/www.nettali.com\/\"},{\"@type\":\"ListItem\",\"position\":2,\"name\":\"MANCHESTER CITY &#8211; Benjamin Mendy toujours en prison!\"}]},{\"@type\":\"Person\",\"@id\":\"https:\/\/www.nettali.com\/#\/schema\/person\/bb147657c2986240405a608162b9bb23\",\"name\":\"Ibrahima\",\"image\":{\"@type\":\"ImageObject\",\"@id\":\"https:\/\/www.nettali.com\/#personlogo\",\"inLanguage\":\"fr-FR\",\"url\":\"https:\/\/secure.gravatar.com\/avatar\/26a8a81f09f0dd7624c9d5c36c9ba3a2?s=96&d=mm&r=g\",\"contentUrl\":\"https:\/\/secure.gravatar.com\/avatar\/26a8a81f09f0dd7624c9d5c36c9ba3a2?s=96&d=mm&r=g\",\"caption\":\"Ibrahima\"},\"sameAs\":[\"https:\/\/www.nettali.com\"]}]}<\/script>\n<!-- \/ Yoast SEO Premium plugin. -->","yoast_head_json":{"title":"MANCHESTER CITY - Benjamin Mendy toujours en prison! | Nettali.com","robots":{"index":"index","follow":"follow","max-snippet":"max-snippet:-1","max-image-preview":"max-image-preview:large","max-video-preview":"max-video-preview:-1"},"canonical":"https:\/\/www.nettali.com\/2021\/09\/10\/manchester-city-benjamin-mendy-toujours-en-prison\/","og_locale":"fr_FR","og_type":"article","og_title":"MANCHESTER CITY - Benjamin Mendy toujours en prison!","og_description":"NETTALI.COM - Benjamin Mendy devra encore prendre son mal en patience. Accus\u00e9 de quatre viols et d'une agression sexuelle, le d\u00e9fenseur de Manchester City a \u00e9t\u00e9 plac\u00e9 en d\u00e9tention provisoire depuis le 27 ao\u00fbt dernier. Auditionn\u00e9 ce vendredi par le tribunal de Chester, le champion du monde ne va pas retrouver la libert\u00e9, pas pour [&hellip;]","og_url":"https:\/\/www.nettali.com\/2021\/09\/10\/manchester-city-benjamin-mendy-toujours-en-prison\/","og_site_name":"Nettali.com","article_publisher":"https:\/\/www.facebook.com\/nettalicom","article_published_time":"2021-09-10T16:04:15+00:00","og_image":[{"width":1920,"height":1080,"url":"https:\/\/www.nettali.com\/wp-content\/uploads\/2021\/09\/Benjamin-Mendy22-1.jpg","type":"image\/jpeg"}],"twitter_card":"summary_large_image","twitter_misc":{"\u00c9crit par":"Ibrahima","Dur\u00e9e de lecture estim\u00e9e":"1 minute"},"schema":{"@context":"https:\/\/schema.org","@graph":[{"@type":"WebSite","@id":"https:\/\/www.nettali.com\/#website","url":"https:\/\/www.nettali.com\/","name":"Nettali.com","description":"Le rendez-vous critique du Net","potentialAction":[{"@type":"SearchAction","target":{"@type":"EntryPoint","urlTemplate":"https:\/\/www.nettali.com\/?s={search_term_string}"},"query-input":"required name=search_term_string"}],"inLanguage":"fr-FR"},{"@type":"ImageObject","@id":"https:\/\/www.nettali.com\/2021\/09\/10\/manchester-city-benjamin-mendy-toujours-en-prison\/#primaryimage","inLanguage":"fr-FR","url":"https:\/\/www.nettali.com\/wp-content\/uploads\/2021\/09\/Benjamin-Mendy22-1.jpg","contentUrl":"https:\/\/www.nettali.com\/wp-content\/uploads\/2021\/09\/Benjamin-Mendy22-1.jpg","width":1920,"height":1080},{"@type":"WebPage","@id":"https:\/\/www.nettali.com\/2021\/09\/10\/manchester-city-benjamin-mendy-toujours-en-prison\/#webpage","url":"https:\/\/www.nettali.com\/2021\/09\/10\/manchester-city-benjamin-mendy-toujours-en-prison\/","name":"MANCHESTER CITY - Benjamin Mendy toujours en prison! | Nettali.com","isPartOf":{"@id":"https:\/\/www.nettali.com\/#website"},"primaryImageOfPage":{"@id":"https:\/\/www.nettali.com\/2021\/09\/10\/manchester-city-benjamin-mendy-toujours-en-prison\/#primaryimage"},"datePublished":"2021-09-10T16:04:15+00:00","dateModified":"2021-09-10T16:04:15+00:00","author":{"@id":"https:\/\/www.nettali.com\/#\/schema\/person\/bb147657c2986240405a608162b9bb23"},"breadcrumb":{"@id":"https:\/\/www.nettali.com\/2021\/09\/10\/manchester-city-benjamin-mendy-toujours-en-prison\/#breadcrumb"},"inLanguage":"fr-FR","potentialAction":[{"@type":"ReadAction","target":["https:\/\/www.nettali.com\/2021\/09\/10\/manchester-city-benjamin-mendy-toujours-en-prison\/"]}]},{"@type":"BreadcrumbList","@id":"https:\/\/www.nettali.com\/2021\/09\/10\/manchester-city-benjamin-mendy-toujours-en-prison\/#breadcrumb","itemListElement":[{"@type":"ListItem","position":1,"name":"Accueil","item":"https:\/\/www.nettali.com\/"},{"@type":"ListItem","position":2,"name":"MANCHESTER CITY &#8211; Benjamin Mendy toujours en prison!"}]},{"@type":"Person","@id":"https:\/\/www.nettali.com\/#\/schema\/person\/bb147657c2986240405a608162b9bb23","name":"Ibrahima","image":{"@type":"ImageObject","@id":"https:\/\/www.nettali.com\/#personlogo","inLanguage":"fr-FR","url":"https:\/\/secure.gravatar.com\/avatar\/26a8a81f09f0dd7624c9d5c36c9ba3a2?s=96&d=mm&r=g","contentUrl":"https:\/\/secure.gravatar.com\/avatar\/26a8a81f09f0dd7624c9d5c36c9ba3a2?s=96&d=mm&r=g","caption":"Ibrahima"},"sameAs":["https:\/\/www.nettali.com"]}]}},"_links":{"self":[{"href":"https:\/\/www.nettali.com\/rest\/wp\/v2\/posts\/71652"}],"collection":[{"href":"https:\/\/www.nettali.com\/rest\/wp\/v2\/posts"}],"about":[{"href":"https:\/\/www.nettali.com\/rest\/wp\/v2\/types\/post"}],"author":[{"embeddable":true,"href":"https:\/\/www.nettali.com\/rest\/wp\/v2\/users\/5"}],"replies":[{"embeddable":true,"href":"https:\/\/www.nettali.com\/rest\/wp\/v2\/comments?post=71652"}],"version-history":[{"count":1,"href":"https:\/\/www.nettali.com\/rest\/wp\/v2\/posts\/71652\/revisions"}],"predecessor-version":[{"id":71655,"href":"https:\/\/www.nettali.com\/rest\/wp\/v2\/posts\/71652\/revisions\/71655"}],"wp:featuredmedia":[{"embeddable":true,"href":"https:\/\/www.nettali.com\/rest\/wp\/v2\/media\/71649"}],"wp:attachment":[{"href":"https:\/\/www.nettali.com\/rest\/wp\/v2\/media?parent=71652"}],"wp:term":[{"taxonomy":"category","embeddable":true,"href":"https:\/\/www.nettali.com\/rest\/wp\/v2\/categories?post=71652"},{"taxonomy":"post_tag","embeddable":true,"href":"https:\/\/www.nettali.com\/rest\/wp\/v2\/tags?post=71652"}],"curies":[{"name":"wp","href":"https:\/\/api.w.org\/{rel}","templated":true}]}}