{"id":71606,"date":"2021-09-10T09:28:45","date_gmt":"2021-09-10T09:28:45","guid":{"rendered":"https:\/\/www.nettali.com\/?p=71606"},"modified":"2021-09-10T09:28:45","modified_gmt":"2021-09-10T09:28:45","slug":"interruption-volontaire-de-grossesse-jamra-et-ses-allies-sopposent-aux-feministes","status":"publish","type":"post","link":"https:\/\/www.nettali.com\/2021\/09\/10\/interruption-volontaire-de-grossesse-jamra-et-ses-allies-sopposent-aux-feministes\/","title":{"rendered":"INTERRUPTION VOLONTAIRE DE GROSSESSE - Jamra et ses alli\u00e9s s\u2019opposent aux f\u00e9ministes"},"content":{"rendered":"<p><strong>NETTALI.COM - L\u2019ONG Jamra compte, avec d\u2019autres organisations, s\u2019opposer \u00e0 la l\u00e9galisation de l\u2019avortement m\u00e9dicalis\u00e9 au S\u00e9n\u00e9gal. Mame Makhtar Gu\u00e8ye et Cie, qui faisaient face \u00e0 la presse, annoncent \u00e0 cet effet une tourn\u00e9e dans les diff\u00e9rentes familles religieuses pour sensibiliser sur cette question remise sur la table par les organisations f\u00e9ministes.<\/strong><\/p>\n<p>Apr\u00e8s les s\u00e9ries obsc\u00e8nes, l\u2019ONG Jamra se lance sur un autre front, nous apprend la livraison de ce vendredi de Enqu\u00eate. Cette fois, il s\u2019agit de faire face aux th\u00e9oriciens de la l\u00e9galisation de l\u2019interruption volontaire de grossesse (IVG) ou avortement m\u00e9dicalis\u00e9. Ainsi, pour plus d\u2019efficacit\u00e9 dans la lutte, Mame Makhtar Gu\u00e8ye s\u2019est alli\u00e9 avec d\u2019autres organisations regroup\u00e9es dans une entit\u00e9 de 48 membres, pour faire face aux organisations f\u00e9ministes.<\/p>\n<p>D\u2019apr\u00e8s M. Gu\u00e8ye, cette lutte date de plusieurs ann\u00e9es. Cependant, la question a \u00e9t\u00e9 relanc\u00e9e avec la m\u00e9diatisation d\u2019un spot publicitaire sur le sujet. Une courte vid\u00e9o qui met en sc\u00e8ne une jeune fille en larmes \u00e0 cause d\u2019un acte incestueux qu\u2019elle aurait subi, entrainant une grossesse et qui met en p\u00e9ril son avenir.<\/p>\n<p>Des situations pour lesquelles les f\u00e9ministes et d\u2019autres organisations similaires conseillent fortement l\u2019IVG, pour \u00e9viter \u00e0 la victime de porter une grossesse non-d\u00e9sir\u00e9e.<\/p>\n<p>Pour Jamra et ses alli\u00e9s, l\u2019avortement est une forme d\u2019infanticide. Ils ont, en ce sens, rappel\u00e9 le processus \u2018\u2019criminel\u2019\u2019 qui m\u00e8ne \u00e0 cette pratique. Mieux, le collectif pense que ces associations qui militent pour l\u2019IVG doivent pr\u00e9ciser aux concern\u00e9es les cons\u00e9quences n\u00e9fastes de cette pratique : \u2018\u2019Les syndromes post-abortifs, qui se traduisent par des crises d\u00e9pressives, le cancer du col de l\u2019ut\u00e9rus ou du sein ainsi que des troubles psychologiques.\u2019\u2019<\/p>\n<p>Pour Mame Makhtar Gu\u00e8ye, tous les avortements sont m\u00e9dicalis\u00e9s, car n\u00e9cessitant une assistance m\u00e9dicale. Par cons\u00e9quent, estime-t-il, le terme utilis\u00e9 vise \u00e0 rassurer les S\u00e9n\u00e9galais. Cependant, insistet-il, l\u2019inceste et le viol ne sont pas des raisons valables pour plonger la soci\u00e9t\u00e9 s\u00e9n\u00e9galaise dans des situations de suspicions. A ses yeux, les mouvements f\u00e9ministes sont dans une logique de justifier les fonds qu\u2019ils ont re\u00e7us des lobbies ma\u00e7onniques qui militent \u00e9galement pour l\u2019homosexualit\u00e9, afin de d\u00e9peupler le continent africain. D\u2019apr\u00e8s le leader du mouvement Jamra, l\u2019avortement est \u2018\u2019un filon tr\u00e8s juteux pour ces praticiens. En effet, dit-il, les f\u0153tus extraits sont vendus aupr\u00e8s des industries cosm\u00e9tiques europ\u00e9ennes ou transform\u00e9s en g\u00e9lules de rajeunissement tr\u00e8s pris\u00e9es\u2019\u2019.<\/p>\n<p>Oustaz Makhtar Sarr, membre du collectif, est quant \u00e0 lui convaincu que l\u2019adoption de cette loi risque d\u2019\u00eatre la porte \u00e0 toutes les d\u00e9rives dans la soci\u00e9t\u00e9 s\u00e9n\u00e9galaise. \u2018\u2019Leur ultime objectif est de permettre \u00e0 toute femme qui le souhaite de mettre fin \u00e0 sa grossesse, quel que soit le cas. On peut alors s\u2019attendre \u00e0 voir des conjoints qui ont des difficult\u00e9s dans leurs foyers se l\u2019appliquer, des m\u00e8res peuvent aussi exiger \u00e0 leurs filles d\u2019avorter d\u2019une grossesse issue d\u2019un mariage. Voici les cons\u00e9quences que nous risquons. Nous ne laisserons pas les f\u00e9ministes faire passer cette loi. Nous allons sensibiliser les S\u00e9n\u00e9galais sur les limites de cette pratique\u2019\u2019, avertit-il. A l\u2019en croire, la religion dit qu\u2019avant 40 jours de f\u00e9condation jusqu\u2019\u00e0 la naissance de l\u2019enfant, il est interdit de l\u2019extraire de son environnement. Par cons\u00e9quent, r\u00e9it\u00e8re-t-il, l\u2019avortement est strictement interdit en islam.<\/p>\n<p><strong>La tourn\u00e9e des familles religieuses<\/strong><\/p>\n<p>A ce sujet, Mame Makhtar Gu\u00e8ye annonce une tourn\u00e9e dans les diff\u00e9rentes confr\u00e9ries du S\u00e9n\u00e9gal, y compris l\u2019\u00e9glise catholique, pour davantage aborder la question \u00e0 partir d\u2019aujourd\u2019hui.<\/p>\n<p>Le secr\u00e9taire g\u00e9n\u00e9ral du Syndicat unique des travailleurs de la sant\u00e9 et de l'action Sociale (Sutsas) indique, pour sa part, que leur collectif n\u2019a pas de probl\u00e8mes avec les mouvements f\u00e9ministes. Mais pour Mballo Dia Thiam, l\u2019avortement tel que con\u00e7u par les lois s\u00e9n\u00e9galaises les agr\u00e9ent et toute autre forme d\u2019avortement n\u2019a pas leur consentement. \u2018\u2019Nous avons notre point de vue technique qu\u2019on a suffisamment d\u00e9montr\u00e9. Les religieux qui sont ici aussi ont d\u00e9montr\u00e9 \u00e0 suffisance comment Dieu a condamn\u00e9 cet acte et dans quelle condition cette pratique peut \u00eatre accept\u00e9e\u2019\u2019, fait-il remarquer.<\/p>\n<p>En 2016, se rem\u00e9more M. Thiam, leur syndicat avait particip\u00e9 \u00e0 une rencontre sur l\u2019avortement et avait, \u00e0 l\u2019\u00e9poque, donn\u00e9 sa position pour son encadrement. \u2018\u2019Il faut d\u2019abord voir si la vie de la m\u00e8re est engag\u00e9e. Et le m\u00e9decin pratiquant, dans ce cas, devrait \u00eatre diff\u00e9rent de celui prescripteur et ce dernier sera \u00e9galement diff\u00e9rent de celui qui va faire le diagnostic. Si aujourd\u2019hui, des femmes peuvent avorter pour convenance personnelle ou \u00e0 l\u2019issue d\u2019acte incestueux, les d\u00e9rives et accusations seront nombreuses\u2019\u2019, met-il en garde.<\/p>\n<div class='share-to-whatsapp-wrapper'><div class='share-on-whsp'>PARTAGER SUR : <\/div><a data-text='INTERRUPTION VOLONTAIRE DE GROSSESSE - Jamra et ses alli\u00e9s s\u2019opposent aux f\u00e9ministes' data-link='https:\/\/www.nettali.com\/2021\/09\/10\/interruption-volontaire-de-grossesse-jamra-et-ses-allies-sopposent-aux-feministes\/' class='whatsapp-button whatsapp-share'>WhatsApp<\/a><div class='clear '><\/div><\/div>","protected":false},"excerpt":{"rendered":"<p>NETTALI.COM - L\u2019ONG Jamra compte, avec d\u2019autres organisations, s\u2019opposer \u00e0 la l\u00e9galisation de l\u2019avortement m\u00e9dicalis\u00e9 au S\u00e9n\u00e9gal. Mame Makhtar Gu\u00e8ye et Cie, qui faisaient face \u00e0 la presse, annoncent \u00e0 cet effet une tourn\u00e9e dans les diff\u00e9rentes familles religieuses pour sensibiliser sur cette question remise sur la table par les organisations f\u00e9ministes. Apr\u00e8s les s\u00e9ries [&hellip;]<\/p>\n","protected":false},"author":11,"featured_media":0,"comment_status":"open","ping_status":"open","sticky":false,"template":"","format":"standard","meta":{"_et_pb_use_builder":"","_et_pb_old_content":""},"categories":[3],"tags":[],"yoast_head":"<!-- This site is optimized with the Yoast SEO Premium plugin v17.8 (Yoast SEO v17.8) - https:\/\/yoast.com\/wordpress\/plugins\/seo\/ -->\n<title>INTERRUPTION VOLONTAIRE DE GROSSESSE - Jamra et ses alli\u00e9s s\u2019opposent aux f\u00e9ministes | Nettali.com<\/title>\n<meta name=\"robots\" content=\"index, follow, max-snippet:-1, max-image-preview:large, max-video-preview:-1\" \/>\n<link rel=\"canonical\" href=\"https:\/\/www.nettali.com\/2021\/09\/10\/interruption-volontaire-de-grossesse-jamra-et-ses-allies-sopposent-aux-feministes\/\" \/>\n<meta property=\"og:locale\" content=\"fr_FR\" \/>\n<meta property=\"og:type\" content=\"article\" \/>\n<meta property=\"og:title\" content=\"INTERRUPTION VOLONTAIRE DE GROSSESSE - Jamra et ses alli\u00e9s s\u2019opposent aux f\u00e9ministes\" \/>\n<meta property=\"og:description\" content=\"NETTALI.COM - L\u2019ONG Jamra compte, avec d\u2019autres organisations, s\u2019opposer \u00e0 la l\u00e9galisation de l\u2019avortement m\u00e9dicalis\u00e9 au S\u00e9n\u00e9gal. Mame Makhtar Gu\u00e8ye et Cie, qui faisaient face \u00e0 la presse, annoncent \u00e0 cet effet une tourn\u00e9e dans les diff\u00e9rentes familles religieuses pour sensibiliser sur cette question remise sur la table par les organisations f\u00e9ministes. Apr\u00e8s les s\u00e9ries [&hellip;]\" \/>\n<meta property=\"og:url\" content=\"https:\/\/www.nettali.com\/2021\/09\/10\/interruption-volontaire-de-grossesse-jamra-et-ses-allies-sopposent-aux-feministes\/\" \/>\n<meta property=\"og:site_name\" content=\"Nettali.com\" \/>\n<meta property=\"article:publisher\" content=\"https:\/\/www.facebook.com\/nettalicom\" \/>\n<meta property=\"article:published_time\" content=\"2021-09-10T09:28:45+00:00\" \/>\n<meta property=\"og:image\" content=\"https:\/\/www.nettali.com\/wp-content\/uploads\/2019\/11\/jamra.jpg\" \/>\n\t<meta property=\"og:image:width\" content=\"300\" \/>\n\t<meta property=\"og:image:height\" content=\"168\" \/>\n<meta name=\"twitter:card\" content=\"summary_large_image\" \/>\n<meta name=\"twitter:label1\" content=\"\u00c9crit par\" \/>\n\t<meta name=\"twitter:data1\" content=\"Thierno Diop\" \/>\n\t<meta name=\"twitter:label2\" content=\"Dur\u00e9e de lecture estim\u00e9e\" \/>\n\t<meta name=\"twitter:data2\" content=\"4 minutes\" \/>\n<script type=\"application\/ld+json\" class=\"yoast-schema-graph\">{\"@context\":\"https:\/\/schema.org\",\"@graph\":[{\"@type\":\"WebSite\",\"@id\":\"https:\/\/www.nettali.com\/#website\",\"url\":\"https:\/\/www.nettali.com\/\",\"name\":\"Nettali.com\",\"description\":\"Le rendez-vous critique du Net\",\"potentialAction\":[{\"@type\":\"SearchAction\",\"target\":{\"@type\":\"EntryPoint\",\"urlTemplate\":\"https:\/\/www.nettali.com\/?s={search_term_string}\"},\"query-input\":\"required name=search_term_string\"}],\"inLanguage\":\"fr-FR\"},{\"@type\":\"WebPage\",\"@id\":\"https:\/\/www.nettali.com\/2021\/09\/10\/interruption-volontaire-de-grossesse-jamra-et-ses-allies-sopposent-aux-feministes\/#webpage\",\"url\":\"https:\/\/www.nettali.com\/2021\/09\/10\/interruption-volontaire-de-grossesse-jamra-et-ses-allies-sopposent-aux-feministes\/\",\"name\":\"INTERRUPTION VOLONTAIRE DE GROSSESSE - Jamra et ses alli\\u00e9s s\\u2019opposent aux f\\u00e9ministes | Nettali.com\",\"isPartOf\":{\"@id\":\"https:\/\/www.nettali.com\/#website\"},\"datePublished\":\"2021-09-10T09:28:45+00:00\",\"dateModified\":\"2021-09-10T09:28:45+00:00\",\"author\":{\"@id\":\"https:\/\/www.nettali.com\/#\/schema\/person\/8a06c6bd7b19304cf4bf985862900b5b\"},\"breadcrumb\":{\"@id\":\"https:\/\/www.nettali.com\/2021\/09\/10\/interruption-volontaire-de-grossesse-jamra-et-ses-allies-sopposent-aux-feministes\/#breadcrumb\"},\"inLanguage\":\"fr-FR\",\"potentialAction\":[{\"@type\":\"ReadAction\",\"target\":[\"https:\/\/www.nettali.com\/2021\/09\/10\/interruption-volontaire-de-grossesse-jamra-et-ses-allies-sopposent-aux-feministes\/\"]}]},{\"@type\":\"BreadcrumbList\",\"@id\":\"https:\/\/www.nettali.com\/2021\/09\/10\/interruption-volontaire-de-grossesse-jamra-et-ses-allies-sopposent-aux-feministes\/#breadcrumb\",\"itemListElement\":[{\"@type\":\"ListItem\",\"position\":1,\"name\":\"Accueil\",\"item\":\"https:\/\/www.nettali.com\/\"},{\"@type\":\"ListItem\",\"position\":2,\"name\":\"INTERRUPTION VOLONTAIRE DE GROSSESSE &#8211; Jamra et ses alli\\u00e9s s\\u2019opposent aux f\\u00e9ministes\"}]},{\"@type\":\"Person\",\"@id\":\"https:\/\/www.nettali.com\/#\/schema\/person\/8a06c6bd7b19304cf4bf985862900b5b\",\"name\":\"Thierno Diop\",\"image\":{\"@type\":\"ImageObject\",\"@id\":\"https:\/\/www.nettali.com\/#personlogo\",\"inLanguage\":\"fr-FR\",\"url\":\"https:\/\/secure.gravatar.com\/avatar\/c8ca58550c94fd2ac856d27391a6c866?s=96&d=mm&r=g\",\"contentUrl\":\"https:\/\/secure.gravatar.com\/avatar\/c8ca58550c94fd2ac856d27391a6c866?s=96&d=mm&r=g\",\"caption\":\"Thierno Diop\"},\"sameAs\":[\"https:\/\/nettali.com\"]}]}<\/script>\n<!-- \/ Yoast SEO Premium plugin. -->","yoast_head_json":{"title":"INTERRUPTION VOLONTAIRE DE GROSSESSE - Jamra et ses alli\u00e9s s\u2019opposent aux f\u00e9ministes | Nettali.com","robots":{"index":"index","follow":"follow","max-snippet":"max-snippet:-1","max-image-preview":"max-image-preview:large","max-video-preview":"max-video-preview:-1"},"canonical":"https:\/\/www.nettali.com\/2021\/09\/10\/interruption-volontaire-de-grossesse-jamra-et-ses-allies-sopposent-aux-feministes\/","og_locale":"fr_FR","og_type":"article","og_title":"INTERRUPTION VOLONTAIRE DE GROSSESSE - Jamra et ses alli\u00e9s s\u2019opposent aux f\u00e9ministes","og_description":"NETTALI.COM - L\u2019ONG Jamra compte, avec d\u2019autres organisations, s\u2019opposer \u00e0 la l\u00e9galisation de l\u2019avortement m\u00e9dicalis\u00e9 au S\u00e9n\u00e9gal. Mame Makhtar Gu\u00e8ye et Cie, qui faisaient face \u00e0 la presse, annoncent \u00e0 cet effet une tourn\u00e9e dans les diff\u00e9rentes familles religieuses pour sensibiliser sur cette question remise sur la table par les organisations f\u00e9ministes. Apr\u00e8s les s\u00e9ries [&hellip;]","og_url":"https:\/\/www.nettali.com\/2021\/09\/10\/interruption-volontaire-de-grossesse-jamra-et-ses-allies-sopposent-aux-feministes\/","og_site_name":"Nettali.com","article_publisher":"https:\/\/www.facebook.com\/nettalicom","article_published_time":"2021-09-10T09:28:45+00:00","og_image":[{"width":300,"height":168,"url":"https:\/\/www.nettali.com\/wp-content\/uploads\/2019\/11\/jamra.jpg","type":"image\/jpeg"}],"twitter_card":"summary_large_image","twitter_misc":{"\u00c9crit par":"Thierno Diop","Dur\u00e9e de lecture estim\u00e9e":"4 minutes"},"schema":{"@context":"https:\/\/schema.org","@graph":[{"@type":"WebSite","@id":"https:\/\/www.nettali.com\/#website","url":"https:\/\/www.nettali.com\/","name":"Nettali.com","description":"Le rendez-vous critique du Net","potentialAction":[{"@type":"SearchAction","target":{"@type":"EntryPoint","urlTemplate":"https:\/\/www.nettali.com\/?s={search_term_string}"},"query-input":"required name=search_term_string"}],"inLanguage":"fr-FR"},{"@type":"WebPage","@id":"https:\/\/www.nettali.com\/2021\/09\/10\/interruption-volontaire-de-grossesse-jamra-et-ses-allies-sopposent-aux-feministes\/#webpage","url":"https:\/\/www.nettali.com\/2021\/09\/10\/interruption-volontaire-de-grossesse-jamra-et-ses-allies-sopposent-aux-feministes\/","name":"INTERRUPTION VOLONTAIRE DE GROSSESSE - Jamra et ses alli\u00e9s s\u2019opposent aux f\u00e9ministes | Nettali.com","isPartOf":{"@id":"https:\/\/www.nettali.com\/#website"},"datePublished":"2021-09-10T09:28:45+00:00","dateModified":"2021-09-10T09:28:45+00:00","author":{"@id":"https:\/\/www.nettali.com\/#\/schema\/person\/8a06c6bd7b19304cf4bf985862900b5b"},"breadcrumb":{"@id":"https:\/\/www.nettali.com\/2021\/09\/10\/interruption-volontaire-de-grossesse-jamra-et-ses-allies-sopposent-aux-feministes\/#breadcrumb"},"inLanguage":"fr-FR","potentialAction":[{"@type":"ReadAction","target":["https:\/\/www.nettali.com\/2021\/09\/10\/interruption-volontaire-de-grossesse-jamra-et-ses-allies-sopposent-aux-feministes\/"]}]},{"@type":"BreadcrumbList","@id":"https:\/\/www.nettali.com\/2021\/09\/10\/interruption-volontaire-de-grossesse-jamra-et-ses-allies-sopposent-aux-feministes\/#breadcrumb","itemListElement":[{"@type":"ListItem","position":1,"name":"Accueil","item":"https:\/\/www.nettali.com\/"},{"@type":"ListItem","position":2,"name":"INTERRUPTION VOLONTAIRE DE GROSSESSE &#8211; Jamra et ses alli\u00e9s s\u2019opposent aux f\u00e9ministes"}]},{"@type":"Person","@id":"https:\/\/www.nettali.com\/#\/schema\/person\/8a06c6bd7b19304cf4bf985862900b5b","name":"Thierno Diop","image":{"@type":"ImageObject","@id":"https:\/\/www.nettali.com\/#personlogo","inLanguage":"fr-FR","url":"https:\/\/secure.gravatar.com\/avatar\/c8ca58550c94fd2ac856d27391a6c866?s=96&d=mm&r=g","contentUrl":"https:\/\/secure.gravatar.com\/avatar\/c8ca58550c94fd2ac856d27391a6c866?s=96&d=mm&r=g","caption":"Thierno Diop"},"sameAs":["https:\/\/nettali.com"]}]}},"_links":{"self":[{"href":"https:\/\/www.nettali.com\/rest\/wp\/v2\/posts\/71606"}],"collection":[{"href":"https:\/\/www.nettali.com\/rest\/wp\/v2\/posts"}],"about":[{"href":"https:\/\/www.nettali.com\/rest\/wp\/v2\/types\/post"}],"author":[{"embeddable":true,"href":"https:\/\/www.nettali.com\/rest\/wp\/v2\/users\/11"}],"replies":[{"embeddable":true,"href":"https:\/\/www.nettali.com\/rest\/wp\/v2\/comments?post=71606"}],"version-history":[{"count":1,"href":"https:\/\/www.nettali.com\/rest\/wp\/v2\/posts\/71606\/revisions"}],"predecessor-version":[{"id":71607,"href":"https:\/\/www.nettali.com\/rest\/wp\/v2\/posts\/71606\/revisions\/71607"}],"wp:attachment":[{"href":"https:\/\/www.nettali.com\/rest\/wp\/v2\/media?parent=71606"}],"wp:term":[{"taxonomy":"category","embeddable":true,"href":"https:\/\/www.nettali.com\/rest\/wp\/v2\/categories?post=71606"},{"taxonomy":"post_tag","embeddable":true,"href":"https:\/\/www.nettali.com\/rest\/wp\/v2\/tags?post=71606"}],"curies":[{"name":"wp","href":"https:\/\/api.w.org\/{rel}","templated":true}]}}