{"id":71599,"date":"2021-09-10T09:11:11","date_gmt":"2021-09-10T09:11:11","guid":{"rendered":"https:\/\/www.nettali.com\/?p=71599"},"modified":"2021-09-10T09:11:11","modified_gmt":"2021-09-10T09:11:11","slug":"environnement-serigne-bass-avocat-des-vendeurs-de-sachets-deau","status":"publish","type":"post","link":"https:\/\/www.nettali.com\/2021\/09\/10\/environnement-serigne-bass-avocat-des-vendeurs-de-sachets-deau\/","title":{"rendered":"ENVIRONNEMENT - Serigne Bass avocat des vendeurs de sachets d\u2019eau"},"content":{"rendered":"<p><strong>NETTALI.COM - En direction du grand Magal de Touba qui\u00a0 se tiendra, le 26 septembre prochain, les ministres de l\u2019Environnement, de l\u2019Urbanisme et la secr\u00e9taire d\u2019Etat au Logement ont rehauss\u00e9 de leur pr\u00e9sence la journ\u00e9e de nettoiement organis\u00e9e hier en pr\u00e9lude \u00e0 cet important \u00e9v\u00e9nement religieux.\u00a0 A l'occasion, le porte-parole du khalife g\u00e9n\u00e9ral des mourides a d\u00e9fendu la cause des acteurs qui s\u2019activent dans la commercialisation de l\u2019eau en sachet. Interc\u00e9dant aupr\u00e8s du gouvernement, il milite pour plus d\u2019indulgence \u00e0 l'endroit des vendeurs.<\/strong><\/p>\n<p>En pr\u00e9sence des ministres de l\u2019Environnement, de l\u2019Urbanisme et de la secr\u00e9taire au Logement, la traditionnelle journ\u00e9e de nettoiement des art\u00e8res de la cit\u00e9 religieuse de Touba, qui co\u00efncide avec le 1er jour du mois de Safar, a \u00e9t\u00e9 organis\u00e9e hier. Accueillant les deux ministres, Serigne Bassirou Mback\u00e9 Abdou Khadre, porte-parole du khalife g\u00e9n\u00e9ral des mourides, s\u2019est fait l\u2019avocat des acteurs qui s\u2019activent dans la vente et la commercialisation des sachets d\u2019eau. Il dira, \u00e0 cet effet, \u00e0 Abdou Karim Sall, Ministre de l\u2019Environnement et du D\u00e9veloppement durable : \u2018\u2019Avec ceux qui s\u2019activent dans le commerce de l\u2019eau avec les sachets, il faut une large concertation, parce que si des milliers de personnes sont inqui\u00e8tes et viennent nous solliciter pour que nous interc\u00e9dions en leur faveur pour plaider leur sort, nous ne pouvons que vous demander beaucoup plus d\u2019indulgence envers eux.\u2019\u2019<\/p>\n<p>Ainsi, derni\u00e8rement, le minist\u00e8re de l\u2019Environnement s\u2019est mis \u00e0 appliquer les textes qui interdisent l\u2019utilisation des sachets plastiques. De plus, Serigne Bassirou Mback\u00e9 Abdou Khadre a plaid\u00e9 pour un all\u00e9gement des proc\u00e9dures contre les personnes qui s\u2019activent dans la coupe du bois. \u2018\u2019Depuis l\u2019ann\u00e9e derni\u00e8re, le khalife g\u00e9n\u00e9ral a re\u00e7u beaucoup de complaintes de la part des personnes qui s\u2019activent dans la coupe de bois au niveau des zones qui jouxtent Touba. Il les faut aider dans le respect des lois, parce qu\u2019ils sont tr\u00e8s fatigu\u00e9s\u2019\u2019.<\/p>\n<p>Auparavant, AbdouKarim Sall avait mis \u00e0 profit cette journ\u00e9e pour inviter les S\u00e9n\u00e9galais \u00e0 \u2018\u2019reboiser massivement\u2019\u2019. C\u2019est parce que, poursuit le ministre de l\u2019Environnement, \u2018\u2019le pr\u00e9sident a une grande ambition pour cette cit\u00e9, pour qu\u2019elle soit reverdie. En t\u00e9moignentles nombreux cocotiers plant\u00e9s au niveau des deux all\u00e9es qui m\u00e8nent vers la r\u00e9sidence du khalife g\u00e9n\u00e9ral. Nous demandons aux S\u00e9n\u00e9galais de faire des efforts pour planter des arbres, mais aussi lutter efficacement contre l\u2019insalubrit\u00e9\u2019\u2019.<\/p>\n<p>A cet \u00e9gard, le directeur de l\u2019Unit\u00e9 de coordination et de gestion des d\u00e9chets solides s\u2019est, lui, appesanti sur le mat\u00e9riel qui est achemin\u00e9 \u00e0 Touba. Il s\u2019agit, d\u2019apr\u00e8s Mass Thiam, \u2018\u2019de bennes-tasseuses, de pelles m\u00e9caniques, de 27 camions pour ramasser les ordures, de 100 bacs \u00e0 ordures, ainsi que des masques. L\u2019UCG, avec ses \u00e9quipes, va rester \u00e0 Touba pendant un mois\u2019\u2019. Mass Thiam a aussi annonc\u00e9 l\u2019augmentation des points de contr\u00f4le normalis\u00e9s des d\u00e9chets. Ces points passent de quatre \u00e0 huit points<\/p>\n<div class='share-to-whatsapp-wrapper'><div class='share-on-whsp'>PARTAGER SUR : <\/div><a data-text='ENVIRONNEMENT - Serigne Bass avocat des vendeurs de sachets d\u2019eau' data-link='https:\/\/www.nettali.com\/2021\/09\/10\/environnement-serigne-bass-avocat-des-vendeurs-de-sachets-deau\/' class='whatsapp-button whatsapp-share'>WhatsApp<\/a><div class='clear '><\/div><\/div>","protected":false},"excerpt":{"rendered":"<p>NETTALI.COM - En direction du grand Magal de Touba qui\u00a0 se tiendra, le 26 septembre prochain, les ministres de l\u2019Environnement, de l\u2019Urbanisme et la secr\u00e9taire d\u2019Etat au Logement ont rehauss\u00e9 de leur pr\u00e9sence la journ\u00e9e de nettoiement organis\u00e9e hier en pr\u00e9lude \u00e0 cet important \u00e9v\u00e9nement religieux.\u00a0 A l'occasion, le porte-parole du khalife g\u00e9n\u00e9ral des mourides [&hellip;]<\/p>\n","protected":false},"author":11,"featured_media":9845,"comment_status":"open","ping_status":"open","sticky":false,"template":"","format":"standard","meta":{"_et_pb_use_builder":"","_et_pb_old_content":""},"categories":[3],"tags":[],"yoast_head":"<!-- This site is optimized with the Yoast SEO Premium plugin v17.8 (Yoast SEO v17.8) - https:\/\/yoast.com\/wordpress\/plugins\/seo\/ -->\n<title>ENVIRONNEMENT - Serigne Bass avocat des vendeurs de sachets d\u2019eau | Nettali.com<\/title>\n<meta name=\"robots\" content=\"index, follow, max-snippet:-1, max-image-preview:large, max-video-preview:-1\" \/>\n<link rel=\"canonical\" href=\"https:\/\/www.nettali.com\/2021\/09\/10\/environnement-serigne-bass-avocat-des-vendeurs-de-sachets-deau\/\" \/>\n<meta property=\"og:locale\" content=\"fr_FR\" \/>\n<meta property=\"og:type\" content=\"article\" \/>\n<meta property=\"og:title\" content=\"ENVIRONNEMENT - Serigne Bass avocat des vendeurs de sachets d\u2019eau\" \/>\n<meta property=\"og:description\" content=\"NETTALI.COM - En direction du grand Magal de Touba qui\u00a0 se tiendra, le 26 septembre prochain, les ministres de l\u2019Environnement, de l\u2019Urbanisme et la secr\u00e9taire d\u2019Etat au Logement ont rehauss\u00e9 de leur pr\u00e9sence la journ\u00e9e de nettoiement organis\u00e9e hier en pr\u00e9lude \u00e0 cet important \u00e9v\u00e9nement religieux.\u00a0 A l&#039;occasion, le porte-parole du khalife g\u00e9n\u00e9ral des mourides [&hellip;]\" \/>\n<meta property=\"og:url\" content=\"https:\/\/www.nettali.com\/2021\/09\/10\/environnement-serigne-bass-avocat-des-vendeurs-de-sachets-deau\/\" \/>\n<meta property=\"og:site_name\" content=\"Nettali.com\" \/>\n<meta property=\"article:publisher\" content=\"https:\/\/www.facebook.com\/nettalicom\" \/>\n<meta property=\"article:published_time\" content=\"2021-09-10T09:11:11+00:00\" \/>\n<meta property=\"og:image\" content=\"https:\/\/www.nettali.com\/wp-content\/uploads\/2019\/05\/Serigne-Bassirou-Abdou-Khadre-Mbacke-681x454.jpg\" \/>\n\t<meta property=\"og:image:width\" content=\"681\" \/>\n\t<meta property=\"og:image:height\" content=\"454\" \/>\n<meta name=\"twitter:card\" content=\"summary_large_image\" \/>\n<meta name=\"twitter:label1\" content=\"\u00c9crit par\" \/>\n\t<meta name=\"twitter:data1\" content=\"Thierno Diop\" \/>\n\t<meta name=\"twitter:label2\" content=\"Dur\u00e9e de lecture estim\u00e9e\" \/>\n\t<meta name=\"twitter:data2\" content=\"3 minutes\" \/>\n<script type=\"application\/ld+json\" class=\"yoast-schema-graph\">{\"@context\":\"https:\/\/schema.org\",\"@graph\":[{\"@type\":\"WebSite\",\"@id\":\"https:\/\/www.nettali.com\/#website\",\"url\":\"https:\/\/www.nettali.com\/\",\"name\":\"Nettali.com\",\"description\":\"Le rendez-vous critique du Net\",\"potentialAction\":[{\"@type\":\"SearchAction\",\"target\":{\"@type\":\"EntryPoint\",\"urlTemplate\":\"https:\/\/www.nettali.com\/?s={search_term_string}\"},\"query-input\":\"required name=search_term_string\"}],\"inLanguage\":\"fr-FR\"},{\"@type\":\"ImageObject\",\"@id\":\"https:\/\/www.nettali.com\/2021\/09\/10\/environnement-serigne-bass-avocat-des-vendeurs-de-sachets-deau\/#primaryimage\",\"inLanguage\":\"fr-FR\",\"url\":\"https:\/\/www.nettali.com\/wp-content\/uploads\/2019\/05\/Serigne-Bassirou-Abdou-Khadre-Mbacke-681x454.jpg\",\"contentUrl\":\"https:\/\/www.nettali.com\/wp-content\/uploads\/2019\/05\/Serigne-Bassirou-Abdou-Khadre-Mbacke-681x454.jpg\",\"width\":681,\"height\":454},{\"@type\":\"WebPage\",\"@id\":\"https:\/\/www.nettali.com\/2021\/09\/10\/environnement-serigne-bass-avocat-des-vendeurs-de-sachets-deau\/#webpage\",\"url\":\"https:\/\/www.nettali.com\/2021\/09\/10\/environnement-serigne-bass-avocat-des-vendeurs-de-sachets-deau\/\",\"name\":\"ENVIRONNEMENT - Serigne Bass avocat des vendeurs de sachets d\\u2019eau | Nettali.com\",\"isPartOf\":{\"@id\":\"https:\/\/www.nettali.com\/#website\"},\"primaryImageOfPage\":{\"@id\":\"https:\/\/www.nettali.com\/2021\/09\/10\/environnement-serigne-bass-avocat-des-vendeurs-de-sachets-deau\/#primaryimage\"},\"datePublished\":\"2021-09-10T09:11:11+00:00\",\"dateModified\":\"2021-09-10T09:11:11+00:00\",\"author\":{\"@id\":\"https:\/\/www.nettali.com\/#\/schema\/person\/8a06c6bd7b19304cf4bf985862900b5b\"},\"breadcrumb\":{\"@id\":\"https:\/\/www.nettali.com\/2021\/09\/10\/environnement-serigne-bass-avocat-des-vendeurs-de-sachets-deau\/#breadcrumb\"},\"inLanguage\":\"fr-FR\",\"potentialAction\":[{\"@type\":\"ReadAction\",\"target\":[\"https:\/\/www.nettali.com\/2021\/09\/10\/environnement-serigne-bass-avocat-des-vendeurs-de-sachets-deau\/\"]}]},{\"@type\":\"BreadcrumbList\",\"@id\":\"https:\/\/www.nettali.com\/2021\/09\/10\/environnement-serigne-bass-avocat-des-vendeurs-de-sachets-deau\/#breadcrumb\",\"itemListElement\":[{\"@type\":\"ListItem\",\"position\":1,\"name\":\"Accueil\",\"item\":\"https:\/\/www.nettali.com\/\"},{\"@type\":\"ListItem\",\"position\":2,\"name\":\"ENVIRONNEMENT &#8211; Serigne Bass avocat des vendeurs de sachets d\\u2019eau\"}]},{\"@type\":\"Person\",\"@id\":\"https:\/\/www.nettali.com\/#\/schema\/person\/8a06c6bd7b19304cf4bf985862900b5b\",\"name\":\"Thierno Diop\",\"image\":{\"@type\":\"ImageObject\",\"@id\":\"https:\/\/www.nettali.com\/#personlogo\",\"inLanguage\":\"fr-FR\",\"url\":\"https:\/\/secure.gravatar.com\/avatar\/c8ca58550c94fd2ac856d27391a6c866?s=96&d=mm&r=g\",\"contentUrl\":\"https:\/\/secure.gravatar.com\/avatar\/c8ca58550c94fd2ac856d27391a6c866?s=96&d=mm&r=g\",\"caption\":\"Thierno Diop\"},\"sameAs\":[\"https:\/\/nettali.com\"]}]}<\/script>\n<!-- \/ Yoast SEO Premium plugin. -->","yoast_head_json":{"title":"ENVIRONNEMENT - Serigne Bass avocat des vendeurs de sachets d\u2019eau | Nettali.com","robots":{"index":"index","follow":"follow","max-snippet":"max-snippet:-1","max-image-preview":"max-image-preview:large","max-video-preview":"max-video-preview:-1"},"canonical":"https:\/\/www.nettali.com\/2021\/09\/10\/environnement-serigne-bass-avocat-des-vendeurs-de-sachets-deau\/","og_locale":"fr_FR","og_type":"article","og_title":"ENVIRONNEMENT - Serigne Bass avocat des vendeurs de sachets d\u2019eau","og_description":"NETTALI.COM - En direction du grand Magal de Touba qui\u00a0 se tiendra, le 26 septembre prochain, les ministres de l\u2019Environnement, de l\u2019Urbanisme et la secr\u00e9taire d\u2019Etat au Logement ont rehauss\u00e9 de leur pr\u00e9sence la journ\u00e9e de nettoiement organis\u00e9e hier en pr\u00e9lude \u00e0 cet important \u00e9v\u00e9nement religieux.\u00a0 A l'occasion, le porte-parole du khalife g\u00e9n\u00e9ral des mourides [&hellip;]","og_url":"https:\/\/www.nettali.com\/2021\/09\/10\/environnement-serigne-bass-avocat-des-vendeurs-de-sachets-deau\/","og_site_name":"Nettali.com","article_publisher":"https:\/\/www.facebook.com\/nettalicom","article_published_time":"2021-09-10T09:11:11+00:00","og_image":[{"width":681,"height":454,"url":"https:\/\/www.nettali.com\/wp-content\/uploads\/2019\/05\/Serigne-Bassirou-Abdou-Khadre-Mbacke-681x454.jpg","type":"image\/jpeg"}],"twitter_card":"summary_large_image","twitter_misc":{"\u00c9crit par":"Thierno Diop","Dur\u00e9e de lecture estim\u00e9e":"3 minutes"},"schema":{"@context":"https:\/\/schema.org","@graph":[{"@type":"WebSite","@id":"https:\/\/www.nettali.com\/#website","url":"https:\/\/www.nettali.com\/","name":"Nettali.com","description":"Le rendez-vous critique du Net","potentialAction":[{"@type":"SearchAction","target":{"@type":"EntryPoint","urlTemplate":"https:\/\/www.nettali.com\/?s={search_term_string}"},"query-input":"required name=search_term_string"}],"inLanguage":"fr-FR"},{"@type":"ImageObject","@id":"https:\/\/www.nettali.com\/2021\/09\/10\/environnement-serigne-bass-avocat-des-vendeurs-de-sachets-deau\/#primaryimage","inLanguage":"fr-FR","url":"https:\/\/www.nettali.com\/wp-content\/uploads\/2019\/05\/Serigne-Bassirou-Abdou-Khadre-Mbacke-681x454.jpg","contentUrl":"https:\/\/www.nettali.com\/wp-content\/uploads\/2019\/05\/Serigne-Bassirou-Abdou-Khadre-Mbacke-681x454.jpg","width":681,"height":454},{"@type":"WebPage","@id":"https:\/\/www.nettali.com\/2021\/09\/10\/environnement-serigne-bass-avocat-des-vendeurs-de-sachets-deau\/#webpage","url":"https:\/\/www.nettali.com\/2021\/09\/10\/environnement-serigne-bass-avocat-des-vendeurs-de-sachets-deau\/","name":"ENVIRONNEMENT - Serigne Bass avocat des vendeurs de sachets d\u2019eau | Nettali.com","isPartOf":{"@id":"https:\/\/www.nettali.com\/#website"},"primaryImageOfPage":{"@id":"https:\/\/www.nettali.com\/2021\/09\/10\/environnement-serigne-bass-avocat-des-vendeurs-de-sachets-deau\/#primaryimage"},"datePublished":"2021-09-10T09:11:11+00:00","dateModified":"2021-09-10T09:11:11+00:00","author":{"@id":"https:\/\/www.nettali.com\/#\/schema\/person\/8a06c6bd7b19304cf4bf985862900b5b"},"breadcrumb":{"@id":"https:\/\/www.nettali.com\/2021\/09\/10\/environnement-serigne-bass-avocat-des-vendeurs-de-sachets-deau\/#breadcrumb"},"inLanguage":"fr-FR","potentialAction":[{"@type":"ReadAction","target":["https:\/\/www.nettali.com\/2021\/09\/10\/environnement-serigne-bass-avocat-des-vendeurs-de-sachets-deau\/"]}]},{"@type":"BreadcrumbList","@id":"https:\/\/www.nettali.com\/2021\/09\/10\/environnement-serigne-bass-avocat-des-vendeurs-de-sachets-deau\/#breadcrumb","itemListElement":[{"@type":"ListItem","position":1,"name":"Accueil","item":"https:\/\/www.nettali.com\/"},{"@type":"ListItem","position":2,"name":"ENVIRONNEMENT &#8211; Serigne Bass avocat des vendeurs de sachets d\u2019eau"}]},{"@type":"Person","@id":"https:\/\/www.nettali.com\/#\/schema\/person\/8a06c6bd7b19304cf4bf985862900b5b","name":"Thierno Diop","image":{"@type":"ImageObject","@id":"https:\/\/www.nettali.com\/#personlogo","inLanguage":"fr-FR","url":"https:\/\/secure.gravatar.com\/avatar\/c8ca58550c94fd2ac856d27391a6c866?s=96&d=mm&r=g","contentUrl":"https:\/\/secure.gravatar.com\/avatar\/c8ca58550c94fd2ac856d27391a6c866?s=96&d=mm&r=g","caption":"Thierno Diop"},"sameAs":["https:\/\/nettali.com"]}]}},"_links":{"self":[{"href":"https:\/\/www.nettali.com\/rest\/wp\/v2\/posts\/71599"}],"collection":[{"href":"https:\/\/www.nettali.com\/rest\/wp\/v2\/posts"}],"about":[{"href":"https:\/\/www.nettali.com\/rest\/wp\/v2\/types\/post"}],"author":[{"embeddable":true,"href":"https:\/\/www.nettali.com\/rest\/wp\/v2\/users\/11"}],"replies":[{"embeddable":true,"href":"https:\/\/www.nettali.com\/rest\/wp\/v2\/comments?post=71599"}],"version-history":[{"count":1,"href":"https:\/\/www.nettali.com\/rest\/wp\/v2\/posts\/71599\/revisions"}],"predecessor-version":[{"id":71600,"href":"https:\/\/www.nettali.com\/rest\/wp\/v2\/posts\/71599\/revisions\/71600"}],"wp:featuredmedia":[{"embeddable":true,"href":"https:\/\/www.nettali.com\/rest\/wp\/v2\/media\/9845"}],"wp:attachment":[{"href":"https:\/\/www.nettali.com\/rest\/wp\/v2\/media?parent=71599"}],"wp:term":[{"taxonomy":"category","embeddable":true,"href":"https:\/\/www.nettali.com\/rest\/wp\/v2\/categories?post=71599"},{"taxonomy":"post_tag","embeddable":true,"href":"https:\/\/www.nettali.com\/rest\/wp\/v2\/tags?post=71599"}],"curies":[{"name":"wp","href":"https:\/\/api.w.org\/{rel}","templated":true}]}}