{"id":71313,"date":"2021-09-06T09:57:08","date_gmt":"2021-09-06T09:57:08","guid":{"rendered":"https:\/\/www.nettali.com\/?p=71313"},"modified":"2021-09-06T09:57:35","modified_gmt":"2021-09-06T09:57:35","slug":"mamady-doumbouya-le-president-est-avec-nous-il-es-en-lieu-sur","status":"publish","type":"post","link":"https:\/\/www.nettali.com\/2021\/09\/06\/mamady-doumbouya-le-president-est-avec-nous-il-es-en-lieu-sur\/","title":{"rendered":"Mamady Doumbouya : \"Le pr\u00e9sident est avec nous, il est en lieu s\u00fbr\""},"content":{"rendered":"<p><strong>NETTALI.COM - Le chef du groupement des forces sp\u00e9ciales, Mamady Doumbouya, a affirm\u00e9 dimanche, dans une interview exclusive accord\u00e9e \u00e0 France 24, que ses hommes d\u00e9tenaient le pr\u00e9sident de la Guin\u00e9e Alpha Cond\u00e9. \"Le pr\u00e9sident est avec nous. Il est dans un lieu s\u00fbr. Il a d\u00e9j\u00e0 vu un m\u00e9decin\", a-t-il d\u00e9clar\u00e9. \"On tient tout Conakry et on est avec toutes les forces de d\u00e9fense et de s\u00e9curit\u00e9 pour enfin mettre fin au mal guin\u00e9en\", a-t-il poursuivi.<\/strong><\/p>\n<p>Des officiers des forces sp\u00e9ciales guin\u00e9ennes ont d\u00e9clar\u00e9, dimanche 5 septembre, avoir captur\u00e9 le pr\u00e9sident Alpha Cond\u00e9, pris le contr\u00f4le de Conakry et \"dissous\" les institutions, lors d'un coup d'\u00c9tat qui pourrait sonner la retraite d'un v\u00e9t\u00e9ran de la politique africaine.<\/p>\n<p>Dans une interview exclusive accord\u00e9e \u00e0 France 24, dimanche, le chef du groupement des forces sp\u00e9ciales, Mamady Doumbouya, a d\u00e9clar\u00e9 que ses hommes d\u00e9tenaient le pr\u00e9sident guin\u00e9en Alpha Cond\u00e9. <em>\"Le pr\u00e9sident est avec nous. Il est dans un lieu s\u00fbr. Il a d\u00e9j\u00e0 vu un m\u00e9decin\"<\/em>, a-t-il affirm\u00e9. <em>\"On tient tout Conakry et on est avec toutes les forces de d\u00e9fense et de s\u00e9curit\u00e9 pour enfin mettre fin au mal guin\u00e9en\"<\/em>, a-t-il poursuivi.<\/p>\n<p>Les putschistes ont aussi annonc\u00e9 l'instauration d'un couvre-feu dans tout le pays \"jusqu'\u00e0 nouvel ordre\" ainsi que le remplacement des gouverneurs et pr\u00e9fets par des militaires dans les r\u00e9gions. En outre, ils ont appel\u00e9 \"les fonctionnaires \u00e0 reprendre le travail d\u00e8s ce lundi\" et convoqu\u00e9 les ministres sortants et les pr\u00e9sidents des institutions \u00e0 une r\u00e9union lundi \u00e0 11 h (locales et GMT), sous peine d'\u00eatre consid\u00e9r\u00e9s comme en \"r\u00e9bellion contre le CNRD [Comit\u00e9 national du rassemblement et du d\u00e9veloppement]\".<\/p>\n<p><strong>Avec AFP<\/strong><\/p>\n<div class='share-to-whatsapp-wrapper'><div class='share-on-whsp'>PARTAGER SUR : <\/div><a data-text='Mamady Doumbouya : \"Le pr\u00e9sident est avec nous, il est en lieu s\u00fbr\"' data-link='https:\/\/www.nettali.com\/2021\/09\/06\/mamady-doumbouya-le-president-est-avec-nous-il-es-en-lieu-sur\/' class='whatsapp-button whatsapp-share'>WhatsApp<\/a><div class='clear '><\/div><\/div>","protected":false},"excerpt":{"rendered":"<p>NETTALI.COM - Le chef du groupement des forces sp\u00e9ciales, Mamady Doumbouya, a affirm\u00e9 dimanche, dans une interview exclusive accord\u00e9e \u00e0 France 24, que ses hommes d\u00e9tenaient le pr\u00e9sident de la Guin\u00e9e Alpha Cond\u00e9. \"Le pr\u00e9sident est avec nous. Il est dans un lieu s\u00fbr. Il a d\u00e9j\u00e0 vu un m\u00e9decin\", a-t-il d\u00e9clar\u00e9. \"On tient tout [&hellip;]<\/p>\n","protected":false},"author":4,"featured_media":71238,"comment_status":"open","ping_status":"open","sticky":false,"template":"","format":"standard","meta":{"_et_pb_use_builder":"","_et_pb_old_content":""},"categories":[8],"tags":[],"yoast_head":"<!-- This site is optimized with the Yoast SEO Premium plugin v17.8 (Yoast SEO v17.8) - https:\/\/yoast.com\/wordpress\/plugins\/seo\/ -->\n<title>Mamady Doumbouya : &quot;Le pr\u00e9sident est avec nous, il est en lieu s\u00fbr&quot; | Nettali.com<\/title>\n<meta name=\"robots\" content=\"index, follow, max-snippet:-1, max-image-preview:large, max-video-preview:-1\" \/>\n<link rel=\"canonical\" href=\"https:\/\/www.nettali.com\/2021\/09\/06\/mamady-doumbouya-le-president-est-avec-nous-il-es-en-lieu-sur\/\" \/>\n<meta property=\"og:locale\" content=\"fr_FR\" \/>\n<meta property=\"og:type\" content=\"article\" \/>\n<meta property=\"og:title\" content=\"Mamady Doumbouya : &quot;Le pr\u00e9sident est avec nous, il est en lieu s\u00fbr&quot;\" \/>\n<meta property=\"og:description\" content=\"NETTALI.COM - Le chef du groupement des forces sp\u00e9ciales, Mamady Doumbouya, a affirm\u00e9 dimanche, dans une interview exclusive accord\u00e9e \u00e0 France 24, que ses hommes d\u00e9tenaient le pr\u00e9sident de la Guin\u00e9e Alpha Cond\u00e9. &quot;Le pr\u00e9sident est avec nous. Il est dans un lieu s\u00fbr. Il a d\u00e9j\u00e0 vu un m\u00e9decin&quot;, a-t-il d\u00e9clar\u00e9. &quot;On tient tout [&hellip;]\" \/>\n<meta property=\"og:url\" content=\"https:\/\/www.nettali.com\/2021\/09\/06\/mamady-doumbouya-le-president-est-avec-nous-il-es-en-lieu-sur\/\" \/>\n<meta property=\"og:site_name\" content=\"Nettali.com\" \/>\n<meta property=\"article:publisher\" content=\"https:\/\/www.facebook.com\/nettalicom\" \/>\n<meta property=\"article:published_time\" content=\"2021-09-06T09:57:08+00:00\" \/>\n<meta property=\"article:modified_time\" content=\"2021-09-06T09:57:35+00:00\" \/>\n<meta property=\"og:image\" content=\"https:\/\/www.nettali.com\/wp-content\/uploads\/2021\/09\/WhatsApp-Image-2021-09-05-at-15.30.58-e1630922214495.jpeg\" \/>\n\t<meta property=\"og:image:width\" content=\"717\" \/>\n\t<meta property=\"og:image:height\" content=\"565\" \/>\n<meta name=\"twitter:card\" content=\"summary_large_image\" \/>\n<meta name=\"twitter:label1\" content=\"\u00c9crit par\" \/>\n\t<meta name=\"twitter:data1\" content=\"Daouda\" \/>\n\t<meta name=\"twitter:label2\" content=\"Dur\u00e9e de lecture estim\u00e9e\" \/>\n\t<meta name=\"twitter:data2\" content=\"2 minutes\" \/>\n<script type=\"application\/ld+json\" class=\"yoast-schema-graph\">{\"@context\":\"https:\/\/schema.org\",\"@graph\":[{\"@type\":\"WebSite\",\"@id\":\"https:\/\/www.nettali.com\/#website\",\"url\":\"https:\/\/www.nettali.com\/\",\"name\":\"Nettali.com\",\"description\":\"Le rendez-vous critique du Net\",\"potentialAction\":[{\"@type\":\"SearchAction\",\"target\":{\"@type\":\"EntryPoint\",\"urlTemplate\":\"https:\/\/www.nettali.com\/?s={search_term_string}\"},\"query-input\":\"required name=search_term_string\"}],\"inLanguage\":\"fr-FR\"},{\"@type\":\"ImageObject\",\"@id\":\"https:\/\/www.nettali.com\/2021\/09\/06\/mamady-doumbouya-le-president-est-avec-nous-il-es-en-lieu-sur\/#primaryimage\",\"inLanguage\":\"fr-FR\",\"url\":\"https:\/\/www.nettali.com\/wp-content\/uploads\/2021\/09\/WhatsApp-Image-2021-09-05-at-15.30.58-e1630922214495.jpeg\",\"contentUrl\":\"https:\/\/www.nettali.com\/wp-content\/uploads\/2021\/09\/WhatsApp-Image-2021-09-05-at-15.30.58-e1630922214495.jpeg\",\"width\":717,\"height\":565},{\"@type\":\"WebPage\",\"@id\":\"https:\/\/www.nettali.com\/2021\/09\/06\/mamady-doumbouya-le-president-est-avec-nous-il-es-en-lieu-sur\/#webpage\",\"url\":\"https:\/\/www.nettali.com\/2021\/09\/06\/mamady-doumbouya-le-president-est-avec-nous-il-es-en-lieu-sur\/\",\"name\":\"Mamady Doumbouya : \\\"Le pr\\u00e9sident est avec nous, il est en lieu s\\u00fbr\\\" | Nettali.com\",\"isPartOf\":{\"@id\":\"https:\/\/www.nettali.com\/#website\"},\"primaryImageOfPage\":{\"@id\":\"https:\/\/www.nettali.com\/2021\/09\/06\/mamady-doumbouya-le-president-est-avec-nous-il-es-en-lieu-sur\/#primaryimage\"},\"datePublished\":\"2021-09-06T09:57:08+00:00\",\"dateModified\":\"2021-09-06T09:57:35+00:00\",\"author\":{\"@id\":\"https:\/\/www.nettali.com\/#\/schema\/person\/3317e0bb3aa1da309fbf7b2780901bf4\"},\"breadcrumb\":{\"@id\":\"https:\/\/www.nettali.com\/2021\/09\/06\/mamady-doumbouya-le-president-est-avec-nous-il-es-en-lieu-sur\/#breadcrumb\"},\"inLanguage\":\"fr-FR\",\"potentialAction\":[{\"@type\":\"ReadAction\",\"target\":[\"https:\/\/www.nettali.com\/2021\/09\/06\/mamady-doumbouya-le-president-est-avec-nous-il-es-en-lieu-sur\/\"]}]},{\"@type\":\"BreadcrumbList\",\"@id\":\"https:\/\/www.nettali.com\/2021\/09\/06\/mamady-doumbouya-le-president-est-avec-nous-il-es-en-lieu-sur\/#breadcrumb\",\"itemListElement\":[{\"@type\":\"ListItem\",\"position\":1,\"name\":\"Accueil\",\"item\":\"https:\/\/www.nettali.com\/\"},{\"@type\":\"ListItem\",\"position\":2,\"name\":\"Mamady Doumbouya : \\u00ab\\u00a0Le pr\\u00e9sident est avec nous, il est en lieu s\\u00fbr\\u00a0\\u00bb\"}]},{\"@type\":\"Person\",\"@id\":\"https:\/\/www.nettali.com\/#\/schema\/person\/3317e0bb3aa1da309fbf7b2780901bf4\",\"name\":\"Daouda\",\"image\":{\"@type\":\"ImageObject\",\"@id\":\"https:\/\/www.nettali.com\/#personlogo\",\"inLanguage\":\"fr-FR\",\"url\":\"https:\/\/secure.gravatar.com\/avatar\/8d143b5a49345098ddcfee1c49c2f47c?s=96&d=mm&r=g\",\"contentUrl\":\"https:\/\/secure.gravatar.com\/avatar\/8d143b5a49345098ddcfee1c49c2f47c?s=96&d=mm&r=g\",\"caption\":\"Daouda\"},\"sameAs\":[\"https:\/\/www.nettali.com\"]}]}<\/script>\n<!-- \/ Yoast SEO Premium plugin. -->","yoast_head_json":{"title":"Mamady Doumbouya : \"Le pr\u00e9sident est avec nous, il est en lieu s\u00fbr\" | Nettali.com","robots":{"index":"index","follow":"follow","max-snippet":"max-snippet:-1","max-image-preview":"max-image-preview:large","max-video-preview":"max-video-preview:-1"},"canonical":"https:\/\/www.nettali.com\/2021\/09\/06\/mamady-doumbouya-le-president-est-avec-nous-il-es-en-lieu-sur\/","og_locale":"fr_FR","og_type":"article","og_title":"Mamady Doumbouya : \"Le pr\u00e9sident est avec nous, il est en lieu s\u00fbr\"","og_description":"NETTALI.COM - Le chef du groupement des forces sp\u00e9ciales, Mamady Doumbouya, a affirm\u00e9 dimanche, dans une interview exclusive accord\u00e9e \u00e0 France 24, que ses hommes d\u00e9tenaient le pr\u00e9sident de la Guin\u00e9e Alpha Cond\u00e9. \"Le pr\u00e9sident est avec nous. Il est dans un lieu s\u00fbr. Il a d\u00e9j\u00e0 vu un m\u00e9decin\", a-t-il d\u00e9clar\u00e9. \"On tient tout [&hellip;]","og_url":"https:\/\/www.nettali.com\/2021\/09\/06\/mamady-doumbouya-le-president-est-avec-nous-il-es-en-lieu-sur\/","og_site_name":"Nettali.com","article_publisher":"https:\/\/www.facebook.com\/nettalicom","article_published_time":"2021-09-06T09:57:08+00:00","article_modified_time":"2021-09-06T09:57:35+00:00","og_image":[{"width":717,"height":565,"url":"https:\/\/www.nettali.com\/wp-content\/uploads\/2021\/09\/WhatsApp-Image-2021-09-05-at-15.30.58-e1630922214495.jpeg","type":"image\/jpeg"}],"twitter_card":"summary_large_image","twitter_misc":{"\u00c9crit par":"Daouda","Dur\u00e9e de lecture estim\u00e9e":"2 minutes"},"schema":{"@context":"https:\/\/schema.org","@graph":[{"@type":"WebSite","@id":"https:\/\/www.nettali.com\/#website","url":"https:\/\/www.nettali.com\/","name":"Nettali.com","description":"Le rendez-vous critique du Net","potentialAction":[{"@type":"SearchAction","target":{"@type":"EntryPoint","urlTemplate":"https:\/\/www.nettali.com\/?s={search_term_string}"},"query-input":"required name=search_term_string"}],"inLanguage":"fr-FR"},{"@type":"ImageObject","@id":"https:\/\/www.nettali.com\/2021\/09\/06\/mamady-doumbouya-le-president-est-avec-nous-il-es-en-lieu-sur\/#primaryimage","inLanguage":"fr-FR","url":"https:\/\/www.nettali.com\/wp-content\/uploads\/2021\/09\/WhatsApp-Image-2021-09-05-at-15.30.58-e1630922214495.jpeg","contentUrl":"https:\/\/www.nettali.com\/wp-content\/uploads\/2021\/09\/WhatsApp-Image-2021-09-05-at-15.30.58-e1630922214495.jpeg","width":717,"height":565},{"@type":"WebPage","@id":"https:\/\/www.nettali.com\/2021\/09\/06\/mamady-doumbouya-le-president-est-avec-nous-il-es-en-lieu-sur\/#webpage","url":"https:\/\/www.nettali.com\/2021\/09\/06\/mamady-doumbouya-le-president-est-avec-nous-il-es-en-lieu-sur\/","name":"Mamady Doumbouya : \"Le pr\u00e9sident est avec nous, il est en lieu s\u00fbr\" | Nettali.com","isPartOf":{"@id":"https:\/\/www.nettali.com\/#website"},"primaryImageOfPage":{"@id":"https:\/\/www.nettali.com\/2021\/09\/06\/mamady-doumbouya-le-president-est-avec-nous-il-es-en-lieu-sur\/#primaryimage"},"datePublished":"2021-09-06T09:57:08+00:00","dateModified":"2021-09-06T09:57:35+00:00","author":{"@id":"https:\/\/www.nettali.com\/#\/schema\/person\/3317e0bb3aa1da309fbf7b2780901bf4"},"breadcrumb":{"@id":"https:\/\/www.nettali.com\/2021\/09\/06\/mamady-doumbouya-le-president-est-avec-nous-il-es-en-lieu-sur\/#breadcrumb"},"inLanguage":"fr-FR","potentialAction":[{"@type":"ReadAction","target":["https:\/\/www.nettali.com\/2021\/09\/06\/mamady-doumbouya-le-president-est-avec-nous-il-es-en-lieu-sur\/"]}]},{"@type":"BreadcrumbList","@id":"https:\/\/www.nettali.com\/2021\/09\/06\/mamady-doumbouya-le-president-est-avec-nous-il-es-en-lieu-sur\/#breadcrumb","itemListElement":[{"@type":"ListItem","position":1,"name":"Accueil","item":"https:\/\/www.nettali.com\/"},{"@type":"ListItem","position":2,"name":"Mamady Doumbouya : \u00ab\u00a0Le pr\u00e9sident est avec nous, il est en lieu s\u00fbr\u00a0\u00bb"}]},{"@type":"Person","@id":"https:\/\/www.nettali.com\/#\/schema\/person\/3317e0bb3aa1da309fbf7b2780901bf4","name":"Daouda","image":{"@type":"ImageObject","@id":"https:\/\/www.nettali.com\/#personlogo","inLanguage":"fr-FR","url":"https:\/\/secure.gravatar.com\/avatar\/8d143b5a49345098ddcfee1c49c2f47c?s=96&d=mm&r=g","contentUrl":"https:\/\/secure.gravatar.com\/avatar\/8d143b5a49345098ddcfee1c49c2f47c?s=96&d=mm&r=g","caption":"Daouda"},"sameAs":["https:\/\/www.nettali.com"]}]}},"_links":{"self":[{"href":"https:\/\/www.nettali.com\/rest\/wp\/v2\/posts\/71313"}],"collection":[{"href":"https:\/\/www.nettali.com\/rest\/wp\/v2\/posts"}],"about":[{"href":"https:\/\/www.nettali.com\/rest\/wp\/v2\/types\/post"}],"author":[{"embeddable":true,"href":"https:\/\/www.nettali.com\/rest\/wp\/v2\/users\/4"}],"replies":[{"embeddable":true,"href":"https:\/\/www.nettali.com\/rest\/wp\/v2\/comments?post=71313"}],"version-history":[{"count":2,"href":"https:\/\/www.nettali.com\/rest\/wp\/v2\/posts\/71313\/revisions"}],"predecessor-version":[{"id":71315,"href":"https:\/\/www.nettali.com\/rest\/wp\/v2\/posts\/71313\/revisions\/71315"}],"wp:featuredmedia":[{"embeddable":true,"href":"https:\/\/www.nettali.com\/rest\/wp\/v2\/media\/71238"}],"wp:attachment":[{"href":"https:\/\/www.nettali.com\/rest\/wp\/v2\/media?parent=71313"}],"wp:term":[{"taxonomy":"category","embeddable":true,"href":"https:\/\/www.nettali.com\/rest\/wp\/v2\/categories?post=71313"},{"taxonomy":"post_tag","embeddable":true,"href":"https:\/\/www.nettali.com\/rest\/wp\/v2\/tags?post=71313"}],"curies":[{"name":"wp","href":"https:\/\/api.w.org\/{rel}","templated":true}]}}