{"id":71142,"date":"2021-09-04T00:17:29","date_gmt":"2021-09-04T00:17:29","guid":{"rendered":"https:\/\/www.nettali.com\/?p=71142"},"modified":"2021-09-04T00:17:29","modified_gmt":"2021-09-04T00:17:29","slug":"officiel-mario-mandzukic-range-ses-crampons","status":"publish","type":"post","link":"https:\/\/www.nettali.com\/2021\/09\/04\/officiel-mario-mandzukic-range-ses-crampons\/","title":{"rendered":"OFFICIEL - Mario Mandzukic range ses crampons"},"content":{"rendered":"<p dir=\"ltr\"><strong>NETTALI.COM - C'est officiel, Mario Mandzukic met un terme \u00e0 sa carri\u00e8re professionnelle. L'attaquant croate de 35 ans a annonc\u00e9 ce vendredi sa retraite sportive sur les r\u00e9seaux sociaux.<\/strong><\/p>\n<p dir=\"ltr\">Libre depuis la fin de son bref contrat \u00e0 l'AC Milan, Mario Mandzukic a d\u00e9cid\u00e9 de ne pas rempiler. L'attaquant croate a annonc\u00e9 vendredi l'arr\u00eat de sa carri\u00e8re, \u00e0 35 ans. Il l'a annonc\u00e9 dans une lettre publi\u00e9e sur les r\u00e9seaux sociaux, adress\u00e9e au\u00a0<em>\"petit Mario\"<\/em>\u00a0qu'il \u00e9tait :\u00a0<em>\"Quand tu mettras ces crampons pour la premi\u00e8re fois, tu ne pourras pas imaginer ce que tu vivras dans le football. Tu marqueras des buts dans les plus grands stades, et tu gagneras les plus grands troph\u00e9es avec les plus grands clubs. [...] Tu contribueras \u00e0 \u00e9crire l'histoire du sport croate.\"<\/em><\/p>\n<p dir=\"ltr\">Deuxi\u00e8me meilleur buteur de sa s\u00e9lection derri\u00e8re Davor Suker, avec 33 buts, l'ancien du Bayern Munich et de la Juventus Turin prend sa retraite aur\u00e9ol\u00e9 d'un palmar\u00e8s impressionnant : une Ligue des champions et une Supercoupe d'Europe, quatre titres en Serie A et trois Coupes d'Italie, deux titres en Bundesliga en deux Coupes d'Allemagne, notamment. Il a \u00e9galement marqu\u00e9, contre l'Angleterre, le but envoyant la Croatie en finale du Mondial 2018.<\/p>\n<div class='share-to-whatsapp-wrapper'><div class='share-on-whsp'>PARTAGER SUR : <\/div><a data-text='OFFICIEL - Mario Mandzukic range ses crampons' data-link='https:\/\/www.nettali.com\/2021\/09\/04\/officiel-mario-mandzukic-range-ses-crampons\/' class='whatsapp-button whatsapp-share'>WhatsApp<\/a><div class='clear '><\/div><\/div>","protected":false},"excerpt":{"rendered":"<p>NETTALI.COM - C'est officiel, Mario Mandzukic met un terme \u00e0 sa carri\u00e8re professionnelle. L'attaquant croate de 35 ans a annonc\u00e9 ce vendredi sa retraite sportive sur les r\u00e9seaux sociaux. Libre depuis la fin de son bref contrat \u00e0 l'AC Milan, Mario Mandzukic a d\u00e9cid\u00e9 de ne pas rempiler. L'attaquant croate a annonc\u00e9 vendredi l'arr\u00eat de [&hellip;]<\/p>\n","protected":false},"author":5,"featured_media":71143,"comment_status":"open","ping_status":"open","sticky":false,"template":"","format":"standard","meta":{"_et_pb_use_builder":"","_et_pb_old_content":""},"categories":[6],"tags":[],"yoast_head":"<!-- This site is optimized with the Yoast SEO Premium plugin v17.8 (Yoast SEO v17.8) - https:\/\/yoast.com\/wordpress\/plugins\/seo\/ -->\n<title>OFFICIEL - Mario Mandzukic range ses crampons | Nettali.com<\/title>\n<meta name=\"robots\" content=\"index, follow, max-snippet:-1, max-image-preview:large, max-video-preview:-1\" \/>\n<link rel=\"canonical\" href=\"https:\/\/www.nettali.com\/2021\/09\/04\/officiel-mario-mandzukic-range-ses-crampons\/\" \/>\n<meta property=\"og:locale\" content=\"fr_FR\" \/>\n<meta property=\"og:type\" content=\"article\" \/>\n<meta property=\"og:title\" content=\"OFFICIEL - Mario Mandzukic range ses crampons\" \/>\n<meta property=\"og:description\" content=\"NETTALI.COM - C&#039;est officiel, Mario Mandzukic met un terme \u00e0 sa carri\u00e8re professionnelle. L&#039;attaquant croate de 35 ans a annonc\u00e9 ce vendredi sa retraite sportive sur les r\u00e9seaux sociaux. Libre depuis la fin de son bref contrat \u00e0 l&#039;AC Milan, Mario Mandzukic a d\u00e9cid\u00e9 de ne pas rempiler. L&#039;attaquant croate a annonc\u00e9 vendredi l&#039;arr\u00eat de [&hellip;]\" \/>\n<meta property=\"og:url\" content=\"https:\/\/www.nettali.com\/2021\/09\/04\/officiel-mario-mandzukic-range-ses-crampons\/\" \/>\n<meta property=\"og:site_name\" content=\"Nettali.com\" \/>\n<meta property=\"article:publisher\" content=\"https:\/\/www.facebook.com\/nettalicom\" \/>\n<meta property=\"article:published_time\" content=\"2021-09-04T00:17:29+00:00\" \/>\n<meta property=\"og:image\" content=\"https:\/\/www.nettali.com\/wp-content\/uploads\/2021\/09\/Mario-Mandzukic_1.jpg\" \/>\n\t<meta property=\"og:image:width\" content=\"950\" \/>\n\t<meta property=\"og:image:height\" content=\"560\" \/>\n<meta name=\"twitter:card\" content=\"summary_large_image\" \/>\n<meta name=\"twitter:label1\" content=\"\u00c9crit par\" \/>\n\t<meta name=\"twitter:data1\" content=\"Ibrahima\" \/>\n\t<meta name=\"twitter:label2\" content=\"Dur\u00e9e de lecture estim\u00e9e\" \/>\n\t<meta name=\"twitter:data2\" content=\"1 minute\" \/>\n<script type=\"application\/ld+json\" class=\"yoast-schema-graph\">{\"@context\":\"https:\/\/schema.org\",\"@graph\":[{\"@type\":\"WebSite\",\"@id\":\"https:\/\/www.nettali.com\/#website\",\"url\":\"https:\/\/www.nettali.com\/\",\"name\":\"Nettali.com\",\"description\":\"Le rendez-vous critique du Net\",\"potentialAction\":[{\"@type\":\"SearchAction\",\"target\":{\"@type\":\"EntryPoint\",\"urlTemplate\":\"https:\/\/www.nettali.com\/?s={search_term_string}\"},\"query-input\":\"required name=search_term_string\"}],\"inLanguage\":\"fr-FR\"},{\"@type\":\"ImageObject\",\"@id\":\"https:\/\/www.nettali.com\/2021\/09\/04\/officiel-mario-mandzukic-range-ses-crampons\/#primaryimage\",\"inLanguage\":\"fr-FR\",\"url\":\"https:\/\/www.nettali.com\/wp-content\/uploads\/2021\/09\/Mario-Mandzukic_1.jpg\",\"contentUrl\":\"https:\/\/www.nettali.com\/wp-content\/uploads\/2021\/09\/Mario-Mandzukic_1.jpg\",\"width\":950,\"height\":560},{\"@type\":\"WebPage\",\"@id\":\"https:\/\/www.nettali.com\/2021\/09\/04\/officiel-mario-mandzukic-range-ses-crampons\/#webpage\",\"url\":\"https:\/\/www.nettali.com\/2021\/09\/04\/officiel-mario-mandzukic-range-ses-crampons\/\",\"name\":\"OFFICIEL - Mario Mandzukic range ses crampons | Nettali.com\",\"isPartOf\":{\"@id\":\"https:\/\/www.nettali.com\/#website\"},\"primaryImageOfPage\":{\"@id\":\"https:\/\/www.nettali.com\/2021\/09\/04\/officiel-mario-mandzukic-range-ses-crampons\/#primaryimage\"},\"datePublished\":\"2021-09-04T00:17:29+00:00\",\"dateModified\":\"2021-09-04T00:17:29+00:00\",\"author\":{\"@id\":\"https:\/\/www.nettali.com\/#\/schema\/person\/bb147657c2986240405a608162b9bb23\"},\"breadcrumb\":{\"@id\":\"https:\/\/www.nettali.com\/2021\/09\/04\/officiel-mario-mandzukic-range-ses-crampons\/#breadcrumb\"},\"inLanguage\":\"fr-FR\",\"potentialAction\":[{\"@type\":\"ReadAction\",\"target\":[\"https:\/\/www.nettali.com\/2021\/09\/04\/officiel-mario-mandzukic-range-ses-crampons\/\"]}]},{\"@type\":\"BreadcrumbList\",\"@id\":\"https:\/\/www.nettali.com\/2021\/09\/04\/officiel-mario-mandzukic-range-ses-crampons\/#breadcrumb\",\"itemListElement\":[{\"@type\":\"ListItem\",\"position\":1,\"name\":\"Accueil\",\"item\":\"https:\/\/www.nettali.com\/\"},{\"@type\":\"ListItem\",\"position\":2,\"name\":\"OFFICIEL &#8211; Mario Mandzukic range ses crampons\"}]},{\"@type\":\"Person\",\"@id\":\"https:\/\/www.nettali.com\/#\/schema\/person\/bb147657c2986240405a608162b9bb23\",\"name\":\"Ibrahima\",\"image\":{\"@type\":\"ImageObject\",\"@id\":\"https:\/\/www.nettali.com\/#personlogo\",\"inLanguage\":\"fr-FR\",\"url\":\"https:\/\/secure.gravatar.com\/avatar\/26a8a81f09f0dd7624c9d5c36c9ba3a2?s=96&d=mm&r=g\",\"contentUrl\":\"https:\/\/secure.gravatar.com\/avatar\/26a8a81f09f0dd7624c9d5c36c9ba3a2?s=96&d=mm&r=g\",\"caption\":\"Ibrahima\"},\"sameAs\":[\"https:\/\/www.nettali.com\"]}]}<\/script>\n<!-- \/ Yoast SEO Premium plugin. -->","yoast_head_json":{"title":"OFFICIEL - Mario Mandzukic range ses crampons | Nettali.com","robots":{"index":"index","follow":"follow","max-snippet":"max-snippet:-1","max-image-preview":"max-image-preview:large","max-video-preview":"max-video-preview:-1"},"canonical":"https:\/\/www.nettali.com\/2021\/09\/04\/officiel-mario-mandzukic-range-ses-crampons\/","og_locale":"fr_FR","og_type":"article","og_title":"OFFICIEL - Mario Mandzukic range ses crampons","og_description":"NETTALI.COM - C'est officiel, Mario Mandzukic met un terme \u00e0 sa carri\u00e8re professionnelle. L'attaquant croate de 35 ans a annonc\u00e9 ce vendredi sa retraite sportive sur les r\u00e9seaux sociaux. Libre depuis la fin de son bref contrat \u00e0 l'AC Milan, Mario Mandzukic a d\u00e9cid\u00e9 de ne pas rempiler. L'attaquant croate a annonc\u00e9 vendredi l'arr\u00eat de [&hellip;]","og_url":"https:\/\/www.nettali.com\/2021\/09\/04\/officiel-mario-mandzukic-range-ses-crampons\/","og_site_name":"Nettali.com","article_publisher":"https:\/\/www.facebook.com\/nettalicom","article_published_time":"2021-09-04T00:17:29+00:00","og_image":[{"width":950,"height":560,"url":"https:\/\/www.nettali.com\/wp-content\/uploads\/2021\/09\/Mario-Mandzukic_1.jpg","type":"image\/jpeg"}],"twitter_card":"summary_large_image","twitter_misc":{"\u00c9crit par":"Ibrahima","Dur\u00e9e de lecture estim\u00e9e":"1 minute"},"schema":{"@context":"https:\/\/schema.org","@graph":[{"@type":"WebSite","@id":"https:\/\/www.nettali.com\/#website","url":"https:\/\/www.nettali.com\/","name":"Nettali.com","description":"Le rendez-vous critique du Net","potentialAction":[{"@type":"SearchAction","target":{"@type":"EntryPoint","urlTemplate":"https:\/\/www.nettali.com\/?s={search_term_string}"},"query-input":"required name=search_term_string"}],"inLanguage":"fr-FR"},{"@type":"ImageObject","@id":"https:\/\/www.nettali.com\/2021\/09\/04\/officiel-mario-mandzukic-range-ses-crampons\/#primaryimage","inLanguage":"fr-FR","url":"https:\/\/www.nettali.com\/wp-content\/uploads\/2021\/09\/Mario-Mandzukic_1.jpg","contentUrl":"https:\/\/www.nettali.com\/wp-content\/uploads\/2021\/09\/Mario-Mandzukic_1.jpg","width":950,"height":560},{"@type":"WebPage","@id":"https:\/\/www.nettali.com\/2021\/09\/04\/officiel-mario-mandzukic-range-ses-crampons\/#webpage","url":"https:\/\/www.nettali.com\/2021\/09\/04\/officiel-mario-mandzukic-range-ses-crampons\/","name":"OFFICIEL - Mario Mandzukic range ses crampons | Nettali.com","isPartOf":{"@id":"https:\/\/www.nettali.com\/#website"},"primaryImageOfPage":{"@id":"https:\/\/www.nettali.com\/2021\/09\/04\/officiel-mario-mandzukic-range-ses-crampons\/#primaryimage"},"datePublished":"2021-09-04T00:17:29+00:00","dateModified":"2021-09-04T00:17:29+00:00","author":{"@id":"https:\/\/www.nettali.com\/#\/schema\/person\/bb147657c2986240405a608162b9bb23"},"breadcrumb":{"@id":"https:\/\/www.nettali.com\/2021\/09\/04\/officiel-mario-mandzukic-range-ses-crampons\/#breadcrumb"},"inLanguage":"fr-FR","potentialAction":[{"@type":"ReadAction","target":["https:\/\/www.nettali.com\/2021\/09\/04\/officiel-mario-mandzukic-range-ses-crampons\/"]}]},{"@type":"BreadcrumbList","@id":"https:\/\/www.nettali.com\/2021\/09\/04\/officiel-mario-mandzukic-range-ses-crampons\/#breadcrumb","itemListElement":[{"@type":"ListItem","position":1,"name":"Accueil","item":"https:\/\/www.nettali.com\/"},{"@type":"ListItem","position":2,"name":"OFFICIEL &#8211; Mario Mandzukic range ses crampons"}]},{"@type":"Person","@id":"https:\/\/www.nettali.com\/#\/schema\/person\/bb147657c2986240405a608162b9bb23","name":"Ibrahima","image":{"@type":"ImageObject","@id":"https:\/\/www.nettali.com\/#personlogo","inLanguage":"fr-FR","url":"https:\/\/secure.gravatar.com\/avatar\/26a8a81f09f0dd7624c9d5c36c9ba3a2?s=96&d=mm&r=g","contentUrl":"https:\/\/secure.gravatar.com\/avatar\/26a8a81f09f0dd7624c9d5c36c9ba3a2?s=96&d=mm&r=g","caption":"Ibrahima"},"sameAs":["https:\/\/www.nettali.com"]}]}},"_links":{"self":[{"href":"https:\/\/www.nettali.com\/rest\/wp\/v2\/posts\/71142"}],"collection":[{"href":"https:\/\/www.nettali.com\/rest\/wp\/v2\/posts"}],"about":[{"href":"https:\/\/www.nettali.com\/rest\/wp\/v2\/types\/post"}],"author":[{"embeddable":true,"href":"https:\/\/www.nettali.com\/rest\/wp\/v2\/users\/5"}],"replies":[{"embeddable":true,"href":"https:\/\/www.nettali.com\/rest\/wp\/v2\/comments?post=71142"}],"version-history":[{"count":2,"href":"https:\/\/www.nettali.com\/rest\/wp\/v2\/posts\/71142\/revisions"}],"predecessor-version":[{"id":71145,"href":"https:\/\/www.nettali.com\/rest\/wp\/v2\/posts\/71142\/revisions\/71145"}],"wp:featuredmedia":[{"embeddable":true,"href":"https:\/\/www.nettali.com\/rest\/wp\/v2\/media\/71143"}],"wp:attachment":[{"href":"https:\/\/www.nettali.com\/rest\/wp\/v2\/media?parent=71142"}],"wp:term":[{"taxonomy":"category","embeddable":true,"href":"https:\/\/www.nettali.com\/rest\/wp\/v2\/categories?post=71142"},{"taxonomy":"post_tag","embeddable":true,"href":"https:\/\/www.nettali.com\/rest\/wp\/v2\/tags?post=71142"}],"curies":[{"name":"wp","href":"https:\/\/api.w.org\/{rel}","templated":true}]}}