{"id":71037,"date":"2021-09-02T20:15:04","date_gmt":"2021-09-02T20:15:04","guid":{"rendered":"https:\/\/www.nettali.com\/?p=71037"},"modified":"2021-09-03T10:05:38","modified_gmt":"2021-09-03T10:05:38","slug":"locales-de-2022-plusieurs-mouvements-et-partis-politiques-lancent-yewwi-askan-wi","status":"publish","type":"post","link":"https:\/\/www.nettali.com\/2021\/09\/02\/locales-de-2022-plusieurs-mouvements-et-partis-politiques-lancent-yewwi-askan-wi\/","title":{"rendered":"LOCALES DE 2022 \u2013 Plusieurs mouvements et partis politiques lancent \"Yewwi Askan wi\""},"content":{"rendered":"<p><strong>NETTALI.COM - Comme promis, plusieurs mouvements et partis politiques membres de l'opposition ont lanc\u00e9, ce jeudi, une grande coalition d\u00e9nomm\u00e9e \"Yewwi Askan wi\". Objectif : battre le parti au pouvoir aux locales de 2022 et avoir la majorit\u00e9 parlementaire \u00e0 l'issue des \u00e9lections l\u00e9gislatives pr\u00e9vues en juillet 2022.\u00a0<\/strong><\/p>\n<p>\"Yewwi Askan wi\" (Lib\u00e9rez le peuple, <strong>ndlr).<\/strong> C'est le nom de la coalition que viennent de lancer plusieurs partis et mouvements de l'opposition. Parmi les organisations signataires de la charte qui a donn\u00e9 naissance \u00e0 cette grande coalition de l'opposition, on peut citer : \"Taxawu Senegaal\" de Khalifa Ababacar Sall, Pastef-Les Patriotes d'Ousmane Sonko, \"Gueum Sa Bopp\" de l'homme d'affaires Bougane Gueye Dany, le Grand parti d'El Hadji Malick Gakou, le Parti r\u00e9publicain pour le progr\u00e8s (Prp) de D\u00e9thi\u00e9 Fall, le mouvement \"Gu\u00e9diawaye la bokk\" du journaliste Ahmed A\u00efdara, \"And suxxali\" de la d\u00e9put\u00e9e A\u00efda Mbodj, \"Avenir Senegaal binu beug\"... Selon les initiateurs, l'objectif de cette coalition est d'aller ensemble aux prochaines locales et aux l\u00e9gislatives de 2022, mais aussi se battre pour contr\u00f4ler le processus \u00e9lectoral. Mais ils se disent conscients que la t\u00e2che risque d'\u00eatre compliqu\u00e9e.<\/p>\n<p>\"<em>Le S\u00e9n\u00e9gal vaut tous les sacrifices<\/em>\", a dit Moussa Tine de Taxawu Senegaal faisant allusion aux efforts faits par les uns et les autres. Il ajoute : \"<em>Nous ne sommes pas dans des calculs politiciens<\/em>.\" A ce propos, ce proche de l'ancien maire socialiste de Dakar r\u00e9v\u00e8le : \"<em>Ousmane Sonko a pris le relais pendant l\u2019absence de Khalifa Sall pour la mise en place de cette coalition. Ils ont fait le travail ensemble et ont rencontr\u00e9 tous les leaders.<\/em>\" Moussa Tine rappelle que les grands partis initiateurs de ladite coalition avaient, chacun cinq repr\u00e9sentants lors des n\u00e9gociations pour la mise en place de \"Yewwi Askan wi\". <em>\"Il<\/em> (Khalifa Ababacar Sall, <strong>ndlr)<\/strong> <em>est all\u00e9 voir tous les leaders. Cette d\u00e9marche a \u00e9t\u00e9 faite dans la plus grande discr\u00e9tion. C\u2019est pour des commodit\u00e9s de n\u00e9gociations que nous avons choisi quatre partis pour commencer<\/em>.\" <em>\"Mais,<\/em> rassure le porte-parole du jour, <em>la coalition est ouverte \u00e0 tout le monde<\/em>.\"<\/p>\n<p>Toutefois, le plus dur reste \u00e0 venir. Ce qui fait dire \u00e0 Moussa Tine : \"<em>Nous sommes conscients des d\u00e9fis qui nous attendent. Et nous avons discut\u00e9 sur cette base<\/em>.\" Selon lui, il s'agit de \"<em>faire un bloc unique et faire face \u00e0 Macky Sall<\/em>\". Non sans souligner leur volont\u00e9 d'unir leurs forces pour contr\u00f4ler le processus \u00e9lectoral jusqu'aux prochaines \u00e9lections. \"<em>A la pr\u00e9sidentielle, chacun sera libre de se pr\u00e9senter. Et s'il y a deuxi\u00e8me tour, nous soutiendrons le candidat le mieux plac\u00e9<\/em>\", a-t-il pr\u00e9cis\u00e9.<\/p>\n<p>Pour rappel, des partis comme le Pds, Convergence d\u00e9mocratique Bokk Gis Gis ou encore And-J\u00ebf\/Pads ont pr\u00e9f\u00e9r\u00e9 ne pas prendre part \u00e0 cette coalition malgr\u00e9 les d\u00e9marches faites par Khalifa Ababacar Sall<\/p>\n<div class='share-to-whatsapp-wrapper'><div class='share-on-whsp'>PARTAGER SUR : <\/div><a data-text='LOCALES DE 2022 \u2013 Plusieurs mouvements et partis politiques lancent \"Yewwi Askan wi\"' data-link='https:\/\/www.nettali.com\/2021\/09\/02\/locales-de-2022-plusieurs-mouvements-et-partis-politiques-lancent-yewwi-askan-wi\/' class='whatsapp-button whatsapp-share'>WhatsApp<\/a><div class='clear '><\/div><\/div>","protected":false},"excerpt":{"rendered":"<p>NETTALI.COM - Comme promis, plusieurs mouvements et partis politiques membres de l'opposition ont lanc\u00e9, ce jeudi, une grande coalition d\u00e9nomm\u00e9e \"Yewwi Askan wi\". Objectif : battre le parti au pouvoir aux locales de 2022 et avoir la majorit\u00e9 parlementaire \u00e0 l'issue des \u00e9lections l\u00e9gislatives pr\u00e9vues en juillet 2022.\u00a0 \"Yewwi Askan wi\" (Lib\u00e9rez le peuple, ndlr). [&hellip;]<\/p>\n","protected":false},"author":3,"featured_media":71040,"comment_status":"open","ping_status":"open","sticky":false,"template":"","format":"standard","meta":{"_et_pb_use_builder":"","_et_pb_old_content":""},"categories":[3878,2],"tags":[],"yoast_head":"<!-- This site is optimized with the Yoast SEO Premium plugin v17.8 (Yoast SEO v17.8) - https:\/\/yoast.com\/wordpress\/plugins\/seo\/ -->\n<title>LOCALES DE 2022 \u2013 Plusieurs mouvements et partis politiques lancent &quot;Yewwi Askan wi&quot; | Nettali.com<\/title>\n<meta name=\"robots\" content=\"index, follow, max-snippet:-1, max-image-preview:large, max-video-preview:-1\" \/>\n<link rel=\"canonical\" href=\"https:\/\/www.nettali.com\/2021\/09\/02\/locales-de-2022-plusieurs-mouvements-et-partis-politiques-lancent-yewwi-askan-wi\/\" \/>\n<meta property=\"og:locale\" content=\"fr_FR\" \/>\n<meta property=\"og:type\" content=\"article\" \/>\n<meta property=\"og:title\" content=\"LOCALES DE 2022 \u2013 Plusieurs mouvements et partis politiques lancent &quot;Yewwi Askan wi&quot;\" \/>\n<meta property=\"og:description\" content=\"NETTALI.COM - Comme promis, plusieurs mouvements et partis politiques membres de l&#039;opposition ont lanc\u00e9, ce jeudi, une grande coalition d\u00e9nomm\u00e9e &quot;Yewwi Askan wi&quot;. Objectif : battre le parti au pouvoir aux locales de 2022 et avoir la majorit\u00e9 parlementaire \u00e0 l&#039;issue des \u00e9lections l\u00e9gislatives pr\u00e9vues en juillet 2022.\u00a0 &quot;Yewwi Askan wi&quot; (Lib\u00e9rez le peuple, ndlr). [&hellip;]\" \/>\n<meta property=\"og:url\" content=\"https:\/\/www.nettali.com\/2021\/09\/02\/locales-de-2022-plusieurs-mouvements-et-partis-politiques-lancent-yewwi-askan-wi\/\" \/>\n<meta property=\"og:site_name\" content=\"Nettali.com\" \/>\n<meta property=\"article:publisher\" content=\"https:\/\/www.facebook.com\/nettalicom\" \/>\n<meta property=\"article:published_time\" content=\"2021-09-02T20:15:04+00:00\" \/>\n<meta property=\"article:modified_time\" content=\"2021-09-03T10:05:38+00:00\" \/>\n<meta property=\"og:image\" content=\"https:\/\/www.nettali.com\/wp-content\/uploads\/2021\/09\/58685699-43254620.jpg\" \/>\n\t<meta property=\"og:image:width\" content=\"784\" \/>\n\t<meta property=\"og:image:height\" content=\"594\" \/>\n<meta name=\"twitter:card\" content=\"summary_large_image\" \/>\n<meta name=\"twitter:label1\" content=\"\u00c9crit par\" \/>\n\t<meta name=\"twitter:data1\" content=\"Moustapha\" \/>\n\t<meta name=\"twitter:label2\" content=\"Dur\u00e9e de lecture estim\u00e9e\" \/>\n\t<meta name=\"twitter:data2\" content=\"2 minutes\" \/>\n<script type=\"application\/ld+json\" class=\"yoast-schema-graph\">{\"@context\":\"https:\/\/schema.org\",\"@graph\":[{\"@type\":\"WebSite\",\"@id\":\"https:\/\/www.nettali.com\/#website\",\"url\":\"https:\/\/www.nettali.com\/\",\"name\":\"Nettali.com\",\"description\":\"Le rendez-vous critique du Net\",\"potentialAction\":[{\"@type\":\"SearchAction\",\"target\":{\"@type\":\"EntryPoint\",\"urlTemplate\":\"https:\/\/www.nettali.com\/?s={search_term_string}\"},\"query-input\":\"required name=search_term_string\"}],\"inLanguage\":\"fr-FR\"},{\"@type\":\"ImageObject\",\"@id\":\"https:\/\/www.nettali.com\/2021\/09\/02\/locales-de-2022-plusieurs-mouvements-et-partis-politiques-lancent-yewwi-askan-wi\/#primaryimage\",\"inLanguage\":\"fr-FR\",\"url\":\"https:\/\/www.nettali.com\/wp-content\/uploads\/2021\/09\/58685699-43254620.jpg\",\"contentUrl\":\"https:\/\/www.nettali.com\/wp-content\/uploads\/2021\/09\/58685699-43254620.jpg\",\"width\":784,\"height\":594},{\"@type\":\"WebPage\",\"@id\":\"https:\/\/www.nettali.com\/2021\/09\/02\/locales-de-2022-plusieurs-mouvements-et-partis-politiques-lancent-yewwi-askan-wi\/#webpage\",\"url\":\"https:\/\/www.nettali.com\/2021\/09\/02\/locales-de-2022-plusieurs-mouvements-et-partis-politiques-lancent-yewwi-askan-wi\/\",\"name\":\"LOCALES DE 2022 \\u2013 Plusieurs mouvements et partis politiques lancent \\\"Yewwi Askan wi\\\" | Nettali.com\",\"isPartOf\":{\"@id\":\"https:\/\/www.nettali.com\/#website\"},\"primaryImageOfPage\":{\"@id\":\"https:\/\/www.nettali.com\/2021\/09\/02\/locales-de-2022-plusieurs-mouvements-et-partis-politiques-lancent-yewwi-askan-wi\/#primaryimage\"},\"datePublished\":\"2021-09-02T20:15:04+00:00\",\"dateModified\":\"2021-09-03T10:05:38+00:00\",\"author\":{\"@id\":\"https:\/\/www.nettali.com\/#\/schema\/person\/7962a12a6e0267f88f0ffa544c36469a\"},\"breadcrumb\":{\"@id\":\"https:\/\/www.nettali.com\/2021\/09\/02\/locales-de-2022-plusieurs-mouvements-et-partis-politiques-lancent-yewwi-askan-wi\/#breadcrumb\"},\"inLanguage\":\"fr-FR\",\"potentialAction\":[{\"@type\":\"ReadAction\",\"target\":[\"https:\/\/www.nettali.com\/2021\/09\/02\/locales-de-2022-plusieurs-mouvements-et-partis-politiques-lancent-yewwi-askan-wi\/\"]}]},{\"@type\":\"BreadcrumbList\",\"@id\":\"https:\/\/www.nettali.com\/2021\/09\/02\/locales-de-2022-plusieurs-mouvements-et-partis-politiques-lancent-yewwi-askan-wi\/#breadcrumb\",\"itemListElement\":[{\"@type\":\"ListItem\",\"position\":1,\"name\":\"Accueil\",\"item\":\"https:\/\/www.nettali.com\/\"},{\"@type\":\"ListItem\",\"position\":2,\"name\":\"LOCALES DE 2022 \\u2013 Plusieurs mouvements et partis politiques lancent \\u00ab\\u00a0Yewwi Askan wi\\u00a0\\u00bb\"}]},{\"@type\":\"Person\",\"@id\":\"https:\/\/www.nettali.com\/#\/schema\/person\/7962a12a6e0267f88f0ffa544c36469a\",\"name\":\"Moustapha\",\"image\":{\"@type\":\"ImageObject\",\"@id\":\"https:\/\/www.nettali.com\/#personlogo\",\"inLanguage\":\"fr-FR\",\"url\":\"https:\/\/secure.gravatar.com\/avatar\/10fdf6a071cccdcf374e3dbe45159590?s=96&d=mm&r=g\",\"contentUrl\":\"https:\/\/secure.gravatar.com\/avatar\/10fdf6a071cccdcf374e3dbe45159590?s=96&d=mm&r=g\",\"caption\":\"Moustapha\"},\"sameAs\":[\"https:\/\/www.nettali.com\"]}]}<\/script>\n<!-- \/ Yoast SEO Premium plugin. -->","yoast_head_json":{"title":"LOCALES DE 2022 \u2013 Plusieurs mouvements et partis politiques lancent \"Yewwi Askan wi\" | Nettali.com","robots":{"index":"index","follow":"follow","max-snippet":"max-snippet:-1","max-image-preview":"max-image-preview:large","max-video-preview":"max-video-preview:-1"},"canonical":"https:\/\/www.nettali.com\/2021\/09\/02\/locales-de-2022-plusieurs-mouvements-et-partis-politiques-lancent-yewwi-askan-wi\/","og_locale":"fr_FR","og_type":"article","og_title":"LOCALES DE 2022 \u2013 Plusieurs mouvements et partis politiques lancent \"Yewwi Askan wi\"","og_description":"NETTALI.COM - Comme promis, plusieurs mouvements et partis politiques membres de l'opposition ont lanc\u00e9, ce jeudi, une grande coalition d\u00e9nomm\u00e9e \"Yewwi Askan wi\". Objectif : battre le parti au pouvoir aux locales de 2022 et avoir la majorit\u00e9 parlementaire \u00e0 l'issue des \u00e9lections l\u00e9gislatives pr\u00e9vues en juillet 2022.\u00a0 \"Yewwi Askan wi\" (Lib\u00e9rez le peuple, ndlr). [&hellip;]","og_url":"https:\/\/www.nettali.com\/2021\/09\/02\/locales-de-2022-plusieurs-mouvements-et-partis-politiques-lancent-yewwi-askan-wi\/","og_site_name":"Nettali.com","article_publisher":"https:\/\/www.facebook.com\/nettalicom","article_published_time":"2021-09-02T20:15:04+00:00","article_modified_time":"2021-09-03T10:05:38+00:00","og_image":[{"width":784,"height":594,"url":"https:\/\/www.nettali.com\/wp-content\/uploads\/2021\/09\/58685699-43254620.jpg","type":"image\/jpeg"}],"twitter_card":"summary_large_image","twitter_misc":{"\u00c9crit par":"Moustapha","Dur\u00e9e de lecture estim\u00e9e":"2 minutes"},"schema":{"@context":"https:\/\/schema.org","@graph":[{"@type":"WebSite","@id":"https:\/\/www.nettali.com\/#website","url":"https:\/\/www.nettali.com\/","name":"Nettali.com","description":"Le rendez-vous critique du Net","potentialAction":[{"@type":"SearchAction","target":{"@type":"EntryPoint","urlTemplate":"https:\/\/www.nettali.com\/?s={search_term_string}"},"query-input":"required name=search_term_string"}],"inLanguage":"fr-FR"},{"@type":"ImageObject","@id":"https:\/\/www.nettali.com\/2021\/09\/02\/locales-de-2022-plusieurs-mouvements-et-partis-politiques-lancent-yewwi-askan-wi\/#primaryimage","inLanguage":"fr-FR","url":"https:\/\/www.nettali.com\/wp-content\/uploads\/2021\/09\/58685699-43254620.jpg","contentUrl":"https:\/\/www.nettali.com\/wp-content\/uploads\/2021\/09\/58685699-43254620.jpg","width":784,"height":594},{"@type":"WebPage","@id":"https:\/\/www.nettali.com\/2021\/09\/02\/locales-de-2022-plusieurs-mouvements-et-partis-politiques-lancent-yewwi-askan-wi\/#webpage","url":"https:\/\/www.nettali.com\/2021\/09\/02\/locales-de-2022-plusieurs-mouvements-et-partis-politiques-lancent-yewwi-askan-wi\/","name":"LOCALES DE 2022 \u2013 Plusieurs mouvements et partis politiques lancent \"Yewwi Askan wi\" | Nettali.com","isPartOf":{"@id":"https:\/\/www.nettali.com\/#website"},"primaryImageOfPage":{"@id":"https:\/\/www.nettali.com\/2021\/09\/02\/locales-de-2022-plusieurs-mouvements-et-partis-politiques-lancent-yewwi-askan-wi\/#primaryimage"},"datePublished":"2021-09-02T20:15:04+00:00","dateModified":"2021-09-03T10:05:38+00:00","author":{"@id":"https:\/\/www.nettali.com\/#\/schema\/person\/7962a12a6e0267f88f0ffa544c36469a"},"breadcrumb":{"@id":"https:\/\/www.nettali.com\/2021\/09\/02\/locales-de-2022-plusieurs-mouvements-et-partis-politiques-lancent-yewwi-askan-wi\/#breadcrumb"},"inLanguage":"fr-FR","potentialAction":[{"@type":"ReadAction","target":["https:\/\/www.nettali.com\/2021\/09\/02\/locales-de-2022-plusieurs-mouvements-et-partis-politiques-lancent-yewwi-askan-wi\/"]}]},{"@type":"BreadcrumbList","@id":"https:\/\/www.nettali.com\/2021\/09\/02\/locales-de-2022-plusieurs-mouvements-et-partis-politiques-lancent-yewwi-askan-wi\/#breadcrumb","itemListElement":[{"@type":"ListItem","position":1,"name":"Accueil","item":"https:\/\/www.nettali.com\/"},{"@type":"ListItem","position":2,"name":"LOCALES DE 2022 \u2013 Plusieurs mouvements et partis politiques lancent \u00ab\u00a0Yewwi Askan wi\u00a0\u00bb"}]},{"@type":"Person","@id":"https:\/\/www.nettali.com\/#\/schema\/person\/7962a12a6e0267f88f0ffa544c36469a","name":"Moustapha","image":{"@type":"ImageObject","@id":"https:\/\/www.nettali.com\/#personlogo","inLanguage":"fr-FR","url":"https:\/\/secure.gravatar.com\/avatar\/10fdf6a071cccdcf374e3dbe45159590?s=96&d=mm&r=g","contentUrl":"https:\/\/secure.gravatar.com\/avatar\/10fdf6a071cccdcf374e3dbe45159590?s=96&d=mm&r=g","caption":"Moustapha"},"sameAs":["https:\/\/www.nettali.com"]}]}},"_links":{"self":[{"href":"https:\/\/www.nettali.com\/rest\/wp\/v2\/posts\/71037"}],"collection":[{"href":"https:\/\/www.nettali.com\/rest\/wp\/v2\/posts"}],"about":[{"href":"https:\/\/www.nettali.com\/rest\/wp\/v2\/types\/post"}],"author":[{"embeddable":true,"href":"https:\/\/www.nettali.com\/rest\/wp\/v2\/users\/3"}],"replies":[{"embeddable":true,"href":"https:\/\/www.nettali.com\/rest\/wp\/v2\/comments?post=71037"}],"version-history":[{"count":5,"href":"https:\/\/www.nettali.com\/rest\/wp\/v2\/posts\/71037\/revisions"}],"predecessor-version":[{"id":71076,"href":"https:\/\/www.nettali.com\/rest\/wp\/v2\/posts\/71037\/revisions\/71076"}],"wp:featuredmedia":[{"embeddable":true,"href":"https:\/\/www.nettali.com\/rest\/wp\/v2\/media\/71040"}],"wp:attachment":[{"href":"https:\/\/www.nettali.com\/rest\/wp\/v2\/media?parent=71037"}],"wp:term":[{"taxonomy":"category","embeddable":true,"href":"https:\/\/www.nettali.com\/rest\/wp\/v2\/categories?post=71037"},{"taxonomy":"post_tag","embeddable":true,"href":"https:\/\/www.nettali.com\/rest\/wp\/v2\/tags?post=71037"}],"curies":[{"name":"wp","href":"https:\/\/api.w.org\/{rel}","templated":true}]}}