{"id":70932,"date":"2021-09-01T11:18:53","date_gmt":"2021-09-01T11:18:53","guid":{"rendered":"https:\/\/www.nettali.com\/?p=70932"},"modified":"2021-09-01T23:13:18","modified_gmt":"2021-09-01T23:13:18","slug":"serigne-amdy-mbenda-fall-nouveau-khalife-des-baye-fall","status":"publish","type":"post","link":"https:\/\/www.nettali.com\/2021\/09\/01\/serigne-amdy-mbenda-fall-nouveau-khalife-des-baye-fall\/","title":{"rendered":"Serigne Amdy Mbenda Fall, nouveau khalife des Baye Fall"},"content":{"rendered":"<p class=\"summary_label\"><strong>NETTALI.COM - Apr\u00e8s le d\u00e9c\u00e8s de Serigne Cheikh Dieumb Fall, c\u2019est Serigne Amdy Modou Mbenda Fall qui h\u00e9rite du khalifat chez les Baye Fall.<\/strong><\/p>\n<div id=\"printable\" class=\"text_body\">\n<p>Le successeur de Serigne Cheikh Dieumb Fall au khalifat des Baye Fall a \u00e9t\u00e9 d\u00e9sign\u00e9. Il s\u2019agit Serigne Amdy Modou Mbenda Fall. Etant le plus \u00e2g\u00e9 de la grande famille de Cheikh Ibrahima Fall, surnomm\u00e9 la porte du mouridisme, il en sera, d\u00e9sormais, le Khalife g\u00e9n\u00e9ral. Il va succ\u00e9der \u00e0 Cheikh Dieumb Fall qui a tir\u00e9 sa r\u00e9v\u00e9rence hier mardi apr\u00e8s 14 ans \u00e0 la t\u00eate de la communaut\u00e9 des Baye Fall. Nos voeux de succ\u00e8s dans sa nouvelle mission.<\/p>\n<\/div>\n<div class='share-to-whatsapp-wrapper'><div class='share-on-whsp'>PARTAGER SUR : <\/div><a data-text='Serigne Amdy Mbenda Fall, nouveau khalife des Baye Fall' data-link='https:\/\/www.nettali.com\/2021\/09\/01\/serigne-amdy-mbenda-fall-nouveau-khalife-des-baye-fall\/' class='whatsapp-button whatsapp-share'>WhatsApp<\/a><div class='clear '><\/div><\/div>","protected":false},"excerpt":{"rendered":"<p>NETTALI.COM - Apr\u00e8s le d\u00e9c\u00e8s de Serigne Cheikh Dieumb Fall, c\u2019est Serigne Amdy Modou Mbenda Fall qui h\u00e9rite du khalifat chez les Baye Fall. Le successeur de Serigne Cheikh Dieumb Fall au khalifat des Baye Fall a \u00e9t\u00e9 d\u00e9sign\u00e9. Il s\u2019agit Serigne Amdy Modou Mbenda Fall. Etant le plus \u00e2g\u00e9 de la grande famille de [&hellip;]<\/p>\n","protected":false},"author":4,"featured_media":70933,"comment_status":"open","ping_status":"open","sticky":false,"template":"","format":"standard","meta":{"_et_pb_use_builder":"","_et_pb_old_content":""},"categories":[3],"tags":[],"yoast_head":"<!-- This site is optimized with the Yoast SEO Premium plugin v17.8 (Yoast SEO v17.8) - https:\/\/yoast.com\/wordpress\/plugins\/seo\/ -->\n<title>Serigne Amdy Mbenda Fall, nouveau khalife des Baye Fall | Nettali.com<\/title>\n<meta name=\"robots\" content=\"index, follow, max-snippet:-1, max-image-preview:large, max-video-preview:-1\" \/>\n<link rel=\"canonical\" href=\"https:\/\/www.nettali.com\/2021\/09\/01\/serigne-amdy-mbenda-fall-nouveau-khalife-des-baye-fall\/\" \/>\n<meta property=\"og:locale\" content=\"fr_FR\" \/>\n<meta property=\"og:type\" content=\"article\" \/>\n<meta property=\"og:title\" content=\"Serigne Amdy Mbenda Fall, nouveau khalife des Baye Fall\" \/>\n<meta property=\"og:description\" content=\"NETTALI.COM - Apr\u00e8s le d\u00e9c\u00e8s de Serigne Cheikh Dieumb Fall, c\u2019est Serigne Amdy Modou Mbenda Fall qui h\u00e9rite du khalifat chez les Baye Fall. Le successeur de Serigne Cheikh Dieumb Fall au khalifat des Baye Fall a \u00e9t\u00e9 d\u00e9sign\u00e9. Il s\u2019agit Serigne Amdy Modou Mbenda Fall. Etant le plus \u00e2g\u00e9 de la grande famille de [&hellip;]\" \/>\n<meta property=\"og:url\" content=\"https:\/\/www.nettali.com\/2021\/09\/01\/serigne-amdy-mbenda-fall-nouveau-khalife-des-baye-fall\/\" \/>\n<meta property=\"og:site_name\" content=\"Nettali.com\" \/>\n<meta property=\"article:publisher\" content=\"https:\/\/www.facebook.com\/nettalicom\" \/>\n<meta property=\"article:published_time\" content=\"2021-09-01T11:18:53+00:00\" \/>\n<meta property=\"article:modified_time\" content=\"2021-09-01T23:13:18+00:00\" \/>\n<meta property=\"og:image\" content=\"https:\/\/www.nettali.com\/wp-content\/uploads\/2021\/09\/16304855088818.jpeg\" \/>\n\t<meta property=\"og:image:width\" content=\"1024\" \/>\n\t<meta property=\"og:image:height\" content=\"509\" \/>\n<meta name=\"twitter:card\" content=\"summary_large_image\" \/>\n<meta name=\"twitter:label1\" content=\"\u00c9crit par\" \/>\n\t<meta name=\"twitter:data1\" content=\"Daouda\" \/>\n\t<meta name=\"twitter:label2\" content=\"Dur\u00e9e de lecture estim\u00e9e\" \/>\n\t<meta name=\"twitter:data2\" content=\"1 minute\" \/>\n<script type=\"application\/ld+json\" class=\"yoast-schema-graph\">{\"@context\":\"https:\/\/schema.org\",\"@graph\":[{\"@type\":\"WebSite\",\"@id\":\"https:\/\/www.nettali.com\/#website\",\"url\":\"https:\/\/www.nettali.com\/\",\"name\":\"Nettali.com\",\"description\":\"Le rendez-vous critique du Net\",\"potentialAction\":[{\"@type\":\"SearchAction\",\"target\":{\"@type\":\"EntryPoint\",\"urlTemplate\":\"https:\/\/www.nettali.com\/?s={search_term_string}\"},\"query-input\":\"required name=search_term_string\"}],\"inLanguage\":\"fr-FR\"},{\"@type\":\"ImageObject\",\"@id\":\"https:\/\/www.nettali.com\/2021\/09\/01\/serigne-amdy-mbenda-fall-nouveau-khalife-des-baye-fall\/#primaryimage\",\"inLanguage\":\"fr-FR\",\"url\":\"https:\/\/www.nettali.com\/wp-content\/uploads\/2021\/09\/16304855088818.jpeg\",\"contentUrl\":\"https:\/\/www.nettali.com\/wp-content\/uploads\/2021\/09\/16304855088818.jpeg\",\"width\":1024,\"height\":509},{\"@type\":\"WebPage\",\"@id\":\"https:\/\/www.nettali.com\/2021\/09\/01\/serigne-amdy-mbenda-fall-nouveau-khalife-des-baye-fall\/#webpage\",\"url\":\"https:\/\/www.nettali.com\/2021\/09\/01\/serigne-amdy-mbenda-fall-nouveau-khalife-des-baye-fall\/\",\"name\":\"Serigne Amdy Mbenda Fall, nouveau khalife des Baye Fall | Nettali.com\",\"isPartOf\":{\"@id\":\"https:\/\/www.nettali.com\/#website\"},\"primaryImageOfPage\":{\"@id\":\"https:\/\/www.nettali.com\/2021\/09\/01\/serigne-amdy-mbenda-fall-nouveau-khalife-des-baye-fall\/#primaryimage\"},\"datePublished\":\"2021-09-01T11:18:53+00:00\",\"dateModified\":\"2021-09-01T23:13:18+00:00\",\"author\":{\"@id\":\"https:\/\/www.nettali.com\/#\/schema\/person\/3317e0bb3aa1da309fbf7b2780901bf4\"},\"breadcrumb\":{\"@id\":\"https:\/\/www.nettali.com\/2021\/09\/01\/serigne-amdy-mbenda-fall-nouveau-khalife-des-baye-fall\/#breadcrumb\"},\"inLanguage\":\"fr-FR\",\"potentialAction\":[{\"@type\":\"ReadAction\",\"target\":[\"https:\/\/www.nettali.com\/2021\/09\/01\/serigne-amdy-mbenda-fall-nouveau-khalife-des-baye-fall\/\"]}]},{\"@type\":\"BreadcrumbList\",\"@id\":\"https:\/\/www.nettali.com\/2021\/09\/01\/serigne-amdy-mbenda-fall-nouveau-khalife-des-baye-fall\/#breadcrumb\",\"itemListElement\":[{\"@type\":\"ListItem\",\"position\":1,\"name\":\"Accueil\",\"item\":\"https:\/\/www.nettali.com\/\"},{\"@type\":\"ListItem\",\"position\":2,\"name\":\"Serigne Amdy Mbenda Fall, nouveau khalife des Baye Fall\"}]},{\"@type\":\"Person\",\"@id\":\"https:\/\/www.nettali.com\/#\/schema\/person\/3317e0bb3aa1da309fbf7b2780901bf4\",\"name\":\"Daouda\",\"image\":{\"@type\":\"ImageObject\",\"@id\":\"https:\/\/www.nettali.com\/#personlogo\",\"inLanguage\":\"fr-FR\",\"url\":\"https:\/\/secure.gravatar.com\/avatar\/8d143b5a49345098ddcfee1c49c2f47c?s=96&d=mm&r=g\",\"contentUrl\":\"https:\/\/secure.gravatar.com\/avatar\/8d143b5a49345098ddcfee1c49c2f47c?s=96&d=mm&r=g\",\"caption\":\"Daouda\"},\"sameAs\":[\"https:\/\/www.nettali.com\"]}]}<\/script>\n<!-- \/ Yoast SEO Premium plugin. -->","yoast_head_json":{"title":"Serigne Amdy Mbenda Fall, nouveau khalife des Baye Fall | Nettali.com","robots":{"index":"index","follow":"follow","max-snippet":"max-snippet:-1","max-image-preview":"max-image-preview:large","max-video-preview":"max-video-preview:-1"},"canonical":"https:\/\/www.nettali.com\/2021\/09\/01\/serigne-amdy-mbenda-fall-nouveau-khalife-des-baye-fall\/","og_locale":"fr_FR","og_type":"article","og_title":"Serigne Amdy Mbenda Fall, nouveau khalife des Baye Fall","og_description":"NETTALI.COM - Apr\u00e8s le d\u00e9c\u00e8s de Serigne Cheikh Dieumb Fall, c\u2019est Serigne Amdy Modou Mbenda Fall qui h\u00e9rite du khalifat chez les Baye Fall. Le successeur de Serigne Cheikh Dieumb Fall au khalifat des Baye Fall a \u00e9t\u00e9 d\u00e9sign\u00e9. Il s\u2019agit Serigne Amdy Modou Mbenda Fall. Etant le plus \u00e2g\u00e9 de la grande famille de [&hellip;]","og_url":"https:\/\/www.nettali.com\/2021\/09\/01\/serigne-amdy-mbenda-fall-nouveau-khalife-des-baye-fall\/","og_site_name":"Nettali.com","article_publisher":"https:\/\/www.facebook.com\/nettalicom","article_published_time":"2021-09-01T11:18:53+00:00","article_modified_time":"2021-09-01T23:13:18+00:00","og_image":[{"width":1024,"height":509,"url":"https:\/\/www.nettali.com\/wp-content\/uploads\/2021\/09\/16304855088818.jpeg","type":"image\/jpeg"}],"twitter_card":"summary_large_image","twitter_misc":{"\u00c9crit par":"Daouda","Dur\u00e9e de lecture estim\u00e9e":"1 minute"},"schema":{"@context":"https:\/\/schema.org","@graph":[{"@type":"WebSite","@id":"https:\/\/www.nettali.com\/#website","url":"https:\/\/www.nettali.com\/","name":"Nettali.com","description":"Le rendez-vous critique du Net","potentialAction":[{"@type":"SearchAction","target":{"@type":"EntryPoint","urlTemplate":"https:\/\/www.nettali.com\/?s={search_term_string}"},"query-input":"required name=search_term_string"}],"inLanguage":"fr-FR"},{"@type":"ImageObject","@id":"https:\/\/www.nettali.com\/2021\/09\/01\/serigne-amdy-mbenda-fall-nouveau-khalife-des-baye-fall\/#primaryimage","inLanguage":"fr-FR","url":"https:\/\/www.nettali.com\/wp-content\/uploads\/2021\/09\/16304855088818.jpeg","contentUrl":"https:\/\/www.nettali.com\/wp-content\/uploads\/2021\/09\/16304855088818.jpeg","width":1024,"height":509},{"@type":"WebPage","@id":"https:\/\/www.nettali.com\/2021\/09\/01\/serigne-amdy-mbenda-fall-nouveau-khalife-des-baye-fall\/#webpage","url":"https:\/\/www.nettali.com\/2021\/09\/01\/serigne-amdy-mbenda-fall-nouveau-khalife-des-baye-fall\/","name":"Serigne Amdy Mbenda Fall, nouveau khalife des Baye Fall | Nettali.com","isPartOf":{"@id":"https:\/\/www.nettali.com\/#website"},"primaryImageOfPage":{"@id":"https:\/\/www.nettali.com\/2021\/09\/01\/serigne-amdy-mbenda-fall-nouveau-khalife-des-baye-fall\/#primaryimage"},"datePublished":"2021-09-01T11:18:53+00:00","dateModified":"2021-09-01T23:13:18+00:00","author":{"@id":"https:\/\/www.nettali.com\/#\/schema\/person\/3317e0bb3aa1da309fbf7b2780901bf4"},"breadcrumb":{"@id":"https:\/\/www.nettali.com\/2021\/09\/01\/serigne-amdy-mbenda-fall-nouveau-khalife-des-baye-fall\/#breadcrumb"},"inLanguage":"fr-FR","potentialAction":[{"@type":"ReadAction","target":["https:\/\/www.nettali.com\/2021\/09\/01\/serigne-amdy-mbenda-fall-nouveau-khalife-des-baye-fall\/"]}]},{"@type":"BreadcrumbList","@id":"https:\/\/www.nettali.com\/2021\/09\/01\/serigne-amdy-mbenda-fall-nouveau-khalife-des-baye-fall\/#breadcrumb","itemListElement":[{"@type":"ListItem","position":1,"name":"Accueil","item":"https:\/\/www.nettali.com\/"},{"@type":"ListItem","position":2,"name":"Serigne Amdy Mbenda Fall, nouveau khalife des Baye Fall"}]},{"@type":"Person","@id":"https:\/\/www.nettali.com\/#\/schema\/person\/3317e0bb3aa1da309fbf7b2780901bf4","name":"Daouda","image":{"@type":"ImageObject","@id":"https:\/\/www.nettali.com\/#personlogo","inLanguage":"fr-FR","url":"https:\/\/secure.gravatar.com\/avatar\/8d143b5a49345098ddcfee1c49c2f47c?s=96&d=mm&r=g","contentUrl":"https:\/\/secure.gravatar.com\/avatar\/8d143b5a49345098ddcfee1c49c2f47c?s=96&d=mm&r=g","caption":"Daouda"},"sameAs":["https:\/\/www.nettali.com"]}]}},"_links":{"self":[{"href":"https:\/\/www.nettali.com\/rest\/wp\/v2\/posts\/70932"}],"collection":[{"href":"https:\/\/www.nettali.com\/rest\/wp\/v2\/posts"}],"about":[{"href":"https:\/\/www.nettali.com\/rest\/wp\/v2\/types\/post"}],"author":[{"embeddable":true,"href":"https:\/\/www.nettali.com\/rest\/wp\/v2\/users\/4"}],"replies":[{"embeddable":true,"href":"https:\/\/www.nettali.com\/rest\/wp\/v2\/comments?post=70932"}],"version-history":[{"count":1,"href":"https:\/\/www.nettali.com\/rest\/wp\/v2\/posts\/70932\/revisions"}],"predecessor-version":[{"id":70934,"href":"https:\/\/www.nettali.com\/rest\/wp\/v2\/posts\/70932\/revisions\/70934"}],"wp:featuredmedia":[{"embeddable":true,"href":"https:\/\/www.nettali.com\/rest\/wp\/v2\/media\/70933"}],"wp:attachment":[{"href":"https:\/\/www.nettali.com\/rest\/wp\/v2\/media?parent=70932"}],"wp:term":[{"taxonomy":"category","embeddable":true,"href":"https:\/\/www.nettali.com\/rest\/wp\/v2\/categories?post=70932"},{"taxonomy":"post_tag","embeddable":true,"href":"https:\/\/www.nettali.com\/rest\/wp\/v2\/tags?post=70932"}],"curies":[{"name":"wp","href":"https:\/\/api.w.org\/{rel}","templated":true}]}}