{"id":70914,"date":"2021-09-01T10:43:33","date_gmt":"2021-09-01T10:43:33","guid":{"rendered":"https:\/\/www.nettali.com\/?p=70914"},"modified":"2021-09-04T19:56:48","modified_gmt":"2021-09-04T19:56:48","slug":"idiovisuel-dans-la-tyrannie-de-la-celebrite","status":"publish","type":"post","link":"https:\/\/www.nettali.com\/2021\/09\/01\/idiovisuel-dans-la-tyrannie-de-la-celebrite\/","title":{"rendered":"IDIOVISUEL - Dans la tyrannie de la c\u00e9l\u00e9brit\u00e9"},"content":{"rendered":"<p><strong>NETTALI.COM \u2013 Comment concilier la c\u00e9l\u00e9brit\u00e9 et la profession de journaliste qui a ses r\u00e8gles \u00e9thiques et d\u00e9ontologiques\u00a0? Une grande question que beaucoup se posent puisque les effluves du star-system commencent \u00e0 envahir le milieu des m\u00e9dias. En particulier la t\u00e9l\u00e9vision qui trouve ses excroissances sur les r\u00e9seaux sociaux. Un ph\u00e9nom\u00e8ne qui semble aujourd\u2019hui gangr\u00e9ner le monde de l\u2019information apr\u00e8s avoir infest\u00e9 celui de la production de films et de la musique. <\/strong><strong>\u00a0<\/strong><\/p>\n<p>Il suffit de nos jours de faire le tour des r\u00e9seaux sociaux pour se rendre compte du nombre de \"c\u00e9l\u00e9brit\u00e9s\" qui s\u2019y affichent, par\u00e9es de leurs plus beaux atours. La c\u00e9l\u00e9brit\u00e9 version s\u00e9ries t\u00e9l\u00e9vis\u00e9es s\u00e9n\u00e9galaises est, en effet un ph\u00e9nom\u00e8ne qui fonctionne finalement comme les saisons. Elle dure le temps d\u2019un t\u00e9l\u00e9film suivi et vite supplant\u00e9 par un autre. Combien d\u2019acteurs et de pr\u00e9sentateurs sont tomb\u00e9es aux oubliettes apr\u00e8s avoir cess\u00e9 d\u2019obtenir des r\u00f4les ? Beaucoup d\u2019acteurs d\u2019une s\u00e9rie comme \u00ab <em>Un caf\u00e9 avec<\/em> \u00bb ont, par exemple disparu de la sc\u00e8ne m\u00e9diatique. Cette exposition dans cet univers est, en r\u00e9alit\u00e9 un moyen pour ceux-l\u00e0 de s\u2019offrir une seconde vie. Le ph\u00e9nom\u00e8ne est plus observable chez les actrices des s\u00e9ries produites \u00e0 la pelle, qui r\u00e9v\u00e8lent chaque jour de nouveaux visages d'ailleurs sans formation et talent dans la plupart des cas.<\/p>\n<p>Une page nomm\u00e9e \u00ab\u00a0<em>Afris\u00e9ries\u00a0<\/em>\u00bb sur facebook se propose d'ailleurs de montrer de nouveaux visages avec le plus souvent les noms des actrices avec photo \u00e0 l'appui sur laquelle, elles se mettent en valeur, maquillage, make up bien appliqu\u00e9s, faux cils, greffages, peaux d\u00e9pigment\u00e9es dans beaucoup de cas et tenues endimanch\u00e9es, question de les rappeler aux bons souvenirs des t\u00e9l\u00e9spectateurs ou de ceux qui les suivent sur Youtube ou ailleurs. C\u2019est le d\u00e9chainement lors des publications avec des commentaires favorables ou d\u00e9favorables, selon qu\u2019on aime ou qu\u2019on aime moins. Mais que de commentaires superficiels et surtout ax\u00e9s sur la plastique.<\/p>\n<p><strong>Un ph\u00e9nom\u00e8ne qui est en train de gangr\u00e9ner la presse<\/strong><\/p>\n<p>Le ph\u00e9nom\u00e8ne est d\u2019ailleurs en train de gangr\u00e9ner la presse de nos jours puisqu\u2019il est le fait de journalistes ou d\u2019animateurs d\u2019\u00e9missions. Si l\u2019on confond volontiers animateurs et journalistes, c\u2019est parce qu\u2019il est de plus en plus difficile de les diff\u00e9rencier \u00e0 travers les actes qu\u2019ils posent, tant ils sont similaires \u00e0 certains \u00e9gards, avec des exceptions \u00e9videmment, dans leurs comportements. Les acteurs de la revue de presse par exemple - pour certains sortis de nulle part - glissent de plus en plus sur les plates-bandes des journalistes en ayant le m\u00eame impact, puisqu\u2019ils influencent ceux qui les suivent et qui ne font pas forc\u00e9ment la diff\u00e9rence entre ce qui rel\u00e8ve de l\u2019info, de l\u2019opinion et du commentaire de celui qui est \u00e0 l'oeuvre, suivant que l'on cherche \u00e0 attaquer ou encenser un politique voire un homme d'affaires, entreprise ou \u00e9galement une marque.<\/p>\n<p>Ceux-l\u00e0 analysent et commentent l\u2019actualit\u00e9, de mani\u00e8re souvent bien d\u00e9sinvolte, en surfant sur les articles de la presse \u00e9crite, sans toutefois \u00eatre fid\u00e8le \u00e0 ce qui y est \u00e9crit. Bon nombre d\u2019animateurs \u00e9galement qui conduisent des \u00e9missions politiques ou \u00e0 caract\u00e8re \u00e9conomique par exemple, exercent aussi cette influence sur le public, sans toutefois avoir une r\u00e9elle comp\u00e9tence en la mati\u00e8re, la connaissance des faits, la culture g\u00e9n\u00e9rale, le niveau d'analyse et la ma\u00eetrise des normes du m\u00e9tier.<\/p>\n<p>La v\u00e9rit\u00e9 est que ceux-l\u00e0 sont devenus des stars. Des journalistes en g\u00e9n\u00e9ral pr\u00e9sentateurs ou animateurs d\u2019\u00e9missions aussi le sont parce que le public les consid\u00e8re comme tels, les adulent et ces derniers ne se privent d\u2019ailleurs pas de le revendiquer \u00e0 travers leurs postures et actes. Ne dit-on pas dans le monde du journalisme, que la seule l'information est la star ? Lorsqu\u2019en effet celui qui diffuse l\u2019information, lui fait d\u00e9sormais de l\u2019ombre en se mettant en avant, o\u00f9 va-t-on ?<\/p>\n<p>Certains journalistes, en particulier trop jeunes et \u00e0 peine sortis d\u2019\u00e9coles, refusent d\u00e9sormais d\u2019apprendre le m\u00e9tier, pr\u00e9f\u00e8rent s\u2019exposer sur les plateaux-t\u00e9l\u00e9s, oubliant d\u2019arpenter les marches du m\u00e9tier qui feront d\u2019eux les journalistes exp\u00e9riment\u00e9s de demain. Ils essaiment d\u00e9sormais les talk-show en rivalisant d\u2019opinions et de d\u00e9clarations fracassantes pour se faire une notori\u00e9t\u00e9. Fut\u00e9s qu\u2019ils sont, le mode op\u00e9ratoire est \u00e9videmment d\u2019user de mots pompeux (rationalisation, gouvernance publique, \u00e9tude d\u2019impact, audit organisationnel et manag\u00e9rial, recommandation, suivi et \u00e9valuation, planification strat\u00e9gique, op\u00e9rationnalisation, etc) quand bien m\u00eame ils s\u2019expriment en wolof, pour para\u00eetre plus savants qu\u2019ils ne sont.<\/p>\n<p>La v\u00e9rit\u00e9 est qu\u2019ils cherchent \u00e0 impressionner ces t\u00e9lespectateurs m\u00e9dus\u00e9s qui ne savent point faire la diff\u00e9rence entre ce qui rel\u00e8ve de l\u2019information, de l\u2019opinion et des propos d\u2019une certaine vacuit\u00e9 voire \u00e0 de la phras\u00e9ologie. Ceux-l\u00e0 n\u2019ont certainement pas le niveau appropri\u00e9 pour d\u00e9masquer ces nouveaux \u00ab<em>escros<\/em>\u00bb des m\u00e9dias qui ne reculent parfois devant rien pour diluer leurs discours \u00e0 l'aide d'\u00e9loges aux confr\u00e9ries ou aux marabouts, le tout agr\u00e9ment\u00e9 de propos bas\u00e9s sur des bons sentiments et des lieux communs pour corser le cocktail de populisme qu\u2019ils vendent pour se faire un nom et se faire appr\u00e9cier.<\/p>\n<p>Certains d\u2019entre eux, y compris des hommes, se font coiffer avec style, se teignent m\u00eame les cheveux. Ils se font d\u00e9sormais habiller par des stylistes \u00e0 coups de deux pi\u00e8ces, de costumes et de trois pi\u00e8ces. Ce qui est interdit par la d\u00e9ontologie du m\u00e9tier. Dans la pratique, c'est l'employeur qui devrait les habiller. M\u00eame les \u00e9critels appos\u00e9s sur les \u00e9crans t\u00e9l\u00e9 : \"le journaliste X est habill\u00e9 par...\" reste interdit.<\/p>\n<p>Pire que cela, ceux-l\u00e0 ont d\u00e9sormais emprunt\u00e9 les raccourcis du m\u00e9tier, font de la veille en scrutant leur moindre apparition sur les r\u00e9seaux sociaux, lorsqu\u2019ils ne demandent tout simplement pas \u00e0 un site d\u2019infos en vogue de d\u00e9couper des s\u00e9quences de leurs interventions et de les publier. Le but est \u00e9videmment de r\u00e9colter des vus et des commentaires pour assurer sa promotion et asseoir sa notori\u00e9t\u00e9. C\u2019est la porte ouverte \u00e0 la quantification du nombre de suiveurs sur les r\u00e9seaux sociaux.<\/p>\n<p>Certains journalistes de la presse \u00e9crite, se laissent d\u00e9sormais aller \u00e0 la tentation. Pour \u00eatre connus, ils jonglent d\u00e9sormais entre leur support \u00e9crit et la t\u00e9l\u00e9vision, apparaissant dans des \u00e9missions t\u00e9l\u00e9visuelles avec des plateaux au cocktail explosif, compos\u00e9s de journalistes et d\u2019animateurs (parfois au nombre de 5) sur le plateau, \u00e0 tel point qu\u2019on peut raisonnablement s\u2019interroger sur la n\u00e9cessit\u00e9 qu\u2019ils soient aussi nombreux, si c\u2019est pour juste poser des questions incoh\u00e9rentes parce qu\u2019ils se les disputent. Cela, au grand dam du temps de parole qui se retrouve bouff\u00e9 avec \u00e9galement comme cons\u00e9quence, une \u00e9mission bien d\u00e9sarticul\u00e9e au finish.<\/p>\n<p><strong>Apprendre le m\u00e9tier, arpenter les marches, acqu\u00e9rir de l'exp\u00e9rience : une n\u00e9cessit\u00e9 en journalisme <\/strong><\/p>\n<p>Ce qui est attendu du journaliste, c\u2019est qu\u2019il fasse son travail avec professionnalisme et \u00e9quilibre, c\u2019est-\u00e0-dire en s\u2019attachant aux faits et non \u00e0 des opinions. Ce qui passe n\u00e9cessairement par la collecte, la v\u00e9rification et la diffusion. Et dans le cas de la direction d\u2019une \u00e9mission, de bien la diriger avec \u00e9quilibre et rigueur. Comment y arriver si on ne connait rien du sujet, ni des faits et si on n\u2019a pas une bonne culture g\u00e9n\u00e9rale. Le r\u00f4le de celui qui a la charge de la conduite de l\u2019\u00e9mission, va alors se r\u00e9duire \u00e0 assurer la police de la distribution de la parole, comme c'est le cas dans beaucoup de talk-show ; ou \u00e0 poser des questions bien terre \u00e0 terre et d\u00e9sarticul\u00e9es.<\/p>\n<p>Voir les journalistes surtout femmes s\u2019afficher avec une photo avantageuse sur les r\u00e9seaux sociaux et r\u00e9colter des \u00ab\u00a0<em>mignonne\u00a0\u00bb, \u00ab\u00a0jolie\u00a0\u00bb, \u00ab\u00a0je t\u2019adore\u00a0<\/em>\u00bb, etc peut laisser songeur. On aurait aim\u00e9 au contraire lire : <em>\u00ab journaliste professionnelle, s\u00e9rieuse, etc \u00bb<\/em>. On aurait davantage pr\u00e9f\u00e9r\u00e9 que celle-ci publie un \u00e9dito, fasse un billet, un commentaire ou une analyse li\u00e9e \u00e0 l\u2019actualit\u00e9 du moment ! Mais se faire juste juger et appr\u00e9cier uniquement pour sa plastique, peut para\u00eetre surprenant.<\/p>\n<p>En t\u00e9l\u00e9vision, la prestance et la plastique comptent. C\u2019est vrai. Et ce n\u2019est pas un hasard si \u00e0 l\u2019\u00e9cole de journalisme, au moment de la sp\u00e9cialisation, les futurs journalistes sont orient\u00e9s en fonction de leurs atouts et aptitudes. Difficile par exemple de faire de la radio, si on n\u2019a pas une bonne diction ; idem pour la t\u00e9l\u00e9. Mais pas que seulement. Au-del\u00e0 du physique et de la prestance, le \u00a0journaliste a besoin d\u2019avoir de la culture g\u00e9n\u00e9rale, un bon niveau d\u2019\u00e9ducation et une bonne connaissance des faits. Il est en effet souhaitable que le pr\u00e9sentateur ou la pr\u00e9sentatrice ne soit pas juste cantonn\u00e9 \u00e0 la lecture des chapeaux qu\u2019on lui r\u00e9dige. Il devrait ma\u00eetriser les techniques d\u2019interview. Le journalisme est un m\u00e9tier et requiert de ce fait une formation. Et l\u2019interview ou l\u2019entrevue n\u2019est pas quelque chose qui s\u2019improvise. On ne na\u00eet pas avec, c\u2019est une technique qui s\u2019apprend et qu\u2019on ma\u00eetrise au fil de la pratique et de l\u2019exp\u00e9rience. Il faut d\u2019abord \u00e0 la base que l\u2019interviewer sache ce qui est digne d\u2019\u00eatre une information.<\/p>\n<p>Beaucoup d\u2019interviewers sont par exemple inutilement agressifs en cherchant \u00e0 s\u2019inventer un style pour asseoir leur notori\u00e9t\u00e9. Ils ne savent peut-\u00eatre pas qu\u2019ils doivent plut\u00f4t chercher \u00e0 installer un climat de confiance avec l\u2019invit\u00e9 au lieu de chercher \u00e0 en d\u00e9coudre avec lui ? On peut bien s\u00fbr challenger celui-ci sans \u00eatre sur le terrain de l\u2019hostilit\u00e9. Ce qui ne veut point dire qu'ils doivent r\u00e9duire la distance avec l'invit\u00e9 au point de l'appeler \"mon ami\", \"mon oncle\" et de s'installer dans la familiarit\u00e9 et la connivence.<\/p>\n<p>Mener une interview n\u00e9cessite juste de bien cadrer ses questions par des phrases affirmatives qui pr\u00e9c\u00e8dent les questions. La cons\u00e9quence est que ces phrases vont donner des informations qui vont davantage pr\u00e9ciser les questions dans le but d\u2019obtenir des r\u00e9ponses riches en enseignements. La reformulation aussi est une technique qui peut constituer l\u2019amorce d\u2019une question qui suit. Elle peut servir de transition entre les questions et les r\u00e9ponses ; et dans le fond, en reformulant les r\u00e9ponses trop longues ou trop techniques, le journaliste donne des informations claires au t\u00e9l\u00e9spectateur qui ne doit jamais perdre le fil de l\u2019interview.<\/p>\n<p>Bref, il n\u2019est pas ici question de donner un cours, mais de bien garder \u00e0 l\u2019esprit qu\u2019il ne s\u2019agit nullement, dans le cadre d\u2019une interview, de faire succ\u00e9der des questions et de les balancer sans un fil conducteur pr\u00e9cis et une certaine coh\u00e9rence. Au-del\u00e0, il s\u2019agit de savoir g\u00e9rer les questions selon qu\u2019elles vont \u00eatre plus embarrassantes ou moins pour l\u2019invit\u00e9, en tenant compte de la gestion du temps de l\u2019\u00e9mission et du moment o\u00f9 doivent arriver certaines questions. Ou plus exactement savoir \u00e0 quel moment poser certaines questions pour ne pas g\u00e2cher le d\u00e9roulement de l\u2019\u00e9mission au tout d\u00e9but.<\/p>\n<p>Il y a heureusement des journalistes qui font la fiert\u00e9 du m\u00e9tier car elles refusent de c\u00e9der \u00e0 ce jeu de la c\u00e9l\u00e9brit\u00e9. Faty Dieng, A\u00efssatou Mb\u00e8ne Thioub qui officient \u00e0 la matinale de la TFM, institu\u00e9e depuis quelques mois pour renforcer le c\u00f4t\u00e9 \u00e9ditorial de la cha\u00eene, ne sont certes pas des top-models, m\u00eame elles n\u2019en ont pas moins un physique avenant. Mais, elles sont plus reconnues pour leur consistance professionnelle, tout en \u00e9tant consid\u00e9r\u00e9es comme des journalistes aux t\u00eates bien faites. Figurez-vous que Faty Dieng a m\u00eame \u00e9crit un livre, \u00ab<em>chambre 7<\/em>\u00bb. Cette derni\u00e8re a des atouts, c\u2019est s\u00fbr. Avec sa noirceur d\u2019\u00e9b\u00e8ne qui devient un grand atout \u00e0 cause du ph\u00e9nom\u00e8ne de la d\u00e9pigmentation, sa classe, son c\u00f4t\u00e9 tr\u00e8s pond\u00e9r\u00e9, qu\u2019elle allie avec la journaliste terrain qu\u2019elle est, casse un peu le st\u00e9r\u00e9otype du t\u00e9lespectateur qui voudrait \u00e9riger la femme de teint clair en mod\u00e8le. Une vraie s\u00e9n\u00e9galaise avec la retenue et les tenues sobres et bien choisies. M\u00eame constat chez Astou Mb\u00e8ne Thioub, sobre, agr\u00e9able et qui m\u00e8ne avec brio ses \u00e9missions. Elle a elle aussi une t\u00eate bien faite.<\/p>\n<p>Idem chez Adama Anouchka Ba d\u2019ITV qui est dans la lign\u00e9e de ces deux-l\u00e0 car ayant fait une exp\u00e9rience de la presse \u00e9crite (L\u2019Observateur, Seneweb) tr\u00e8s formatrice, de la radio (West african democracy radio avec Souleymane Niang et RFM) et aujourd\u2019hui sur ITV. Elle pr\u00e9sente le JT, fait en plus du terrain. Le reste se fera avec l\u2019exp\u00e9rience pour la journaliste tr\u00e8s prometteuse qu\u2019elle est. De plus, le passage par la presse \u00e9crite renforce les qualit\u00e9s du journaliste. La preuve par Moustapha Diop qui a fait \u201c<em>Le Populaire<\/em>\u201d et Walf Grand place avant d\u2019atterrir \u00e0 Walf TV et d\u2019en devenir le directeur. Ch\u00e9rif Dia et Cheikh Tidiane Diaho et Ibou Kane sont tout aussi prometteurs.<\/p>\n<p>Mais dans la r\u00e9alit\u00e9, trop d\u2019\u00e9tapes sont br\u00fbl\u00e9es avant de rejoindre la cat\u00e9gorie des journalistes pr\u00e9sentateurs et animateurs d\u2019\u00e9missions qui sortent du lot pour s\u2019\u00eatre form\u00e9s \u00e0 bonne \u00e9cole et roul\u00e9 un peu plus leur bosse. La liste est longue\u00a0: Mamoudou Ibra Kane, Alassane Samba Diop, Babacar Fall, Abdoulaye Der, Abdoulaye Ciss\u00e9, Antoine Diouf, Ben Matar Diop, Khalifa Diakhat\u00e9, Moustapha Diop, Souleymane Niang, Pape Bez Diba etc.<\/p>\n<p>Le monde des r\u00e9seaux sociaux qui juge la presse est h\u00e9t\u00e9roclite et est compos\u00e9 de gens cultiv\u00e9s certes, mais aussi par une grande majorit\u00e9 de profanes du m\u00e9tier de l\u2019information. C\u2019est la masse ou plus exactement le grand public qui a envahi le net. Avec ses suiveurs et ses fans de sensationnel, il n\u2019est pas \u00e0 proprement parler, un barom\u00e8tre suffisant, exigeant et tr\u00e8s fiable. C\u2019est la rue avec son peuple subjectif et qui fonctionne au feeling ; d\u2019o\u00f9 des jugements pas forc\u00e9ment bas\u00e9es sur les aspects les plus essentiels, c\u2019est-\u00e0-dire le contenu de l\u2019information et les faits.<\/p>\n<p><strong>Chroniqueurs en tous genres, mannequins, bombes et anonymes en qu\u00eate de notori\u00e9t\u00e9, ont envahi les plateaux\u2026<\/strong><\/p>\n<p>Mais de nos jours, l\u2019on se demande ce qui peut motiver des directeurs de programmes ou responsable de cha\u00eenes \u00e0 faire animer des \u00e9missions politiques par exemple par Paco Jackson Thiam et Adja Diallo\u00a0! Qu\u2019esp\u00e8re-t-on en tirer ? C\u2019est l\u2019invasion aussi subite que surprenante des plateaux par des chroniqueurs qui sont conseillers municipaux, \u00e9crivains, activistes, professeurs de philosophie de lyc\u00e9es, analystes et observateurs en tous genres, anciennes commerciales, sp\u00e9cialistes de la cuisine et maquilleuses reconverties animatrices qui inqui\u00e8te. Le r\u00e9sultat est tout simplement catastrophique. C\u2019est le comble de la recherche de la notori\u00e9t\u00e9, l\u2019obsessions d\u2019\u00eatre sous les feux des projecteurs. Ce n\u2019est plus de l\u2019info qui est produite dans ces \u00e9missions, mais plut\u00f4t des opinions, ou plus exactement du \u201c<em>wax sa xalaat<\/em>\u201d selon la cause du moment que l\u2019on d\u00e9fend ou le bord politique auquel on appartient ou ses sensibilit\u00e9s.<\/p>\n<p>Imaginons ce qui se passerait si chaque S\u00e9n\u00e9galais devait donner son opinion sur un sujet donn\u00e9 ! C\u2019est ce qui se voit de plus en plus avec ces \u00e9missions anim\u00e9es par Nd\u00e8ye Ndack, Ya Awa Di\u00e8ye, Bijou Ngon\u00e9, Safia Diatta etc, avec des intervenants tels que p\u00e8re Mangon\u00e9, Ndella Madior Diouf, Modou Gu\u00e8ye, etc. R\u00e9sultat des courses, personne n\u2019est d\u2019accord avec personne, et l\u2019on sort de ces \u00e9missions \u00e0 caract\u00e8re social, culturel, compl\u00e8tement confus. C\u2019est \u00e7a le divertissement \u00e0 la sauce s\u00e9n\u00e9galaise, c\u2019est juste pour amuser la galerie. Certains en riront et commenteront le c\u00f4t\u00e9 strict de Modou Gu\u00e8ye ou m\u00eame \u201c<em>je m\u2019en foutiste<\/em>\u201d\u00a0 voire impudique de Ndella Madior ou encore archa\u00efque de P\u00e8re Mangon\u00e9. Et apr\u00e8s\u00a0?<\/p>\n<p>Avoir des personnages de la trempe de Massamba Gu\u00e8ye qui a l\u2019avantage d\u2019allier une tr\u00e8s bonne connaissance des traditions s\u00e9n\u00e9galaises, codes culturels et d\u2019\u00eatre instruit \u00e0 l\u2019\u00e9cole fran\u00e7aise, serait souhaitable dans ces types d\u2019\u00e9missions de divertissement o\u00f9 les sociologues, philosophes ou anthropologues, peuvent aussi \u00eatre de la partie. Mais \u00e0 la place, l'on fait plus confiance au communicateur traditionnel qui se retrouvent souvent dans des habits et postures diff\u00e9rents suivant les circonstances !<\/p>\n<p>Certains groupes de presse sont tellement conscients du besoin de sp\u00e9cialisation sur certains sujets qu\u2019ils se sont inscrits dans une logique de mutualisation des ressources pour combler les carences dans ces domaines techniques. Lors des matinales ou \u00e9ditions sp\u00e9ciales ou \u00e0 \u00ab\u00a0<em>Soir d\u2019infos<\/em>\u00a0\u00bb \u00a0sur la TFM par exemple, des sp\u00e9cialistes des relations internationales ou des questions juridiques, politiques et \u00e9conomiques, Barka Ba, Daouda Mine ou encore Abdoulaye Ciss\u00e9, Souleymane Niang, vont en renfort parce qu\u2019ils sont non seulement exp\u00e9riment\u00e9s, mais certains d\u2019entre eux sont en plus sp\u00e9cialis\u00e9s dans ces domaines.<\/p>\n<p>Alassane Samba Diop d\u2019ITV a aussi souvent recours \u00e0 des personnalit\u00e9s du monde universitaire avec des chercheurs, du monde politique, ou alors des fonctionnaires internationaux car il sait qu\u2019ils g\u00e9n\u00e9reront forc\u00e9ment de l\u2019information avec la rigueur et l\u2019honn\u00eatet\u00e9 requise par leurs sp\u00e9cialit\u00e9s et surtout leur ind\u00e9pendance dans la majorit\u00e9 des cas vis-\u00e0-vis du monde politique sur des sujets \u00e0 caract\u00e8re \u00e9conomique et politique. Dans ces situations, l\u2019objectif est non seulement de relever le niveau de l\u2019\u00e9mission, mais encore de combler le d\u00e9ficit de compr\u00e9hension des sujets techniques gr\u00e2ce \u00e0 des experts dont les connaissances ne font pas l\u2019ombre d\u2019un doute.<\/p>\n<p>Autre proc\u00e9d\u00e9 payant, c\u2019est par exemple le fait d'inviter un journaliste de la presse \u00e9crite qui a \u00e9crit sur un sujet donn\u00e9, peut permettre de mieux d\u00e9cortiquer l\u2019actualit\u00e9 \u00e0 travers les faits qu'il va relater sans que l'on soit dans une logique de sp\u00e9culation d'un invit\u00e9 qui s'est d\u00e9cr\u00e9t\u00e9 <em>\"analyste tous sujets\"<\/em>. Momar Diongue et Mame Birame Wathie sont par exemple tr\u00e8s factuels dans leurs interventions et font de ce fait de bonnes analyses.<\/p>\n<p>Ce qui est surtout \u00e0 envisager, c'est de relever le niveau d'admission au Cesti qui reste la r\u00e9f\u00e9rence en mati\u00e8re de formation. le Bac ne semble pas suffire. Pourquoi ne pas envisager l'int\u00e9gration \u00e0 partir du Bac+ 2 ou de la licence ou mettre en place un syst\u00e8me de pr\u00e9pa. Cela pourrait renforcer le niveau des jeunes qui sont dans la plupart des cas trop peu exp\u00e9riment\u00e9s, cultiv\u00e9s, avec dans la plupart des cas, un niveau tr\u00e8s approximatif pour pour diriger des \u00e9missions \u00e0 vocation informative. Cela pourrait aussi permettre d'\u00e9viter les dossiers politiques trop manipul\u00e9s sous nos cieux car les cabales, Dieu sait qu'il en existe beaucoup.\u00a0 La formation priv\u00e9e qui vaut beaucoup de dipl\u00f4m\u00e9s, est beaucoup trop faible et devrait \u00eatre mieux surveill\u00e9e et surtout am\u00e9lior\u00e9e.<\/p>\n<p>La c\u00e9l\u00e9brit\u00e9 a ses travers si elle n\u2019est pas bien g\u00e9r\u00e9e et ma\u00eetris\u00e9e. Rangou et Dieynaba Bald\u00e9 ne diront pas le contraire. Elles ont toutes les deux \u00e9t\u00e9 r\u00e9v\u00e9l\u00e9es par les m\u00e9dias et r\u00e9seaux sociaux ; la premi\u00e8re pour de mauvaises raisons fond\u00e9es sur un besoin absolu de se faire conna\u00eetre \u00e0 travers des actes condamnables ; la seconde a \u00e9t\u00e9 r\u00e9v\u00e9l\u00e9e par \u00ab Sen petit Gall\u00e9 \u00bb de la TFM. Elles ont en commun d\u2019avoir eu des d\u00e9boires judiciaires pour n\u2019avoir pas su contr\u00f4ler jusqu\u2019o\u00f9 pouvait conduire le mauvais usage de la c\u00e9l\u00e9brit\u00e9. \u00a0Le d\u00e9ficit d\u2019encadrement et l\u2019immaturit\u00e9 ont beaucoup \u00e0 y voir.<\/p>\n<div class='share-to-whatsapp-wrapper'><div class='share-on-whsp'>PARTAGER SUR : <\/div><a data-text='IDIOVISUEL - Dans la tyrannie de la c\u00e9l\u00e9brit\u00e9' data-link='https:\/\/www.nettali.com\/2021\/09\/01\/idiovisuel-dans-la-tyrannie-de-la-celebrite\/' class='whatsapp-button whatsapp-share'>WhatsApp<\/a><div class='clear '><\/div><\/div>","protected":false},"excerpt":{"rendered":"<p>NETTALI.COM \u2013 Comment concilier la c\u00e9l\u00e9brit\u00e9 et la profession de journaliste qui a ses r\u00e8gles \u00e9thiques et d\u00e9ontologiques\u00a0? Une grande question que beaucoup se posent puisque les effluves du star-system commencent \u00e0 envahir le milieu des m\u00e9dias. En particulier la t\u00e9l\u00e9vision qui trouve ses excroissances sur les r\u00e9seaux sociaux. Un ph\u00e9nom\u00e8ne qui semble aujourd\u2019hui gangr\u00e9ner [&hellip;]<\/p>\n","protected":false},"author":2,"featured_media":70913,"comment_status":"open","ping_status":"open","sticky":false,"template":"","format":"standard","meta":{"_et_pb_use_builder":"","_et_pb_old_content":""},"categories":[9],"tags":[],"yoast_head":"<!-- This site is optimized with the Yoast SEO Premium plugin v17.8 (Yoast SEO v17.8) - https:\/\/yoast.com\/wordpress\/plugins\/seo\/ -->\n<title>IDIOVISUEL - Dans la tyrannie de la c\u00e9l\u00e9brit\u00e9 | Nettali.com<\/title>\n<meta name=\"robots\" content=\"index, follow, max-snippet:-1, max-image-preview:large, max-video-preview:-1\" \/>\n<link rel=\"canonical\" href=\"https:\/\/www.nettali.com\/2021\/09\/01\/idiovisuel-dans-la-tyrannie-de-la-celebrite\/\" \/>\n<meta property=\"og:locale\" content=\"fr_FR\" \/>\n<meta property=\"og:type\" content=\"article\" \/>\n<meta property=\"og:title\" content=\"IDIOVISUEL - Dans la tyrannie de la c\u00e9l\u00e9brit\u00e9\" \/>\n<meta property=\"og:description\" content=\"NETTALI.COM \u2013 Comment concilier la c\u00e9l\u00e9brit\u00e9 et la profession de journaliste qui a ses r\u00e8gles \u00e9thiques et d\u00e9ontologiques\u00a0? Une grande question que beaucoup se posent puisque les effluves du star-system commencent \u00e0 envahir le milieu des m\u00e9dias. En particulier la t\u00e9l\u00e9vision qui trouve ses excroissances sur les r\u00e9seaux sociaux. Un ph\u00e9nom\u00e8ne qui semble aujourd\u2019hui gangr\u00e9ner [&hellip;]\" \/>\n<meta property=\"og:url\" content=\"https:\/\/www.nettali.com\/2021\/09\/01\/idiovisuel-dans-la-tyrannie-de-la-celebrite\/\" \/>\n<meta property=\"og:site_name\" content=\"Nettali.com\" \/>\n<meta property=\"article:publisher\" content=\"https:\/\/www.facebook.com\/nettalicom\" \/>\n<meta property=\"article:published_time\" content=\"2021-09-01T10:43:33+00:00\" \/>\n<meta property=\"article:modified_time\" content=\"2021-09-04T19:56:48+00:00\" \/>\n<meta property=\"og:image\" content=\"https:\/\/www.nettali.com\/wp-content\/uploads\/2021\/09\/journalistes-tv-senegal.jpg\" \/>\n\t<meta property=\"og:image:width\" content=\"1280\" \/>\n\t<meta property=\"og:image:height\" content=\"600\" \/>\n<meta name=\"twitter:card\" content=\"summary_large_image\" \/>\n<meta name=\"twitter:label1\" content=\"\u00c9crit par\" \/>\n\t<meta name=\"twitter:data1\" content=\"CK\" \/>\n\t<meta name=\"twitter:label2\" content=\"Dur\u00e9e de lecture estim\u00e9e\" \/>\n\t<meta name=\"twitter:data2\" content=\"14 minutes\" \/>\n<script type=\"application\/ld+json\" class=\"yoast-schema-graph\">{\"@context\":\"https:\/\/schema.org\",\"@graph\":[{\"@type\":\"WebSite\",\"@id\":\"https:\/\/www.nettali.com\/#website\",\"url\":\"https:\/\/www.nettali.com\/\",\"name\":\"Nettali.com\",\"description\":\"Le rendez-vous critique du Net\",\"potentialAction\":[{\"@type\":\"SearchAction\",\"target\":{\"@type\":\"EntryPoint\",\"urlTemplate\":\"https:\/\/www.nettali.com\/?s={search_term_string}\"},\"query-input\":\"required name=search_term_string\"}],\"inLanguage\":\"fr-FR\"},{\"@type\":\"ImageObject\",\"@id\":\"https:\/\/www.nettali.com\/2021\/09\/01\/idiovisuel-dans-la-tyrannie-de-la-celebrite\/#primaryimage\",\"inLanguage\":\"fr-FR\",\"url\":\"https:\/\/www.nettali.com\/wp-content\/uploads\/2021\/09\/journalistes-tv-senegal.jpg\",\"contentUrl\":\"https:\/\/www.nettali.com\/wp-content\/uploads\/2021\/09\/journalistes-tv-senegal.jpg\",\"width\":1280,\"height\":600},{\"@type\":\"WebPage\",\"@id\":\"https:\/\/www.nettali.com\/2021\/09\/01\/idiovisuel-dans-la-tyrannie-de-la-celebrite\/#webpage\",\"url\":\"https:\/\/www.nettali.com\/2021\/09\/01\/idiovisuel-dans-la-tyrannie-de-la-celebrite\/\",\"name\":\"IDIOVISUEL - Dans la tyrannie de la c\\u00e9l\\u00e9brit\\u00e9 | Nettali.com\",\"isPartOf\":{\"@id\":\"https:\/\/www.nettali.com\/#website\"},\"primaryImageOfPage\":{\"@id\":\"https:\/\/www.nettali.com\/2021\/09\/01\/idiovisuel-dans-la-tyrannie-de-la-celebrite\/#primaryimage\"},\"datePublished\":\"2021-09-01T10:43:33+00:00\",\"dateModified\":\"2021-09-04T19:56:48+00:00\",\"author\":{\"@id\":\"https:\/\/www.nettali.com\/#\/schema\/person\/d8ac7b7e27ddad43f1c0d2ef090d7f71\"},\"breadcrumb\":{\"@id\":\"https:\/\/www.nettali.com\/2021\/09\/01\/idiovisuel-dans-la-tyrannie-de-la-celebrite\/#breadcrumb\"},\"inLanguage\":\"fr-FR\",\"potentialAction\":[{\"@type\":\"ReadAction\",\"target\":[\"https:\/\/www.nettali.com\/2021\/09\/01\/idiovisuel-dans-la-tyrannie-de-la-celebrite\/\"]}]},{\"@type\":\"BreadcrumbList\",\"@id\":\"https:\/\/www.nettali.com\/2021\/09\/01\/idiovisuel-dans-la-tyrannie-de-la-celebrite\/#breadcrumb\",\"itemListElement\":[{\"@type\":\"ListItem\",\"position\":1,\"name\":\"Accueil\",\"item\":\"https:\/\/www.nettali.com\/\"},{\"@type\":\"ListItem\",\"position\":2,\"name\":\"IDIOVISUEL &#8211; Dans la tyrannie de la c\\u00e9l\\u00e9brit\\u00e9\"}]},{\"@type\":\"Person\",\"@id\":\"https:\/\/www.nettali.com\/#\/schema\/person\/d8ac7b7e27ddad43f1c0d2ef090d7f71\",\"name\":\"CK\",\"image\":{\"@type\":\"ImageObject\",\"@id\":\"https:\/\/www.nettali.com\/#personlogo\",\"inLanguage\":\"fr-FR\",\"url\":\"https:\/\/secure.gravatar.com\/avatar\/1d8d5118b9327d94da7cd4ce7f17fec2?s=96&d=mm&r=g\",\"contentUrl\":\"https:\/\/secure.gravatar.com\/avatar\/1d8d5118b9327d94da7cd4ce7f17fec2?s=96&d=mm&r=g\",\"caption\":\"CK\"},\"sameAs\":[\"https:\/\/www.nettali.com\"]}]}<\/script>\n<!-- \/ Yoast SEO Premium plugin. -->","yoast_head_json":{"title":"IDIOVISUEL - Dans la tyrannie de la c\u00e9l\u00e9brit\u00e9 | Nettali.com","robots":{"index":"index","follow":"follow","max-snippet":"max-snippet:-1","max-image-preview":"max-image-preview:large","max-video-preview":"max-video-preview:-1"},"canonical":"https:\/\/www.nettali.com\/2021\/09\/01\/idiovisuel-dans-la-tyrannie-de-la-celebrite\/","og_locale":"fr_FR","og_type":"article","og_title":"IDIOVISUEL - Dans la tyrannie de la c\u00e9l\u00e9brit\u00e9","og_description":"NETTALI.COM \u2013 Comment concilier la c\u00e9l\u00e9brit\u00e9 et la profession de journaliste qui a ses r\u00e8gles \u00e9thiques et d\u00e9ontologiques\u00a0? Une grande question que beaucoup se posent puisque les effluves du star-system commencent \u00e0 envahir le milieu des m\u00e9dias. En particulier la t\u00e9l\u00e9vision qui trouve ses excroissances sur les r\u00e9seaux sociaux. Un ph\u00e9nom\u00e8ne qui semble aujourd\u2019hui gangr\u00e9ner [&hellip;]","og_url":"https:\/\/www.nettali.com\/2021\/09\/01\/idiovisuel-dans-la-tyrannie-de-la-celebrite\/","og_site_name":"Nettali.com","article_publisher":"https:\/\/www.facebook.com\/nettalicom","article_published_time":"2021-09-01T10:43:33+00:00","article_modified_time":"2021-09-04T19:56:48+00:00","og_image":[{"width":1280,"height":600,"url":"https:\/\/www.nettali.com\/wp-content\/uploads\/2021\/09\/journalistes-tv-senegal.jpg","type":"image\/jpeg"}],"twitter_card":"summary_large_image","twitter_misc":{"\u00c9crit par":"CK","Dur\u00e9e de lecture estim\u00e9e":"14 minutes"},"schema":{"@context":"https:\/\/schema.org","@graph":[{"@type":"WebSite","@id":"https:\/\/www.nettali.com\/#website","url":"https:\/\/www.nettali.com\/","name":"Nettali.com","description":"Le rendez-vous critique du Net","potentialAction":[{"@type":"SearchAction","target":{"@type":"EntryPoint","urlTemplate":"https:\/\/www.nettali.com\/?s={search_term_string}"},"query-input":"required name=search_term_string"}],"inLanguage":"fr-FR"},{"@type":"ImageObject","@id":"https:\/\/www.nettali.com\/2021\/09\/01\/idiovisuel-dans-la-tyrannie-de-la-celebrite\/#primaryimage","inLanguage":"fr-FR","url":"https:\/\/www.nettali.com\/wp-content\/uploads\/2021\/09\/journalistes-tv-senegal.jpg","contentUrl":"https:\/\/www.nettali.com\/wp-content\/uploads\/2021\/09\/journalistes-tv-senegal.jpg","width":1280,"height":600},{"@type":"WebPage","@id":"https:\/\/www.nettali.com\/2021\/09\/01\/idiovisuel-dans-la-tyrannie-de-la-celebrite\/#webpage","url":"https:\/\/www.nettali.com\/2021\/09\/01\/idiovisuel-dans-la-tyrannie-de-la-celebrite\/","name":"IDIOVISUEL - Dans la tyrannie de la c\u00e9l\u00e9brit\u00e9 | Nettali.com","isPartOf":{"@id":"https:\/\/www.nettali.com\/#website"},"primaryImageOfPage":{"@id":"https:\/\/www.nettali.com\/2021\/09\/01\/idiovisuel-dans-la-tyrannie-de-la-celebrite\/#primaryimage"},"datePublished":"2021-09-01T10:43:33+00:00","dateModified":"2021-09-04T19:56:48+00:00","author":{"@id":"https:\/\/www.nettali.com\/#\/schema\/person\/d8ac7b7e27ddad43f1c0d2ef090d7f71"},"breadcrumb":{"@id":"https:\/\/www.nettali.com\/2021\/09\/01\/idiovisuel-dans-la-tyrannie-de-la-celebrite\/#breadcrumb"},"inLanguage":"fr-FR","potentialAction":[{"@type":"ReadAction","target":["https:\/\/www.nettali.com\/2021\/09\/01\/idiovisuel-dans-la-tyrannie-de-la-celebrite\/"]}]},{"@type":"BreadcrumbList","@id":"https:\/\/www.nettali.com\/2021\/09\/01\/idiovisuel-dans-la-tyrannie-de-la-celebrite\/#breadcrumb","itemListElement":[{"@type":"ListItem","position":1,"name":"Accueil","item":"https:\/\/www.nettali.com\/"},{"@type":"ListItem","position":2,"name":"IDIOVISUEL &#8211; Dans la tyrannie de la c\u00e9l\u00e9brit\u00e9"}]},{"@type":"Person","@id":"https:\/\/www.nettali.com\/#\/schema\/person\/d8ac7b7e27ddad43f1c0d2ef090d7f71","name":"CK","image":{"@type":"ImageObject","@id":"https:\/\/www.nettali.com\/#personlogo","inLanguage":"fr-FR","url":"https:\/\/secure.gravatar.com\/avatar\/1d8d5118b9327d94da7cd4ce7f17fec2?s=96&d=mm&r=g","contentUrl":"https:\/\/secure.gravatar.com\/avatar\/1d8d5118b9327d94da7cd4ce7f17fec2?s=96&d=mm&r=g","caption":"CK"},"sameAs":["https:\/\/www.nettali.com"]}]}},"_links":{"self":[{"href":"https:\/\/www.nettali.com\/rest\/wp\/v2\/posts\/70914"}],"collection":[{"href":"https:\/\/www.nettali.com\/rest\/wp\/v2\/posts"}],"about":[{"href":"https:\/\/www.nettali.com\/rest\/wp\/v2\/types\/post"}],"author":[{"embeddable":true,"href":"https:\/\/www.nettali.com\/rest\/wp\/v2\/users\/2"}],"replies":[{"embeddable":true,"href":"https:\/\/www.nettali.com\/rest\/wp\/v2\/comments?post=70914"}],"version-history":[{"count":3,"href":"https:\/\/www.nettali.com\/rest\/wp\/v2\/posts\/70914\/revisions"}],"predecessor-version":[{"id":70959,"href":"https:\/\/www.nettali.com\/rest\/wp\/v2\/posts\/70914\/revisions\/70959"}],"wp:featuredmedia":[{"embeddable":true,"href":"https:\/\/www.nettali.com\/rest\/wp\/v2\/media\/70913"}],"wp:attachment":[{"href":"https:\/\/www.nettali.com\/rest\/wp\/v2\/media?parent=70914"}],"wp:term":[{"taxonomy":"category","embeddable":true,"href":"https:\/\/www.nettali.com\/rest\/wp\/v2\/categories?post=70914"},{"taxonomy":"post_tag","embeddable":true,"href":"https:\/\/www.nettali.com\/rest\/wp\/v2\/tags?post=70914"}],"curies":[{"name":"wp","href":"https:\/\/api.w.org\/{rel}","templated":true}]}}