{"id":70880,"date":"2021-08-31T17:33:07","date_gmt":"2021-08-31T17:33:07","guid":{"rendered":"https:\/\/www.nettali.com\/?p=70880"},"modified":"2021-08-31T17:33:07","modified_gmt":"2021-08-31T17:33:07","slug":"mercato-camavinga-est-madrilene","status":"publish","type":"post","link":"https:\/\/www.nettali.com\/2021\/08\/31\/mercato-camavinga-est-madrilene\/","title":{"rendered":"MERCATO - Camavinga est Madril\u00e8ne !"},"content":{"rendered":"<p dir=\"ltr\"><strong>\u00a0N<\/strong><strong>ETTALI.COM - L'international fran\u00e7ais Eduardo Camavinga quitte officiellement son club formateur, le Stade Rennais, pour prendre la direction du Real Madrid. Le milieu de terrain de 18 ans a sign\u00e9 ce mardi un contrat de 6 ans contre une somme qui tournerait autour des 40-45 millions d'euros, bonus inclus.<\/strong><\/p>\n<p dir=\"ltr\">Eduardo Camavinga change de dimension. Le milieu de terrain d\u00e9fensif international fran\u00e7ais, \u00e2g\u00e9 de seulement 18 ans, quitte son club formateur, Rennes, et rejoint le Real Madrid, o\u00f9 il a paraph\u00e9 un contrat de six ans, qui l'emm\u00e8nera donc jusqu'en 2027, selon le communiqu\u00e9 du club madril\u00e8ne.<\/p>\n<p dir=\"ltr\">Le natif de Miconje en Angola, en fin de contrat au mois de juin 2022, a vu son nom circuler lors de ce mercato estival, notamment du c\u00f4t\u00e9 du Paris Saint-Germain ou encore de Manchester United. Mais ce sont donc les Merengue qui raflent la mise. Un dossier qui s'est nettement acc\u00e9l\u00e9r\u00e9 apr\u00e8s l'\u00e9chec de la venue de Kylian Mbapp\u00e9 et la fin des tractations avec le club de la capitale.<\/p>\n<p dir=\"ltr\">Alors qu'un accord avec Rennes avait \u00e9t\u00e9 assez rapidement annonc\u00e9 par diff\u00e9rents m\u00e9dias dont\u00a0<i>L'\u00c9quipe<\/i>\u00a0ou bien encore\u00a0<i>RMC Sport<\/i>, le montant du transfert de Camavinga serait finalement sup\u00e9rieur aux 30 millions d'euros, sans les bonus, annonc\u00e9s au pr\u00e9alable. Le quotidien sportif fran\u00e7ais parle, en effet, d'un montant qui serait compris entre 40 et 45 millions d'euros (bonus inclus).<\/p>\n<p dir=\"ltr\">Un d\u00e9part de son petit prodige \u00e9vite au club breton de prendre le risque de le voir partir libre dans un an. Apr\u00e8s trois saisons en professionnel au sein de son club formateur, Eduardo Camavinga voit son compteur bloqu\u00e9 \u00e0 88 matches toutes comp\u00e9titions confondues, pour deux buts inscrits. D\u00e9sormais, c'est dans l'entrejeu madril\u00e8ne que l'international fran\u00e7ais va donc devoir s'imposer.<\/p>\n<div class='share-to-whatsapp-wrapper'><div class='share-on-whsp'>PARTAGER SUR : <\/div><a data-text='MERCATO - Camavinga est Madril\u00e8ne !' data-link='https:\/\/www.nettali.com\/2021\/08\/31\/mercato-camavinga-est-madrilene\/' class='whatsapp-button whatsapp-share'>WhatsApp<\/a><div class='clear '><\/div><\/div>","protected":false},"excerpt":{"rendered":"<p>\u00a0NETTALI.COM - L'international fran\u00e7ais Eduardo Camavinga quitte officiellement son club formateur, le Stade Rennais, pour prendre la direction du Real Madrid. Le milieu de terrain de 18 ans a sign\u00e9 ce mardi un contrat de 6 ans contre une somme qui tournerait autour des 40-45 millions d'euros, bonus inclus. Eduardo Camavinga change de dimension. Le [&hellip;]<\/p>\n","protected":false},"author":5,"featured_media":70881,"comment_status":"open","ping_status":"open","sticky":false,"template":"","format":"standard","meta":{"_et_pb_use_builder":"","_et_pb_old_content":""},"categories":[6],"tags":[],"yoast_head":"<!-- This site is optimized with the Yoast SEO Premium plugin v17.8 (Yoast SEO v17.8) - https:\/\/yoast.com\/wordpress\/plugins\/seo\/ -->\n<title>MERCATO - Camavinga est Madril\u00e8ne ! | Nettali.com<\/title>\n<meta name=\"robots\" content=\"index, follow, max-snippet:-1, max-image-preview:large, max-video-preview:-1\" \/>\n<link rel=\"canonical\" href=\"https:\/\/www.nettali.com\/2021\/08\/31\/mercato-camavinga-est-madrilene\/\" \/>\n<meta property=\"og:locale\" content=\"fr_FR\" \/>\n<meta property=\"og:type\" content=\"article\" \/>\n<meta property=\"og:title\" content=\"MERCATO - Camavinga est Madril\u00e8ne !\" \/>\n<meta property=\"og:description\" content=\"\u00a0NETTALI.COM - L&#039;international fran\u00e7ais Eduardo Camavinga quitte officiellement son club formateur, le Stade Rennais, pour prendre la direction du Real Madrid. Le milieu de terrain de 18 ans a sign\u00e9 ce mardi un contrat de 6 ans contre une somme qui tournerait autour des 40-45 millions d&#039;euros, bonus inclus. Eduardo Camavinga change de dimension. Le [&hellip;]\" \/>\n<meta property=\"og:url\" content=\"https:\/\/www.nettali.com\/2021\/08\/31\/mercato-camavinga-est-madrilene\/\" \/>\n<meta property=\"og:site_name\" content=\"Nettali.com\" \/>\n<meta property=\"article:publisher\" content=\"https:\/\/www.facebook.com\/nettalicom\" \/>\n<meta property=\"article:published_time\" content=\"2021-08-31T17:33:07+00:00\" \/>\n<meta property=\"og:image\" content=\"https:\/\/www.nettali.com\/wp-content\/uploads\/2021\/08\/3210585-65766968-2560-1440.jpg\" \/>\n\t<meta property=\"og:image:width\" content=\"1200\" \/>\n\t<meta property=\"og:image:height\" content=\"675\" \/>\n<meta name=\"twitter:card\" content=\"summary_large_image\" \/>\n<meta name=\"twitter:label1\" content=\"\u00c9crit par\" \/>\n\t<meta name=\"twitter:data1\" content=\"Ibrahima\" \/>\n\t<meta name=\"twitter:label2\" content=\"Dur\u00e9e de lecture estim\u00e9e\" \/>\n\t<meta name=\"twitter:data2\" content=\"2 minutes\" \/>\n<script type=\"application\/ld+json\" class=\"yoast-schema-graph\">{\"@context\":\"https:\/\/schema.org\",\"@graph\":[{\"@type\":\"WebSite\",\"@id\":\"https:\/\/www.nettali.com\/#website\",\"url\":\"https:\/\/www.nettali.com\/\",\"name\":\"Nettali.com\",\"description\":\"Le rendez-vous critique du Net\",\"potentialAction\":[{\"@type\":\"SearchAction\",\"target\":{\"@type\":\"EntryPoint\",\"urlTemplate\":\"https:\/\/www.nettali.com\/?s={search_term_string}\"},\"query-input\":\"required name=search_term_string\"}],\"inLanguage\":\"fr-FR\"},{\"@type\":\"ImageObject\",\"@id\":\"https:\/\/www.nettali.com\/2021\/08\/31\/mercato-camavinga-est-madrilene\/#primaryimage\",\"inLanguage\":\"fr-FR\",\"url\":\"https:\/\/www.nettali.com\/wp-content\/uploads\/2021\/08\/3210585-65766968-2560-1440.jpg\",\"contentUrl\":\"https:\/\/www.nettali.com\/wp-content\/uploads\/2021\/08\/3210585-65766968-2560-1440.jpg\",\"width\":1200,\"height\":675},{\"@type\":\"WebPage\",\"@id\":\"https:\/\/www.nettali.com\/2021\/08\/31\/mercato-camavinga-est-madrilene\/#webpage\",\"url\":\"https:\/\/www.nettali.com\/2021\/08\/31\/mercato-camavinga-est-madrilene\/\",\"name\":\"MERCATO - Camavinga est Madril\\u00e8ne ! | Nettali.com\",\"isPartOf\":{\"@id\":\"https:\/\/www.nettali.com\/#website\"},\"primaryImageOfPage\":{\"@id\":\"https:\/\/www.nettali.com\/2021\/08\/31\/mercato-camavinga-est-madrilene\/#primaryimage\"},\"datePublished\":\"2021-08-31T17:33:07+00:00\",\"dateModified\":\"2021-08-31T17:33:07+00:00\",\"author\":{\"@id\":\"https:\/\/www.nettali.com\/#\/schema\/person\/bb147657c2986240405a608162b9bb23\"},\"breadcrumb\":{\"@id\":\"https:\/\/www.nettali.com\/2021\/08\/31\/mercato-camavinga-est-madrilene\/#breadcrumb\"},\"inLanguage\":\"fr-FR\",\"potentialAction\":[{\"@type\":\"ReadAction\",\"target\":[\"https:\/\/www.nettali.com\/2021\/08\/31\/mercato-camavinga-est-madrilene\/\"]}]},{\"@type\":\"BreadcrumbList\",\"@id\":\"https:\/\/www.nettali.com\/2021\/08\/31\/mercato-camavinga-est-madrilene\/#breadcrumb\",\"itemListElement\":[{\"@type\":\"ListItem\",\"position\":1,\"name\":\"Accueil\",\"item\":\"https:\/\/www.nettali.com\/\"},{\"@type\":\"ListItem\",\"position\":2,\"name\":\"MERCATO &#8211; Camavinga est Madril\\u00e8ne !\"}]},{\"@type\":\"Person\",\"@id\":\"https:\/\/www.nettali.com\/#\/schema\/person\/bb147657c2986240405a608162b9bb23\",\"name\":\"Ibrahima\",\"image\":{\"@type\":\"ImageObject\",\"@id\":\"https:\/\/www.nettali.com\/#personlogo\",\"inLanguage\":\"fr-FR\",\"url\":\"https:\/\/secure.gravatar.com\/avatar\/26a8a81f09f0dd7624c9d5c36c9ba3a2?s=96&d=mm&r=g\",\"contentUrl\":\"https:\/\/secure.gravatar.com\/avatar\/26a8a81f09f0dd7624c9d5c36c9ba3a2?s=96&d=mm&r=g\",\"caption\":\"Ibrahima\"},\"sameAs\":[\"https:\/\/www.nettali.com\"]}]}<\/script>\n<!-- \/ Yoast SEO Premium plugin. -->","yoast_head_json":{"title":"MERCATO - Camavinga est Madril\u00e8ne ! | Nettali.com","robots":{"index":"index","follow":"follow","max-snippet":"max-snippet:-1","max-image-preview":"max-image-preview:large","max-video-preview":"max-video-preview:-1"},"canonical":"https:\/\/www.nettali.com\/2021\/08\/31\/mercato-camavinga-est-madrilene\/","og_locale":"fr_FR","og_type":"article","og_title":"MERCATO - Camavinga est Madril\u00e8ne !","og_description":"\u00a0NETTALI.COM - L'international fran\u00e7ais Eduardo Camavinga quitte officiellement son club formateur, le Stade Rennais, pour prendre la direction du Real Madrid. Le milieu de terrain de 18 ans a sign\u00e9 ce mardi un contrat de 6 ans contre une somme qui tournerait autour des 40-45 millions d'euros, bonus inclus. Eduardo Camavinga change de dimension. Le [&hellip;]","og_url":"https:\/\/www.nettali.com\/2021\/08\/31\/mercato-camavinga-est-madrilene\/","og_site_name":"Nettali.com","article_publisher":"https:\/\/www.facebook.com\/nettalicom","article_published_time":"2021-08-31T17:33:07+00:00","og_image":[{"width":1200,"height":675,"url":"https:\/\/www.nettali.com\/wp-content\/uploads\/2021\/08\/3210585-65766968-2560-1440.jpg","type":"image\/jpeg"}],"twitter_card":"summary_large_image","twitter_misc":{"\u00c9crit par":"Ibrahima","Dur\u00e9e de lecture estim\u00e9e":"2 minutes"},"schema":{"@context":"https:\/\/schema.org","@graph":[{"@type":"WebSite","@id":"https:\/\/www.nettali.com\/#website","url":"https:\/\/www.nettali.com\/","name":"Nettali.com","description":"Le rendez-vous critique du Net","potentialAction":[{"@type":"SearchAction","target":{"@type":"EntryPoint","urlTemplate":"https:\/\/www.nettali.com\/?s={search_term_string}"},"query-input":"required name=search_term_string"}],"inLanguage":"fr-FR"},{"@type":"ImageObject","@id":"https:\/\/www.nettali.com\/2021\/08\/31\/mercato-camavinga-est-madrilene\/#primaryimage","inLanguage":"fr-FR","url":"https:\/\/www.nettali.com\/wp-content\/uploads\/2021\/08\/3210585-65766968-2560-1440.jpg","contentUrl":"https:\/\/www.nettali.com\/wp-content\/uploads\/2021\/08\/3210585-65766968-2560-1440.jpg","width":1200,"height":675},{"@type":"WebPage","@id":"https:\/\/www.nettali.com\/2021\/08\/31\/mercato-camavinga-est-madrilene\/#webpage","url":"https:\/\/www.nettali.com\/2021\/08\/31\/mercato-camavinga-est-madrilene\/","name":"MERCATO - Camavinga est Madril\u00e8ne ! | Nettali.com","isPartOf":{"@id":"https:\/\/www.nettali.com\/#website"},"primaryImageOfPage":{"@id":"https:\/\/www.nettali.com\/2021\/08\/31\/mercato-camavinga-est-madrilene\/#primaryimage"},"datePublished":"2021-08-31T17:33:07+00:00","dateModified":"2021-08-31T17:33:07+00:00","author":{"@id":"https:\/\/www.nettali.com\/#\/schema\/person\/bb147657c2986240405a608162b9bb23"},"breadcrumb":{"@id":"https:\/\/www.nettali.com\/2021\/08\/31\/mercato-camavinga-est-madrilene\/#breadcrumb"},"inLanguage":"fr-FR","potentialAction":[{"@type":"ReadAction","target":["https:\/\/www.nettali.com\/2021\/08\/31\/mercato-camavinga-est-madrilene\/"]}]},{"@type":"BreadcrumbList","@id":"https:\/\/www.nettali.com\/2021\/08\/31\/mercato-camavinga-est-madrilene\/#breadcrumb","itemListElement":[{"@type":"ListItem","position":1,"name":"Accueil","item":"https:\/\/www.nettali.com\/"},{"@type":"ListItem","position":2,"name":"MERCATO &#8211; Camavinga est Madril\u00e8ne !"}]},{"@type":"Person","@id":"https:\/\/www.nettali.com\/#\/schema\/person\/bb147657c2986240405a608162b9bb23","name":"Ibrahima","image":{"@type":"ImageObject","@id":"https:\/\/www.nettali.com\/#personlogo","inLanguage":"fr-FR","url":"https:\/\/secure.gravatar.com\/avatar\/26a8a81f09f0dd7624c9d5c36c9ba3a2?s=96&d=mm&r=g","contentUrl":"https:\/\/secure.gravatar.com\/avatar\/26a8a81f09f0dd7624c9d5c36c9ba3a2?s=96&d=mm&r=g","caption":"Ibrahima"},"sameAs":["https:\/\/www.nettali.com"]}]}},"_links":{"self":[{"href":"https:\/\/www.nettali.com\/rest\/wp\/v2\/posts\/70880"}],"collection":[{"href":"https:\/\/www.nettali.com\/rest\/wp\/v2\/posts"}],"about":[{"href":"https:\/\/www.nettali.com\/rest\/wp\/v2\/types\/post"}],"author":[{"embeddable":true,"href":"https:\/\/www.nettali.com\/rest\/wp\/v2\/users\/5"}],"replies":[{"embeddable":true,"href":"https:\/\/www.nettali.com\/rest\/wp\/v2\/comments?post=70880"}],"version-history":[{"count":3,"href":"https:\/\/www.nettali.com\/rest\/wp\/v2\/posts\/70880\/revisions"}],"predecessor-version":[{"id":70885,"href":"https:\/\/www.nettali.com\/rest\/wp\/v2\/posts\/70880\/revisions\/70885"}],"wp:featuredmedia":[{"embeddable":true,"href":"https:\/\/www.nettali.com\/rest\/wp\/v2\/media\/70881"}],"wp:attachment":[{"href":"https:\/\/www.nettali.com\/rest\/wp\/v2\/media?parent=70880"}],"wp:term":[{"taxonomy":"category","embeddable":true,"href":"https:\/\/www.nettali.com\/rest\/wp\/v2\/categories?post=70880"},{"taxonomy":"post_tag","embeddable":true,"href":"https:\/\/www.nettali.com\/rest\/wp\/v2\/tags?post=70880"}],"curies":[{"name":"wp","href":"https:\/\/api.w.org\/{rel}","templated":true}]}}