{"id":70867,"date":"2021-08-31T14:17:30","date_gmt":"2021-08-31T14:17:30","guid":{"rendered":"https:\/\/www.nettali.com\/?p=70867"},"modified":"2021-08-31T16:47:27","modified_gmt":"2021-08-31T16:47:27","slug":"me-cire-cledor-ly-pourquoi-dieyna-est-detenue-au-pavillon-special-de-lhopital-le-dantec","status":"publish","type":"post","link":"https:\/\/www.nettali.com\/2021\/08\/31\/me-cire-cledor-ly-pourquoi-dieyna-est-detenue-au-pavillon-special-de-lhopital-le-dantec\/","title":{"rendered":"Me CIRE CLEDOR LY - \"Pourquoi Dieyna est d\u00e9tenue au pavillon sp\u00e9cial\""},"content":{"rendered":"<p><strong>NETTALI.COM - Des rumeurs circulent sur une suppos\u00e9e maladie de la chanteuse Dieyna Bald\u00e9 depuis que certains ont appris qu'elle est d\u00e9tenue, non pas \u00e0 la Maison d'arr\u00eat pour femmes de Libert\u00e9 6, mais au pavillon sp\u00e9cial de l'h\u00f4pital Le Dantec, un compartiment de l'administration p\u00e9nitentiaire destin\u00e9, en principe, aux d\u00e9tenus malades. Son avocat, Me Cir\u00e9 Cl\u00e9dor Ly, apporte des pr\u00e9cision.<\/strong><\/p>\n<p>\"<em>Certains disent que c\u2019est \u00e0 cause de la Covid que Dieyna est au pavillon sp\u00e9cial, mais ils n'ont rien compris. Ce n\u2019est pas exact. Elle n\u2019a rien et que Dieu la pr\u00e9serve de la Covid. Elle y est parce que pour les 15 premiers jours, les d\u00e9tenus femmes\u00a0 sont amen\u00e9es au pavillon sp\u00e9cial. Les hommes sont achemin\u00e9s au Cap manuel, ou \u00e0 S\u00e9bikhotane. C\u2019est l\u2019organisation mise en place par l'administration p\u00e9nitentiaire contre la Covid<\/em>\", explique l'avocat.<\/p>\n<p>Selon lui, sa cliente n'a rien fait. \"<em>C\u2019est la police qui avait charg\u00e9 le dossier, mais il est vide. Ce sont deux personnes qui sont li\u00e9es par des sentiments et l\u2019une d\u2019entre elles, prise par la jalousie, a cass\u00e9 le t\u00e9l\u00e9phone portable de l\u2019autre. Le reste ne tient pas la route. Nous, nous estimons que notre cliente doit \u00eatre poursuivie pour ce qu\u2019elle a fait. Et si elle est poursuivie pour ce qu\u2019elle a fait, elle ne doit pas pouvoir \u00eatre condamn\u00e9e. C\u2019est pourquoi le tribunal a mis l\u2019affaire en d\u00e9lib\u00e9r\u00e9 pour y voir plus clair<\/em>\", croit-il savoir.<\/p>\n<div class='share-to-whatsapp-wrapper'><div class='share-on-whsp'>PARTAGER SUR : <\/div><a data-text='Me CIRE CLEDOR LY - \"Pourquoi Dieyna est d\u00e9tenue au pavillon sp\u00e9cial\"' data-link='https:\/\/www.nettali.com\/2021\/08\/31\/me-cire-cledor-ly-pourquoi-dieyna-est-detenue-au-pavillon-special-de-lhopital-le-dantec\/' class='whatsapp-button whatsapp-share'>WhatsApp<\/a><div class='clear '><\/div><\/div>","protected":false},"excerpt":{"rendered":"<p>NETTALI.COM - Des rumeurs circulent sur une suppos\u00e9e maladie de la chanteuse Dieyna Bald\u00e9 depuis que certains ont appris qu'elle est d\u00e9tenue, non pas \u00e0 la Maison d'arr\u00eat pour femmes de Libert\u00e9 6, mais au pavillon sp\u00e9cial de l'h\u00f4pital Le Dantec, un compartiment de l'administration p\u00e9nitentiaire destin\u00e9, en principe, aux d\u00e9tenus malades. Son avocat, Me [&hellip;]<\/p>\n","protected":false},"author":4,"featured_media":39842,"comment_status":"open","ping_status":"open","sticky":false,"template":"","format":"standard","meta":{"_et_pb_use_builder":"","_et_pb_old_content":""},"categories":[3],"tags":[],"yoast_head":"<!-- This site is optimized with the Yoast SEO Premium plugin v17.8 (Yoast SEO v17.8) - https:\/\/yoast.com\/wordpress\/plugins\/seo\/ -->\n<title>Me CIRE CLEDOR LY - &quot;Pourquoi Dieyna est d\u00e9tenue au pavillon sp\u00e9cial&quot; | Nettali.com<\/title>\n<meta name=\"robots\" content=\"index, follow, max-snippet:-1, max-image-preview:large, max-video-preview:-1\" \/>\n<link rel=\"canonical\" href=\"https:\/\/www.nettali.com\/2021\/08\/31\/me-cire-cledor-ly-pourquoi-dieyna-est-detenue-au-pavillon-special-de-lhopital-le-dantec\/\" \/>\n<meta property=\"og:locale\" content=\"fr_FR\" \/>\n<meta property=\"og:type\" content=\"article\" \/>\n<meta property=\"og:title\" content=\"Me CIRE CLEDOR LY - &quot;Pourquoi Dieyna est d\u00e9tenue au pavillon sp\u00e9cial&quot;\" \/>\n<meta property=\"og:description\" content=\"NETTALI.COM - Des rumeurs circulent sur une suppos\u00e9e maladie de la chanteuse Dieyna Bald\u00e9 depuis que certains ont appris qu&#039;elle est d\u00e9tenue, non pas \u00e0 la Maison d&#039;arr\u00eat pour femmes de Libert\u00e9 6, mais au pavillon sp\u00e9cial de l&#039;h\u00f4pital Le Dantec, un compartiment de l&#039;administration p\u00e9nitentiaire destin\u00e9, en principe, aux d\u00e9tenus malades. Son avocat, Me [&hellip;]\" \/>\n<meta property=\"og:url\" content=\"https:\/\/www.nettali.com\/2021\/08\/31\/me-cire-cledor-ly-pourquoi-dieyna-est-detenue-au-pavillon-special-de-lhopital-le-dantec\/\" \/>\n<meta property=\"og:site_name\" content=\"Nettali.com\" \/>\n<meta property=\"article:publisher\" content=\"https:\/\/www.facebook.com\/nettalicom\" \/>\n<meta property=\"article:published_time\" content=\"2021-08-31T14:17:30+00:00\" \/>\n<meta property=\"article:modified_time\" content=\"2021-08-31T16:47:27+00:00\" \/>\n<meta property=\"og:image\" content=\"https:\/\/www.nettali.com\/wp-content\/uploads\/2020\/06\/CIRE-CLEDOR-e1594252709683.jpg\" \/>\n\t<meta property=\"og:image:width\" content=\"709\" \/>\n\t<meta property=\"og:image:height\" content=\"395\" \/>\n<meta name=\"twitter:card\" content=\"summary_large_image\" \/>\n<meta name=\"twitter:label1\" content=\"\u00c9crit par\" \/>\n\t<meta name=\"twitter:data1\" content=\"Daouda\" \/>\n\t<meta name=\"twitter:label2\" content=\"Dur\u00e9e de lecture estim\u00e9e\" \/>\n\t<meta name=\"twitter:data2\" content=\"2 minutes\" \/>\n<script type=\"application\/ld+json\" class=\"yoast-schema-graph\">{\"@context\":\"https:\/\/schema.org\",\"@graph\":[{\"@type\":\"WebSite\",\"@id\":\"https:\/\/www.nettali.com\/#website\",\"url\":\"https:\/\/www.nettali.com\/\",\"name\":\"Nettali.com\",\"description\":\"Le rendez-vous critique du Net\",\"potentialAction\":[{\"@type\":\"SearchAction\",\"target\":{\"@type\":\"EntryPoint\",\"urlTemplate\":\"https:\/\/www.nettali.com\/?s={search_term_string}\"},\"query-input\":\"required name=search_term_string\"}],\"inLanguage\":\"fr-FR\"},{\"@type\":\"ImageObject\",\"@id\":\"https:\/\/www.nettali.com\/2021\/08\/31\/me-cire-cledor-ly-pourquoi-dieyna-est-detenue-au-pavillon-special-de-lhopital-le-dantec\/#primaryimage\",\"inLanguage\":\"fr-FR\",\"url\":\"https:\/\/www.nettali.com\/wp-content\/uploads\/2020\/06\/CIRE-CLEDOR-e1594252709683.jpg\",\"contentUrl\":\"https:\/\/www.nettali.com\/wp-content\/uploads\/2020\/06\/CIRE-CLEDOR-e1594252709683.jpg\",\"width\":709,\"height\":395},{\"@type\":\"WebPage\",\"@id\":\"https:\/\/www.nettali.com\/2021\/08\/31\/me-cire-cledor-ly-pourquoi-dieyna-est-detenue-au-pavillon-special-de-lhopital-le-dantec\/#webpage\",\"url\":\"https:\/\/www.nettali.com\/2021\/08\/31\/me-cire-cledor-ly-pourquoi-dieyna-est-detenue-au-pavillon-special-de-lhopital-le-dantec\/\",\"name\":\"Me CIRE CLEDOR LY - \\\"Pourquoi Dieyna est d\\u00e9tenue au pavillon sp\\u00e9cial\\\" | Nettali.com\",\"isPartOf\":{\"@id\":\"https:\/\/www.nettali.com\/#website\"},\"primaryImageOfPage\":{\"@id\":\"https:\/\/www.nettali.com\/2021\/08\/31\/me-cire-cledor-ly-pourquoi-dieyna-est-detenue-au-pavillon-special-de-lhopital-le-dantec\/#primaryimage\"},\"datePublished\":\"2021-08-31T14:17:30+00:00\",\"dateModified\":\"2021-08-31T16:47:27+00:00\",\"author\":{\"@id\":\"https:\/\/www.nettali.com\/#\/schema\/person\/3317e0bb3aa1da309fbf7b2780901bf4\"},\"breadcrumb\":{\"@id\":\"https:\/\/www.nettali.com\/2021\/08\/31\/me-cire-cledor-ly-pourquoi-dieyna-est-detenue-au-pavillon-special-de-lhopital-le-dantec\/#breadcrumb\"},\"inLanguage\":\"fr-FR\",\"potentialAction\":[{\"@type\":\"ReadAction\",\"target\":[\"https:\/\/www.nettali.com\/2021\/08\/31\/me-cire-cledor-ly-pourquoi-dieyna-est-detenue-au-pavillon-special-de-lhopital-le-dantec\/\"]}]},{\"@type\":\"BreadcrumbList\",\"@id\":\"https:\/\/www.nettali.com\/2021\/08\/31\/me-cire-cledor-ly-pourquoi-dieyna-est-detenue-au-pavillon-special-de-lhopital-le-dantec\/#breadcrumb\",\"itemListElement\":[{\"@type\":\"ListItem\",\"position\":1,\"name\":\"Accueil\",\"item\":\"https:\/\/www.nettali.com\/\"},{\"@type\":\"ListItem\",\"position\":2,\"name\":\"Me CIRE CLEDOR LY &#8211; \\u00ab\\u00a0Pourquoi Dieyna est d\\u00e9tenue au pavillon sp\\u00e9cial\\u00a0\\u00bb\"}]},{\"@type\":\"Person\",\"@id\":\"https:\/\/www.nettali.com\/#\/schema\/person\/3317e0bb3aa1da309fbf7b2780901bf4\",\"name\":\"Daouda\",\"image\":{\"@type\":\"ImageObject\",\"@id\":\"https:\/\/www.nettali.com\/#personlogo\",\"inLanguage\":\"fr-FR\",\"url\":\"https:\/\/secure.gravatar.com\/avatar\/8d143b5a49345098ddcfee1c49c2f47c?s=96&d=mm&r=g\",\"contentUrl\":\"https:\/\/secure.gravatar.com\/avatar\/8d143b5a49345098ddcfee1c49c2f47c?s=96&d=mm&r=g\",\"caption\":\"Daouda\"},\"sameAs\":[\"https:\/\/www.nettali.com\"]}]}<\/script>\n<!-- \/ Yoast SEO Premium plugin. -->","yoast_head_json":{"title":"Me CIRE CLEDOR LY - \"Pourquoi Dieyna est d\u00e9tenue au pavillon sp\u00e9cial\" | Nettali.com","robots":{"index":"index","follow":"follow","max-snippet":"max-snippet:-1","max-image-preview":"max-image-preview:large","max-video-preview":"max-video-preview:-1"},"canonical":"https:\/\/www.nettali.com\/2021\/08\/31\/me-cire-cledor-ly-pourquoi-dieyna-est-detenue-au-pavillon-special-de-lhopital-le-dantec\/","og_locale":"fr_FR","og_type":"article","og_title":"Me CIRE CLEDOR LY - \"Pourquoi Dieyna est d\u00e9tenue au pavillon sp\u00e9cial\"","og_description":"NETTALI.COM - Des rumeurs circulent sur une suppos\u00e9e maladie de la chanteuse Dieyna Bald\u00e9 depuis que certains ont appris qu'elle est d\u00e9tenue, non pas \u00e0 la Maison d'arr\u00eat pour femmes de Libert\u00e9 6, mais au pavillon sp\u00e9cial de l'h\u00f4pital Le Dantec, un compartiment de l'administration p\u00e9nitentiaire destin\u00e9, en principe, aux d\u00e9tenus malades. Son avocat, Me [&hellip;]","og_url":"https:\/\/www.nettali.com\/2021\/08\/31\/me-cire-cledor-ly-pourquoi-dieyna-est-detenue-au-pavillon-special-de-lhopital-le-dantec\/","og_site_name":"Nettali.com","article_publisher":"https:\/\/www.facebook.com\/nettalicom","article_published_time":"2021-08-31T14:17:30+00:00","article_modified_time":"2021-08-31T16:47:27+00:00","og_image":[{"width":709,"height":395,"url":"https:\/\/www.nettali.com\/wp-content\/uploads\/2020\/06\/CIRE-CLEDOR-e1594252709683.jpg","type":"image\/jpeg"}],"twitter_card":"summary_large_image","twitter_misc":{"\u00c9crit par":"Daouda","Dur\u00e9e de lecture estim\u00e9e":"2 minutes"},"schema":{"@context":"https:\/\/schema.org","@graph":[{"@type":"WebSite","@id":"https:\/\/www.nettali.com\/#website","url":"https:\/\/www.nettali.com\/","name":"Nettali.com","description":"Le rendez-vous critique du Net","potentialAction":[{"@type":"SearchAction","target":{"@type":"EntryPoint","urlTemplate":"https:\/\/www.nettali.com\/?s={search_term_string}"},"query-input":"required name=search_term_string"}],"inLanguage":"fr-FR"},{"@type":"ImageObject","@id":"https:\/\/www.nettali.com\/2021\/08\/31\/me-cire-cledor-ly-pourquoi-dieyna-est-detenue-au-pavillon-special-de-lhopital-le-dantec\/#primaryimage","inLanguage":"fr-FR","url":"https:\/\/www.nettali.com\/wp-content\/uploads\/2020\/06\/CIRE-CLEDOR-e1594252709683.jpg","contentUrl":"https:\/\/www.nettali.com\/wp-content\/uploads\/2020\/06\/CIRE-CLEDOR-e1594252709683.jpg","width":709,"height":395},{"@type":"WebPage","@id":"https:\/\/www.nettali.com\/2021\/08\/31\/me-cire-cledor-ly-pourquoi-dieyna-est-detenue-au-pavillon-special-de-lhopital-le-dantec\/#webpage","url":"https:\/\/www.nettali.com\/2021\/08\/31\/me-cire-cledor-ly-pourquoi-dieyna-est-detenue-au-pavillon-special-de-lhopital-le-dantec\/","name":"Me CIRE CLEDOR LY - \"Pourquoi Dieyna est d\u00e9tenue au pavillon sp\u00e9cial\" | Nettali.com","isPartOf":{"@id":"https:\/\/www.nettali.com\/#website"},"primaryImageOfPage":{"@id":"https:\/\/www.nettali.com\/2021\/08\/31\/me-cire-cledor-ly-pourquoi-dieyna-est-detenue-au-pavillon-special-de-lhopital-le-dantec\/#primaryimage"},"datePublished":"2021-08-31T14:17:30+00:00","dateModified":"2021-08-31T16:47:27+00:00","author":{"@id":"https:\/\/www.nettali.com\/#\/schema\/person\/3317e0bb3aa1da309fbf7b2780901bf4"},"breadcrumb":{"@id":"https:\/\/www.nettali.com\/2021\/08\/31\/me-cire-cledor-ly-pourquoi-dieyna-est-detenue-au-pavillon-special-de-lhopital-le-dantec\/#breadcrumb"},"inLanguage":"fr-FR","potentialAction":[{"@type":"ReadAction","target":["https:\/\/www.nettali.com\/2021\/08\/31\/me-cire-cledor-ly-pourquoi-dieyna-est-detenue-au-pavillon-special-de-lhopital-le-dantec\/"]}]},{"@type":"BreadcrumbList","@id":"https:\/\/www.nettali.com\/2021\/08\/31\/me-cire-cledor-ly-pourquoi-dieyna-est-detenue-au-pavillon-special-de-lhopital-le-dantec\/#breadcrumb","itemListElement":[{"@type":"ListItem","position":1,"name":"Accueil","item":"https:\/\/www.nettali.com\/"},{"@type":"ListItem","position":2,"name":"Me CIRE CLEDOR LY &#8211; \u00ab\u00a0Pourquoi Dieyna est d\u00e9tenue au pavillon sp\u00e9cial\u00a0\u00bb"}]},{"@type":"Person","@id":"https:\/\/www.nettali.com\/#\/schema\/person\/3317e0bb3aa1da309fbf7b2780901bf4","name":"Daouda","image":{"@type":"ImageObject","@id":"https:\/\/www.nettali.com\/#personlogo","inLanguage":"fr-FR","url":"https:\/\/secure.gravatar.com\/avatar\/8d143b5a49345098ddcfee1c49c2f47c?s=96&d=mm&r=g","contentUrl":"https:\/\/secure.gravatar.com\/avatar\/8d143b5a49345098ddcfee1c49c2f47c?s=96&d=mm&r=g","caption":"Daouda"},"sameAs":["https:\/\/www.nettali.com"]}]}},"_links":{"self":[{"href":"https:\/\/www.nettali.com\/rest\/wp\/v2\/posts\/70867"}],"collection":[{"href":"https:\/\/www.nettali.com\/rest\/wp\/v2\/posts"}],"about":[{"href":"https:\/\/www.nettali.com\/rest\/wp\/v2\/types\/post"}],"author":[{"embeddable":true,"href":"https:\/\/www.nettali.com\/rest\/wp\/v2\/users\/4"}],"replies":[{"embeddable":true,"href":"https:\/\/www.nettali.com\/rest\/wp\/v2\/comments?post=70867"}],"version-history":[{"count":3,"href":"https:\/\/www.nettali.com\/rest\/wp\/v2\/posts\/70867\/revisions"}],"predecessor-version":[{"id":70874,"href":"https:\/\/www.nettali.com\/rest\/wp\/v2\/posts\/70867\/revisions\/70874"}],"wp:featuredmedia":[{"embeddable":true,"href":"https:\/\/www.nettali.com\/rest\/wp\/v2\/media\/39842"}],"wp:attachment":[{"href":"https:\/\/www.nettali.com\/rest\/wp\/v2\/media?parent=70867"}],"wp:term":[{"taxonomy":"category","embeddable":true,"href":"https:\/\/www.nettali.com\/rest\/wp\/v2\/categories?post=70867"},{"taxonomy":"post_tag","embeddable":true,"href":"https:\/\/www.nettali.com\/rest\/wp\/v2\/tags?post=70867"}],"curies":[{"name":"wp","href":"https:\/\/api.w.org\/{rel}","templated":true}]}}