{"id":70851,"date":"2021-08-31T09:36:46","date_gmt":"2021-08-31T09:36:46","guid":{"rendered":"https:\/\/www.nettali.com\/?p=70851"},"modified":"2021-08-31T09:36:46","modified_gmt":"2021-08-31T09:36:46","slug":"lendemains-dincendie-le-building-administratif-mamadou-dia-ferme-pour-au-moins-un-mois","status":"publish","type":"post","link":"https:\/\/www.nettali.com\/2021\/08\/31\/lendemains-dincendie-le-building-administratif-mamadou-dia-ferme-pour-au-moins-un-mois\/","title":{"rendered":"LENDEMAINS D\u2019INCENDIE - Le Building administratif Mamadou Dia ferm\u00e9 pour au moins un mois"},"content":{"rendered":"<p><strong>NETTALI.COM \u2013 Au lendemain de l\u2019incendie qui s\u2019est d\u00e9clar\u00e9 dans l\u2019imposant immeuble, le Building administratif Mamadou Dia sera ferm\u00e9 pour au moins un mois.<\/strong><\/p>\n<p>Le Building administratif Mamadou Dia sera ferm\u00e9 pour au moins un mois. Cela, aux fins de faire tout le diagnostic n\u00e9cessaire suite \u00e0 l\u2019incendie d\u00e9clar\u00e9 dans ses locaux et qui a caus\u00e9 des perturbations dans le travail des services de certains minist\u00e8res log\u00e9s dans ce b\u00e2timent.<\/p>\n<p>\u00ab\u00a0Pour des raisons de s\u00e9curit\u00e9 cons\u00e9cutives \u00e0 l\u2019incendie survenu le 26 ao\u00fbt 2021, l\u2019acc\u00e8s au Building administratif Pr Mamadou Dia est d\u00e9conseill\u00e9 dans l\u2019imm\u00e9diat. En cons\u00e9quence, les bureaux seront ferm\u00e9s le lundi 30 ao\u00fbt 2021\u00a0\u00bb, a \u00e9crit dans une circulaire le Secr\u00e9taire g\u00e9n\u00e9ral du Gouvernement.<\/p>\n<p>En clair, c\u2019est l\u2019ensemble du circuit \u00e9lectrique du Building qui a \u00e9t\u00e9 isol\u00e9, le temps de regarder \u00e9tape par \u00e9tape les installations. Les niveaux, \u00e9tant interconnect\u00e9s depuis le 10e \u00e9tage o\u00f9 tout est centralis\u00e9, les d\u00e9g\u00e2ts risquent d\u2019\u00eatre \u00e9normes une fois le bilan tir\u00e9.<\/p>\n<p>Pour m\u00e9moire, c\u2019est la soci\u00e9t\u00e9 Dooke, charg\u00e9e de poser des points d\u2019ancrage au toit du b\u00e2timent, qui a caus\u00e9 l\u2019incendie, parti du 10e \u00e9tage, en soudant avec un chalumeau.<\/p>\n<div class='share-to-whatsapp-wrapper'><div class='share-on-whsp'>PARTAGER SUR : <\/div><a data-text='LENDEMAINS D\u2019INCENDIE - Le Building administratif Mamadou Dia ferm\u00e9 pour au moins un mois' data-link='https:\/\/www.nettali.com\/2021\/08\/31\/lendemains-dincendie-le-building-administratif-mamadou-dia-ferme-pour-au-moins-un-mois\/' class='whatsapp-button whatsapp-share'>WhatsApp<\/a><div class='clear '><\/div><\/div>","protected":false},"excerpt":{"rendered":"<p>NETTALI.COM \u2013 Au lendemain de l\u2019incendie qui s\u2019est d\u00e9clar\u00e9 dans l\u2019imposant immeuble, le Building administratif Mamadou Dia sera ferm\u00e9 pour au moins un mois. Le Building administratif Mamadou Dia sera ferm\u00e9 pour au moins un mois. Cela, aux fins de faire tout le diagnostic n\u00e9cessaire suite \u00e0 l\u2019incendie d\u00e9clar\u00e9 dans ses locaux et qui a [&hellip;]<\/p>\n","protected":false},"author":11,"featured_media":70852,"comment_status":"open","ping_status":"open","sticky":false,"template":"","format":"standard","meta":{"_et_pb_use_builder":"","_et_pb_old_content":""},"categories":[3],"tags":[],"yoast_head":"<!-- This site is optimized with the Yoast SEO Premium plugin v17.8 (Yoast SEO v17.8) - https:\/\/yoast.com\/wordpress\/plugins\/seo\/ -->\n<title>LENDEMAINS D\u2019INCENDIE - Le Building administratif Mamadou Dia ferm\u00e9 pour au moins un mois | Nettali.com<\/title>\n<meta name=\"robots\" content=\"index, follow, max-snippet:-1, max-image-preview:large, max-video-preview:-1\" \/>\n<link rel=\"canonical\" href=\"https:\/\/www.nettali.com\/2021\/08\/31\/lendemains-dincendie-le-building-administratif-mamadou-dia-ferme-pour-au-moins-un-mois\/\" \/>\n<meta property=\"og:locale\" content=\"fr_FR\" \/>\n<meta property=\"og:type\" content=\"article\" \/>\n<meta property=\"og:title\" content=\"LENDEMAINS D\u2019INCENDIE - Le Building administratif Mamadou Dia ferm\u00e9 pour au moins un mois\" \/>\n<meta property=\"og:description\" content=\"NETTALI.COM \u2013 Au lendemain de l\u2019incendie qui s\u2019est d\u00e9clar\u00e9 dans l\u2019imposant immeuble, le Building administratif Mamadou Dia sera ferm\u00e9 pour au moins un mois. Le Building administratif Mamadou Dia sera ferm\u00e9 pour au moins un mois. Cela, aux fins de faire tout le diagnostic n\u00e9cessaire suite \u00e0 l\u2019incendie d\u00e9clar\u00e9 dans ses locaux et qui a [&hellip;]\" \/>\n<meta property=\"og:url\" content=\"https:\/\/www.nettali.com\/2021\/08\/31\/lendemains-dincendie-le-building-administratif-mamadou-dia-ferme-pour-au-moins-un-mois\/\" \/>\n<meta property=\"og:site_name\" content=\"Nettali.com\" \/>\n<meta property=\"article:publisher\" content=\"https:\/\/www.facebook.com\/nettalicom\" \/>\n<meta property=\"article:published_time\" content=\"2021-08-31T09:36:46+00:00\" \/>\n<meta property=\"og:image\" content=\"https:\/\/www.nettali.com\/wp-content\/uploads\/2021\/08\/building.jpg\" \/>\n\t<meta property=\"og:image:width\" content=\"695\" \/>\n\t<meta property=\"og:image:height\" content=\"549\" \/>\n<meta name=\"twitter:card\" content=\"summary_large_image\" \/>\n<meta name=\"twitter:label1\" content=\"\u00c9crit par\" \/>\n\t<meta name=\"twitter:data1\" content=\"Thierno Diop\" \/>\n\t<meta name=\"twitter:label2\" content=\"Dur\u00e9e de lecture estim\u00e9e\" \/>\n\t<meta name=\"twitter:data2\" content=\"1 minute\" \/>\n<script type=\"application\/ld+json\" class=\"yoast-schema-graph\">{\"@context\":\"https:\/\/schema.org\",\"@graph\":[{\"@type\":\"WebSite\",\"@id\":\"https:\/\/www.nettali.com\/#website\",\"url\":\"https:\/\/www.nettali.com\/\",\"name\":\"Nettali.com\",\"description\":\"Le rendez-vous critique du Net\",\"potentialAction\":[{\"@type\":\"SearchAction\",\"target\":{\"@type\":\"EntryPoint\",\"urlTemplate\":\"https:\/\/www.nettali.com\/?s={search_term_string}\"},\"query-input\":\"required name=search_term_string\"}],\"inLanguage\":\"fr-FR\"},{\"@type\":\"ImageObject\",\"@id\":\"https:\/\/www.nettali.com\/2021\/08\/31\/lendemains-dincendie-le-building-administratif-mamadou-dia-ferme-pour-au-moins-un-mois\/#primaryimage\",\"inLanguage\":\"fr-FR\",\"url\":\"https:\/\/www.nettali.com\/wp-content\/uploads\/2021\/08\/building.jpg\",\"contentUrl\":\"https:\/\/www.nettali.com\/wp-content\/uploads\/2021\/08\/building.jpg\",\"width\":695,\"height\":549},{\"@type\":\"WebPage\",\"@id\":\"https:\/\/www.nettali.com\/2021\/08\/31\/lendemains-dincendie-le-building-administratif-mamadou-dia-ferme-pour-au-moins-un-mois\/#webpage\",\"url\":\"https:\/\/www.nettali.com\/2021\/08\/31\/lendemains-dincendie-le-building-administratif-mamadou-dia-ferme-pour-au-moins-un-mois\/\",\"name\":\"LENDEMAINS D\\u2019INCENDIE - Le Building administratif Mamadou Dia ferm\\u00e9 pour au moins un mois | Nettali.com\",\"isPartOf\":{\"@id\":\"https:\/\/www.nettali.com\/#website\"},\"primaryImageOfPage\":{\"@id\":\"https:\/\/www.nettali.com\/2021\/08\/31\/lendemains-dincendie-le-building-administratif-mamadou-dia-ferme-pour-au-moins-un-mois\/#primaryimage\"},\"datePublished\":\"2021-08-31T09:36:46+00:00\",\"dateModified\":\"2021-08-31T09:36:46+00:00\",\"author\":{\"@id\":\"https:\/\/www.nettali.com\/#\/schema\/person\/8a06c6bd7b19304cf4bf985862900b5b\"},\"breadcrumb\":{\"@id\":\"https:\/\/www.nettali.com\/2021\/08\/31\/lendemains-dincendie-le-building-administratif-mamadou-dia-ferme-pour-au-moins-un-mois\/#breadcrumb\"},\"inLanguage\":\"fr-FR\",\"potentialAction\":[{\"@type\":\"ReadAction\",\"target\":[\"https:\/\/www.nettali.com\/2021\/08\/31\/lendemains-dincendie-le-building-administratif-mamadou-dia-ferme-pour-au-moins-un-mois\/\"]}]},{\"@type\":\"BreadcrumbList\",\"@id\":\"https:\/\/www.nettali.com\/2021\/08\/31\/lendemains-dincendie-le-building-administratif-mamadou-dia-ferme-pour-au-moins-un-mois\/#breadcrumb\",\"itemListElement\":[{\"@type\":\"ListItem\",\"position\":1,\"name\":\"Accueil\",\"item\":\"https:\/\/www.nettali.com\/\"},{\"@type\":\"ListItem\",\"position\":2,\"name\":\"LENDEMAINS D\\u2019INCENDIE &#8211; Le Building administratif Mamadou Dia ferm\\u00e9 pour au moins un mois\"}]},{\"@type\":\"Person\",\"@id\":\"https:\/\/www.nettali.com\/#\/schema\/person\/8a06c6bd7b19304cf4bf985862900b5b\",\"name\":\"Thierno Diop\",\"image\":{\"@type\":\"ImageObject\",\"@id\":\"https:\/\/www.nettali.com\/#personlogo\",\"inLanguage\":\"fr-FR\",\"url\":\"https:\/\/secure.gravatar.com\/avatar\/c8ca58550c94fd2ac856d27391a6c866?s=96&d=mm&r=g\",\"contentUrl\":\"https:\/\/secure.gravatar.com\/avatar\/c8ca58550c94fd2ac856d27391a6c866?s=96&d=mm&r=g\",\"caption\":\"Thierno Diop\"},\"sameAs\":[\"https:\/\/nettali.com\"]}]}<\/script>\n<!-- \/ Yoast SEO Premium plugin. -->","yoast_head_json":{"title":"LENDEMAINS D\u2019INCENDIE - Le Building administratif Mamadou Dia ferm\u00e9 pour au moins un mois | Nettali.com","robots":{"index":"index","follow":"follow","max-snippet":"max-snippet:-1","max-image-preview":"max-image-preview:large","max-video-preview":"max-video-preview:-1"},"canonical":"https:\/\/www.nettali.com\/2021\/08\/31\/lendemains-dincendie-le-building-administratif-mamadou-dia-ferme-pour-au-moins-un-mois\/","og_locale":"fr_FR","og_type":"article","og_title":"LENDEMAINS D\u2019INCENDIE - Le Building administratif Mamadou Dia ferm\u00e9 pour au moins un mois","og_description":"NETTALI.COM \u2013 Au lendemain de l\u2019incendie qui s\u2019est d\u00e9clar\u00e9 dans l\u2019imposant immeuble, le Building administratif Mamadou Dia sera ferm\u00e9 pour au moins un mois. Le Building administratif Mamadou Dia sera ferm\u00e9 pour au moins un mois. Cela, aux fins de faire tout le diagnostic n\u00e9cessaire suite \u00e0 l\u2019incendie d\u00e9clar\u00e9 dans ses locaux et qui a [&hellip;]","og_url":"https:\/\/www.nettali.com\/2021\/08\/31\/lendemains-dincendie-le-building-administratif-mamadou-dia-ferme-pour-au-moins-un-mois\/","og_site_name":"Nettali.com","article_publisher":"https:\/\/www.facebook.com\/nettalicom","article_published_time":"2021-08-31T09:36:46+00:00","og_image":[{"width":695,"height":549,"url":"https:\/\/www.nettali.com\/wp-content\/uploads\/2021\/08\/building.jpg","type":"image\/jpeg"}],"twitter_card":"summary_large_image","twitter_misc":{"\u00c9crit par":"Thierno Diop","Dur\u00e9e de lecture estim\u00e9e":"1 minute"},"schema":{"@context":"https:\/\/schema.org","@graph":[{"@type":"WebSite","@id":"https:\/\/www.nettali.com\/#website","url":"https:\/\/www.nettali.com\/","name":"Nettali.com","description":"Le rendez-vous critique du Net","potentialAction":[{"@type":"SearchAction","target":{"@type":"EntryPoint","urlTemplate":"https:\/\/www.nettali.com\/?s={search_term_string}"},"query-input":"required name=search_term_string"}],"inLanguage":"fr-FR"},{"@type":"ImageObject","@id":"https:\/\/www.nettali.com\/2021\/08\/31\/lendemains-dincendie-le-building-administratif-mamadou-dia-ferme-pour-au-moins-un-mois\/#primaryimage","inLanguage":"fr-FR","url":"https:\/\/www.nettali.com\/wp-content\/uploads\/2021\/08\/building.jpg","contentUrl":"https:\/\/www.nettali.com\/wp-content\/uploads\/2021\/08\/building.jpg","width":695,"height":549},{"@type":"WebPage","@id":"https:\/\/www.nettali.com\/2021\/08\/31\/lendemains-dincendie-le-building-administratif-mamadou-dia-ferme-pour-au-moins-un-mois\/#webpage","url":"https:\/\/www.nettali.com\/2021\/08\/31\/lendemains-dincendie-le-building-administratif-mamadou-dia-ferme-pour-au-moins-un-mois\/","name":"LENDEMAINS D\u2019INCENDIE - Le Building administratif Mamadou Dia ferm\u00e9 pour au moins un mois | Nettali.com","isPartOf":{"@id":"https:\/\/www.nettali.com\/#website"},"primaryImageOfPage":{"@id":"https:\/\/www.nettali.com\/2021\/08\/31\/lendemains-dincendie-le-building-administratif-mamadou-dia-ferme-pour-au-moins-un-mois\/#primaryimage"},"datePublished":"2021-08-31T09:36:46+00:00","dateModified":"2021-08-31T09:36:46+00:00","author":{"@id":"https:\/\/www.nettali.com\/#\/schema\/person\/8a06c6bd7b19304cf4bf985862900b5b"},"breadcrumb":{"@id":"https:\/\/www.nettali.com\/2021\/08\/31\/lendemains-dincendie-le-building-administratif-mamadou-dia-ferme-pour-au-moins-un-mois\/#breadcrumb"},"inLanguage":"fr-FR","potentialAction":[{"@type":"ReadAction","target":["https:\/\/www.nettali.com\/2021\/08\/31\/lendemains-dincendie-le-building-administratif-mamadou-dia-ferme-pour-au-moins-un-mois\/"]}]},{"@type":"BreadcrumbList","@id":"https:\/\/www.nettali.com\/2021\/08\/31\/lendemains-dincendie-le-building-administratif-mamadou-dia-ferme-pour-au-moins-un-mois\/#breadcrumb","itemListElement":[{"@type":"ListItem","position":1,"name":"Accueil","item":"https:\/\/www.nettali.com\/"},{"@type":"ListItem","position":2,"name":"LENDEMAINS D\u2019INCENDIE &#8211; Le Building administratif Mamadou Dia ferm\u00e9 pour au moins un mois"}]},{"@type":"Person","@id":"https:\/\/www.nettali.com\/#\/schema\/person\/8a06c6bd7b19304cf4bf985862900b5b","name":"Thierno Diop","image":{"@type":"ImageObject","@id":"https:\/\/www.nettali.com\/#personlogo","inLanguage":"fr-FR","url":"https:\/\/secure.gravatar.com\/avatar\/c8ca58550c94fd2ac856d27391a6c866?s=96&d=mm&r=g","contentUrl":"https:\/\/secure.gravatar.com\/avatar\/c8ca58550c94fd2ac856d27391a6c866?s=96&d=mm&r=g","caption":"Thierno Diop"},"sameAs":["https:\/\/nettali.com"]}]}},"_links":{"self":[{"href":"https:\/\/www.nettali.com\/rest\/wp\/v2\/posts\/70851"}],"collection":[{"href":"https:\/\/www.nettali.com\/rest\/wp\/v2\/posts"}],"about":[{"href":"https:\/\/www.nettali.com\/rest\/wp\/v2\/types\/post"}],"author":[{"embeddable":true,"href":"https:\/\/www.nettali.com\/rest\/wp\/v2\/users\/11"}],"replies":[{"embeddable":true,"href":"https:\/\/www.nettali.com\/rest\/wp\/v2\/comments?post=70851"}],"version-history":[{"count":1,"href":"https:\/\/www.nettali.com\/rest\/wp\/v2\/posts\/70851\/revisions"}],"predecessor-version":[{"id":70853,"href":"https:\/\/www.nettali.com\/rest\/wp\/v2\/posts\/70851\/revisions\/70853"}],"wp:featuredmedia":[{"embeddable":true,"href":"https:\/\/www.nettali.com\/rest\/wp\/v2\/media\/70852"}],"wp:attachment":[{"href":"https:\/\/www.nettali.com\/rest\/wp\/v2\/media?parent=70851"}],"wp:term":[{"taxonomy":"category","embeddable":true,"href":"https:\/\/www.nettali.com\/rest\/wp\/v2\/categories?post=70851"},{"taxonomy":"post_tag","embeddable":true,"href":"https:\/\/www.nettali.com\/rest\/wp\/v2\/tags?post=70851"}],"curies":[{"name":"wp","href":"https:\/\/api.w.org\/{rel}","templated":true}]}}