{"id":70817,"date":"2021-08-30T18:00:36","date_gmt":"2021-08-30T18:00:36","guid":{"rendered":"https:\/\/www.nettali.com\/?p=70817"},"modified":"2021-08-31T07:03:41","modified_gmt":"2021-08-31T07:03:41","slug":"assainissement-le-syndrome-des-inondations-de-keur-massar-guette-diamniadio","status":"publish","type":"post","link":"https:\/\/www.nettali.com\/2021\/08\/30\/assainissement-le-syndrome-des-inondations-de-keur-massar-guette-diamniadio\/","title":{"rendered":"ASSAINISSEMENT \u2013 Le syndrome des inondations \u00e0 Keur Massar guette Diamniadio"},"content":{"rendered":"<p><strong>NETTALI.COM \u2013 Le d\u00e9put\u00e9 Th\u00e9dore Monteil alerte sur le cas de la nouvelle ville de Diamniadio qui manque d\u2019un syst\u00e8me de canalisation ad\u00e9quat. L\u2019on redoute une reproduction de ce qui se passe pr\u00e9sentement \u00e0 Keur Massar. Le parlementaire, qui est invit\u00e9 ce lundi \u00e0 l\u2019\u00e9mission \u00ab\u00a0Toc toc\u00a0\u00bb de Itv, a d\u00e9taill\u00e9 le Plan d\u00e9cennal de lutte contre les inondations. <\/strong><\/p>\n<p><strong>\u00a0<\/strong>Rapporteur de la mission d\u2019information sur les inondations \u00e0 l\u2019Assembl\u00e9e nationale qui avait pr\u00e9sent\u00e9 son rapport au chef de l\u2019Etat en novembre 2020, Th\u00e9dore Ch\u00e9rif Monteil juge n\u00e9cessaire \u00ab\u00a0d\u2019institutionnaliser l\u2019assainissement dans nos politiques d\u2019urbanisation\u00a0\u00bb.<\/p>\n<p>Ainsi, il reproche \u00e0 la Sn-Hlm et \u00e0 la Sicap \u00ab\u00a0de faire des lotissements sans assainissement\u00a0\u00bb. Il cite l\u2019exemple de la nouvelle ville de Diamniadio. \u00ab\u00a0La nouvelle ville de Diamniadio est une catastrophe en mati\u00e8re d\u2019assainissement, avec tous les milliards qu\u2019on a inject\u00e9s. Il n\u2019y pas de syst\u00e8me de canalisation. Ce que l\u2019on vit aujourd\u2019hui \u00e0 Keur Massar, on pourrait le vivre demain \u00e0 Diamniadio. L\u2019assainissement n\u2019est pas au c\u0153ur de nos priorit\u00e9s\u00a0\u00bb, pr\u00e9vient le d\u00e9put\u00e9.<\/p>\n<p>Qui plus est, rel\u00e8ve-t-il, les inondations connues cette ann\u00e9e renvoient \u00e0 des zones qui ne sont pas concern\u00e9es par le plan d\u00e9cennal de gestion des inondations. Il a mis l\u2019accent sur les travaux li\u00e9s \u00e0 PROGEB 2, au niveau des parcelles vendues par la Sn-Hlm, \u00e0 Keur Massar. Il cite aussi le fait qu\u2019on ait coup\u00e9 l\u2019exutoire naturel reliant Keur Massar au marigot de Mbao.<\/p>\n<p>A la question de savoir s\u2019il y a contradiction entre ce qui \u00e9tait dans le rapport et la r\u00e9alit\u00e9, il a dit qu\u2019il n\u2019y avait \u00ab\u00a0pas de contradiction\u00a0\u00bb.<\/p>\n<p>Dans ce cadre, rappelle-t-il, le plan d\u00e9cennal de gestion des inondations porte sur 766 milliards qui se d\u00e9cline en trois phases\u00a0: phase d\u2019urgence, phase interm\u00e9diaire et phase moyen et long terme. La phase d\u2019urgence devait h\u00e9riter d\u2019une dotation budg\u00e9taire de 66 milliards, la phase interm\u00e9diaire de 250 milliards et la derni\u00e8re phase devait engloutir le reste du pactole, soit 450 milliards, avec trois sous-programmes\u00a0: am\u00e9nagement et connaissance des zones inondables, restructuration et relogement et gestion des eaux pluviales.<\/p>\n<p>A en croire Th\u00e9odore Monteil, sur les 511 milliards d\u00e9pens\u00e9s, les 450 ont \u00e9t\u00e9 consacr\u00e9s \u00e0 la gestion des eaux pluviales.\u00a0\u00ab\u00a0Les gens se disent qu\u2019il ne doit plus exister d\u2019inondations l\u00e0 o\u00f9 l\u2019on a mis 450 milliards mais il faut que les S\u00e9n\u00e9galais sachent que les inondations c\u2019est un ph\u00e9nom\u00e8ne naturel, on ne peut pas les pr\u00e9voir. L\u2019essentiel \u00e9tait d\u2019\u00eatre pr\u00eat pour endiguer le ph\u00e9nom\u00e8ne\u00a0\u00bb, note-il.<\/p>\n<p>Il rappelle que le rapport a \u00e9mis 18 constats indexant \u00ab\u00a0un probl\u00e8me de coordination et de communication\u00a0\u00bb. \u00ab Il y avait une mauvaise communication car on a fait croire aux gens qu\u2019avec les 766 milliards, on pouvait venir \u00e0 bout du probl\u00e8me des inondations alors que l\u2019on ne pouvait r\u00e9soudre que les maux qui ont \u00e9t\u00e9 diagnostiqu\u00e9s\u00a0\u00bb, souligne-il, ajoutant\u00a0: \u00ab\u00a0Il y a des choses que l\u2019on ignorait, car depuis les ind\u00e9pendances, le S\u00e9n\u00e9gal n\u2019a pas un plan d\u2019am\u00e9nagement national. Pour le pr\u00e9sent plan d\u00e9cennal, on a pris 1,7 milliards pour financer une \u00e9tude permettant de bien connaitre toutes les zones inondables du S\u00e9n\u00e9gal, tous les 401 points bas sont connus. Avant, on n\u2019avait pas ces donn\u00e9es\u00bb, r\u00e9v\u00e8le le parlementaire.<\/p>\n<p>Il d\u00e9plore aussi le fait que des stations de pompage ne soient pas fonctionnelles, y compris \u00e0 Touba.<\/p>\n<p>&nbsp;<\/p>\n<div class='share-to-whatsapp-wrapper'><div class='share-on-whsp'>PARTAGER SUR : <\/div><a data-text='ASSAINISSEMENT \u2013 Le syndrome des inondations \u00e0 Keur Massar guette Diamniadio' data-link='https:\/\/www.nettali.com\/2021\/08\/30\/assainissement-le-syndrome-des-inondations-de-keur-massar-guette-diamniadio\/' class='whatsapp-button whatsapp-share'>WhatsApp<\/a><div class='clear '><\/div><\/div>","protected":false},"excerpt":{"rendered":"<p>NETTALI.COM \u2013 Le d\u00e9put\u00e9 Th\u00e9dore Monteil alerte sur le cas de la nouvelle ville de Diamniadio qui manque d\u2019un syst\u00e8me de canalisation ad\u00e9quat. L\u2019on redoute une reproduction de ce qui se passe pr\u00e9sentement \u00e0 Keur Massar. Le parlementaire, qui est invit\u00e9 ce lundi \u00e0 l\u2019\u00e9mission \u00ab\u00a0Toc toc\u00a0\u00bb de Itv, a d\u00e9taill\u00e9 le Plan d\u00e9cennal de [&hellip;]<\/p>\n","protected":false},"author":11,"featured_media":45594,"comment_status":"open","ping_status":"open","sticky":false,"template":"","format":"standard","meta":{"_et_pb_use_builder":"","_et_pb_old_content":""},"categories":[3],"tags":[],"yoast_head":"<!-- This site is optimized with the Yoast SEO Premium plugin v17.8 (Yoast SEO v17.8) - https:\/\/yoast.com\/wordpress\/plugins\/seo\/ -->\n<title>ASSAINISSEMENT \u2013 Le syndrome des inondations \u00e0 Keur Massar guette Diamniadio | Nettali.com<\/title>\n<meta name=\"robots\" content=\"index, follow, max-snippet:-1, max-image-preview:large, max-video-preview:-1\" \/>\n<link rel=\"canonical\" href=\"https:\/\/www.nettali.com\/2021\/08\/30\/assainissement-le-syndrome-des-inondations-de-keur-massar-guette-diamniadio\/\" \/>\n<meta property=\"og:locale\" content=\"fr_FR\" \/>\n<meta property=\"og:type\" content=\"article\" \/>\n<meta property=\"og:title\" content=\"ASSAINISSEMENT \u2013 Le syndrome des inondations \u00e0 Keur Massar guette Diamniadio\" \/>\n<meta property=\"og:description\" content=\"NETTALI.COM \u2013 Le d\u00e9put\u00e9 Th\u00e9dore Monteil alerte sur le cas de la nouvelle ville de Diamniadio qui manque d\u2019un syst\u00e8me de canalisation ad\u00e9quat. L\u2019on redoute une reproduction de ce qui se passe pr\u00e9sentement \u00e0 Keur Massar. Le parlementaire, qui est invit\u00e9 ce lundi \u00e0 l\u2019\u00e9mission \u00ab\u00a0Toc toc\u00a0\u00bb de Itv, a d\u00e9taill\u00e9 le Plan d\u00e9cennal de [&hellip;]\" \/>\n<meta property=\"og:url\" content=\"https:\/\/www.nettali.com\/2021\/08\/30\/assainissement-le-syndrome-des-inondations-de-keur-massar-guette-diamniadio\/\" \/>\n<meta property=\"og:site_name\" content=\"Nettali.com\" \/>\n<meta property=\"article:publisher\" content=\"https:\/\/www.facebook.com\/nettalicom\" \/>\n<meta property=\"article:published_time\" content=\"2021-08-30T18:00:36+00:00\" \/>\n<meta property=\"article:modified_time\" content=\"2021-08-31T07:03:41+00:00\" \/>\n<meta property=\"og:image\" content=\"https:\/\/www.nettali.com\/wp-content\/uploads\/2020\/09\/macky-sall-inondations.jpg\" \/>\n\t<meta property=\"og:image:width\" content=\"1280\" \/>\n\t<meta property=\"og:image:height\" content=\"600\" \/>\n<meta name=\"twitter:card\" content=\"summary_large_image\" \/>\n<meta name=\"twitter:label1\" content=\"\u00c9crit par\" \/>\n\t<meta name=\"twitter:data1\" content=\"Thierno Diop\" \/>\n\t<meta name=\"twitter:label2\" content=\"Dur\u00e9e de lecture estim\u00e9e\" \/>\n\t<meta name=\"twitter:data2\" content=\"3 minutes\" \/>\n<script type=\"application\/ld+json\" class=\"yoast-schema-graph\">{\"@context\":\"https:\/\/schema.org\",\"@graph\":[{\"@type\":\"WebSite\",\"@id\":\"https:\/\/www.nettali.com\/#website\",\"url\":\"https:\/\/www.nettali.com\/\",\"name\":\"Nettali.com\",\"description\":\"Le rendez-vous critique du Net\",\"potentialAction\":[{\"@type\":\"SearchAction\",\"target\":{\"@type\":\"EntryPoint\",\"urlTemplate\":\"https:\/\/www.nettali.com\/?s={search_term_string}\"},\"query-input\":\"required name=search_term_string\"}],\"inLanguage\":\"fr-FR\"},{\"@type\":\"ImageObject\",\"@id\":\"https:\/\/www.nettali.com\/2021\/08\/30\/assainissement-le-syndrome-des-inondations-de-keur-massar-guette-diamniadio\/#primaryimage\",\"inLanguage\":\"fr-FR\",\"url\":\"https:\/\/www.nettali.com\/wp-content\/uploads\/2020\/09\/macky-sall-inondations.jpg\",\"contentUrl\":\"https:\/\/www.nettali.com\/wp-content\/uploads\/2020\/09\/macky-sall-inondations.jpg\",\"width\":1280,\"height\":600},{\"@type\":\"WebPage\",\"@id\":\"https:\/\/www.nettali.com\/2021\/08\/30\/assainissement-le-syndrome-des-inondations-de-keur-massar-guette-diamniadio\/#webpage\",\"url\":\"https:\/\/www.nettali.com\/2021\/08\/30\/assainissement-le-syndrome-des-inondations-de-keur-massar-guette-diamniadio\/\",\"name\":\"ASSAINISSEMENT \\u2013 Le syndrome des inondations \\u00e0 Keur Massar guette Diamniadio | Nettali.com\",\"isPartOf\":{\"@id\":\"https:\/\/www.nettali.com\/#website\"},\"primaryImageOfPage\":{\"@id\":\"https:\/\/www.nettali.com\/2021\/08\/30\/assainissement-le-syndrome-des-inondations-de-keur-massar-guette-diamniadio\/#primaryimage\"},\"datePublished\":\"2021-08-30T18:00:36+00:00\",\"dateModified\":\"2021-08-31T07:03:41+00:00\",\"author\":{\"@id\":\"https:\/\/www.nettali.com\/#\/schema\/person\/8a06c6bd7b19304cf4bf985862900b5b\"},\"breadcrumb\":{\"@id\":\"https:\/\/www.nettali.com\/2021\/08\/30\/assainissement-le-syndrome-des-inondations-de-keur-massar-guette-diamniadio\/#breadcrumb\"},\"inLanguage\":\"fr-FR\",\"potentialAction\":[{\"@type\":\"ReadAction\",\"target\":[\"https:\/\/www.nettali.com\/2021\/08\/30\/assainissement-le-syndrome-des-inondations-de-keur-massar-guette-diamniadio\/\"]}]},{\"@type\":\"BreadcrumbList\",\"@id\":\"https:\/\/www.nettali.com\/2021\/08\/30\/assainissement-le-syndrome-des-inondations-de-keur-massar-guette-diamniadio\/#breadcrumb\",\"itemListElement\":[{\"@type\":\"ListItem\",\"position\":1,\"name\":\"Accueil\",\"item\":\"https:\/\/www.nettali.com\/\"},{\"@type\":\"ListItem\",\"position\":2,\"name\":\"ASSAINISSEMENT \\u2013 Le syndrome des inondations \\u00e0 Keur Massar guette Diamniadio\"}]},{\"@type\":\"Person\",\"@id\":\"https:\/\/www.nettali.com\/#\/schema\/person\/8a06c6bd7b19304cf4bf985862900b5b\",\"name\":\"Thierno Diop\",\"image\":{\"@type\":\"ImageObject\",\"@id\":\"https:\/\/www.nettali.com\/#personlogo\",\"inLanguage\":\"fr-FR\",\"url\":\"https:\/\/secure.gravatar.com\/avatar\/c8ca58550c94fd2ac856d27391a6c866?s=96&d=mm&r=g\",\"contentUrl\":\"https:\/\/secure.gravatar.com\/avatar\/c8ca58550c94fd2ac856d27391a6c866?s=96&d=mm&r=g\",\"caption\":\"Thierno Diop\"},\"sameAs\":[\"https:\/\/nettali.com\"]}]}<\/script>\n<!-- \/ Yoast SEO Premium plugin. -->","yoast_head_json":{"title":"ASSAINISSEMENT \u2013 Le syndrome des inondations \u00e0 Keur Massar guette Diamniadio | Nettali.com","robots":{"index":"index","follow":"follow","max-snippet":"max-snippet:-1","max-image-preview":"max-image-preview:large","max-video-preview":"max-video-preview:-1"},"canonical":"https:\/\/www.nettali.com\/2021\/08\/30\/assainissement-le-syndrome-des-inondations-de-keur-massar-guette-diamniadio\/","og_locale":"fr_FR","og_type":"article","og_title":"ASSAINISSEMENT \u2013 Le syndrome des inondations \u00e0 Keur Massar guette Diamniadio","og_description":"NETTALI.COM \u2013 Le d\u00e9put\u00e9 Th\u00e9dore Monteil alerte sur le cas de la nouvelle ville de Diamniadio qui manque d\u2019un syst\u00e8me de canalisation ad\u00e9quat. L\u2019on redoute une reproduction de ce qui se passe pr\u00e9sentement \u00e0 Keur Massar. Le parlementaire, qui est invit\u00e9 ce lundi \u00e0 l\u2019\u00e9mission \u00ab\u00a0Toc toc\u00a0\u00bb de Itv, a d\u00e9taill\u00e9 le Plan d\u00e9cennal de [&hellip;]","og_url":"https:\/\/www.nettali.com\/2021\/08\/30\/assainissement-le-syndrome-des-inondations-de-keur-massar-guette-diamniadio\/","og_site_name":"Nettali.com","article_publisher":"https:\/\/www.facebook.com\/nettalicom","article_published_time":"2021-08-30T18:00:36+00:00","article_modified_time":"2021-08-31T07:03:41+00:00","og_image":[{"width":1280,"height":600,"url":"https:\/\/www.nettali.com\/wp-content\/uploads\/2020\/09\/macky-sall-inondations.jpg","type":"image\/jpeg"}],"twitter_card":"summary_large_image","twitter_misc":{"\u00c9crit par":"Thierno Diop","Dur\u00e9e de lecture estim\u00e9e":"3 minutes"},"schema":{"@context":"https:\/\/schema.org","@graph":[{"@type":"WebSite","@id":"https:\/\/www.nettali.com\/#website","url":"https:\/\/www.nettali.com\/","name":"Nettali.com","description":"Le rendez-vous critique du Net","potentialAction":[{"@type":"SearchAction","target":{"@type":"EntryPoint","urlTemplate":"https:\/\/www.nettali.com\/?s={search_term_string}"},"query-input":"required name=search_term_string"}],"inLanguage":"fr-FR"},{"@type":"ImageObject","@id":"https:\/\/www.nettali.com\/2021\/08\/30\/assainissement-le-syndrome-des-inondations-de-keur-massar-guette-diamniadio\/#primaryimage","inLanguage":"fr-FR","url":"https:\/\/www.nettali.com\/wp-content\/uploads\/2020\/09\/macky-sall-inondations.jpg","contentUrl":"https:\/\/www.nettali.com\/wp-content\/uploads\/2020\/09\/macky-sall-inondations.jpg","width":1280,"height":600},{"@type":"WebPage","@id":"https:\/\/www.nettali.com\/2021\/08\/30\/assainissement-le-syndrome-des-inondations-de-keur-massar-guette-diamniadio\/#webpage","url":"https:\/\/www.nettali.com\/2021\/08\/30\/assainissement-le-syndrome-des-inondations-de-keur-massar-guette-diamniadio\/","name":"ASSAINISSEMENT \u2013 Le syndrome des inondations \u00e0 Keur Massar guette Diamniadio | Nettali.com","isPartOf":{"@id":"https:\/\/www.nettali.com\/#website"},"primaryImageOfPage":{"@id":"https:\/\/www.nettali.com\/2021\/08\/30\/assainissement-le-syndrome-des-inondations-de-keur-massar-guette-diamniadio\/#primaryimage"},"datePublished":"2021-08-30T18:00:36+00:00","dateModified":"2021-08-31T07:03:41+00:00","author":{"@id":"https:\/\/www.nettali.com\/#\/schema\/person\/8a06c6bd7b19304cf4bf985862900b5b"},"breadcrumb":{"@id":"https:\/\/www.nettali.com\/2021\/08\/30\/assainissement-le-syndrome-des-inondations-de-keur-massar-guette-diamniadio\/#breadcrumb"},"inLanguage":"fr-FR","potentialAction":[{"@type":"ReadAction","target":["https:\/\/www.nettali.com\/2021\/08\/30\/assainissement-le-syndrome-des-inondations-de-keur-massar-guette-diamniadio\/"]}]},{"@type":"BreadcrumbList","@id":"https:\/\/www.nettali.com\/2021\/08\/30\/assainissement-le-syndrome-des-inondations-de-keur-massar-guette-diamniadio\/#breadcrumb","itemListElement":[{"@type":"ListItem","position":1,"name":"Accueil","item":"https:\/\/www.nettali.com\/"},{"@type":"ListItem","position":2,"name":"ASSAINISSEMENT \u2013 Le syndrome des inondations \u00e0 Keur Massar guette Diamniadio"}]},{"@type":"Person","@id":"https:\/\/www.nettali.com\/#\/schema\/person\/8a06c6bd7b19304cf4bf985862900b5b","name":"Thierno Diop","image":{"@type":"ImageObject","@id":"https:\/\/www.nettali.com\/#personlogo","inLanguage":"fr-FR","url":"https:\/\/secure.gravatar.com\/avatar\/c8ca58550c94fd2ac856d27391a6c866?s=96&d=mm&r=g","contentUrl":"https:\/\/secure.gravatar.com\/avatar\/c8ca58550c94fd2ac856d27391a6c866?s=96&d=mm&r=g","caption":"Thierno Diop"},"sameAs":["https:\/\/nettali.com"]}]}},"_links":{"self":[{"href":"https:\/\/www.nettali.com\/rest\/wp\/v2\/posts\/70817"}],"collection":[{"href":"https:\/\/www.nettali.com\/rest\/wp\/v2\/posts"}],"about":[{"href":"https:\/\/www.nettali.com\/rest\/wp\/v2\/types\/post"}],"author":[{"embeddable":true,"href":"https:\/\/www.nettali.com\/rest\/wp\/v2\/users\/11"}],"replies":[{"embeddable":true,"href":"https:\/\/www.nettali.com\/rest\/wp\/v2\/comments?post=70817"}],"version-history":[{"count":4,"href":"https:\/\/www.nettali.com\/rest\/wp\/v2\/posts\/70817\/revisions"}],"predecessor-version":[{"id":70821,"href":"https:\/\/www.nettali.com\/rest\/wp\/v2\/posts\/70817\/revisions\/70821"}],"wp:featuredmedia":[{"embeddable":true,"href":"https:\/\/www.nettali.com\/rest\/wp\/v2\/media\/45594"}],"wp:attachment":[{"href":"https:\/\/www.nettali.com\/rest\/wp\/v2\/media?parent=70817"}],"wp:term":[{"taxonomy":"category","embeddable":true,"href":"https:\/\/www.nettali.com\/rest\/wp\/v2\/categories?post=70817"},{"taxonomy":"post_tag","embeddable":true,"href":"https:\/\/www.nettali.com\/rest\/wp\/v2\/tags?post=70817"}],"curies":[{"name":"wp","href":"https:\/\/api.w.org\/{rel}","templated":true}]}}