{"id":70757,"date":"2021-08-29T15:20:18","date_gmt":"2021-08-29T15:20:18","guid":{"rendered":"https:\/\/www.nettali.com\/?p=70757"},"modified":"2021-08-29T15:20:18","modified_gmt":"2021-08-29T15:20:18","slug":"deces-de-abc-la-reaction-du-batonnier-de-lordre-des-avocats","status":"publish","type":"post","link":"https:\/\/www.nettali.com\/2021\/08\/29\/deces-de-abc-la-reaction-du-batonnier-de-lordre-des-avocats\/","title":{"rendered":"DECES DE ABC \u2013 La r\u00e9action du B\u00e2tonnier de l'Ordre des avocats"},"content":{"rendered":"<p><strong>NETTALI.COM \u2013 Nous reproduisons, ci-dessous, in extenso, la d\u00e9claration de Me Papa La\u00efty Ndiaye, B\u00e2tonnier de l'Ordre des avocats, qui r\u00e9agit au rappel \u00e0 Dieu de Me Alioune Badara Ciss\u00e9.\u00a0 <\/strong><\/p>\n<p>J\u2019ai appris, avec une grande surprise, mais surtout avec une infinie tristesse, le d\u00e9c\u00e8s, ce samedi 28\/08\/21 , en d\u00e9but de soir\u00e9e, de notre \u00e9minent confr\u00e8re ALIOUNE BADARA CISS\u00c9 .<\/p>\n<p>Comme souvent , en pareille occurrence, j\u2019ai commenc\u00e9 par le d\u00e9ni , le refus de l\u2019\u00e9vidence, de l\u2019in\u00e9luctable.<\/p>\n<p>Force devant rester \u00e0 la loi divine, j\u2019ai d\u00fb me r\u00e9signer \u00e0 accepter la nouvelle .<\/p>\n<p>Le Barreau du S\u00e9n\u00e9gal qui a commenc\u00e9 et poursuivi l\u2019ann\u00e9e 2021 dans et par le deuil , avec la disparition d\u2019embl\u00e9matiques confr\u00e8res tels que Me Mamadou WANE ( 1er janvier ) Oumar DIALLO\u00a0 ( 25 janvier ) Serigne Khassim TOUR\u00c9 ( 1er f\u00e9vrier) , le B\u00e2tonnier Alioune Badara FALL ( 3 mars ) , le B\u00e2tonnier Ely Ousmane SARR ( 23 juin ) , Abdoulaye DIALLO ( 17 juillet ) , Illam NIANG ( 23 ao\u00fbt) voit , une nouvelle fois ses rangs s\u2019\u00e9claircir.<\/p>\n<p>Me AlIOUNE BADARA CISS\u00c9\u00a0 est donc parti .<\/p>\n<p>De celui que l\u2019on appelait famili\u00e8rement ABC, j\u2019ai d\u2019abord retenu un juriste au CV tellement impressionnant que d\u2019aucuns le comparaient \u00e0 celui de cet autre illustre confr\u00e8re - Me Wade pour ne pas le nommer - que l\u2019on disait \u00ab le plus dipl\u00f4m\u00e9 de Casa au Cap &gt;&gt; .<\/p>\n<p>J\u2019ai d\u2019abord fait la connaissance de l\u2019expert judiciaire, souvent d\u00e9sign\u00e9 dans des missions d\u2019\u00e9valuation et de s\u00e9questre par le Tribunal D\u00e9partemental ( actuel tribunal d\u2019instance ) hors classe de Dakar .<\/p>\n<p>Vint ensuite l\u2019avocat qui s\u2019\u00e9tait d\u00e9j\u00e0 tellement entich\u00e9 de la politique qu\u2019il fut d\u00e9sign\u00e9 en qualit\u00e9 d\u2019expert par le PDS ,pour participer \u00e0 la Table Ronde Nationale de 1988 , ouverte dans le cadre de ce qu\u2019il \u00e9tait convenu d\u2019appeler la d\u00e9crispation post-\u00e9lectorale .<\/p>\n<p>Je puis t\u00e9moigner de ce que les efforts de son homonyme , feu le B\u00e2tonnier Alioune Badara S\u00e8ne , pour l\u2019\u00e9loigner de la politique au moyen de deux s\u00e9jours acad\u00e9miques en France , puis aux \u00c9tats-Unis, sont rest\u00e9s vains .<\/p>\n<p>Le second, qui a dur\u00e9 plusieurs ann\u00e9es, lui a permis de rallonger ce cv qui faisait d\u00e9j\u00e0 se p\u00e2mer d\u2019envie beaucoup d\u2019entre nous .<\/p>\n<p>Gr\u00e2ce \u00e0 un certain talent, voire un talent certain , ABC a donc men\u00e9 de front et avec succ\u00e8s, une carri\u00e8re d\u2019avocat et une carri\u00e8re politique.<\/p>\n<p>Il fut tour \u00e0 tour, dans le d\u00e9sordre, conseiller municipal, directeur de cabinet , conseiller \u00e0 la primature , ministre , secr\u00e9taire g\u00e9n\u00e9ral du gouvernement .<\/p>\n<p>Il accepta, en 2015 , d\u2019endosser une tunique tout \u00e0 fait seyante pour lui, celle de M\u00e9diateur de la R\u00e9publique.<\/p>\n<p>Il fut donc souvent contraint de demander \u00e0 \u00eatre omis du tableau de l\u2019Ordre\u00a0 des avocats, puis joyeux et p\u00e9tillant d\u2019envie de retrouver ce barreau qui est sa maison, \u00e0 la fin de chacune de ses missions .<\/p>\n<p>\u00c0 mon grand regret, qui est aussi celui des membres de notre barreau, il ne rentrera plus au bercail et ne demandera plus sa r\u00e9inscription sur notre tableau.<\/p>\n<p>Brillant orateur, il savait capter et convaincre les auditoires dans et hors les pr\u00e9toires.<\/p>\n<p>Lettr\u00e9 et \u00e9clectique, dou\u00e9 d\u2019un grand talent d\u2019\u00e9criture, il savait aussi triompher par la plume .<\/p>\n<p>Tout cela nous manquera, tout comme nous manqueront sa bonne humeur communicative, ses bons mots pour nous d\u00e9rider, son exquise et urbaine courtoisie, son \u00e9l\u00e9gance tr\u00e8s saint-louisienne .<\/p>\n<p>L\u2019ann\u00e9e 2021, plus que sa devanci\u00e8re 2020, sera une \u00ab annus horribilis &gt;&gt; pour le Barreau du S\u00e9n\u00e9gal qui reste toutefois ancr\u00e9 dans sa foi, sa dignit\u00e9, ses r\u00e8gles et ses convictions.<\/p>\n<p>Nous avons d\u00e9j\u00e0 perdu les \u00e9minents confr\u00e8res dont la liste s\u2019\u00e9gr\u00e8ne plus haut .<\/p>\n<p>Avec la disparition d\u2019ABC, nous perdons une de nos ic\u00f4nes.<\/p>\n<p>Puisse Dieu le Tout-puissant lui faire une place au paradis\u00a0 et nous donner \u00e0 tous,\u00a0 le courage de passer l\u2019\u00e9preuve.<\/p>\n<p>Mes condol\u00e9ances s\u2019adressent \u00e0 chacune et chacun des membres de notre barreau, \u00e0 la umma islamique et \u00e0 la confr\u00e9rie mouride dont il \u00e9tait un membre \u00e9minent, \u00e0 la nation toute enti\u00e8re.<\/p>\n<p>Elles s\u2019adressent d\u2019abord et surtout \u00e0 sa famille .<\/p>\n<p>J\u2019ai , \u00e0 ce sujet , une pens\u00e9e \u00e9mue pour ses enfants et surtout, pour son \u00e9pouse N\u00e9n\u00e9 Dian\u00e9 Ndao , avec qui\u00a0 j\u2019ai eu le privil\u00e8ge de fr\u00e9quenter les amphith\u00e9\u00e2tres de l\u2019Universit\u00e9 de Dakar .<\/p>\n<p>&nbsp;<\/p>\n<p>RESQUIESCAT IN PACE , ABC<\/p>\n<p>Me Papa La\u00efty Ndiaye<\/p>\n<p>B\u00e2tonnier de l'Ordre des avocats<\/p>\n<p>&nbsp;<\/p>\n<div class='share-to-whatsapp-wrapper'><div class='share-on-whsp'>PARTAGER SUR : <\/div><a data-text='DECES DE ABC \u2013 La r\u00e9action du B\u00e2tonnier de l'Ordre des avocats' data-link='https:\/\/www.nettali.com\/2021\/08\/29\/deces-de-abc-la-reaction-du-batonnier-de-lordre-des-avocats\/' class='whatsapp-button whatsapp-share'>WhatsApp<\/a><div class='clear '><\/div><\/div>","protected":false},"excerpt":{"rendered":"<p>NETTALI.COM \u2013 Nous reproduisons, ci-dessous, in extenso, la d\u00e9claration de Me Papa La\u00efty Ndiaye, B\u00e2tonnier de l'Ordre des avocats, qui r\u00e9agit au rappel \u00e0 Dieu de Me Alioune Badara Ciss\u00e9.\u00a0 J\u2019ai appris, avec une grande surprise, mais surtout avec une infinie tristesse, le d\u00e9c\u00e8s, ce samedi 28\/08\/21 , en d\u00e9but de soir\u00e9e, de notre \u00e9minent [&hellip;]<\/p>\n","protected":false},"author":11,"featured_media":68086,"comment_status":"open","ping_status":"open","sticky":false,"template":"","format":"standard","meta":{"_et_pb_use_builder":"","_et_pb_old_content":""},"categories":[3],"tags":[],"yoast_head":"<!-- This site is optimized with the Yoast SEO Premium plugin v17.8 (Yoast SEO v17.8) - https:\/\/yoast.com\/wordpress\/plugins\/seo\/ -->\n<title>DECES DE ABC \u2013 La r\u00e9action du B\u00e2tonnier de l&#039;Ordre des avocats | Nettali.com<\/title>\n<meta name=\"robots\" content=\"index, follow, max-snippet:-1, max-image-preview:large, max-video-preview:-1\" \/>\n<link rel=\"canonical\" href=\"https:\/\/www.nettali.com\/2021\/08\/29\/deces-de-abc-la-reaction-du-batonnier-de-lordre-des-avocats\/\" \/>\n<meta property=\"og:locale\" content=\"fr_FR\" \/>\n<meta property=\"og:type\" content=\"article\" \/>\n<meta property=\"og:title\" content=\"DECES DE ABC \u2013 La r\u00e9action du B\u00e2tonnier de l&#039;Ordre des avocats\" \/>\n<meta property=\"og:description\" content=\"NETTALI.COM \u2013 Nous reproduisons, ci-dessous, in extenso, la d\u00e9claration de Me Papa La\u00efty Ndiaye, B\u00e2tonnier de l&#039;Ordre des avocats, qui r\u00e9agit au rappel \u00e0 Dieu de Me Alioune Badara Ciss\u00e9.\u00a0 J\u2019ai appris, avec une grande surprise, mais surtout avec une infinie tristesse, le d\u00e9c\u00e8s, ce samedi 28\/08\/21 , en d\u00e9but de soir\u00e9e, de notre \u00e9minent [&hellip;]\" \/>\n<meta property=\"og:url\" content=\"https:\/\/www.nettali.com\/2021\/08\/29\/deces-de-abc-la-reaction-du-batonnier-de-lordre-des-avocats\/\" \/>\n<meta property=\"og:site_name\" content=\"Nettali.com\" \/>\n<meta property=\"article:publisher\" content=\"https:\/\/www.facebook.com\/nettalicom\" \/>\n<meta property=\"article:published_time\" content=\"2021-08-29T15:20:18+00:00\" \/>\n<meta property=\"og:image\" content=\"https:\/\/www.nettali.com\/wp-content\/uploads\/2021\/07\/pape-leity-ndiaye.jpg\" \/>\n\t<meta property=\"og:image:width\" content=\"634\" \/>\n\t<meta property=\"og:image:height\" content=\"445\" \/>\n<meta name=\"twitter:card\" content=\"summary_large_image\" \/>\n<meta name=\"twitter:label1\" content=\"\u00c9crit par\" \/>\n\t<meta name=\"twitter:data1\" content=\"Thierno Diop\" \/>\n\t<meta name=\"twitter:label2\" content=\"Dur\u00e9e de lecture estim\u00e9e\" \/>\n\t<meta name=\"twitter:data2\" content=\"3 minutes\" \/>\n<script type=\"application\/ld+json\" class=\"yoast-schema-graph\">{\"@context\":\"https:\/\/schema.org\",\"@graph\":[{\"@type\":\"WebSite\",\"@id\":\"https:\/\/www.nettali.com\/#website\",\"url\":\"https:\/\/www.nettali.com\/\",\"name\":\"Nettali.com\",\"description\":\"Le rendez-vous critique du Net\",\"potentialAction\":[{\"@type\":\"SearchAction\",\"target\":{\"@type\":\"EntryPoint\",\"urlTemplate\":\"https:\/\/www.nettali.com\/?s={search_term_string}\"},\"query-input\":\"required name=search_term_string\"}],\"inLanguage\":\"fr-FR\"},{\"@type\":\"ImageObject\",\"@id\":\"https:\/\/www.nettali.com\/2021\/08\/29\/deces-de-abc-la-reaction-du-batonnier-de-lordre-des-avocats\/#primaryimage\",\"inLanguage\":\"fr-FR\",\"url\":\"https:\/\/www.nettali.com\/wp-content\/uploads\/2021\/07\/pape-leity-ndiaye.jpg\",\"contentUrl\":\"https:\/\/www.nettali.com\/wp-content\/uploads\/2021\/07\/pape-leity-ndiaye.jpg\",\"width\":634,\"height\":445},{\"@type\":\"WebPage\",\"@id\":\"https:\/\/www.nettali.com\/2021\/08\/29\/deces-de-abc-la-reaction-du-batonnier-de-lordre-des-avocats\/#webpage\",\"url\":\"https:\/\/www.nettali.com\/2021\/08\/29\/deces-de-abc-la-reaction-du-batonnier-de-lordre-des-avocats\/\",\"name\":\"DECES DE ABC \\u2013 La r\\u00e9action du B\\u00e2tonnier de l'Ordre des avocats | Nettali.com\",\"isPartOf\":{\"@id\":\"https:\/\/www.nettali.com\/#website\"},\"primaryImageOfPage\":{\"@id\":\"https:\/\/www.nettali.com\/2021\/08\/29\/deces-de-abc-la-reaction-du-batonnier-de-lordre-des-avocats\/#primaryimage\"},\"datePublished\":\"2021-08-29T15:20:18+00:00\",\"dateModified\":\"2021-08-29T15:20:18+00:00\",\"author\":{\"@id\":\"https:\/\/www.nettali.com\/#\/schema\/person\/8a06c6bd7b19304cf4bf985862900b5b\"},\"breadcrumb\":{\"@id\":\"https:\/\/www.nettali.com\/2021\/08\/29\/deces-de-abc-la-reaction-du-batonnier-de-lordre-des-avocats\/#breadcrumb\"},\"inLanguage\":\"fr-FR\",\"potentialAction\":[{\"@type\":\"ReadAction\",\"target\":[\"https:\/\/www.nettali.com\/2021\/08\/29\/deces-de-abc-la-reaction-du-batonnier-de-lordre-des-avocats\/\"]}]},{\"@type\":\"BreadcrumbList\",\"@id\":\"https:\/\/www.nettali.com\/2021\/08\/29\/deces-de-abc-la-reaction-du-batonnier-de-lordre-des-avocats\/#breadcrumb\",\"itemListElement\":[{\"@type\":\"ListItem\",\"position\":1,\"name\":\"Accueil\",\"item\":\"https:\/\/www.nettali.com\/\"},{\"@type\":\"ListItem\",\"position\":2,\"name\":\"DECES DE ABC \\u2013 La r\\u00e9action du B\\u00e2tonnier de l&rsquo;Ordre des avocats\"}]},{\"@type\":\"Person\",\"@id\":\"https:\/\/www.nettali.com\/#\/schema\/person\/8a06c6bd7b19304cf4bf985862900b5b\",\"name\":\"Thierno Diop\",\"image\":{\"@type\":\"ImageObject\",\"@id\":\"https:\/\/www.nettali.com\/#personlogo\",\"inLanguage\":\"fr-FR\",\"url\":\"https:\/\/secure.gravatar.com\/avatar\/c8ca58550c94fd2ac856d27391a6c866?s=96&d=mm&r=g\",\"contentUrl\":\"https:\/\/secure.gravatar.com\/avatar\/c8ca58550c94fd2ac856d27391a6c866?s=96&d=mm&r=g\",\"caption\":\"Thierno Diop\"},\"sameAs\":[\"https:\/\/nettali.com\"]}]}<\/script>\n<!-- \/ Yoast SEO Premium plugin. -->","yoast_head_json":{"title":"DECES DE ABC \u2013 La r\u00e9action du B\u00e2tonnier de l'Ordre des avocats | Nettali.com","robots":{"index":"index","follow":"follow","max-snippet":"max-snippet:-1","max-image-preview":"max-image-preview:large","max-video-preview":"max-video-preview:-1"},"canonical":"https:\/\/www.nettali.com\/2021\/08\/29\/deces-de-abc-la-reaction-du-batonnier-de-lordre-des-avocats\/","og_locale":"fr_FR","og_type":"article","og_title":"DECES DE ABC \u2013 La r\u00e9action du B\u00e2tonnier de l'Ordre des avocats","og_description":"NETTALI.COM \u2013 Nous reproduisons, ci-dessous, in extenso, la d\u00e9claration de Me Papa La\u00efty Ndiaye, B\u00e2tonnier de l'Ordre des avocats, qui r\u00e9agit au rappel \u00e0 Dieu de Me Alioune Badara Ciss\u00e9.\u00a0 J\u2019ai appris, avec une grande surprise, mais surtout avec une infinie tristesse, le d\u00e9c\u00e8s, ce samedi 28\/08\/21 , en d\u00e9but de soir\u00e9e, de notre \u00e9minent [&hellip;]","og_url":"https:\/\/www.nettali.com\/2021\/08\/29\/deces-de-abc-la-reaction-du-batonnier-de-lordre-des-avocats\/","og_site_name":"Nettali.com","article_publisher":"https:\/\/www.facebook.com\/nettalicom","article_published_time":"2021-08-29T15:20:18+00:00","og_image":[{"width":634,"height":445,"url":"https:\/\/www.nettali.com\/wp-content\/uploads\/2021\/07\/pape-leity-ndiaye.jpg","type":"image\/jpeg"}],"twitter_card":"summary_large_image","twitter_misc":{"\u00c9crit par":"Thierno Diop","Dur\u00e9e de lecture estim\u00e9e":"3 minutes"},"schema":{"@context":"https:\/\/schema.org","@graph":[{"@type":"WebSite","@id":"https:\/\/www.nettali.com\/#website","url":"https:\/\/www.nettali.com\/","name":"Nettali.com","description":"Le rendez-vous critique du Net","potentialAction":[{"@type":"SearchAction","target":{"@type":"EntryPoint","urlTemplate":"https:\/\/www.nettali.com\/?s={search_term_string}"},"query-input":"required name=search_term_string"}],"inLanguage":"fr-FR"},{"@type":"ImageObject","@id":"https:\/\/www.nettali.com\/2021\/08\/29\/deces-de-abc-la-reaction-du-batonnier-de-lordre-des-avocats\/#primaryimage","inLanguage":"fr-FR","url":"https:\/\/www.nettali.com\/wp-content\/uploads\/2021\/07\/pape-leity-ndiaye.jpg","contentUrl":"https:\/\/www.nettali.com\/wp-content\/uploads\/2021\/07\/pape-leity-ndiaye.jpg","width":634,"height":445},{"@type":"WebPage","@id":"https:\/\/www.nettali.com\/2021\/08\/29\/deces-de-abc-la-reaction-du-batonnier-de-lordre-des-avocats\/#webpage","url":"https:\/\/www.nettali.com\/2021\/08\/29\/deces-de-abc-la-reaction-du-batonnier-de-lordre-des-avocats\/","name":"DECES DE ABC \u2013 La r\u00e9action du B\u00e2tonnier de l'Ordre des avocats | Nettali.com","isPartOf":{"@id":"https:\/\/www.nettali.com\/#website"},"primaryImageOfPage":{"@id":"https:\/\/www.nettali.com\/2021\/08\/29\/deces-de-abc-la-reaction-du-batonnier-de-lordre-des-avocats\/#primaryimage"},"datePublished":"2021-08-29T15:20:18+00:00","dateModified":"2021-08-29T15:20:18+00:00","author":{"@id":"https:\/\/www.nettali.com\/#\/schema\/person\/8a06c6bd7b19304cf4bf985862900b5b"},"breadcrumb":{"@id":"https:\/\/www.nettali.com\/2021\/08\/29\/deces-de-abc-la-reaction-du-batonnier-de-lordre-des-avocats\/#breadcrumb"},"inLanguage":"fr-FR","potentialAction":[{"@type":"ReadAction","target":["https:\/\/www.nettali.com\/2021\/08\/29\/deces-de-abc-la-reaction-du-batonnier-de-lordre-des-avocats\/"]}]},{"@type":"BreadcrumbList","@id":"https:\/\/www.nettali.com\/2021\/08\/29\/deces-de-abc-la-reaction-du-batonnier-de-lordre-des-avocats\/#breadcrumb","itemListElement":[{"@type":"ListItem","position":1,"name":"Accueil","item":"https:\/\/www.nettali.com\/"},{"@type":"ListItem","position":2,"name":"DECES DE ABC \u2013 La r\u00e9action du B\u00e2tonnier de l&rsquo;Ordre des avocats"}]},{"@type":"Person","@id":"https:\/\/www.nettali.com\/#\/schema\/person\/8a06c6bd7b19304cf4bf985862900b5b","name":"Thierno Diop","image":{"@type":"ImageObject","@id":"https:\/\/www.nettali.com\/#personlogo","inLanguage":"fr-FR","url":"https:\/\/secure.gravatar.com\/avatar\/c8ca58550c94fd2ac856d27391a6c866?s=96&d=mm&r=g","contentUrl":"https:\/\/secure.gravatar.com\/avatar\/c8ca58550c94fd2ac856d27391a6c866?s=96&d=mm&r=g","caption":"Thierno Diop"},"sameAs":["https:\/\/nettali.com"]}]}},"_links":{"self":[{"href":"https:\/\/www.nettali.com\/rest\/wp\/v2\/posts\/70757"}],"collection":[{"href":"https:\/\/www.nettali.com\/rest\/wp\/v2\/posts"}],"about":[{"href":"https:\/\/www.nettali.com\/rest\/wp\/v2\/types\/post"}],"author":[{"embeddable":true,"href":"https:\/\/www.nettali.com\/rest\/wp\/v2\/users\/11"}],"replies":[{"embeddable":true,"href":"https:\/\/www.nettali.com\/rest\/wp\/v2\/comments?post=70757"}],"version-history":[{"count":1,"href":"https:\/\/www.nettali.com\/rest\/wp\/v2\/posts\/70757\/revisions"}],"predecessor-version":[{"id":70758,"href":"https:\/\/www.nettali.com\/rest\/wp\/v2\/posts\/70757\/revisions\/70758"}],"wp:featuredmedia":[{"embeddable":true,"href":"https:\/\/www.nettali.com\/rest\/wp\/v2\/media\/68086"}],"wp:attachment":[{"href":"https:\/\/www.nettali.com\/rest\/wp\/v2\/media?parent=70757"}],"wp:term":[{"taxonomy":"category","embeddable":true,"href":"https:\/\/www.nettali.com\/rest\/wp\/v2\/categories?post=70757"},{"taxonomy":"post_tag","embeddable":true,"href":"https:\/\/www.nettali.com\/rest\/wp\/v2\/tags?post=70757"}],"curies":[{"name":"wp","href":"https:\/\/api.w.org\/{rel}","templated":true}]}}