{"id":70743,"date":"2021-08-29T20:05:31","date_gmt":"2021-08-29T20:05:31","guid":{"rendered":"https:\/\/www.nettali.com\/?p=70743"},"modified":"2021-08-29T20:05:31","modified_gmt":"2021-08-29T20:05:31","slug":"mairie-de-kaffrine-abdoulaye-sow-souhaite-la-disqualification-de-wilane","status":"publish","type":"post","link":"https:\/\/www.nettali.com\/2021\/08\/29\/mairie-de-kaffrine-abdoulaye-sow-souhaite-la-disqualification-de-wilane\/","title":{"rendered":"MAIRIE DE KAFFRINE - Abdoulaye Sow souhaite la disqualification de Wilane"},"content":{"rendered":"<p style=\"font-weight: 400;\"><strong>NETTALI.COM - \"Je ne souhaite pas que le pr\u00e9sident Macky Sall soutienne la candidature d' Abdoulaye Wilane.\" La d\u00e9claration est faite par le ministre de l\u2019Urbanisme, Abdoulaye Saydou Sow invit\u00e9 du Jury du dimanche sur Iradio<\/strong>.<\/p>\n<p style=\"font-weight: 400;\">Entre Abdoulaye Sow et Abdoulaye Wilane, c'est loin d'\u00eatre le parfait amour. Et les propos tenus ce dimanche par le ministre de l'Urbanisme attestent \u00e0 suffisance de l\u2019adversit\u00e9 entre lui et le maire socialiste sortant pour la qu\u00eate de la mairie de Kaffrine. Dans ses propos, le ministre a m\u00eame laiss\u00e9 entendre qu\u2019il p\u00e8se plus lourd que son rival, issu de la m\u00eame coalition.<\/p>\n<p style=\"font-weight: 400;\">\"<em>L\u2019Apr travaille \u00e0 \u00eatre la principale force dans le d\u00e9partement et dans la commune de Kaffrine et nous pensons que nous sommes la principale force dans la r\u00e9gion, dans le d\u00e9partement et dans la commune. C\u2019est un fait. Nous sommes le parti le plus fort avec plus de 60 % . L\u2019Apr est la force majoritaire \u00e0 Kaffrine\"<\/em>, d\u00e9clare-t-il pour dire que le Parti socialiste est derri\u00e8re eux.<\/p>\n<p style=\"font-weight: 400;\">Cependant, Abdoulaye Saydou Sow n\u2019a pas voulu \u00eatre cat\u00e9gorique sur sa candidature pour devenir le premier magistrat de Kaffrine m\u00eame s\u2019il a d\u00e9j\u00e0 affich\u00e9 ses ambitions. \"<em>Je suis militant d\u2019un parti et je suis membre d\u2019une coalition. Je me soumets aux r\u00e8gles de ce parti et de cette coalition. Le fauteuil de maire ne m'appartient pas pour que je puisse le c\u00e9der \u00e0 qui que ce soit. Le fait d\u2019avoir une ambition personnelle et de l\u2019affirmer n\u2019a aucun impact sur ce que nous allons faire. Ce qui est bien. Dans le parti et dans la coalition, le pr\u00e9sident de la R\u00e9publique conna\u00eet les ambitions des uns et des autres\"<\/em>, souligne-t-il.<\/p>\n<p style=\"font-weight: 400;\">Par ailleurs, il a \u00e9t\u00e9 interpell\u00e9 sur la grande coalition de l\u2019opposition. Cette alliance, dit-il, ne fait pas peur \u00e0 celle de la mouvance pr\u00e9sidentielle.\u00a0 \"<em>Les \u00e9lections ne se gagnent pas dans les m\u00e9dias. Je consid\u00e8re qu\u2019ils sont dans leur droit de travailler dans une coalition. Les \u00e9lections se gagnent au niveau de la base et, \u00e0 la base, nous avons eu une \u00a0longueur d\u2019avance sur l\u2019opposition\"<\/em>, a martel\u00e9 l'ancien responsable du Parti d\u00e9mocratique s\u00e9n\u00e9galais (Pds).<\/p>\n<div class='share-to-whatsapp-wrapper'><div class='share-on-whsp'>PARTAGER SUR : <\/div><a data-text='MAIRIE DE KAFFRINE - Abdoulaye Sow souhaite la disqualification de Wilane' data-link='https:\/\/www.nettali.com\/2021\/08\/29\/mairie-de-kaffrine-abdoulaye-sow-souhaite-la-disqualification-de-wilane\/' class='whatsapp-button whatsapp-share'>WhatsApp<\/a><div class='clear '><\/div><\/div>","protected":false},"excerpt":{"rendered":"<p>NETTALI.COM - \"Je ne souhaite pas que le pr\u00e9sident Macky Sall soutienne la candidature d' Abdoulaye Wilane.\" La d\u00e9claration est faite par le ministre de l\u2019Urbanisme, Abdoulaye Saydou Sow invit\u00e9 du Jury du dimanche sur Iradio. Entre Abdoulaye Sow et Abdoulaye Wilane, c'est loin d'\u00eatre le parfait amour. Et les propos tenus ce dimanche par [&hellip;]<\/p>\n","protected":false},"author":6,"featured_media":70744,"comment_status":"open","ping_status":"open","sticky":false,"template":"","format":"standard","meta":{"_et_pb_use_builder":"","_et_pb_old_content":""},"categories":[2],"tags":[],"yoast_head":"<!-- This site is optimized with the Yoast SEO Premium plugin v17.8 (Yoast SEO v17.8) - https:\/\/yoast.com\/wordpress\/plugins\/seo\/ -->\n<title>MAIRIE DE KAFFRINE - Abdoulaye Sow souhaite la disqualification de Wilane | Nettali.com<\/title>\n<meta name=\"robots\" content=\"index, follow, max-snippet:-1, max-image-preview:large, max-video-preview:-1\" \/>\n<link rel=\"canonical\" href=\"https:\/\/www.nettali.com\/2021\/08\/29\/mairie-de-kaffrine-abdoulaye-sow-souhaite-la-disqualification-de-wilane\/\" \/>\n<meta property=\"og:locale\" content=\"fr_FR\" \/>\n<meta property=\"og:type\" content=\"article\" \/>\n<meta property=\"og:title\" content=\"MAIRIE DE KAFFRINE - Abdoulaye Sow souhaite la disqualification de Wilane\" \/>\n<meta property=\"og:description\" content=\"NETTALI.COM - &quot;Je ne souhaite pas que le pr\u00e9sident Macky Sall soutienne la candidature d&#039; Abdoulaye Wilane.&quot; La d\u00e9claration est faite par le ministre de l\u2019Urbanisme, Abdoulaye Saydou Sow invit\u00e9 du Jury du dimanche sur Iradio. Entre Abdoulaye Sow et Abdoulaye Wilane, c&#039;est loin d&#039;\u00eatre le parfait amour. Et les propos tenus ce dimanche par [&hellip;]\" \/>\n<meta property=\"og:url\" content=\"https:\/\/www.nettali.com\/2021\/08\/29\/mairie-de-kaffrine-abdoulaye-sow-souhaite-la-disqualification-de-wilane\/\" \/>\n<meta property=\"og:site_name\" content=\"Nettali.com\" \/>\n<meta property=\"article:publisher\" content=\"https:\/\/www.facebook.com\/nettalicom\" \/>\n<meta property=\"article:published_time\" content=\"2021-08-29T20:05:31+00:00\" \/>\n<meta property=\"og:image\" content=\"https:\/\/www.nettali.com\/wp-content\/uploads\/2021\/08\/abdoulaye-sow.jpg\" \/>\n\t<meta property=\"og:image:width\" content=\"699\" \/>\n\t<meta property=\"og:image:height\" content=\"505\" \/>\n<meta name=\"twitter:card\" content=\"summary_large_image\" \/>\n<meta name=\"twitter:label1\" content=\"\u00c9crit par\" \/>\n\t<meta name=\"twitter:data1\" content=\"Fatou\" \/>\n\t<meta name=\"twitter:label2\" content=\"Dur\u00e9e de lecture estim\u00e9e\" \/>\n\t<meta name=\"twitter:data2\" content=\"2 minutes\" \/>\n<script type=\"application\/ld+json\" class=\"yoast-schema-graph\">{\"@context\":\"https:\/\/schema.org\",\"@graph\":[{\"@type\":\"WebSite\",\"@id\":\"https:\/\/www.nettali.com\/#website\",\"url\":\"https:\/\/www.nettali.com\/\",\"name\":\"Nettali.com\",\"description\":\"Le rendez-vous critique du Net\",\"potentialAction\":[{\"@type\":\"SearchAction\",\"target\":{\"@type\":\"EntryPoint\",\"urlTemplate\":\"https:\/\/www.nettali.com\/?s={search_term_string}\"},\"query-input\":\"required name=search_term_string\"}],\"inLanguage\":\"fr-FR\"},{\"@type\":\"ImageObject\",\"@id\":\"https:\/\/www.nettali.com\/2021\/08\/29\/mairie-de-kaffrine-abdoulaye-sow-souhaite-la-disqualification-de-wilane\/#primaryimage\",\"inLanguage\":\"fr-FR\",\"url\":\"https:\/\/www.nettali.com\/wp-content\/uploads\/2021\/08\/abdoulaye-sow.jpg\",\"contentUrl\":\"https:\/\/www.nettali.com\/wp-content\/uploads\/2021\/08\/abdoulaye-sow.jpg\",\"width\":699,\"height\":505},{\"@type\":\"WebPage\",\"@id\":\"https:\/\/www.nettali.com\/2021\/08\/29\/mairie-de-kaffrine-abdoulaye-sow-souhaite-la-disqualification-de-wilane\/#webpage\",\"url\":\"https:\/\/www.nettali.com\/2021\/08\/29\/mairie-de-kaffrine-abdoulaye-sow-souhaite-la-disqualification-de-wilane\/\",\"name\":\"MAIRIE DE KAFFRINE - Abdoulaye Sow souhaite la disqualification de Wilane | Nettali.com\",\"isPartOf\":{\"@id\":\"https:\/\/www.nettali.com\/#website\"},\"primaryImageOfPage\":{\"@id\":\"https:\/\/www.nettali.com\/2021\/08\/29\/mairie-de-kaffrine-abdoulaye-sow-souhaite-la-disqualification-de-wilane\/#primaryimage\"},\"datePublished\":\"2021-08-29T20:05:31+00:00\",\"dateModified\":\"2021-08-29T20:05:31+00:00\",\"author\":{\"@id\":\"https:\/\/www.nettali.com\/#\/schema\/person\/418274a86bdf87caff7a3ef476bd0bbf\"},\"breadcrumb\":{\"@id\":\"https:\/\/www.nettali.com\/2021\/08\/29\/mairie-de-kaffrine-abdoulaye-sow-souhaite-la-disqualification-de-wilane\/#breadcrumb\"},\"inLanguage\":\"fr-FR\",\"potentialAction\":[{\"@type\":\"ReadAction\",\"target\":[\"https:\/\/www.nettali.com\/2021\/08\/29\/mairie-de-kaffrine-abdoulaye-sow-souhaite-la-disqualification-de-wilane\/\"]}]},{\"@type\":\"BreadcrumbList\",\"@id\":\"https:\/\/www.nettali.com\/2021\/08\/29\/mairie-de-kaffrine-abdoulaye-sow-souhaite-la-disqualification-de-wilane\/#breadcrumb\",\"itemListElement\":[{\"@type\":\"ListItem\",\"position\":1,\"name\":\"Accueil\",\"item\":\"https:\/\/www.nettali.com\/\"},{\"@type\":\"ListItem\",\"position\":2,\"name\":\"MAIRIE DE KAFFRINE &#8211; Abdoulaye Sow souhaite la disqualification de Wilane\"}]},{\"@type\":\"Person\",\"@id\":\"https:\/\/www.nettali.com\/#\/schema\/person\/418274a86bdf87caff7a3ef476bd0bbf\",\"name\":\"Fatou\",\"image\":{\"@type\":\"ImageObject\",\"@id\":\"https:\/\/www.nettali.com\/#personlogo\",\"inLanguage\":\"fr-FR\",\"url\":\"https:\/\/secure.gravatar.com\/avatar\/5a9442a2bee7b4dcf167cab035858e9a?s=96&d=mm&r=g\",\"contentUrl\":\"https:\/\/secure.gravatar.com\/avatar\/5a9442a2bee7b4dcf167cab035858e9a?s=96&d=mm&r=g\",\"caption\":\"Fatou\"},\"sameAs\":[\"https:\/\/www.nettali.com\"]}]}<\/script>\n<!-- \/ Yoast SEO Premium plugin. -->","yoast_head_json":{"title":"MAIRIE DE KAFFRINE - Abdoulaye Sow souhaite la disqualification de Wilane | Nettali.com","robots":{"index":"index","follow":"follow","max-snippet":"max-snippet:-1","max-image-preview":"max-image-preview:large","max-video-preview":"max-video-preview:-1"},"canonical":"https:\/\/www.nettali.com\/2021\/08\/29\/mairie-de-kaffrine-abdoulaye-sow-souhaite-la-disqualification-de-wilane\/","og_locale":"fr_FR","og_type":"article","og_title":"MAIRIE DE KAFFRINE - Abdoulaye Sow souhaite la disqualification de Wilane","og_description":"NETTALI.COM - \"Je ne souhaite pas que le pr\u00e9sident Macky Sall soutienne la candidature d' Abdoulaye Wilane.\" La d\u00e9claration est faite par le ministre de l\u2019Urbanisme, Abdoulaye Saydou Sow invit\u00e9 du Jury du dimanche sur Iradio. Entre Abdoulaye Sow et Abdoulaye Wilane, c'est loin d'\u00eatre le parfait amour. Et les propos tenus ce dimanche par [&hellip;]","og_url":"https:\/\/www.nettali.com\/2021\/08\/29\/mairie-de-kaffrine-abdoulaye-sow-souhaite-la-disqualification-de-wilane\/","og_site_name":"Nettali.com","article_publisher":"https:\/\/www.facebook.com\/nettalicom","article_published_time":"2021-08-29T20:05:31+00:00","og_image":[{"width":699,"height":505,"url":"https:\/\/www.nettali.com\/wp-content\/uploads\/2021\/08\/abdoulaye-sow.jpg","type":"image\/jpeg"}],"twitter_card":"summary_large_image","twitter_misc":{"\u00c9crit par":"Fatou","Dur\u00e9e de lecture estim\u00e9e":"2 minutes"},"schema":{"@context":"https:\/\/schema.org","@graph":[{"@type":"WebSite","@id":"https:\/\/www.nettali.com\/#website","url":"https:\/\/www.nettali.com\/","name":"Nettali.com","description":"Le rendez-vous critique du Net","potentialAction":[{"@type":"SearchAction","target":{"@type":"EntryPoint","urlTemplate":"https:\/\/www.nettali.com\/?s={search_term_string}"},"query-input":"required name=search_term_string"}],"inLanguage":"fr-FR"},{"@type":"ImageObject","@id":"https:\/\/www.nettali.com\/2021\/08\/29\/mairie-de-kaffrine-abdoulaye-sow-souhaite-la-disqualification-de-wilane\/#primaryimage","inLanguage":"fr-FR","url":"https:\/\/www.nettali.com\/wp-content\/uploads\/2021\/08\/abdoulaye-sow.jpg","contentUrl":"https:\/\/www.nettali.com\/wp-content\/uploads\/2021\/08\/abdoulaye-sow.jpg","width":699,"height":505},{"@type":"WebPage","@id":"https:\/\/www.nettali.com\/2021\/08\/29\/mairie-de-kaffrine-abdoulaye-sow-souhaite-la-disqualification-de-wilane\/#webpage","url":"https:\/\/www.nettali.com\/2021\/08\/29\/mairie-de-kaffrine-abdoulaye-sow-souhaite-la-disqualification-de-wilane\/","name":"MAIRIE DE KAFFRINE - Abdoulaye Sow souhaite la disqualification de Wilane | Nettali.com","isPartOf":{"@id":"https:\/\/www.nettali.com\/#website"},"primaryImageOfPage":{"@id":"https:\/\/www.nettali.com\/2021\/08\/29\/mairie-de-kaffrine-abdoulaye-sow-souhaite-la-disqualification-de-wilane\/#primaryimage"},"datePublished":"2021-08-29T20:05:31+00:00","dateModified":"2021-08-29T20:05:31+00:00","author":{"@id":"https:\/\/www.nettali.com\/#\/schema\/person\/418274a86bdf87caff7a3ef476bd0bbf"},"breadcrumb":{"@id":"https:\/\/www.nettali.com\/2021\/08\/29\/mairie-de-kaffrine-abdoulaye-sow-souhaite-la-disqualification-de-wilane\/#breadcrumb"},"inLanguage":"fr-FR","potentialAction":[{"@type":"ReadAction","target":["https:\/\/www.nettali.com\/2021\/08\/29\/mairie-de-kaffrine-abdoulaye-sow-souhaite-la-disqualification-de-wilane\/"]}]},{"@type":"BreadcrumbList","@id":"https:\/\/www.nettali.com\/2021\/08\/29\/mairie-de-kaffrine-abdoulaye-sow-souhaite-la-disqualification-de-wilane\/#breadcrumb","itemListElement":[{"@type":"ListItem","position":1,"name":"Accueil","item":"https:\/\/www.nettali.com\/"},{"@type":"ListItem","position":2,"name":"MAIRIE DE KAFFRINE &#8211; Abdoulaye Sow souhaite la disqualification de Wilane"}]},{"@type":"Person","@id":"https:\/\/www.nettali.com\/#\/schema\/person\/418274a86bdf87caff7a3ef476bd0bbf","name":"Fatou","image":{"@type":"ImageObject","@id":"https:\/\/www.nettali.com\/#personlogo","inLanguage":"fr-FR","url":"https:\/\/secure.gravatar.com\/avatar\/5a9442a2bee7b4dcf167cab035858e9a?s=96&d=mm&r=g","contentUrl":"https:\/\/secure.gravatar.com\/avatar\/5a9442a2bee7b4dcf167cab035858e9a?s=96&d=mm&r=g","caption":"Fatou"},"sameAs":["https:\/\/www.nettali.com"]}]}},"_links":{"self":[{"href":"https:\/\/www.nettali.com\/rest\/wp\/v2\/posts\/70743"}],"collection":[{"href":"https:\/\/www.nettali.com\/rest\/wp\/v2\/posts"}],"about":[{"href":"https:\/\/www.nettali.com\/rest\/wp\/v2\/types\/post"}],"author":[{"embeddable":true,"href":"https:\/\/www.nettali.com\/rest\/wp\/v2\/users\/6"}],"replies":[{"embeddable":true,"href":"https:\/\/www.nettali.com\/rest\/wp\/v2\/comments?post=70743"}],"version-history":[{"count":5,"href":"https:\/\/www.nettali.com\/rest\/wp\/v2\/posts\/70743\/revisions"}],"predecessor-version":[{"id":70776,"href":"https:\/\/www.nettali.com\/rest\/wp\/v2\/posts\/70743\/revisions\/70776"}],"wp:featuredmedia":[{"embeddable":true,"href":"https:\/\/www.nettali.com\/rest\/wp\/v2\/media\/70744"}],"wp:attachment":[{"href":"https:\/\/www.nettali.com\/rest\/wp\/v2\/media?parent=70743"}],"wp:term":[{"taxonomy":"category","embeddable":true,"href":"https:\/\/www.nettali.com\/rest\/wp\/v2\/categories?post=70743"},{"taxonomy":"post_tag","embeddable":true,"href":"https:\/\/www.nettali.com\/rest\/wp\/v2\/tags?post=70743"}],"curies":[{"name":"wp","href":"https:\/\/api.w.org\/{rel}","templated":true}]}}