{"id":70728,"date":"2021-08-29T00:50:21","date_gmt":"2021-08-29T00:50:21","guid":{"rendered":"https:\/\/www.nettali.com\/?p=70728"},"modified":"2021-08-29T00:50:21","modified_gmt":"2021-08-29T00:50:21","slug":"deces-dabc-macky-sall-rend-hommage-a-son-brave-compagnon","status":"publish","type":"post","link":"https:\/\/www.nettali.com\/2021\/08\/29\/deces-dabc-macky-sall-rend-hommage-a-son-brave-compagnon\/","title":{"rendered":"DECES D'ABC - Macky Sall rend hommage \u00e0 son \"brave compagnon\""},"content":{"rendered":"<p><strong>NETTALI.COM\u00a0 - Absent du pays, Macky Sall se dit pein\u00e9 d'apprendre le d\u00e9c\u00e8s de Me Alioune Badara Ciss\u00e9. Le chef de l\u2019Etat rend hommage \u00e0 un <em>\"homme de conviction\".<\/em><\/strong><\/p>\n<p>Leurs relations n'ont pas toujours \u00e9t\u00e9 un long fleuve tranquille, mais Macky Sall n'oublie pas ce que Me Alioune Badara Ciss\u00e9 a fait pour son accession au pouvoir. Dans un texte post\u00e9 sur les r\u00e9seaux sociaux, le pr\u00e9sident de la R\u00e9publique a rendu hommage \u00e0 celui qui fut son ministre des Affaires \u00e9trang\u00e8res.<\/p>\n<p>\"<em>Je suis tr\u00e8s pein\u00e9 d\u2019apprendre le d\u00e9c\u00e8s de Me Alioune Badara Ciss\u00e9, membre fondateur de l\u2019Apr, ancien ministre des Affaires \u00e9trang\u00e8res et ancien M\u00e9diateur de la R\u00e9publique<\/em>\", \u00e9crit le chef de l\u2019Etat.\u00a0 Qui rend hommage \u00e0 <em>\"un<\/em> <em>homme de conviction et un brave compagnon<\/em>\". \"<em>Qu\u2019Allah l\u2019accueille en son Paradis<\/em>\", a-t-il conclu.<\/p>\n<div class='share-to-whatsapp-wrapper'><div class='share-on-whsp'>PARTAGER SUR : <\/div><a data-text='DECES D'ABC - Macky Sall rend hommage \u00e0 son \"brave compagnon\"' data-link='https:\/\/www.nettali.com\/2021\/08\/29\/deces-dabc-macky-sall-rend-hommage-a-son-brave-compagnon\/' class='whatsapp-button whatsapp-share'>WhatsApp<\/a><div class='clear '><\/div><\/div>","protected":false},"excerpt":{"rendered":"<p>NETTALI.COM\u00a0 - Absent du pays, Macky Sall se dit pein\u00e9 d'apprendre le d\u00e9c\u00e8s de Me Alioune Badara Ciss\u00e9. Le chef de l\u2019Etat rend hommage \u00e0 un \"homme de conviction\". Leurs relations n'ont pas toujours \u00e9t\u00e9 un long fleuve tranquille, mais Macky Sall n'oublie pas ce que Me Alioune Badara Ciss\u00e9 a fait pour son accession [&hellip;]<\/p>\n","protected":false},"author":3,"featured_media":70729,"comment_status":"open","ping_status":"open","sticky":false,"template":"","format":"standard","meta":{"_et_pb_use_builder":"","_et_pb_old_content":""},"categories":[2],"tags":[],"yoast_head":"<!-- This site is optimized with the Yoast SEO Premium plugin v17.8 (Yoast SEO v17.8) - https:\/\/yoast.com\/wordpress\/plugins\/seo\/ -->\n<title>DECES D&#039;ABC - Macky Sall rend hommage \u00e0 son &quot;brave compagnon&quot; | Nettali.com<\/title>\n<meta name=\"robots\" content=\"index, follow, max-snippet:-1, max-image-preview:large, max-video-preview:-1\" \/>\n<link rel=\"canonical\" href=\"https:\/\/www.nettali.com\/2021\/08\/29\/deces-dabc-macky-sall-rend-hommage-a-son-brave-compagnon\/\" \/>\n<meta property=\"og:locale\" content=\"fr_FR\" \/>\n<meta property=\"og:type\" content=\"article\" \/>\n<meta property=\"og:title\" content=\"DECES D&#039;ABC - Macky Sall rend hommage \u00e0 son &quot;brave compagnon&quot;\" \/>\n<meta property=\"og:description\" content=\"NETTALI.COM\u00a0 - Absent du pays, Macky Sall se dit pein\u00e9 d&#039;apprendre le d\u00e9c\u00e8s de Me Alioune Badara Ciss\u00e9. Le chef de l\u2019Etat rend hommage \u00e0 un &quot;homme de conviction&quot;. Leurs relations n&#039;ont pas toujours \u00e9t\u00e9 un long fleuve tranquille, mais Macky Sall n&#039;oublie pas ce que Me Alioune Badara Ciss\u00e9 a fait pour son accession [&hellip;]\" \/>\n<meta property=\"og:url\" content=\"https:\/\/www.nettali.com\/2021\/08\/29\/deces-dabc-macky-sall-rend-hommage-a-son-brave-compagnon\/\" \/>\n<meta property=\"og:site_name\" content=\"Nettali.com\" \/>\n<meta property=\"article:publisher\" content=\"https:\/\/www.facebook.com\/nettalicom\" \/>\n<meta property=\"article:published_time\" content=\"2021-08-29T00:50:21+00:00\" \/>\n<meta property=\"og:image\" content=\"https:\/\/www.nettali.com\/wp-content\/uploads\/2021\/08\/41684250-34958300.jpg\" \/>\n\t<meta property=\"og:image:width\" content=\"696\" \/>\n\t<meta property=\"og:image:height\" content=\"459\" \/>\n<meta name=\"twitter:card\" content=\"summary_large_image\" \/>\n<meta name=\"twitter:label1\" content=\"\u00c9crit par\" \/>\n\t<meta name=\"twitter:data1\" content=\"Moustapha\" \/>\n\t<meta name=\"twitter:label2\" content=\"Dur\u00e9e de lecture estim\u00e9e\" \/>\n\t<meta name=\"twitter:data2\" content=\"1 minute\" \/>\n<script type=\"application\/ld+json\" class=\"yoast-schema-graph\">{\"@context\":\"https:\/\/schema.org\",\"@graph\":[{\"@type\":\"WebSite\",\"@id\":\"https:\/\/www.nettali.com\/#website\",\"url\":\"https:\/\/www.nettali.com\/\",\"name\":\"Nettali.com\",\"description\":\"Le rendez-vous critique du Net\",\"potentialAction\":[{\"@type\":\"SearchAction\",\"target\":{\"@type\":\"EntryPoint\",\"urlTemplate\":\"https:\/\/www.nettali.com\/?s={search_term_string}\"},\"query-input\":\"required name=search_term_string\"}],\"inLanguage\":\"fr-FR\"},{\"@type\":\"ImageObject\",\"@id\":\"https:\/\/www.nettali.com\/2021\/08\/29\/deces-dabc-macky-sall-rend-hommage-a-son-brave-compagnon\/#primaryimage\",\"inLanguage\":\"fr-FR\",\"url\":\"https:\/\/www.nettali.com\/wp-content\/uploads\/2021\/08\/41684250-34958300.jpg\",\"contentUrl\":\"https:\/\/www.nettali.com\/wp-content\/uploads\/2021\/08\/41684250-34958300.jpg\",\"width\":696,\"height\":459},{\"@type\":\"WebPage\",\"@id\":\"https:\/\/www.nettali.com\/2021\/08\/29\/deces-dabc-macky-sall-rend-hommage-a-son-brave-compagnon\/#webpage\",\"url\":\"https:\/\/www.nettali.com\/2021\/08\/29\/deces-dabc-macky-sall-rend-hommage-a-son-brave-compagnon\/\",\"name\":\"DECES D'ABC - Macky Sall rend hommage \\u00e0 son \\\"brave compagnon\\\" | Nettali.com\",\"isPartOf\":{\"@id\":\"https:\/\/www.nettali.com\/#website\"},\"primaryImageOfPage\":{\"@id\":\"https:\/\/www.nettali.com\/2021\/08\/29\/deces-dabc-macky-sall-rend-hommage-a-son-brave-compagnon\/#primaryimage\"},\"datePublished\":\"2021-08-29T00:50:21+00:00\",\"dateModified\":\"2021-08-29T00:50:21+00:00\",\"author\":{\"@id\":\"https:\/\/www.nettali.com\/#\/schema\/person\/7962a12a6e0267f88f0ffa544c36469a\"},\"breadcrumb\":{\"@id\":\"https:\/\/www.nettali.com\/2021\/08\/29\/deces-dabc-macky-sall-rend-hommage-a-son-brave-compagnon\/#breadcrumb\"},\"inLanguage\":\"fr-FR\",\"potentialAction\":[{\"@type\":\"ReadAction\",\"target\":[\"https:\/\/www.nettali.com\/2021\/08\/29\/deces-dabc-macky-sall-rend-hommage-a-son-brave-compagnon\/\"]}]},{\"@type\":\"BreadcrumbList\",\"@id\":\"https:\/\/www.nettali.com\/2021\/08\/29\/deces-dabc-macky-sall-rend-hommage-a-son-brave-compagnon\/#breadcrumb\",\"itemListElement\":[{\"@type\":\"ListItem\",\"position\":1,\"name\":\"Accueil\",\"item\":\"https:\/\/www.nettali.com\/\"},{\"@type\":\"ListItem\",\"position\":2,\"name\":\"DECES D&rsquo;ABC &#8211; Macky Sall rend hommage \\u00e0 son \\u00ab\\u00a0brave compagnon\\u00a0\\u00bb\"}]},{\"@type\":\"Person\",\"@id\":\"https:\/\/www.nettali.com\/#\/schema\/person\/7962a12a6e0267f88f0ffa544c36469a\",\"name\":\"Moustapha\",\"image\":{\"@type\":\"ImageObject\",\"@id\":\"https:\/\/www.nettali.com\/#personlogo\",\"inLanguage\":\"fr-FR\",\"url\":\"https:\/\/secure.gravatar.com\/avatar\/10fdf6a071cccdcf374e3dbe45159590?s=96&d=mm&r=g\",\"contentUrl\":\"https:\/\/secure.gravatar.com\/avatar\/10fdf6a071cccdcf374e3dbe45159590?s=96&d=mm&r=g\",\"caption\":\"Moustapha\"},\"sameAs\":[\"https:\/\/www.nettali.com\"]}]}<\/script>\n<!-- \/ Yoast SEO Premium plugin. -->","yoast_head_json":{"title":"DECES D'ABC - Macky Sall rend hommage \u00e0 son \"brave compagnon\" | Nettali.com","robots":{"index":"index","follow":"follow","max-snippet":"max-snippet:-1","max-image-preview":"max-image-preview:large","max-video-preview":"max-video-preview:-1"},"canonical":"https:\/\/www.nettali.com\/2021\/08\/29\/deces-dabc-macky-sall-rend-hommage-a-son-brave-compagnon\/","og_locale":"fr_FR","og_type":"article","og_title":"DECES D'ABC - Macky Sall rend hommage \u00e0 son \"brave compagnon\"","og_description":"NETTALI.COM\u00a0 - Absent du pays, Macky Sall se dit pein\u00e9 d'apprendre le d\u00e9c\u00e8s de Me Alioune Badara Ciss\u00e9. Le chef de l\u2019Etat rend hommage \u00e0 un \"homme de conviction\". Leurs relations n'ont pas toujours \u00e9t\u00e9 un long fleuve tranquille, mais Macky Sall n'oublie pas ce que Me Alioune Badara Ciss\u00e9 a fait pour son accession [&hellip;]","og_url":"https:\/\/www.nettali.com\/2021\/08\/29\/deces-dabc-macky-sall-rend-hommage-a-son-brave-compagnon\/","og_site_name":"Nettali.com","article_publisher":"https:\/\/www.facebook.com\/nettalicom","article_published_time":"2021-08-29T00:50:21+00:00","og_image":[{"width":696,"height":459,"url":"https:\/\/www.nettali.com\/wp-content\/uploads\/2021\/08\/41684250-34958300.jpg","type":"image\/jpeg"}],"twitter_card":"summary_large_image","twitter_misc":{"\u00c9crit par":"Moustapha","Dur\u00e9e de lecture estim\u00e9e":"1 minute"},"schema":{"@context":"https:\/\/schema.org","@graph":[{"@type":"WebSite","@id":"https:\/\/www.nettali.com\/#website","url":"https:\/\/www.nettali.com\/","name":"Nettali.com","description":"Le rendez-vous critique du Net","potentialAction":[{"@type":"SearchAction","target":{"@type":"EntryPoint","urlTemplate":"https:\/\/www.nettali.com\/?s={search_term_string}"},"query-input":"required name=search_term_string"}],"inLanguage":"fr-FR"},{"@type":"ImageObject","@id":"https:\/\/www.nettali.com\/2021\/08\/29\/deces-dabc-macky-sall-rend-hommage-a-son-brave-compagnon\/#primaryimage","inLanguage":"fr-FR","url":"https:\/\/www.nettali.com\/wp-content\/uploads\/2021\/08\/41684250-34958300.jpg","contentUrl":"https:\/\/www.nettali.com\/wp-content\/uploads\/2021\/08\/41684250-34958300.jpg","width":696,"height":459},{"@type":"WebPage","@id":"https:\/\/www.nettali.com\/2021\/08\/29\/deces-dabc-macky-sall-rend-hommage-a-son-brave-compagnon\/#webpage","url":"https:\/\/www.nettali.com\/2021\/08\/29\/deces-dabc-macky-sall-rend-hommage-a-son-brave-compagnon\/","name":"DECES D'ABC - Macky Sall rend hommage \u00e0 son \"brave compagnon\" | Nettali.com","isPartOf":{"@id":"https:\/\/www.nettali.com\/#website"},"primaryImageOfPage":{"@id":"https:\/\/www.nettali.com\/2021\/08\/29\/deces-dabc-macky-sall-rend-hommage-a-son-brave-compagnon\/#primaryimage"},"datePublished":"2021-08-29T00:50:21+00:00","dateModified":"2021-08-29T00:50:21+00:00","author":{"@id":"https:\/\/www.nettali.com\/#\/schema\/person\/7962a12a6e0267f88f0ffa544c36469a"},"breadcrumb":{"@id":"https:\/\/www.nettali.com\/2021\/08\/29\/deces-dabc-macky-sall-rend-hommage-a-son-brave-compagnon\/#breadcrumb"},"inLanguage":"fr-FR","potentialAction":[{"@type":"ReadAction","target":["https:\/\/www.nettali.com\/2021\/08\/29\/deces-dabc-macky-sall-rend-hommage-a-son-brave-compagnon\/"]}]},{"@type":"BreadcrumbList","@id":"https:\/\/www.nettali.com\/2021\/08\/29\/deces-dabc-macky-sall-rend-hommage-a-son-brave-compagnon\/#breadcrumb","itemListElement":[{"@type":"ListItem","position":1,"name":"Accueil","item":"https:\/\/www.nettali.com\/"},{"@type":"ListItem","position":2,"name":"DECES D&rsquo;ABC &#8211; Macky Sall rend hommage \u00e0 son \u00ab\u00a0brave compagnon\u00a0\u00bb"}]},{"@type":"Person","@id":"https:\/\/www.nettali.com\/#\/schema\/person\/7962a12a6e0267f88f0ffa544c36469a","name":"Moustapha","image":{"@type":"ImageObject","@id":"https:\/\/www.nettali.com\/#personlogo","inLanguage":"fr-FR","url":"https:\/\/secure.gravatar.com\/avatar\/10fdf6a071cccdcf374e3dbe45159590?s=96&d=mm&r=g","contentUrl":"https:\/\/secure.gravatar.com\/avatar\/10fdf6a071cccdcf374e3dbe45159590?s=96&d=mm&r=g","caption":"Moustapha"},"sameAs":["https:\/\/www.nettali.com"]}]}},"_links":{"self":[{"href":"https:\/\/www.nettali.com\/rest\/wp\/v2\/posts\/70728"}],"collection":[{"href":"https:\/\/www.nettali.com\/rest\/wp\/v2\/posts"}],"about":[{"href":"https:\/\/www.nettali.com\/rest\/wp\/v2\/types\/post"}],"author":[{"embeddable":true,"href":"https:\/\/www.nettali.com\/rest\/wp\/v2\/users\/3"}],"replies":[{"embeddable":true,"href":"https:\/\/www.nettali.com\/rest\/wp\/v2\/comments?post=70728"}],"version-history":[{"count":1,"href":"https:\/\/www.nettali.com\/rest\/wp\/v2\/posts\/70728\/revisions"}],"predecessor-version":[{"id":70730,"href":"https:\/\/www.nettali.com\/rest\/wp\/v2\/posts\/70728\/revisions\/70730"}],"wp:featuredmedia":[{"embeddable":true,"href":"https:\/\/www.nettali.com\/rest\/wp\/v2\/media\/70729"}],"wp:attachment":[{"href":"https:\/\/www.nettali.com\/rest\/wp\/v2\/media?parent=70728"}],"wp:term":[{"taxonomy":"category","embeddable":true,"href":"https:\/\/www.nettali.com\/rest\/wp\/v2\/categories?post=70728"},{"taxonomy":"post_tag","embeddable":true,"href":"https:\/\/www.nettali.com\/rest\/wp\/v2\/tags?post=70728"}],"curies":[{"name":"wp","href":"https:\/\/api.w.org\/{rel}","templated":true}]}}