{"id":70716,"date":"2021-08-28T23:54:33","date_gmt":"2021-08-28T23:54:33","guid":{"rendered":"https:\/\/www.nettali.com\/?p=70716"},"modified":"2021-08-28T23:55:57","modified_gmt":"2021-08-28T23:55:57","slug":"abc-lhommage-unanime-de-la-classe-politique","status":"publish","type":"post","link":"https:\/\/www.nettali.com\/2021\/08\/28\/abc-lhommage-unanime-de-la-classe-politique\/","title":{"rendered":"ABC - L'hommage unanime de la classe politique"},"content":{"rendered":"<p><strong>NETTALI.COM\u00a0 - Avec la disparition de Me Alioune Badara Ciss\u00e9, le S\u00e9n\u00e9gal perd un grand homme. De Me Moussa Diop \u00e0 Barth\u00e9lemy Dias en passant par D\u00e9thi\u00e9 Fall ou encore Thierno Bocoum, la classe a tenu \u00e0 rendre hommage \u00e0 ABC.\u00a0<\/strong><\/p>\n<p>\"<em>Adieu grand fr\u00e8re et confr\u00e8re<\/em>.\" C'est en ces termes que Me Moussa Diop a entam\u00e9 son hommage \u00e0 Me Alioune Badara Ciss\u00e9 d\u00e9c\u00e9d\u00e9 ce samedi \u00e0 Dakar. L'ancien directeur g\u00e9n\u00e9ral de Dakar Dem Dikk poursuit : \"<em>Triste nouvelle ! Le Ministre Alioune Badara Ciss\u00e9 vient de tirer sa r\u00e9v\u00e9rence. Le S\u00e9n\u00e9gal perd un homme d'\u00c9tat d'une rare dimension. Dans son rapport au monde, Me Alioune Badara Ciss\u00e9 a toujours \u00e9t\u00e9 guid\u00e9 par l'\u00e9thique. C'est pourquoi, son passage \u00e0 la m\u00e9diature de la R\u00e9publique a fait de lui la voix des sans voix. Et pour cause ! En homme de Droit, il savait toujours ce qui doit \u00eatre fait et dit. Alors, il a mis la v\u00e9rit\u00e9 au-dessus des compromissions politiques. Notre d\u00e9mocratie est en deuil car Me Alioune Badara Ciss\u00e9 avait compris que les rapports humains \u00e9taient plus forts que les combats d'id\u00e9ologues<\/em>.\" Me Diop dit avoir perdu un grand fr\u00e8re et un confr\u00e8re.<\/p>\n<p>Le d\u00e9put\u00e9 D\u00e9thi\u00e9 Fall se dit, lui, abasourdi et d\u00e9contenanc\u00e9. \"<em>Je ne puis exprimer la profonde tristesse qui m\u2019envahit \u00e0 l'annonce de la disparition du grand-fr\u00e8re, ancien ministre des affaires \u00e9trang\u00e8res et m\u00e9diateur de la R\u00e9publique , Me Alioune Badara Ciss\u00e9. Il \u00e9tait incontestablement ma\u00eetre dans la bon pr\u00eache, le bel exemple, la bonne moralit\u00e9 et la bonne conduite R\u00e9publicaine<\/em>\", \u00e9crit-il. Avant d'ajouter : \"<em>Tel un grand fr\u00e8re, partageant Saint-Louis et la R\u00e9publique, il ne manquait jamais l'occasion de m'appeler affectueusement \"petit fr\u00e8re\", et me prodiguer de sages et g\u00e9n\u00e9reux conseils, comme \u00e0 son habitude<\/em>.\" Selon le pr\u00e9sident du Prp, il s'agit \"<em>d'une perte \u00e9norme pour Saint-Louis, sa ville natale, le S\u00e9n\u00e9gal et l'Afrique. Une perte aussi pour la d\u00e9mocratie, la justice, l'\u00e9tat de droit et le panafricanisme<\/em>\". \"<em>Un homme de bien, de principes, de valeurs, de convictions s'en est all\u00e8. Merci pour tout<\/em>\", \u00e9crit Barth\u00e9lemy Dias.<\/p>\n<p>\"<em>Je suis d\u00e9vast\u00e9<\/em>\", ajoute, de son c\u00f4t\u00e9, Thierno Bocoum. Qui salue la m\u00e9moire d'un <em>\"fervent talib\u00e9 mouride\".<\/em> \"<em>Un homme de conviction d\u2019honneur et de courage s\u2019en est all\u00e9<\/em>\", a post\u00e9 le pr\u00e9sident du mouvement \"Agir\".<\/p>\n<div class='share-to-whatsapp-wrapper'><div class='share-on-whsp'>PARTAGER SUR : <\/div><a data-text='ABC - L'hommage unanime de la classe politique' data-link='https:\/\/www.nettali.com\/2021\/08\/28\/abc-lhommage-unanime-de-la-classe-politique\/' class='whatsapp-button whatsapp-share'>WhatsApp<\/a><div class='clear '><\/div><\/div>","protected":false},"excerpt":{"rendered":"<p>NETTALI.COM\u00a0 - Avec la disparition de Me Alioune Badara Ciss\u00e9, le S\u00e9n\u00e9gal perd un grand homme. De Me Moussa Diop \u00e0 Barth\u00e9lemy Dias en passant par D\u00e9thi\u00e9 Fall ou encore Thierno Bocoum, la classe a tenu \u00e0 rendre hommage \u00e0 ABC.\u00a0 \"Adieu grand fr\u00e8re et confr\u00e8re.\" C'est en ces termes que Me Moussa Diop a [&hellip;]<\/p>\n","protected":false},"author":3,"featured_media":70717,"comment_status":"open","ping_status":"open","sticky":false,"template":"","format":"standard","meta":{"_et_pb_use_builder":"","_et_pb_old_content":""},"categories":[2],"tags":[],"yoast_head":"<!-- This site is optimized with the Yoast SEO Premium plugin v17.8 (Yoast SEO v17.8) - https:\/\/yoast.com\/wordpress\/plugins\/seo\/ -->\n<title>ABC - L&#039;hommage unanime de la classe politique | Nettali.com<\/title>\n<meta name=\"robots\" content=\"index, follow, max-snippet:-1, max-image-preview:large, max-video-preview:-1\" \/>\n<link rel=\"canonical\" href=\"https:\/\/www.nettali.com\/2021\/08\/28\/abc-lhommage-unanime-de-la-classe-politique\/\" \/>\n<meta property=\"og:locale\" content=\"fr_FR\" \/>\n<meta property=\"og:type\" content=\"article\" \/>\n<meta property=\"og:title\" content=\"ABC - L&#039;hommage unanime de la classe politique\" \/>\n<meta property=\"og:description\" content=\"NETTALI.COM\u00a0 - Avec la disparition de Me Alioune Badara Ciss\u00e9, le S\u00e9n\u00e9gal perd un grand homme. De Me Moussa Diop \u00e0 Barth\u00e9lemy Dias en passant par D\u00e9thi\u00e9 Fall ou encore Thierno Bocoum, la classe a tenu \u00e0 rendre hommage \u00e0 ABC.\u00a0 &quot;Adieu grand fr\u00e8re et confr\u00e8re.&quot; C&#039;est en ces termes que Me Moussa Diop a [&hellip;]\" \/>\n<meta property=\"og:url\" content=\"https:\/\/www.nettali.com\/2021\/08\/28\/abc-lhommage-unanime-de-la-classe-politique\/\" \/>\n<meta property=\"og:site_name\" content=\"Nettali.com\" \/>\n<meta property=\"article:publisher\" content=\"https:\/\/www.facebook.com\/nettalicom\" \/>\n<meta property=\"article:published_time\" content=\"2021-08-28T23:54:33+00:00\" \/>\n<meta property=\"article:modified_time\" content=\"2021-08-28T23:55:57+00:00\" \/>\n<meta property=\"og:image\" content=\"https:\/\/www.nettali.com\/wp-content\/uploads\/2021\/08\/20photo-officielle-b1-scaled.jpg\" \/>\n\t<meta property=\"og:image:width\" content=\"1700\" \/>\n\t<meta property=\"og:image:height\" content=\"2560\" \/>\n<meta name=\"twitter:card\" content=\"summary_large_image\" \/>\n<meta name=\"twitter:label1\" content=\"\u00c9crit par\" \/>\n\t<meta name=\"twitter:data1\" content=\"Moustapha\" \/>\n\t<meta name=\"twitter:label2\" content=\"Dur\u00e9e de lecture estim\u00e9e\" \/>\n\t<meta name=\"twitter:data2\" content=\"2 minutes\" \/>\n<script type=\"application\/ld+json\" class=\"yoast-schema-graph\">{\"@context\":\"https:\/\/schema.org\",\"@graph\":[{\"@type\":\"WebSite\",\"@id\":\"https:\/\/www.nettali.com\/#website\",\"url\":\"https:\/\/www.nettali.com\/\",\"name\":\"Nettali.com\",\"description\":\"Le rendez-vous critique du Net\",\"potentialAction\":[{\"@type\":\"SearchAction\",\"target\":{\"@type\":\"EntryPoint\",\"urlTemplate\":\"https:\/\/www.nettali.com\/?s={search_term_string}\"},\"query-input\":\"required name=search_term_string\"}],\"inLanguage\":\"fr-FR\"},{\"@type\":\"ImageObject\",\"@id\":\"https:\/\/www.nettali.com\/2021\/08\/28\/abc-lhommage-unanime-de-la-classe-politique\/#primaryimage\",\"inLanguage\":\"fr-FR\",\"url\":\"https:\/\/www.nettali.com\/wp-content\/uploads\/2021\/08\/20photo-officielle-b1-scaled.jpg\",\"contentUrl\":\"https:\/\/www.nettali.com\/wp-content\/uploads\/2021\/08\/20photo-officielle-b1-scaled.jpg\",\"width\":1700,\"height\":2560},{\"@type\":\"WebPage\",\"@id\":\"https:\/\/www.nettali.com\/2021\/08\/28\/abc-lhommage-unanime-de-la-classe-politique\/#webpage\",\"url\":\"https:\/\/www.nettali.com\/2021\/08\/28\/abc-lhommage-unanime-de-la-classe-politique\/\",\"name\":\"ABC - L'hommage unanime de la classe politique | Nettali.com\",\"isPartOf\":{\"@id\":\"https:\/\/www.nettali.com\/#website\"},\"primaryImageOfPage\":{\"@id\":\"https:\/\/www.nettali.com\/2021\/08\/28\/abc-lhommage-unanime-de-la-classe-politique\/#primaryimage\"},\"datePublished\":\"2021-08-28T23:54:33+00:00\",\"dateModified\":\"2021-08-28T23:55:57+00:00\",\"author\":{\"@id\":\"https:\/\/www.nettali.com\/#\/schema\/person\/7962a12a6e0267f88f0ffa544c36469a\"},\"breadcrumb\":{\"@id\":\"https:\/\/www.nettali.com\/2021\/08\/28\/abc-lhommage-unanime-de-la-classe-politique\/#breadcrumb\"},\"inLanguage\":\"fr-FR\",\"potentialAction\":[{\"@type\":\"ReadAction\",\"target\":[\"https:\/\/www.nettali.com\/2021\/08\/28\/abc-lhommage-unanime-de-la-classe-politique\/\"]}]},{\"@type\":\"BreadcrumbList\",\"@id\":\"https:\/\/www.nettali.com\/2021\/08\/28\/abc-lhommage-unanime-de-la-classe-politique\/#breadcrumb\",\"itemListElement\":[{\"@type\":\"ListItem\",\"position\":1,\"name\":\"Accueil\",\"item\":\"https:\/\/www.nettali.com\/\"},{\"@type\":\"ListItem\",\"position\":2,\"name\":\"ABC &#8211; L&rsquo;hommage unanime de la classe politique\"}]},{\"@type\":\"Person\",\"@id\":\"https:\/\/www.nettali.com\/#\/schema\/person\/7962a12a6e0267f88f0ffa544c36469a\",\"name\":\"Moustapha\",\"image\":{\"@type\":\"ImageObject\",\"@id\":\"https:\/\/www.nettali.com\/#personlogo\",\"inLanguage\":\"fr-FR\",\"url\":\"https:\/\/secure.gravatar.com\/avatar\/10fdf6a071cccdcf374e3dbe45159590?s=96&d=mm&r=g\",\"contentUrl\":\"https:\/\/secure.gravatar.com\/avatar\/10fdf6a071cccdcf374e3dbe45159590?s=96&d=mm&r=g\",\"caption\":\"Moustapha\"},\"sameAs\":[\"https:\/\/www.nettali.com\"]}]}<\/script>\n<!-- \/ Yoast SEO Premium plugin. -->","yoast_head_json":{"title":"ABC - L'hommage unanime de la classe politique | Nettali.com","robots":{"index":"index","follow":"follow","max-snippet":"max-snippet:-1","max-image-preview":"max-image-preview:large","max-video-preview":"max-video-preview:-1"},"canonical":"https:\/\/www.nettali.com\/2021\/08\/28\/abc-lhommage-unanime-de-la-classe-politique\/","og_locale":"fr_FR","og_type":"article","og_title":"ABC - L'hommage unanime de la classe politique","og_description":"NETTALI.COM\u00a0 - Avec la disparition de Me Alioune Badara Ciss\u00e9, le S\u00e9n\u00e9gal perd un grand homme. De Me Moussa Diop \u00e0 Barth\u00e9lemy Dias en passant par D\u00e9thi\u00e9 Fall ou encore Thierno Bocoum, la classe a tenu \u00e0 rendre hommage \u00e0 ABC.\u00a0 \"Adieu grand fr\u00e8re et confr\u00e8re.\" C'est en ces termes que Me Moussa Diop a [&hellip;]","og_url":"https:\/\/www.nettali.com\/2021\/08\/28\/abc-lhommage-unanime-de-la-classe-politique\/","og_site_name":"Nettali.com","article_publisher":"https:\/\/www.facebook.com\/nettalicom","article_published_time":"2021-08-28T23:54:33+00:00","article_modified_time":"2021-08-28T23:55:57+00:00","og_image":[{"width":1700,"height":2560,"url":"https:\/\/www.nettali.com\/wp-content\/uploads\/2021\/08\/20photo-officielle-b1-scaled.jpg","type":"image\/jpeg"}],"twitter_card":"summary_large_image","twitter_misc":{"\u00c9crit par":"Moustapha","Dur\u00e9e de lecture estim\u00e9e":"2 minutes"},"schema":{"@context":"https:\/\/schema.org","@graph":[{"@type":"WebSite","@id":"https:\/\/www.nettali.com\/#website","url":"https:\/\/www.nettali.com\/","name":"Nettali.com","description":"Le rendez-vous critique du Net","potentialAction":[{"@type":"SearchAction","target":{"@type":"EntryPoint","urlTemplate":"https:\/\/www.nettali.com\/?s={search_term_string}"},"query-input":"required name=search_term_string"}],"inLanguage":"fr-FR"},{"@type":"ImageObject","@id":"https:\/\/www.nettali.com\/2021\/08\/28\/abc-lhommage-unanime-de-la-classe-politique\/#primaryimage","inLanguage":"fr-FR","url":"https:\/\/www.nettali.com\/wp-content\/uploads\/2021\/08\/20photo-officielle-b1-scaled.jpg","contentUrl":"https:\/\/www.nettali.com\/wp-content\/uploads\/2021\/08\/20photo-officielle-b1-scaled.jpg","width":1700,"height":2560},{"@type":"WebPage","@id":"https:\/\/www.nettali.com\/2021\/08\/28\/abc-lhommage-unanime-de-la-classe-politique\/#webpage","url":"https:\/\/www.nettali.com\/2021\/08\/28\/abc-lhommage-unanime-de-la-classe-politique\/","name":"ABC - L'hommage unanime de la classe politique | Nettali.com","isPartOf":{"@id":"https:\/\/www.nettali.com\/#website"},"primaryImageOfPage":{"@id":"https:\/\/www.nettali.com\/2021\/08\/28\/abc-lhommage-unanime-de-la-classe-politique\/#primaryimage"},"datePublished":"2021-08-28T23:54:33+00:00","dateModified":"2021-08-28T23:55:57+00:00","author":{"@id":"https:\/\/www.nettali.com\/#\/schema\/person\/7962a12a6e0267f88f0ffa544c36469a"},"breadcrumb":{"@id":"https:\/\/www.nettali.com\/2021\/08\/28\/abc-lhommage-unanime-de-la-classe-politique\/#breadcrumb"},"inLanguage":"fr-FR","potentialAction":[{"@type":"ReadAction","target":["https:\/\/www.nettali.com\/2021\/08\/28\/abc-lhommage-unanime-de-la-classe-politique\/"]}]},{"@type":"BreadcrumbList","@id":"https:\/\/www.nettali.com\/2021\/08\/28\/abc-lhommage-unanime-de-la-classe-politique\/#breadcrumb","itemListElement":[{"@type":"ListItem","position":1,"name":"Accueil","item":"https:\/\/www.nettali.com\/"},{"@type":"ListItem","position":2,"name":"ABC &#8211; L&rsquo;hommage unanime de la classe politique"}]},{"@type":"Person","@id":"https:\/\/www.nettali.com\/#\/schema\/person\/7962a12a6e0267f88f0ffa544c36469a","name":"Moustapha","image":{"@type":"ImageObject","@id":"https:\/\/www.nettali.com\/#personlogo","inLanguage":"fr-FR","url":"https:\/\/secure.gravatar.com\/avatar\/10fdf6a071cccdcf374e3dbe45159590?s=96&d=mm&r=g","contentUrl":"https:\/\/secure.gravatar.com\/avatar\/10fdf6a071cccdcf374e3dbe45159590?s=96&d=mm&r=g","caption":"Moustapha"},"sameAs":["https:\/\/www.nettali.com"]}]}},"_links":{"self":[{"href":"https:\/\/www.nettali.com\/rest\/wp\/v2\/posts\/70716"}],"collection":[{"href":"https:\/\/www.nettali.com\/rest\/wp\/v2\/posts"}],"about":[{"href":"https:\/\/www.nettali.com\/rest\/wp\/v2\/types\/post"}],"author":[{"embeddable":true,"href":"https:\/\/www.nettali.com\/rest\/wp\/v2\/users\/3"}],"replies":[{"embeddable":true,"href":"https:\/\/www.nettali.com\/rest\/wp\/v2\/comments?post=70716"}],"version-history":[{"count":3,"href":"https:\/\/www.nettali.com\/rest\/wp\/v2\/posts\/70716\/revisions"}],"predecessor-version":[{"id":70720,"href":"https:\/\/www.nettali.com\/rest\/wp\/v2\/posts\/70716\/revisions\/70720"}],"wp:featuredmedia":[{"embeddable":true,"href":"https:\/\/www.nettali.com\/rest\/wp\/v2\/media\/70717"}],"wp:attachment":[{"href":"https:\/\/www.nettali.com\/rest\/wp\/v2\/media?parent=70716"}],"wp:term":[{"taxonomy":"category","embeddable":true,"href":"https:\/\/www.nettali.com\/rest\/wp\/v2\/categories?post=70716"},{"taxonomy":"post_tag","embeddable":true,"href":"https:\/\/www.nettali.com\/rest\/wp\/v2\/tags?post=70716"}],"curies":[{"name":"wp","href":"https:\/\/api.w.org\/{rel}","templated":true}]}}