{"id":70674,"date":"2021-08-28T10:32:14","date_gmt":"2021-08-28T10:32:14","guid":{"rendered":"https:\/\/www.nettali.com\/?p=70674"},"modified":"2021-08-28T21:54:21","modified_gmt":"2021-08-28T21:54:21","slug":"70674","status":"publish","type":"post","link":"https:\/\/www.nettali.com\/2021\/08\/28\/70674\/","title":{"rendered":"MARY TEUW DEFIE MACKY - \u2018\"Je n\u2019exclus aucune alliance\""},"content":{"rendered":"<p><strong>NETTALI.COM - Il milite aujourd\u2019hui \u00e0 l\u2019APR et compte se pr\u00e9senter aux prochaines locales pour \u00eatre maire de Saint-Louis. Que Macky Sall le d\u00e9signe comme candidat de BBY ou pas, il ira \u00e0 ces \u00e9lections, assure-t-il. L\u2019ex-ministre de l\u2019Enseignement sup\u00e9rieur condamne la d\u00e9marche de Mansour Faye, <\/strong><\/p>\n<p>Invit\u00e9, ce samedi, de la rubrique Grand\u2019Place du journal Enqu\u00eate, Mary Teuw Niane n\u2019a pas mis de gants pour r\u00e9it\u00e9rer sa volont\u00e9 de succ\u00e9der au beau-fr\u00e8re du chef de l\u2019Etat, Mansour Faye, \u00e0 la t\u00eate de la mairie de Saint-Louis.<\/p>\n<p>En clair, l\u00e0 o\u00f9 Macky Sall a donn\u00e9 des consignes \u00e0 ses partisans contre les listes parall\u00e8les, l\u2019ancien ministre de l\u2019Enseignement sup\u00e9rieur d\u00e9clare qu\u2019il tend \u00ab sans distinction, la main \u00e0 tous les acteurs de la vie politiques \u00bb.<\/p>\n<p>Pr\u00e9cisant sa pens\u00e9e, le math\u00e9maticien souligne\u00a0: \u00ab\u00a0J\u2019irais dans les conditions que me permet le Code \u00e9lectoral. J\u2019ai lu le Code, j\u2019ai vu ce qui est dedans. Je suis un R\u00e9publicain et je le revendique. Je respecte les institutions de mon Etat. Je suis intransigeant sur cela. Je peux ne pas \u00eatre d\u2019accord avec quelque chose, mais pour moi, on doit respecter les institutions. S\u2019il doit y avoir des changements, faisons-le quand on en a la possibilit\u00e9, mais, je ne contesterais pas les d\u00e9cisions des institutions de mon Etat. J\u2019ai examin\u00e9 le Code \u00e9lectoral selon la situation dans laquelle je suis. Je prendrai les dispositions en conformit\u00e9 avec le Code \u00e9lectoral\u00a0\u00bb.<\/p>\n<p>A la question de savoir s\u2019il int\u00e8gre l\u2019hypoth\u00e8se d\u2019une alliance avec la Coalition Pastef-PDS-Pur-Taxawu Dakar annonc\u00e9e, il r\u00e9pond\u00a0: \u00ab\u00a0Je vous ai dit que nous irons aux \u00e9lections sous la forme que nous permet le Code \u00e9lectoral. C\u2019est pourquoi, je tends, sans distinction, la main \u00e0 tous les acteurs de la vie politique, \u00e9conomique, sociale, culturelle, citoyenne pour aller la main dans la main aux locales. Par cons\u00e9quent, je n\u2019exclus aucune alliance dans l\u2019int\u00e9r\u00eat des populations du d\u00e9partement de Saint-Louis pour aller \u00e0 la conqu\u00eate des mairies du d\u00e9partement de Saint-Louis, afin de mettre en place une politique municipale capable d\u2019apporter les changements qu\u2019appellent de leurs v\u0153ux les populations et de mettre en \u0153uvre dans ces communes un programme ambitieux, r\u00e9aliste et r\u00e9alisable. Dans le cas particulier de Saint-Louis, je veux qu\u2019elle soit au bout des cinq ans de mandat la ville apprenante, la ville num\u00e9rique, la ville sociale, la ville \u00e9conomique, la ville-mod\u00e8le dont chaque Maire r\u00eave\u00a0\u00bb.<\/p>\n<p>Mary Teuw, sur ce registre toujours, mentionne\u00a0: \u00ab\u00a0J\u2019ai une conception tr\u00e8s simple des Locales. Elles appartiennent aux populations. C\u2019est \u00e0 elles de choisir leur maire. Il y a les \u00e9lections nationales. Nous avons vot\u00e9 pour \u00e9lire le pr\u00e9sident de la R\u00e9publique. Mais l\u2019\u00e9lection pr\u00e9sidentielle est termin\u00e9e. Ce n\u2019est plus au pr\u00e9sident de la R\u00e9publique de d\u00e9signer qui va \u00eatre le maire de Saint-Louis. C\u2019est aux Saint-Louisiens et aux Saint-Louisiennes de choisir leur maire. Moi, je consid\u00e8re que j\u2019ai un parcours, je suis Saint-Louisien de naissance, j\u2019ai fait l\u2019essentiel de mon parcours scolaire \u00e0 Saint-Louis ; j\u2019ai travaill\u00e9 \u00e0 Saint-Louis et apport\u00e9 beaucoup de choses. Je pense pouvoir aujourd\u2019hui apporter des choses \u00e0 Saint-Louis qui doit changer. Sa situation n\u2019est pas acceptable pour d\u2019abord le nom qu\u2019elle porte, pour son h\u00e9ritage historique \u00e0 la fois de capitale de l\u2019AOF, de premi\u00e8re capitale s\u00e9n\u00e9galaise et a \u00e9t\u00e9 presque en tout ce que concerne l\u2019\u00e9ducation, la formation, la politique, toujours la premi\u00e8re ville au S\u00e9n\u00e9gal et qu\u2019elle soit dans l\u2019\u00e9tat o\u00f9 elle est aujourd\u2019hui. J\u2019ai dit que je rel\u00e8ve le d\u00e9fi et je sollicite mes concitoyens et concitoyennes pour me donner cette opportunit\u00e9 avec l\u2019\u00e9quipe avec laquelle je vais y aller\u00a0\u00bb.<\/p>\n<p>Revenant sur sa brouille avec le ministre Mansour Faye, il rappelle\u00a0: \u00abA Saint-Louis, nous avons fonctionn\u00e9 de mani\u00e8re autonome. Il y avait Mansour Faye d\u2019un c\u00f4t\u00e9 et nous de l\u2019autre, puisque Mansour avait organis\u00e9 le parti \u00e0 sa mani\u00e8re. Cela ne nous convenait pas. Nous avons milit\u00e9 en parall\u00e8le.\u00bb<\/p>\n<div class='share-to-whatsapp-wrapper'><div class='share-on-whsp'>PARTAGER SUR : <\/div><a data-text='MARY TEUW DEFIE MACKY - \u2018\"Je n\u2019exclus aucune alliance\"' data-link='https:\/\/www.nettali.com\/2021\/08\/28\/70674\/' class='whatsapp-button whatsapp-share'>WhatsApp<\/a><div class='clear '><\/div><\/div>","protected":false},"excerpt":{"rendered":"<p>NETTALI.COM - Il milite aujourd\u2019hui \u00e0 l\u2019APR et compte se pr\u00e9senter aux prochaines locales pour \u00eatre maire de Saint-Louis. Que Macky Sall le d\u00e9signe comme candidat de BBY ou pas, il ira \u00e0 ces \u00e9lections, assure-t-il. L\u2019ex-ministre de l\u2019Enseignement sup\u00e9rieur condamne la d\u00e9marche de Mansour Faye, Invit\u00e9, ce samedi, de la rubrique Grand\u2019Place du journal [&hellip;]<\/p>\n","protected":false},"author":11,"featured_media":43589,"comment_status":"open","ping_status":"open","sticky":false,"template":"","format":"standard","meta":{"_et_pb_use_builder":"","_et_pb_old_content":""},"categories":[2],"tags":[],"yoast_head":"<!-- This site is optimized with the Yoast SEO Premium plugin v17.8 (Yoast SEO v17.8) - https:\/\/yoast.com\/wordpress\/plugins\/seo\/ -->\n<title>MARY TEUW DEFIE MACKY - \u2018&quot;Je n\u2019exclus aucune alliance&quot; | Nettali.com<\/title>\n<meta name=\"robots\" content=\"index, follow, max-snippet:-1, max-image-preview:large, max-video-preview:-1\" \/>\n<link rel=\"canonical\" href=\"https:\/\/www.nettali.com\/2021\/08\/28\/70674\/\" \/>\n<meta property=\"og:locale\" content=\"fr_FR\" \/>\n<meta property=\"og:type\" content=\"article\" \/>\n<meta property=\"og:title\" content=\"MARY TEUW DEFIE MACKY - \u2018&quot;Je n\u2019exclus aucune alliance&quot;\" \/>\n<meta property=\"og:description\" content=\"NETTALI.COM - Il milite aujourd\u2019hui \u00e0 l\u2019APR et compte se pr\u00e9senter aux prochaines locales pour \u00eatre maire de Saint-Louis. Que Macky Sall le d\u00e9signe comme candidat de BBY ou pas, il ira \u00e0 ces \u00e9lections, assure-t-il. L\u2019ex-ministre de l\u2019Enseignement sup\u00e9rieur condamne la d\u00e9marche de Mansour Faye, Invit\u00e9, ce samedi, de la rubrique Grand\u2019Place du journal [&hellip;]\" \/>\n<meta property=\"og:url\" content=\"https:\/\/www.nettali.com\/2021\/08\/28\/70674\/\" \/>\n<meta property=\"og:site_name\" content=\"Nettali.com\" \/>\n<meta property=\"article:publisher\" content=\"https:\/\/www.facebook.com\/nettalicom\" \/>\n<meta property=\"article:published_time\" content=\"2021-08-28T10:32:14+00:00\" \/>\n<meta property=\"article:modified_time\" content=\"2021-08-28T21:54:21+00:00\" \/>\n<meta property=\"og:image\" content=\"https:\/\/www.nettali.com\/wp-content\/uploads\/2020\/08\/mary-teuw-niane-1.jpg\" \/>\n\t<meta property=\"og:image:width\" content=\"800\" \/>\n\t<meta property=\"og:image:height\" content=\"480\" \/>\n<meta name=\"twitter:card\" content=\"summary_large_image\" \/>\n<meta name=\"twitter:label1\" content=\"\u00c9crit par\" \/>\n\t<meta name=\"twitter:data1\" content=\"Thierno Diop\" \/>\n\t<meta name=\"twitter:label2\" content=\"Dur\u00e9e de lecture estim\u00e9e\" \/>\n\t<meta name=\"twitter:data2\" content=\"3 minutes\" \/>\n<script type=\"application\/ld+json\" class=\"yoast-schema-graph\">{\"@context\":\"https:\/\/schema.org\",\"@graph\":[{\"@type\":\"WebSite\",\"@id\":\"https:\/\/www.nettali.com\/#website\",\"url\":\"https:\/\/www.nettali.com\/\",\"name\":\"Nettali.com\",\"description\":\"Le rendez-vous critique du Net\",\"potentialAction\":[{\"@type\":\"SearchAction\",\"target\":{\"@type\":\"EntryPoint\",\"urlTemplate\":\"https:\/\/www.nettali.com\/?s={search_term_string}\"},\"query-input\":\"required name=search_term_string\"}],\"inLanguage\":\"fr-FR\"},{\"@type\":\"ImageObject\",\"@id\":\"https:\/\/www.nettali.com\/2021\/08\/28\/70674\/#primaryimage\",\"inLanguage\":\"fr-FR\",\"url\":\"https:\/\/www.nettali.com\/wp-content\/uploads\/2020\/08\/mary-teuw-niane-1.jpg\",\"contentUrl\":\"https:\/\/www.nettali.com\/wp-content\/uploads\/2020\/08\/mary-teuw-niane-1.jpg\",\"width\":800,\"height\":480},{\"@type\":\"WebPage\",\"@id\":\"https:\/\/www.nettali.com\/2021\/08\/28\/70674\/#webpage\",\"url\":\"https:\/\/www.nettali.com\/2021\/08\/28\/70674\/\",\"name\":\"MARY TEUW DEFIE MACKY - \\u2018\\\"Je n\\u2019exclus aucune alliance\\\" | Nettali.com\",\"isPartOf\":{\"@id\":\"https:\/\/www.nettali.com\/#website\"},\"primaryImageOfPage\":{\"@id\":\"https:\/\/www.nettali.com\/2021\/08\/28\/70674\/#primaryimage\"},\"datePublished\":\"2021-08-28T10:32:14+00:00\",\"dateModified\":\"2021-08-28T21:54:21+00:00\",\"author\":{\"@id\":\"https:\/\/www.nettali.com\/#\/schema\/person\/8a06c6bd7b19304cf4bf985862900b5b\"},\"breadcrumb\":{\"@id\":\"https:\/\/www.nettali.com\/2021\/08\/28\/70674\/#breadcrumb\"},\"inLanguage\":\"fr-FR\",\"potentialAction\":[{\"@type\":\"ReadAction\",\"target\":[\"https:\/\/www.nettali.com\/2021\/08\/28\/70674\/\"]}]},{\"@type\":\"BreadcrumbList\",\"@id\":\"https:\/\/www.nettali.com\/2021\/08\/28\/70674\/#breadcrumb\",\"itemListElement\":[{\"@type\":\"ListItem\",\"position\":1,\"name\":\"Accueil\",\"item\":\"https:\/\/www.nettali.com\/\"},{\"@type\":\"ListItem\",\"position\":2,\"name\":\"MARY TEUW DEFIE MACKY &#8211; \\u2018\\u00a0\\u00bbJe n\\u2019exclus aucune alliance\\u00a0\\u00bb\"}]},{\"@type\":\"Person\",\"@id\":\"https:\/\/www.nettali.com\/#\/schema\/person\/8a06c6bd7b19304cf4bf985862900b5b\",\"name\":\"Thierno Diop\",\"image\":{\"@type\":\"ImageObject\",\"@id\":\"https:\/\/www.nettali.com\/#personlogo\",\"inLanguage\":\"fr-FR\",\"url\":\"https:\/\/secure.gravatar.com\/avatar\/c8ca58550c94fd2ac856d27391a6c866?s=96&d=mm&r=g\",\"contentUrl\":\"https:\/\/secure.gravatar.com\/avatar\/c8ca58550c94fd2ac856d27391a6c866?s=96&d=mm&r=g\",\"caption\":\"Thierno Diop\"},\"sameAs\":[\"https:\/\/nettali.com\"]}]}<\/script>\n<!-- \/ Yoast SEO Premium plugin. -->","yoast_head_json":{"title":"MARY TEUW DEFIE MACKY - \u2018\"Je n\u2019exclus aucune alliance\" | Nettali.com","robots":{"index":"index","follow":"follow","max-snippet":"max-snippet:-1","max-image-preview":"max-image-preview:large","max-video-preview":"max-video-preview:-1"},"canonical":"https:\/\/www.nettali.com\/2021\/08\/28\/70674\/","og_locale":"fr_FR","og_type":"article","og_title":"MARY TEUW DEFIE MACKY - \u2018\"Je n\u2019exclus aucune alliance\"","og_description":"NETTALI.COM - Il milite aujourd\u2019hui \u00e0 l\u2019APR et compte se pr\u00e9senter aux prochaines locales pour \u00eatre maire de Saint-Louis. Que Macky Sall le d\u00e9signe comme candidat de BBY ou pas, il ira \u00e0 ces \u00e9lections, assure-t-il. L\u2019ex-ministre de l\u2019Enseignement sup\u00e9rieur condamne la d\u00e9marche de Mansour Faye, Invit\u00e9, ce samedi, de la rubrique Grand\u2019Place du journal [&hellip;]","og_url":"https:\/\/www.nettali.com\/2021\/08\/28\/70674\/","og_site_name":"Nettali.com","article_publisher":"https:\/\/www.facebook.com\/nettalicom","article_published_time":"2021-08-28T10:32:14+00:00","article_modified_time":"2021-08-28T21:54:21+00:00","og_image":[{"width":800,"height":480,"url":"https:\/\/www.nettali.com\/wp-content\/uploads\/2020\/08\/mary-teuw-niane-1.jpg","type":"image\/jpeg"}],"twitter_card":"summary_large_image","twitter_misc":{"\u00c9crit par":"Thierno Diop","Dur\u00e9e de lecture estim\u00e9e":"3 minutes"},"schema":{"@context":"https:\/\/schema.org","@graph":[{"@type":"WebSite","@id":"https:\/\/www.nettali.com\/#website","url":"https:\/\/www.nettali.com\/","name":"Nettali.com","description":"Le rendez-vous critique du Net","potentialAction":[{"@type":"SearchAction","target":{"@type":"EntryPoint","urlTemplate":"https:\/\/www.nettali.com\/?s={search_term_string}"},"query-input":"required name=search_term_string"}],"inLanguage":"fr-FR"},{"@type":"ImageObject","@id":"https:\/\/www.nettali.com\/2021\/08\/28\/70674\/#primaryimage","inLanguage":"fr-FR","url":"https:\/\/www.nettali.com\/wp-content\/uploads\/2020\/08\/mary-teuw-niane-1.jpg","contentUrl":"https:\/\/www.nettali.com\/wp-content\/uploads\/2020\/08\/mary-teuw-niane-1.jpg","width":800,"height":480},{"@type":"WebPage","@id":"https:\/\/www.nettali.com\/2021\/08\/28\/70674\/#webpage","url":"https:\/\/www.nettali.com\/2021\/08\/28\/70674\/","name":"MARY TEUW DEFIE MACKY - \u2018\"Je n\u2019exclus aucune alliance\" | Nettali.com","isPartOf":{"@id":"https:\/\/www.nettali.com\/#website"},"primaryImageOfPage":{"@id":"https:\/\/www.nettali.com\/2021\/08\/28\/70674\/#primaryimage"},"datePublished":"2021-08-28T10:32:14+00:00","dateModified":"2021-08-28T21:54:21+00:00","author":{"@id":"https:\/\/www.nettali.com\/#\/schema\/person\/8a06c6bd7b19304cf4bf985862900b5b"},"breadcrumb":{"@id":"https:\/\/www.nettali.com\/2021\/08\/28\/70674\/#breadcrumb"},"inLanguage":"fr-FR","potentialAction":[{"@type":"ReadAction","target":["https:\/\/www.nettali.com\/2021\/08\/28\/70674\/"]}]},{"@type":"BreadcrumbList","@id":"https:\/\/www.nettali.com\/2021\/08\/28\/70674\/#breadcrumb","itemListElement":[{"@type":"ListItem","position":1,"name":"Accueil","item":"https:\/\/www.nettali.com\/"},{"@type":"ListItem","position":2,"name":"MARY TEUW DEFIE MACKY &#8211; \u2018\u00a0\u00bbJe n\u2019exclus aucune alliance\u00a0\u00bb"}]},{"@type":"Person","@id":"https:\/\/www.nettali.com\/#\/schema\/person\/8a06c6bd7b19304cf4bf985862900b5b","name":"Thierno Diop","image":{"@type":"ImageObject","@id":"https:\/\/www.nettali.com\/#personlogo","inLanguage":"fr-FR","url":"https:\/\/secure.gravatar.com\/avatar\/c8ca58550c94fd2ac856d27391a6c866?s=96&d=mm&r=g","contentUrl":"https:\/\/secure.gravatar.com\/avatar\/c8ca58550c94fd2ac856d27391a6c866?s=96&d=mm&r=g","caption":"Thierno Diop"},"sameAs":["https:\/\/nettali.com"]}]}},"_links":{"self":[{"href":"https:\/\/www.nettali.com\/rest\/wp\/v2\/posts\/70674"}],"collection":[{"href":"https:\/\/www.nettali.com\/rest\/wp\/v2\/posts"}],"about":[{"href":"https:\/\/www.nettali.com\/rest\/wp\/v2\/types\/post"}],"author":[{"embeddable":true,"href":"https:\/\/www.nettali.com\/rest\/wp\/v2\/users\/11"}],"replies":[{"embeddable":true,"href":"https:\/\/www.nettali.com\/rest\/wp\/v2\/comments?post=70674"}],"version-history":[{"count":3,"href":"https:\/\/www.nettali.com\/rest\/wp\/v2\/posts\/70674\/revisions"}],"predecessor-version":[{"id":70677,"href":"https:\/\/www.nettali.com\/rest\/wp\/v2\/posts\/70674\/revisions\/70677"}],"wp:featuredmedia":[{"embeddable":true,"href":"https:\/\/www.nettali.com\/rest\/wp\/v2\/media\/43589"}],"wp:attachment":[{"href":"https:\/\/www.nettali.com\/rest\/wp\/v2\/media?parent=70674"}],"wp:term":[{"taxonomy":"category","embeddable":true,"href":"https:\/\/www.nettali.com\/rest\/wp\/v2\/categories?post=70674"},{"taxonomy":"post_tag","embeddable":true,"href":"https:\/\/www.nettali.com\/rest\/wp\/v2\/tags?post=70674"}],"curies":[{"name":"wp","href":"https:\/\/api.w.org\/{rel}","templated":true}]}}