{"id":70636,"date":"2021-08-27T17:49:22","date_gmt":"2021-08-27T17:49:22","guid":{"rendered":"https:\/\/www.nettali.com\/?p=70636"},"modified":"2021-08-27T17:49:22","modified_gmt":"2021-08-27T17:49:22","slug":"mercato-pape-matar-sarr-sengage-avec-tottenham","status":"publish","type":"post","link":"https:\/\/www.nettali.com\/2021\/08\/27\/mercato-pape-matar-sarr-sengage-avec-tottenham\/","title":{"rendered":"MERCATO - Pape Matar Sarr s'engage avec Tottenham"},"content":{"rendered":"<p><strong>NETTALI.COM - C'\u00e9tait dans l'air, c'est d\u00e9sormais act\u00e9. Pape Matar Sarr, le jeune et prometteur milieu de terrain du FC Metz, est officiellement transf\u00e9r\u00e9 \u00e0 Tottenham. Pour plus de 20 millions d'euros, le prodige s\u00e9n\u00e9galais de 18 ans est li\u00e9 aux Spurs pour les cinq prochaines saisons.<\/strong><\/p>\n<p>C'est fait! Pape Matar Sarr va rejoindre Tottenham et va agrandir la colonie des joueurs s\u00e9n\u00e9galais \u00e9voluant en Premier League.<\/p>\n<p>Selon les m\u00e9dias anglais, le montant de son transfert sera sup\u00e9rieur \u00e0 20 millions d'euros en incluant les bonus dont la plupart sont facilement atteignables.<\/p>\n<p>Le club lorrain a donc battu son record de vente historique, qui concernait \u00e0 un autre Sarr, Isma\u00efla, lui aussi form\u00e9 \u00e0 G\u00e9n\u00e9ration Foot, qui \u00e9tait de 17 millions d'euros, en 2017 \u00e0 Rennes.<\/p>\n<p>A noter que le milieu international s\u00e9n\u00e9galais de 18 ans rejoindra les Spurs seulement \u00e0 l'\u00e9t\u00e9 2022. En effet, il reste en pr\u00eat chez les Grenats pour terminer la saison en Ligue 1.<\/p>\n<div class='share-to-whatsapp-wrapper'><div class='share-on-whsp'>PARTAGER SUR : <\/div><a data-text='MERCATO - Pape Matar Sarr s'engage avec Tottenham' data-link='https:\/\/www.nettali.com\/2021\/08\/27\/mercato-pape-matar-sarr-sengage-avec-tottenham\/' class='whatsapp-button whatsapp-share'>WhatsApp<\/a><div class='clear '><\/div><\/div>","protected":false},"excerpt":{"rendered":"<p>NETTALI.COM - C'\u00e9tait dans l'air, c'est d\u00e9sormais act\u00e9. Pape Matar Sarr, le jeune et prometteur milieu de terrain du FC Metz, est officiellement transf\u00e9r\u00e9 \u00e0 Tottenham. Pour plus de 20 millions d'euros, le prodige s\u00e9n\u00e9galais de 18 ans est li\u00e9 aux Spurs pour les cinq prochaines saisons. C'est fait! Pape Matar Sarr va rejoindre Tottenham [&hellip;]<\/p>\n","protected":false},"author":5,"featured_media":70638,"comment_status":"open","ping_status":"open","sticky":false,"template":"","format":"standard","meta":{"_et_pb_use_builder":"","_et_pb_old_content":""},"categories":[6],"tags":[],"yoast_head":"<!-- This site is optimized with the Yoast SEO Premium plugin v17.8 (Yoast SEO v17.8) - https:\/\/yoast.com\/wordpress\/plugins\/seo\/ -->\n<title>MERCATO - Pape Matar Sarr s&#039;engage avec Tottenham | Nettali.com<\/title>\n<meta name=\"robots\" content=\"index, follow, max-snippet:-1, max-image-preview:large, max-video-preview:-1\" \/>\n<link rel=\"canonical\" href=\"https:\/\/www.nettali.com\/2021\/08\/27\/mercato-pape-matar-sarr-sengage-avec-tottenham\/\" \/>\n<meta property=\"og:locale\" content=\"fr_FR\" \/>\n<meta property=\"og:type\" content=\"article\" \/>\n<meta property=\"og:title\" content=\"MERCATO - Pape Matar Sarr s&#039;engage avec Tottenham\" \/>\n<meta property=\"og:description\" content=\"NETTALI.COM - C&#039;\u00e9tait dans l&#039;air, c&#039;est d\u00e9sormais act\u00e9. Pape Matar Sarr, le jeune et prometteur milieu de terrain du FC Metz, est officiellement transf\u00e9r\u00e9 \u00e0 Tottenham. Pour plus de 20 millions d&#039;euros, le prodige s\u00e9n\u00e9galais de 18 ans est li\u00e9 aux Spurs pour les cinq prochaines saisons. C&#039;est fait! Pape Matar Sarr va rejoindre Tottenham [&hellip;]\" \/>\n<meta property=\"og:url\" content=\"https:\/\/www.nettali.com\/2021\/08\/27\/mercato-pape-matar-sarr-sengage-avec-tottenham\/\" \/>\n<meta property=\"og:site_name\" content=\"Nettali.com\" \/>\n<meta property=\"article:publisher\" content=\"https:\/\/www.facebook.com\/nettalicom\" \/>\n<meta property=\"article:published_time\" content=\"2021-08-27T17:49:22+00:00\" \/>\n<meta property=\"og:image\" content=\"https:\/\/www.nettali.com\/wp-content\/uploads\/2021\/08\/Sarr200821a-810x580-2.png\" \/>\n\t<meta property=\"og:image:width\" content=\"810\" \/>\n\t<meta property=\"og:image:height\" content=\"580\" \/>\n<meta name=\"twitter:card\" content=\"summary_large_image\" \/>\n<meta name=\"twitter:label1\" content=\"\u00c9crit par\" \/>\n\t<meta name=\"twitter:data1\" content=\"Ibrahima\" \/>\n\t<meta name=\"twitter:label2\" content=\"Dur\u00e9e de lecture estim\u00e9e\" \/>\n\t<meta name=\"twitter:data2\" content=\"1 minute\" \/>\n<script type=\"application\/ld+json\" class=\"yoast-schema-graph\">{\"@context\":\"https:\/\/schema.org\",\"@graph\":[{\"@type\":\"WebSite\",\"@id\":\"https:\/\/www.nettali.com\/#website\",\"url\":\"https:\/\/www.nettali.com\/\",\"name\":\"Nettali.com\",\"description\":\"Le rendez-vous critique du Net\",\"potentialAction\":[{\"@type\":\"SearchAction\",\"target\":{\"@type\":\"EntryPoint\",\"urlTemplate\":\"https:\/\/www.nettali.com\/?s={search_term_string}\"},\"query-input\":\"required name=search_term_string\"}],\"inLanguage\":\"fr-FR\"},{\"@type\":\"ImageObject\",\"@id\":\"https:\/\/www.nettali.com\/2021\/08\/27\/mercato-pape-matar-sarr-sengage-avec-tottenham\/#primaryimage\",\"inLanguage\":\"fr-FR\",\"url\":\"https:\/\/www.nettali.com\/wp-content\/uploads\/2021\/08\/Sarr200821a-810x580-2.png\",\"contentUrl\":\"https:\/\/www.nettali.com\/wp-content\/uploads\/2021\/08\/Sarr200821a-810x580-2.png\",\"width\":810,\"height\":580},{\"@type\":\"WebPage\",\"@id\":\"https:\/\/www.nettali.com\/2021\/08\/27\/mercato-pape-matar-sarr-sengage-avec-tottenham\/#webpage\",\"url\":\"https:\/\/www.nettali.com\/2021\/08\/27\/mercato-pape-matar-sarr-sengage-avec-tottenham\/\",\"name\":\"MERCATO - Pape Matar Sarr s'engage avec Tottenham | Nettali.com\",\"isPartOf\":{\"@id\":\"https:\/\/www.nettali.com\/#website\"},\"primaryImageOfPage\":{\"@id\":\"https:\/\/www.nettali.com\/2021\/08\/27\/mercato-pape-matar-sarr-sengage-avec-tottenham\/#primaryimage\"},\"datePublished\":\"2021-08-27T17:49:22+00:00\",\"dateModified\":\"2021-08-27T17:49:22+00:00\",\"author\":{\"@id\":\"https:\/\/www.nettali.com\/#\/schema\/person\/bb147657c2986240405a608162b9bb23\"},\"breadcrumb\":{\"@id\":\"https:\/\/www.nettali.com\/2021\/08\/27\/mercato-pape-matar-sarr-sengage-avec-tottenham\/#breadcrumb\"},\"inLanguage\":\"fr-FR\",\"potentialAction\":[{\"@type\":\"ReadAction\",\"target\":[\"https:\/\/www.nettali.com\/2021\/08\/27\/mercato-pape-matar-sarr-sengage-avec-tottenham\/\"]}]},{\"@type\":\"BreadcrumbList\",\"@id\":\"https:\/\/www.nettali.com\/2021\/08\/27\/mercato-pape-matar-sarr-sengage-avec-tottenham\/#breadcrumb\",\"itemListElement\":[{\"@type\":\"ListItem\",\"position\":1,\"name\":\"Accueil\",\"item\":\"https:\/\/www.nettali.com\/\"},{\"@type\":\"ListItem\",\"position\":2,\"name\":\"MERCATO &#8211; Pape Matar Sarr s&rsquo;engage avec Tottenham\"}]},{\"@type\":\"Person\",\"@id\":\"https:\/\/www.nettali.com\/#\/schema\/person\/bb147657c2986240405a608162b9bb23\",\"name\":\"Ibrahima\",\"image\":{\"@type\":\"ImageObject\",\"@id\":\"https:\/\/www.nettali.com\/#personlogo\",\"inLanguage\":\"fr-FR\",\"url\":\"https:\/\/secure.gravatar.com\/avatar\/26a8a81f09f0dd7624c9d5c36c9ba3a2?s=96&d=mm&r=g\",\"contentUrl\":\"https:\/\/secure.gravatar.com\/avatar\/26a8a81f09f0dd7624c9d5c36c9ba3a2?s=96&d=mm&r=g\",\"caption\":\"Ibrahima\"},\"sameAs\":[\"https:\/\/www.nettali.com\"]}]}<\/script>\n<!-- \/ Yoast SEO Premium plugin. -->","yoast_head_json":{"title":"MERCATO - Pape Matar Sarr s'engage avec Tottenham | Nettali.com","robots":{"index":"index","follow":"follow","max-snippet":"max-snippet:-1","max-image-preview":"max-image-preview:large","max-video-preview":"max-video-preview:-1"},"canonical":"https:\/\/www.nettali.com\/2021\/08\/27\/mercato-pape-matar-sarr-sengage-avec-tottenham\/","og_locale":"fr_FR","og_type":"article","og_title":"MERCATO - Pape Matar Sarr s'engage avec Tottenham","og_description":"NETTALI.COM - C'\u00e9tait dans l'air, c'est d\u00e9sormais act\u00e9. Pape Matar Sarr, le jeune et prometteur milieu de terrain du FC Metz, est officiellement transf\u00e9r\u00e9 \u00e0 Tottenham. Pour plus de 20 millions d'euros, le prodige s\u00e9n\u00e9galais de 18 ans est li\u00e9 aux Spurs pour les cinq prochaines saisons. C'est fait! Pape Matar Sarr va rejoindre Tottenham [&hellip;]","og_url":"https:\/\/www.nettali.com\/2021\/08\/27\/mercato-pape-matar-sarr-sengage-avec-tottenham\/","og_site_name":"Nettali.com","article_publisher":"https:\/\/www.facebook.com\/nettalicom","article_published_time":"2021-08-27T17:49:22+00:00","og_image":[{"width":810,"height":580,"url":"https:\/\/www.nettali.com\/wp-content\/uploads\/2021\/08\/Sarr200821a-810x580-2.png","type":"image\/png"}],"twitter_card":"summary_large_image","twitter_misc":{"\u00c9crit par":"Ibrahima","Dur\u00e9e de lecture estim\u00e9e":"1 minute"},"schema":{"@context":"https:\/\/schema.org","@graph":[{"@type":"WebSite","@id":"https:\/\/www.nettali.com\/#website","url":"https:\/\/www.nettali.com\/","name":"Nettali.com","description":"Le rendez-vous critique du Net","potentialAction":[{"@type":"SearchAction","target":{"@type":"EntryPoint","urlTemplate":"https:\/\/www.nettali.com\/?s={search_term_string}"},"query-input":"required name=search_term_string"}],"inLanguage":"fr-FR"},{"@type":"ImageObject","@id":"https:\/\/www.nettali.com\/2021\/08\/27\/mercato-pape-matar-sarr-sengage-avec-tottenham\/#primaryimage","inLanguage":"fr-FR","url":"https:\/\/www.nettali.com\/wp-content\/uploads\/2021\/08\/Sarr200821a-810x580-2.png","contentUrl":"https:\/\/www.nettali.com\/wp-content\/uploads\/2021\/08\/Sarr200821a-810x580-2.png","width":810,"height":580},{"@type":"WebPage","@id":"https:\/\/www.nettali.com\/2021\/08\/27\/mercato-pape-matar-sarr-sengage-avec-tottenham\/#webpage","url":"https:\/\/www.nettali.com\/2021\/08\/27\/mercato-pape-matar-sarr-sengage-avec-tottenham\/","name":"MERCATO - Pape Matar Sarr s'engage avec Tottenham | Nettali.com","isPartOf":{"@id":"https:\/\/www.nettali.com\/#website"},"primaryImageOfPage":{"@id":"https:\/\/www.nettali.com\/2021\/08\/27\/mercato-pape-matar-sarr-sengage-avec-tottenham\/#primaryimage"},"datePublished":"2021-08-27T17:49:22+00:00","dateModified":"2021-08-27T17:49:22+00:00","author":{"@id":"https:\/\/www.nettali.com\/#\/schema\/person\/bb147657c2986240405a608162b9bb23"},"breadcrumb":{"@id":"https:\/\/www.nettali.com\/2021\/08\/27\/mercato-pape-matar-sarr-sengage-avec-tottenham\/#breadcrumb"},"inLanguage":"fr-FR","potentialAction":[{"@type":"ReadAction","target":["https:\/\/www.nettali.com\/2021\/08\/27\/mercato-pape-matar-sarr-sengage-avec-tottenham\/"]}]},{"@type":"BreadcrumbList","@id":"https:\/\/www.nettali.com\/2021\/08\/27\/mercato-pape-matar-sarr-sengage-avec-tottenham\/#breadcrumb","itemListElement":[{"@type":"ListItem","position":1,"name":"Accueil","item":"https:\/\/www.nettali.com\/"},{"@type":"ListItem","position":2,"name":"MERCATO &#8211; Pape Matar Sarr s&rsquo;engage avec Tottenham"}]},{"@type":"Person","@id":"https:\/\/www.nettali.com\/#\/schema\/person\/bb147657c2986240405a608162b9bb23","name":"Ibrahima","image":{"@type":"ImageObject","@id":"https:\/\/www.nettali.com\/#personlogo","inLanguage":"fr-FR","url":"https:\/\/secure.gravatar.com\/avatar\/26a8a81f09f0dd7624c9d5c36c9ba3a2?s=96&d=mm&r=g","contentUrl":"https:\/\/secure.gravatar.com\/avatar\/26a8a81f09f0dd7624c9d5c36c9ba3a2?s=96&d=mm&r=g","caption":"Ibrahima"},"sameAs":["https:\/\/www.nettali.com"]}]}},"_links":{"self":[{"href":"https:\/\/www.nettali.com\/rest\/wp\/v2\/posts\/70636"}],"collection":[{"href":"https:\/\/www.nettali.com\/rest\/wp\/v2\/posts"}],"about":[{"href":"https:\/\/www.nettali.com\/rest\/wp\/v2\/types\/post"}],"author":[{"embeddable":true,"href":"https:\/\/www.nettali.com\/rest\/wp\/v2\/users\/5"}],"replies":[{"embeddable":true,"href":"https:\/\/www.nettali.com\/rest\/wp\/v2\/comments?post=70636"}],"version-history":[{"count":3,"href":"https:\/\/www.nettali.com\/rest\/wp\/v2\/posts\/70636\/revisions"}],"predecessor-version":[{"id":70641,"href":"https:\/\/www.nettali.com\/rest\/wp\/v2\/posts\/70636\/revisions\/70641"}],"wp:featuredmedia":[{"embeddable":true,"href":"https:\/\/www.nettali.com\/rest\/wp\/v2\/media\/70638"}],"wp:attachment":[{"href":"https:\/\/www.nettali.com\/rest\/wp\/v2\/media?parent=70636"}],"wp:term":[{"taxonomy":"category","embeddable":true,"href":"https:\/\/www.nettali.com\/rest\/wp\/v2\/categories?post=70636"},{"taxonomy":"post_tag","embeddable":true,"href":"https:\/\/www.nettali.com\/rest\/wp\/v2\/tags?post=70636"}],"curies":[{"name":"wp","href":"https:\/\/api.w.org\/{rel}","templated":true}]}}