{"id":70628,"date":"2021-08-27T16:49:00","date_gmt":"2021-08-27T16:49:00","guid":{"rendered":"https:\/\/www.nettali.com\/?p=70628"},"modified":"2021-08-28T08:01:20","modified_gmt":"2021-08-28T08:01:20","slug":"outrage-a-la-pudeur-le-producteur-et-les-acteurs-de-cirque-noir-entre-entre-1-an-et-2-ans-de-prison","status":"publish","type":"post","link":"https:\/\/www.nettali.com\/2021\/08\/27\/outrage-a-la-pudeur-le-producteur-et-les-acteurs-de-cirque-noir-entre-entre-1-an-et-2-ans-de-prison\/","title":{"rendered":"OUTRAGE A LA PUDEUR - Ce qui attend le producteur et les acteurs de \"Cirque noir\""},"content":{"rendered":"<p><strong>NETTALI.COM-Le producteur et les acteurs de la s\u00e9rie pol\u00e9mique \u00ab Cirque noire \u00bb ont comparu, ce vendredi, \u00e0 la barre du tribunal des flagrants d\u00e9lits de Dakar. A la fin des d\u00e9bats, le parquet a requis 2 ans ferme contre le producteur et 2 ans dont 1 an ferme contre les acteurs.<\/strong><\/p>\n<p>Interrog\u00e9s sur les faits qui leur sont reproch\u00e9s, les mis en cause sont pass\u00e9s aux aveux. Premier \u00e0 \u00eatre entendu, Adama Ndiaye alias OG youtubeur de son \u00e9tat a r\u00e9v\u00e9l\u00e9 qu\u2019il a arr\u00eat\u00e9 ses \u00e9tudes juste apr\u00e8s le Bac. Par la suite, il est all\u00e9 voir Mouhamed pour lui proposer une s\u00e9rie avec des sc\u00e8nes chocs. \"<em>Mais lorsque mon fr\u00e8re m\u2019a expliqu\u00e9 ce que je risquais, j\u2019ai automatiquement supprim\u00e9 la bande annonce avant d\u2019en faire une autre<\/em>\", a dit le producteur.<\/p>\n<p>M\u00eame son de cloche chez le musicien Mouhamed Ousseyni alias Wizzy Cana. Le musicien qui est sur un lit avec l'actrice Christine Mendy, pr\u00e9venu dans cette affaire, a soutenu que le bande annonce ne refl\u00e8te pas le sc\u00e9nario.\u00a0 Christine, qui \u00e9tait en string \u00e0 ses c\u00f4t\u00e9s, a confess\u00e9 : \u00ab <em>Adama m'a propos\u00e9 d'\u00eatre l'actrice principale, c\u2019est-\u00e0-dire une fille frivole<\/em> \u00bb. Les larmes aux yeux, elle a indiqu\u00e9 qu\u2019il s\u2019agit d\u2019une \u00ab<em> simulation<\/em> \u00bb.<\/p>\n<p>Abdou Aziz Sarr, Abdou Salam Diop et Gnagna B\u00e2 ont \u00e9galement abond\u00e9 dans le m\u00eame sens en soutenant que leur intention n\u2019\u00e9tait point de choquer encore moins de faire diffuser des sc\u00e8nes obsc\u00e8nes.<\/p>\n<p>Le parquet a requis 2 ans ferme contre Adama Ndiaye et 2 ans dont 1 an contre les quatre acteurs.<\/p>\n<p>La d\u00e9fense a plaid\u00e9 la relaxe du moment que les faits de diffusion d'images contraires aux bonnes m\u0153urs et d'outrage aux bonnes m\u0153urs ne sont pas \u00e9tablis.<\/p>\n<p>Les pr\u00e9venus seront fix\u00e9s sur leur sort le 3 septembre 2021.<\/p>\n<div class='share-to-whatsapp-wrapper'><div class='share-on-whsp'>PARTAGER SUR : <\/div><a data-text='OUTRAGE A LA PUDEUR - Ce qui attend le producteur et les acteurs de \"Cirque noir\"' data-link='https:\/\/www.nettali.com\/2021\/08\/27\/outrage-a-la-pudeur-le-producteur-et-les-acteurs-de-cirque-noir-entre-entre-1-an-et-2-ans-de-prison\/' class='whatsapp-button whatsapp-share'>WhatsApp<\/a><div class='clear '><\/div><\/div>","protected":false},"excerpt":{"rendered":"<p>NETTALI.COM-Le producteur et les acteurs de la s\u00e9rie pol\u00e9mique \u00ab Cirque noire \u00bb ont comparu, ce vendredi, \u00e0 la barre du tribunal des flagrants d\u00e9lits de Dakar. A la fin des d\u00e9bats, le parquet a requis 2 ans ferme contre le producteur et 2 ans dont 1 an ferme contre les acteurs. Interrog\u00e9s sur les [&hellip;]<\/p>\n","protected":false},"author":6,"featured_media":69782,"comment_status":"open","ping_status":"open","sticky":false,"template":"","format":"standard","meta":{"_et_pb_use_builder":"","_et_pb_old_content":""},"categories":[3],"tags":[],"yoast_head":"<!-- This site is optimized with the Yoast SEO Premium plugin v17.8 (Yoast SEO v17.8) - https:\/\/yoast.com\/wordpress\/plugins\/seo\/ -->\n<title>OUTRAGE A LA PUDEUR - Ce qui attend le producteur et les acteurs de &quot;Cirque noir&quot; | Nettali.com<\/title>\n<meta name=\"robots\" content=\"index, follow, max-snippet:-1, max-image-preview:large, max-video-preview:-1\" \/>\n<link rel=\"canonical\" href=\"https:\/\/www.nettali.com\/2021\/08\/27\/outrage-a-la-pudeur-le-producteur-et-les-acteurs-de-cirque-noir-entre-entre-1-an-et-2-ans-de-prison\/\" \/>\n<meta property=\"og:locale\" content=\"fr_FR\" \/>\n<meta property=\"og:type\" content=\"article\" \/>\n<meta property=\"og:title\" content=\"OUTRAGE A LA PUDEUR - Ce qui attend le producteur et les acteurs de &quot;Cirque noir&quot;\" \/>\n<meta property=\"og:description\" content=\"NETTALI.COM-Le producteur et les acteurs de la s\u00e9rie pol\u00e9mique \u00ab Cirque noire \u00bb ont comparu, ce vendredi, \u00e0 la barre du tribunal des flagrants d\u00e9lits de Dakar. A la fin des d\u00e9bats, le parquet a requis 2 ans ferme contre le producteur et 2 ans dont 1 an ferme contre les acteurs. Interrog\u00e9s sur les [&hellip;]\" \/>\n<meta property=\"og:url\" content=\"https:\/\/www.nettali.com\/2021\/08\/27\/outrage-a-la-pudeur-le-producteur-et-les-acteurs-de-cirque-noir-entre-entre-1-an-et-2-ans-de-prison\/\" \/>\n<meta property=\"og:site_name\" content=\"Nettali.com\" \/>\n<meta property=\"article:publisher\" content=\"https:\/\/www.facebook.com\/nettalicom\" \/>\n<meta property=\"article:published_time\" content=\"2021-08-27T16:49:00+00:00\" \/>\n<meta property=\"article:modified_time\" content=\"2021-08-28T08:01:20+00:00\" \/>\n<meta property=\"og:image\" content=\"https:\/\/www.nettali.com\/wp-content\/uploads\/2021\/08\/Cirque-noir.jpeg\" \/>\n\t<meta property=\"og:image:width\" content=\"612\" \/>\n\t<meta property=\"og:image:height\" content=\"298\" \/>\n<meta name=\"twitter:card\" content=\"summary_large_image\" \/>\n<meta name=\"twitter:label1\" content=\"\u00c9crit par\" \/>\n\t<meta name=\"twitter:data1\" content=\"Fatou\" \/>\n\t<meta name=\"twitter:label2\" content=\"Dur\u00e9e de lecture estim\u00e9e\" \/>\n\t<meta name=\"twitter:data2\" content=\"2 minutes\" \/>\n<script type=\"application\/ld+json\" class=\"yoast-schema-graph\">{\"@context\":\"https:\/\/schema.org\",\"@graph\":[{\"@type\":\"WebSite\",\"@id\":\"https:\/\/www.nettali.com\/#website\",\"url\":\"https:\/\/www.nettali.com\/\",\"name\":\"Nettali.com\",\"description\":\"Le rendez-vous critique du Net\",\"potentialAction\":[{\"@type\":\"SearchAction\",\"target\":{\"@type\":\"EntryPoint\",\"urlTemplate\":\"https:\/\/www.nettali.com\/?s={search_term_string}\"},\"query-input\":\"required name=search_term_string\"}],\"inLanguage\":\"fr-FR\"},{\"@type\":\"ImageObject\",\"@id\":\"https:\/\/www.nettali.com\/2021\/08\/27\/outrage-a-la-pudeur-le-producteur-et-les-acteurs-de-cirque-noir-entre-entre-1-an-et-2-ans-de-prison\/#primaryimage\",\"inLanguage\":\"fr-FR\",\"url\":\"https:\/\/www.nettali.com\/wp-content\/uploads\/2021\/08\/Cirque-noir.jpeg\",\"contentUrl\":\"https:\/\/www.nettali.com\/wp-content\/uploads\/2021\/08\/Cirque-noir.jpeg\",\"width\":612,\"height\":298},{\"@type\":\"WebPage\",\"@id\":\"https:\/\/www.nettali.com\/2021\/08\/27\/outrage-a-la-pudeur-le-producteur-et-les-acteurs-de-cirque-noir-entre-entre-1-an-et-2-ans-de-prison\/#webpage\",\"url\":\"https:\/\/www.nettali.com\/2021\/08\/27\/outrage-a-la-pudeur-le-producteur-et-les-acteurs-de-cirque-noir-entre-entre-1-an-et-2-ans-de-prison\/\",\"name\":\"OUTRAGE A LA PUDEUR - Ce qui attend le producteur et les acteurs de \\\"Cirque noir\\\" | Nettali.com\",\"isPartOf\":{\"@id\":\"https:\/\/www.nettali.com\/#website\"},\"primaryImageOfPage\":{\"@id\":\"https:\/\/www.nettali.com\/2021\/08\/27\/outrage-a-la-pudeur-le-producteur-et-les-acteurs-de-cirque-noir-entre-entre-1-an-et-2-ans-de-prison\/#primaryimage\"},\"datePublished\":\"2021-08-27T16:49:00+00:00\",\"dateModified\":\"2021-08-28T08:01:20+00:00\",\"author\":{\"@id\":\"https:\/\/www.nettali.com\/#\/schema\/person\/418274a86bdf87caff7a3ef476bd0bbf\"},\"breadcrumb\":{\"@id\":\"https:\/\/www.nettali.com\/2021\/08\/27\/outrage-a-la-pudeur-le-producteur-et-les-acteurs-de-cirque-noir-entre-entre-1-an-et-2-ans-de-prison\/#breadcrumb\"},\"inLanguage\":\"fr-FR\",\"potentialAction\":[{\"@type\":\"ReadAction\",\"target\":[\"https:\/\/www.nettali.com\/2021\/08\/27\/outrage-a-la-pudeur-le-producteur-et-les-acteurs-de-cirque-noir-entre-entre-1-an-et-2-ans-de-prison\/\"]}]},{\"@type\":\"BreadcrumbList\",\"@id\":\"https:\/\/www.nettali.com\/2021\/08\/27\/outrage-a-la-pudeur-le-producteur-et-les-acteurs-de-cirque-noir-entre-entre-1-an-et-2-ans-de-prison\/#breadcrumb\",\"itemListElement\":[{\"@type\":\"ListItem\",\"position\":1,\"name\":\"Accueil\",\"item\":\"https:\/\/www.nettali.com\/\"},{\"@type\":\"ListItem\",\"position\":2,\"name\":\"OUTRAGE A LA PUDEUR &#8211; Ce qui attend le producteur et les acteurs de \\u00ab\\u00a0Cirque noir\\u00a0\\u00bb\"}]},{\"@type\":\"Person\",\"@id\":\"https:\/\/www.nettali.com\/#\/schema\/person\/418274a86bdf87caff7a3ef476bd0bbf\",\"name\":\"Fatou\",\"image\":{\"@type\":\"ImageObject\",\"@id\":\"https:\/\/www.nettali.com\/#personlogo\",\"inLanguage\":\"fr-FR\",\"url\":\"https:\/\/secure.gravatar.com\/avatar\/5a9442a2bee7b4dcf167cab035858e9a?s=96&d=mm&r=g\",\"contentUrl\":\"https:\/\/secure.gravatar.com\/avatar\/5a9442a2bee7b4dcf167cab035858e9a?s=96&d=mm&r=g\",\"caption\":\"Fatou\"},\"sameAs\":[\"https:\/\/www.nettali.com\"]}]}<\/script>\n<!-- \/ Yoast SEO Premium plugin. -->","yoast_head_json":{"title":"OUTRAGE A LA PUDEUR - Ce qui attend le producteur et les acteurs de \"Cirque noir\" | Nettali.com","robots":{"index":"index","follow":"follow","max-snippet":"max-snippet:-1","max-image-preview":"max-image-preview:large","max-video-preview":"max-video-preview:-1"},"canonical":"https:\/\/www.nettali.com\/2021\/08\/27\/outrage-a-la-pudeur-le-producteur-et-les-acteurs-de-cirque-noir-entre-entre-1-an-et-2-ans-de-prison\/","og_locale":"fr_FR","og_type":"article","og_title":"OUTRAGE A LA PUDEUR - Ce qui attend le producteur et les acteurs de \"Cirque noir\"","og_description":"NETTALI.COM-Le producteur et les acteurs de la s\u00e9rie pol\u00e9mique \u00ab Cirque noire \u00bb ont comparu, ce vendredi, \u00e0 la barre du tribunal des flagrants d\u00e9lits de Dakar. A la fin des d\u00e9bats, le parquet a requis 2 ans ferme contre le producteur et 2 ans dont 1 an ferme contre les acteurs. Interrog\u00e9s sur les [&hellip;]","og_url":"https:\/\/www.nettali.com\/2021\/08\/27\/outrage-a-la-pudeur-le-producteur-et-les-acteurs-de-cirque-noir-entre-entre-1-an-et-2-ans-de-prison\/","og_site_name":"Nettali.com","article_publisher":"https:\/\/www.facebook.com\/nettalicom","article_published_time":"2021-08-27T16:49:00+00:00","article_modified_time":"2021-08-28T08:01:20+00:00","og_image":[{"width":612,"height":298,"url":"https:\/\/www.nettali.com\/wp-content\/uploads\/2021\/08\/Cirque-noir.jpeg","type":"image\/jpeg"}],"twitter_card":"summary_large_image","twitter_misc":{"\u00c9crit par":"Fatou","Dur\u00e9e de lecture estim\u00e9e":"2 minutes"},"schema":{"@context":"https:\/\/schema.org","@graph":[{"@type":"WebSite","@id":"https:\/\/www.nettali.com\/#website","url":"https:\/\/www.nettali.com\/","name":"Nettali.com","description":"Le rendez-vous critique du Net","potentialAction":[{"@type":"SearchAction","target":{"@type":"EntryPoint","urlTemplate":"https:\/\/www.nettali.com\/?s={search_term_string}"},"query-input":"required name=search_term_string"}],"inLanguage":"fr-FR"},{"@type":"ImageObject","@id":"https:\/\/www.nettali.com\/2021\/08\/27\/outrage-a-la-pudeur-le-producteur-et-les-acteurs-de-cirque-noir-entre-entre-1-an-et-2-ans-de-prison\/#primaryimage","inLanguage":"fr-FR","url":"https:\/\/www.nettali.com\/wp-content\/uploads\/2021\/08\/Cirque-noir.jpeg","contentUrl":"https:\/\/www.nettali.com\/wp-content\/uploads\/2021\/08\/Cirque-noir.jpeg","width":612,"height":298},{"@type":"WebPage","@id":"https:\/\/www.nettali.com\/2021\/08\/27\/outrage-a-la-pudeur-le-producteur-et-les-acteurs-de-cirque-noir-entre-entre-1-an-et-2-ans-de-prison\/#webpage","url":"https:\/\/www.nettali.com\/2021\/08\/27\/outrage-a-la-pudeur-le-producteur-et-les-acteurs-de-cirque-noir-entre-entre-1-an-et-2-ans-de-prison\/","name":"OUTRAGE A LA PUDEUR - Ce qui attend le producteur et les acteurs de \"Cirque noir\" | Nettali.com","isPartOf":{"@id":"https:\/\/www.nettali.com\/#website"},"primaryImageOfPage":{"@id":"https:\/\/www.nettali.com\/2021\/08\/27\/outrage-a-la-pudeur-le-producteur-et-les-acteurs-de-cirque-noir-entre-entre-1-an-et-2-ans-de-prison\/#primaryimage"},"datePublished":"2021-08-27T16:49:00+00:00","dateModified":"2021-08-28T08:01:20+00:00","author":{"@id":"https:\/\/www.nettali.com\/#\/schema\/person\/418274a86bdf87caff7a3ef476bd0bbf"},"breadcrumb":{"@id":"https:\/\/www.nettali.com\/2021\/08\/27\/outrage-a-la-pudeur-le-producteur-et-les-acteurs-de-cirque-noir-entre-entre-1-an-et-2-ans-de-prison\/#breadcrumb"},"inLanguage":"fr-FR","potentialAction":[{"@type":"ReadAction","target":["https:\/\/www.nettali.com\/2021\/08\/27\/outrage-a-la-pudeur-le-producteur-et-les-acteurs-de-cirque-noir-entre-entre-1-an-et-2-ans-de-prison\/"]}]},{"@type":"BreadcrumbList","@id":"https:\/\/www.nettali.com\/2021\/08\/27\/outrage-a-la-pudeur-le-producteur-et-les-acteurs-de-cirque-noir-entre-entre-1-an-et-2-ans-de-prison\/#breadcrumb","itemListElement":[{"@type":"ListItem","position":1,"name":"Accueil","item":"https:\/\/www.nettali.com\/"},{"@type":"ListItem","position":2,"name":"OUTRAGE A LA PUDEUR &#8211; Ce qui attend le producteur et les acteurs de \u00ab\u00a0Cirque noir\u00a0\u00bb"}]},{"@type":"Person","@id":"https:\/\/www.nettali.com\/#\/schema\/person\/418274a86bdf87caff7a3ef476bd0bbf","name":"Fatou","image":{"@type":"ImageObject","@id":"https:\/\/www.nettali.com\/#personlogo","inLanguage":"fr-FR","url":"https:\/\/secure.gravatar.com\/avatar\/5a9442a2bee7b4dcf167cab035858e9a?s=96&d=mm&r=g","contentUrl":"https:\/\/secure.gravatar.com\/avatar\/5a9442a2bee7b4dcf167cab035858e9a?s=96&d=mm&r=g","caption":"Fatou"},"sameAs":["https:\/\/www.nettali.com"]}]}},"_links":{"self":[{"href":"https:\/\/www.nettali.com\/rest\/wp\/v2\/posts\/70628"}],"collection":[{"href":"https:\/\/www.nettali.com\/rest\/wp\/v2\/posts"}],"about":[{"href":"https:\/\/www.nettali.com\/rest\/wp\/v2\/types\/post"}],"author":[{"embeddable":true,"href":"https:\/\/www.nettali.com\/rest\/wp\/v2\/users\/6"}],"replies":[{"embeddable":true,"href":"https:\/\/www.nettali.com\/rest\/wp\/v2\/comments?post=70628"}],"version-history":[{"count":5,"href":"https:\/\/www.nettali.com\/rest\/wp\/v2\/posts\/70628\/revisions"}],"predecessor-version":[{"id":70661,"href":"https:\/\/www.nettali.com\/rest\/wp\/v2\/posts\/70628\/revisions\/70661"}],"wp:featuredmedia":[{"embeddable":true,"href":"https:\/\/www.nettali.com\/rest\/wp\/v2\/media\/69782"}],"wp:attachment":[{"href":"https:\/\/www.nettali.com\/rest\/wp\/v2\/media?parent=70628"}],"wp:term":[{"taxonomy":"category","embeddable":true,"href":"https:\/\/www.nettali.com\/rest\/wp\/v2\/categories?post=70628"},{"taxonomy":"post_tag","embeddable":true,"href":"https:\/\/www.nettali.com\/rest\/wp\/v2\/tags?post=70628"}],"curies":[{"name":"wp","href":"https:\/\/api.w.org\/{rel}","templated":true}]}}