{"id":70610,"date":"2021-08-27T09:22:35","date_gmt":"2021-08-27T09:22:35","guid":{"rendered":"https:\/\/www.nettali.com\/?p=70610"},"modified":"2021-08-27T09:22:35","modified_gmt":"2021-08-27T09:22:35","slug":"incendie-au-building-administratif-les-causes-revelees","status":"publish","type":"post","link":"https:\/\/www.nettali.com\/2021\/08\/27\/incendie-au-building-administratif-les-causes-revelees\/","title":{"rendered":"INCENDIE AU BUILDING ADMINISTRATIF \u2013 Les causes r\u00e9v\u00e9l\u00e9es"},"content":{"rendered":"<p><strong>NETTALI.COM - L\u2019entreprise Dooke est point\u00e9e du doigt apr\u00e8s l\u2019incendie qui s\u2019est d\u00e9clar\u00e9, jeudi 26 ao\u00fbt, au 10e \u00e9tage du building administratif. Les faits ont eu lieu alors que la soci\u00e9t\u00e9 devait proc\u00e9der \u00e0 des travaux d\u2019entretien sur la fa\u00e7ade du b\u00e2timent.<\/strong><\/p>\n<p>Les langues se d\u00e9lient au lendemain de l\u2019incendie qui s\u2019est d\u00e9clar\u00e9 au 10e \u00e9tage du building administratif.<\/p>\n<p>Certes, le feu a \u00e9t\u00e9 tr\u00e8s vite ma\u00eetris\u00e9 par les sapeurs-pompiers, toutefois la publication de ce vendredi de Lib\u00e9ration informe que l\u2019incendie a \u00e9t\u00e9 manifestement caus\u00e9 par des travaux entam\u00e9s sur le site par l\u2019entreprise Dooke. Selon la m\u00eame source, cette soci\u00e9t\u00e9 qui a son si\u00e8ge en Courcouronnes (France), devait proc\u00e9der \u00e0 des travaux d\u2019entretien sur la fa\u00e7ade du b\u00e2timent.<\/p>\n<p>D\u2019apr\u00e8s le journal, \u00e0 un moment ses ouvriers ont utilis\u00e9 un chalumeau pour faire des soudures. C\u2019est gr\u00e2ce au dispositif anti-incendie install\u00e9 depuis la r\u00e9habilitation du b\u00e2timent que le feu a pu \u00eatre circonscrit et le personnel \u00e9vacu\u00e9 en toute s\u00e9curit\u00e9. Des huissiers ont \u00e9t\u00e9 commis afin de faire des constats et d\u00e9gager ainsi toutes les responsabilit\u00e9s dans cet incendie.<\/p>\n<div class='share-to-whatsapp-wrapper'><div class='share-on-whsp'>PARTAGER SUR : <\/div><a data-text='INCENDIE AU BUILDING ADMINISTRATIF \u2013 Les causes r\u00e9v\u00e9l\u00e9es' data-link='https:\/\/www.nettali.com\/2021\/08\/27\/incendie-au-building-administratif-les-causes-revelees\/' class='whatsapp-button whatsapp-share'>WhatsApp<\/a><div class='clear '><\/div><\/div>","protected":false},"excerpt":{"rendered":"<p>NETTALI.COM - L\u2019entreprise Dooke est point\u00e9e du doigt apr\u00e8s l\u2019incendie qui s\u2019est d\u00e9clar\u00e9, jeudi 26 ao\u00fbt, au 10e \u00e9tage du building administratif. Les faits ont eu lieu alors que la soci\u00e9t\u00e9 devait proc\u00e9der \u00e0 des travaux d\u2019entretien sur la fa\u00e7ade du b\u00e2timent. Les langues se d\u00e9lient au lendemain de l\u2019incendie qui s\u2019est d\u00e9clar\u00e9 au 10e [&hellip;]<\/p>\n","protected":false},"author":11,"featured_media":70612,"comment_status":"open","ping_status":"open","sticky":false,"template":"","format":"standard","meta":{"_et_pb_use_builder":"","_et_pb_old_content":""},"categories":[3],"tags":[],"yoast_head":"<!-- This site is optimized with the Yoast SEO Premium plugin v17.8 (Yoast SEO v17.8) - https:\/\/yoast.com\/wordpress\/plugins\/seo\/ -->\n<title>INCENDIE AU BUILDING ADMINISTRATIF \u2013 Les causes r\u00e9v\u00e9l\u00e9es | Nettali.com<\/title>\n<meta name=\"robots\" content=\"index, follow, max-snippet:-1, max-image-preview:large, max-video-preview:-1\" \/>\n<link rel=\"canonical\" href=\"https:\/\/www.nettali.com\/2021\/08\/27\/incendie-au-building-administratif-les-causes-revelees\/\" \/>\n<meta property=\"og:locale\" content=\"fr_FR\" \/>\n<meta property=\"og:type\" content=\"article\" \/>\n<meta property=\"og:title\" content=\"INCENDIE AU BUILDING ADMINISTRATIF \u2013 Les causes r\u00e9v\u00e9l\u00e9es\" \/>\n<meta property=\"og:description\" content=\"NETTALI.COM - L\u2019entreprise Dooke est point\u00e9e du doigt apr\u00e8s l\u2019incendie qui s\u2019est d\u00e9clar\u00e9, jeudi 26 ao\u00fbt, au 10e \u00e9tage du building administratif. Les faits ont eu lieu alors que la soci\u00e9t\u00e9 devait proc\u00e9der \u00e0 des travaux d\u2019entretien sur la fa\u00e7ade du b\u00e2timent. Les langues se d\u00e9lient au lendemain de l\u2019incendie qui s\u2019est d\u00e9clar\u00e9 au 10e [&hellip;]\" \/>\n<meta property=\"og:url\" content=\"https:\/\/www.nettali.com\/2021\/08\/27\/incendie-au-building-administratif-les-causes-revelees\/\" \/>\n<meta property=\"og:site_name\" content=\"Nettali.com\" \/>\n<meta property=\"article:publisher\" content=\"https:\/\/www.facebook.com\/nettalicom\" \/>\n<meta property=\"article:published_time\" content=\"2021-08-27T09:22:35+00:00\" \/>\n<meta property=\"og:image\" content=\"https:\/\/www.nettali.com\/wp-content\/uploads\/2021\/08\/build-1.jpg\" \/>\n\t<meta property=\"og:image:width\" content=\"755\" \/>\n\t<meta property=\"og:image:height\" content=\"449\" \/>\n<meta name=\"twitter:card\" content=\"summary_large_image\" \/>\n<meta name=\"twitter:label1\" content=\"\u00c9crit par\" \/>\n\t<meta name=\"twitter:data1\" content=\"Thierno Diop\" \/>\n\t<meta name=\"twitter:label2\" content=\"Dur\u00e9e de lecture estim\u00e9e\" \/>\n\t<meta name=\"twitter:data2\" content=\"1 minute\" \/>\n<script type=\"application\/ld+json\" class=\"yoast-schema-graph\">{\"@context\":\"https:\/\/schema.org\",\"@graph\":[{\"@type\":\"WebSite\",\"@id\":\"https:\/\/www.nettali.com\/#website\",\"url\":\"https:\/\/www.nettali.com\/\",\"name\":\"Nettali.com\",\"description\":\"Le rendez-vous critique du Net\",\"potentialAction\":[{\"@type\":\"SearchAction\",\"target\":{\"@type\":\"EntryPoint\",\"urlTemplate\":\"https:\/\/www.nettali.com\/?s={search_term_string}\"},\"query-input\":\"required name=search_term_string\"}],\"inLanguage\":\"fr-FR\"},{\"@type\":\"ImageObject\",\"@id\":\"https:\/\/www.nettali.com\/2021\/08\/27\/incendie-au-building-administratif-les-causes-revelees\/#primaryimage\",\"inLanguage\":\"fr-FR\",\"url\":\"https:\/\/www.nettali.com\/wp-content\/uploads\/2021\/08\/build-1.jpg\",\"contentUrl\":\"https:\/\/www.nettali.com\/wp-content\/uploads\/2021\/08\/build-1.jpg\",\"width\":755,\"height\":449},{\"@type\":\"WebPage\",\"@id\":\"https:\/\/www.nettali.com\/2021\/08\/27\/incendie-au-building-administratif-les-causes-revelees\/#webpage\",\"url\":\"https:\/\/www.nettali.com\/2021\/08\/27\/incendie-au-building-administratif-les-causes-revelees\/\",\"name\":\"INCENDIE AU BUILDING ADMINISTRATIF \\u2013 Les causes r\\u00e9v\\u00e9l\\u00e9es | Nettali.com\",\"isPartOf\":{\"@id\":\"https:\/\/www.nettali.com\/#website\"},\"primaryImageOfPage\":{\"@id\":\"https:\/\/www.nettali.com\/2021\/08\/27\/incendie-au-building-administratif-les-causes-revelees\/#primaryimage\"},\"datePublished\":\"2021-08-27T09:22:35+00:00\",\"dateModified\":\"2021-08-27T09:22:35+00:00\",\"author\":{\"@id\":\"https:\/\/www.nettali.com\/#\/schema\/person\/8a06c6bd7b19304cf4bf985862900b5b\"},\"breadcrumb\":{\"@id\":\"https:\/\/www.nettali.com\/2021\/08\/27\/incendie-au-building-administratif-les-causes-revelees\/#breadcrumb\"},\"inLanguage\":\"fr-FR\",\"potentialAction\":[{\"@type\":\"ReadAction\",\"target\":[\"https:\/\/www.nettali.com\/2021\/08\/27\/incendie-au-building-administratif-les-causes-revelees\/\"]}]},{\"@type\":\"BreadcrumbList\",\"@id\":\"https:\/\/www.nettali.com\/2021\/08\/27\/incendie-au-building-administratif-les-causes-revelees\/#breadcrumb\",\"itemListElement\":[{\"@type\":\"ListItem\",\"position\":1,\"name\":\"Accueil\",\"item\":\"https:\/\/www.nettali.com\/\"},{\"@type\":\"ListItem\",\"position\":2,\"name\":\"INCENDIE AU BUILDING ADMINISTRATIF \\u2013 Les causes r\\u00e9v\\u00e9l\\u00e9es\"}]},{\"@type\":\"Person\",\"@id\":\"https:\/\/www.nettali.com\/#\/schema\/person\/8a06c6bd7b19304cf4bf985862900b5b\",\"name\":\"Thierno Diop\",\"image\":{\"@type\":\"ImageObject\",\"@id\":\"https:\/\/www.nettali.com\/#personlogo\",\"inLanguage\":\"fr-FR\",\"url\":\"https:\/\/secure.gravatar.com\/avatar\/c8ca58550c94fd2ac856d27391a6c866?s=96&d=mm&r=g\",\"contentUrl\":\"https:\/\/secure.gravatar.com\/avatar\/c8ca58550c94fd2ac856d27391a6c866?s=96&d=mm&r=g\",\"caption\":\"Thierno Diop\"},\"sameAs\":[\"https:\/\/nettali.com\"]}]}<\/script>\n<!-- \/ Yoast SEO Premium plugin. -->","yoast_head_json":{"title":"INCENDIE AU BUILDING ADMINISTRATIF \u2013 Les causes r\u00e9v\u00e9l\u00e9es | Nettali.com","robots":{"index":"index","follow":"follow","max-snippet":"max-snippet:-1","max-image-preview":"max-image-preview:large","max-video-preview":"max-video-preview:-1"},"canonical":"https:\/\/www.nettali.com\/2021\/08\/27\/incendie-au-building-administratif-les-causes-revelees\/","og_locale":"fr_FR","og_type":"article","og_title":"INCENDIE AU BUILDING ADMINISTRATIF \u2013 Les causes r\u00e9v\u00e9l\u00e9es","og_description":"NETTALI.COM - L\u2019entreprise Dooke est point\u00e9e du doigt apr\u00e8s l\u2019incendie qui s\u2019est d\u00e9clar\u00e9, jeudi 26 ao\u00fbt, au 10e \u00e9tage du building administratif. Les faits ont eu lieu alors que la soci\u00e9t\u00e9 devait proc\u00e9der \u00e0 des travaux d\u2019entretien sur la fa\u00e7ade du b\u00e2timent. Les langues se d\u00e9lient au lendemain de l\u2019incendie qui s\u2019est d\u00e9clar\u00e9 au 10e [&hellip;]","og_url":"https:\/\/www.nettali.com\/2021\/08\/27\/incendie-au-building-administratif-les-causes-revelees\/","og_site_name":"Nettali.com","article_publisher":"https:\/\/www.facebook.com\/nettalicom","article_published_time":"2021-08-27T09:22:35+00:00","og_image":[{"width":755,"height":449,"url":"https:\/\/www.nettali.com\/wp-content\/uploads\/2021\/08\/build-1.jpg","type":"image\/jpeg"}],"twitter_card":"summary_large_image","twitter_misc":{"\u00c9crit par":"Thierno Diop","Dur\u00e9e de lecture estim\u00e9e":"1 minute"},"schema":{"@context":"https:\/\/schema.org","@graph":[{"@type":"WebSite","@id":"https:\/\/www.nettali.com\/#website","url":"https:\/\/www.nettali.com\/","name":"Nettali.com","description":"Le rendez-vous critique du Net","potentialAction":[{"@type":"SearchAction","target":{"@type":"EntryPoint","urlTemplate":"https:\/\/www.nettali.com\/?s={search_term_string}"},"query-input":"required name=search_term_string"}],"inLanguage":"fr-FR"},{"@type":"ImageObject","@id":"https:\/\/www.nettali.com\/2021\/08\/27\/incendie-au-building-administratif-les-causes-revelees\/#primaryimage","inLanguage":"fr-FR","url":"https:\/\/www.nettali.com\/wp-content\/uploads\/2021\/08\/build-1.jpg","contentUrl":"https:\/\/www.nettali.com\/wp-content\/uploads\/2021\/08\/build-1.jpg","width":755,"height":449},{"@type":"WebPage","@id":"https:\/\/www.nettali.com\/2021\/08\/27\/incendie-au-building-administratif-les-causes-revelees\/#webpage","url":"https:\/\/www.nettali.com\/2021\/08\/27\/incendie-au-building-administratif-les-causes-revelees\/","name":"INCENDIE AU BUILDING ADMINISTRATIF \u2013 Les causes r\u00e9v\u00e9l\u00e9es | Nettali.com","isPartOf":{"@id":"https:\/\/www.nettali.com\/#website"},"primaryImageOfPage":{"@id":"https:\/\/www.nettali.com\/2021\/08\/27\/incendie-au-building-administratif-les-causes-revelees\/#primaryimage"},"datePublished":"2021-08-27T09:22:35+00:00","dateModified":"2021-08-27T09:22:35+00:00","author":{"@id":"https:\/\/www.nettali.com\/#\/schema\/person\/8a06c6bd7b19304cf4bf985862900b5b"},"breadcrumb":{"@id":"https:\/\/www.nettali.com\/2021\/08\/27\/incendie-au-building-administratif-les-causes-revelees\/#breadcrumb"},"inLanguage":"fr-FR","potentialAction":[{"@type":"ReadAction","target":["https:\/\/www.nettali.com\/2021\/08\/27\/incendie-au-building-administratif-les-causes-revelees\/"]}]},{"@type":"BreadcrumbList","@id":"https:\/\/www.nettali.com\/2021\/08\/27\/incendie-au-building-administratif-les-causes-revelees\/#breadcrumb","itemListElement":[{"@type":"ListItem","position":1,"name":"Accueil","item":"https:\/\/www.nettali.com\/"},{"@type":"ListItem","position":2,"name":"INCENDIE AU BUILDING ADMINISTRATIF \u2013 Les causes r\u00e9v\u00e9l\u00e9es"}]},{"@type":"Person","@id":"https:\/\/www.nettali.com\/#\/schema\/person\/8a06c6bd7b19304cf4bf985862900b5b","name":"Thierno Diop","image":{"@type":"ImageObject","@id":"https:\/\/www.nettali.com\/#personlogo","inLanguage":"fr-FR","url":"https:\/\/secure.gravatar.com\/avatar\/c8ca58550c94fd2ac856d27391a6c866?s=96&d=mm&r=g","contentUrl":"https:\/\/secure.gravatar.com\/avatar\/c8ca58550c94fd2ac856d27391a6c866?s=96&d=mm&r=g","caption":"Thierno Diop"},"sameAs":["https:\/\/nettali.com"]}]}},"_links":{"self":[{"href":"https:\/\/www.nettali.com\/rest\/wp\/v2\/posts\/70610"}],"collection":[{"href":"https:\/\/www.nettali.com\/rest\/wp\/v2\/posts"}],"about":[{"href":"https:\/\/www.nettali.com\/rest\/wp\/v2\/types\/post"}],"author":[{"embeddable":true,"href":"https:\/\/www.nettali.com\/rest\/wp\/v2\/users\/11"}],"replies":[{"embeddable":true,"href":"https:\/\/www.nettali.com\/rest\/wp\/v2\/comments?post=70610"}],"version-history":[{"count":1,"href":"https:\/\/www.nettali.com\/rest\/wp\/v2\/posts\/70610\/revisions"}],"predecessor-version":[{"id":70613,"href":"https:\/\/www.nettali.com\/rest\/wp\/v2\/posts\/70610\/revisions\/70613"}],"wp:featuredmedia":[{"embeddable":true,"href":"https:\/\/www.nettali.com\/rest\/wp\/v2\/media\/70612"}],"wp:attachment":[{"href":"https:\/\/www.nettali.com\/rest\/wp\/v2\/media?parent=70610"}],"wp:term":[{"taxonomy":"category","embeddable":true,"href":"https:\/\/www.nettali.com\/rest\/wp\/v2\/categories?post=70610"},{"taxonomy":"post_tag","embeddable":true,"href":"https:\/\/www.nettali.com\/rest\/wp\/v2\/tags?post=70610"}],"curies":[{"name":"wp","href":"https:\/\/api.w.org\/{rel}","templated":true}]}}