{"id":70599,"date":"2021-08-27T08:31:52","date_gmt":"2021-08-27T08:31:52","guid":{"rendered":"https:\/\/www.nettali.com\/?p=70599"},"modified":"2021-08-27T17:55:38","modified_gmt":"2021-08-27T17:55:38","slug":"occupation-illegale-dun-terrain-le-prodac-condamne","status":"publish","type":"post","link":"https:\/\/www.nettali.com\/2021\/08\/27\/occupation-illegale-dun-terrain-le-prodac-condamne\/","title":{"rendered":"OCCUPATION  ILLEGALE D'UN TERRAIN \u2013 Le PRODAC condamn\u00e9"},"content":{"rendered":"<p><b>NETTALI.COM - Le coordonnateur du Prodac, Pape Malick Ndour, et Madeleine Pascal Domingo, officiant en qualit\u00e9 de directrice, ont \u00e9t\u00e9 condamn\u00e9s ce jeudi pour occupation\u00a0 ill\u00e9gale d'un terrain au pr\u00e9judice de la soci\u00e9t\u00e9 Nouvelle d\u2019exploitation agroalimentaire de Sangalkam (Neaas) de Saliou Ndione.<\/b><\/p>\n<p>Les deux pr\u00e9venus avaient \u00e9t\u00e9 jug\u00e9s par d\u00e9faut et condamn\u00e9s \u00e0 trois mois avec sursis et \u00e0 payer 2 millions de francs CFA \u00e0 la partie civile pour lesdits d\u00e9lits. Apr\u00e8s leur expulsion du terrain litigieux, notamment le titre foncier 3028\/R, ils ont ainsi fait opposition au premier jugement pour venir livrer leurs versions des faits. Il n'emp\u00eache, Pape Malick Ndour et Madeleine Pascaline Domingo ont \u00e9t\u00e9 condamn\u00e9s. Ils ont \u00e9t\u00e9 reconnus coupables d'occupation ill\u00e9gale de terrain appartenant \u00e0 autrui.<\/p>\n<p>Pour les 500 millions de francs CFA r\u00e9clam\u00e9s \u00e0 l'Etat en tant que civilement responsable, par l'entreprise Neaas,\u00a0 le tribunal s'est d\u00e9clar\u00e9 incomp\u00e9tent.<\/p>\n<div class='share-to-whatsapp-wrapper'><div class='share-on-whsp'>PARTAGER SUR : <\/div><a data-text='OCCUPATION  ILLEGALE D'UN TERRAIN \u2013 Le PRODAC condamn\u00e9' data-link='https:\/\/www.nettali.com\/2021\/08\/27\/occupation-illegale-dun-terrain-le-prodac-condamne\/' class='whatsapp-button whatsapp-share'>WhatsApp<\/a><div class='clear '><\/div><\/div>","protected":false},"excerpt":{"rendered":"<p>NETTALI.COM - Le coordonnateur du Prodac, Pape Malick Ndour, et Madeleine Pascal Domingo, officiant en qualit\u00e9 de directrice, ont \u00e9t\u00e9 condamn\u00e9s ce jeudi pour occupation\u00a0 ill\u00e9gale d'un terrain au pr\u00e9judice de la soci\u00e9t\u00e9 Nouvelle d\u2019exploitation agroalimentaire de Sangalkam (Neaas) de Saliou Ndione. Les deux pr\u00e9venus avaient \u00e9t\u00e9 jug\u00e9s par d\u00e9faut et condamn\u00e9s \u00e0 trois mois [&hellip;]<\/p>\n","protected":false},"author":6,"featured_media":70602,"comment_status":"open","ping_status":"open","sticky":false,"template":"","format":"standard","meta":{"_et_pb_use_builder":"","_et_pb_old_content":""},"categories":[3],"tags":[],"yoast_head":"<!-- This site is optimized with the Yoast SEO Premium plugin v17.8 (Yoast SEO v17.8) - https:\/\/yoast.com\/wordpress\/plugins\/seo\/ -->\n<title>OCCUPATION ILLEGALE D&#039;UN TERRAIN \u2013 Le PRODAC condamn\u00e9 | Nettali.com<\/title>\n<meta name=\"robots\" content=\"index, follow, max-snippet:-1, max-image-preview:large, max-video-preview:-1\" \/>\n<link rel=\"canonical\" href=\"https:\/\/www.nettali.com\/2021\/08\/27\/occupation-illegale-dun-terrain-le-prodac-condamne\/\" \/>\n<meta property=\"og:locale\" content=\"fr_FR\" \/>\n<meta property=\"og:type\" content=\"article\" \/>\n<meta property=\"og:title\" content=\"OCCUPATION ILLEGALE D&#039;UN TERRAIN \u2013 Le PRODAC condamn\u00e9\" \/>\n<meta property=\"og:description\" content=\"NETTALI.COM - Le coordonnateur du Prodac, Pape Malick Ndour, et Madeleine Pascal Domingo, officiant en qualit\u00e9 de directrice, ont \u00e9t\u00e9 condamn\u00e9s ce jeudi pour occupation\u00a0 ill\u00e9gale d&#039;un terrain au pr\u00e9judice de la soci\u00e9t\u00e9 Nouvelle d\u2019exploitation agroalimentaire de Sangalkam (Neaas) de Saliou Ndione. Les deux pr\u00e9venus avaient \u00e9t\u00e9 jug\u00e9s par d\u00e9faut et condamn\u00e9s \u00e0 trois mois [&hellip;]\" \/>\n<meta property=\"og:url\" content=\"https:\/\/www.nettali.com\/2021\/08\/27\/occupation-illegale-dun-terrain-le-prodac-condamne\/\" \/>\n<meta property=\"og:site_name\" content=\"Nettali.com\" \/>\n<meta property=\"article:publisher\" content=\"https:\/\/www.facebook.com\/nettalicom\" \/>\n<meta property=\"article:published_time\" content=\"2021-08-27T08:31:52+00:00\" \/>\n<meta property=\"article:modified_time\" content=\"2021-08-27T17:55:38+00:00\" \/>\n<meta property=\"og:image\" content=\"https:\/\/www.nettali.com\/wp-content\/uploads\/2021\/08\/papa-malick-ndour-1.jpg\" \/>\n\t<meta property=\"og:image:width\" content=\"948\" \/>\n\t<meta property=\"og:image:height\" content=\"960\" \/>\n<meta name=\"twitter:card\" content=\"summary_large_image\" \/>\n<meta name=\"twitter:label1\" content=\"\u00c9crit par\" \/>\n\t<meta name=\"twitter:data1\" content=\"Fatou\" \/>\n\t<meta name=\"twitter:label2\" content=\"Dur\u00e9e de lecture estim\u00e9e\" \/>\n\t<meta name=\"twitter:data2\" content=\"1 minute\" \/>\n<script type=\"application\/ld+json\" class=\"yoast-schema-graph\">{\"@context\":\"https:\/\/schema.org\",\"@graph\":[{\"@type\":\"WebSite\",\"@id\":\"https:\/\/www.nettali.com\/#website\",\"url\":\"https:\/\/www.nettali.com\/\",\"name\":\"Nettali.com\",\"description\":\"Le rendez-vous critique du Net\",\"potentialAction\":[{\"@type\":\"SearchAction\",\"target\":{\"@type\":\"EntryPoint\",\"urlTemplate\":\"https:\/\/www.nettali.com\/?s={search_term_string}\"},\"query-input\":\"required name=search_term_string\"}],\"inLanguage\":\"fr-FR\"},{\"@type\":\"ImageObject\",\"@id\":\"https:\/\/www.nettali.com\/2021\/08\/27\/occupation-illegale-dun-terrain-le-prodac-condamne\/#primaryimage\",\"inLanguage\":\"fr-FR\",\"url\":\"https:\/\/www.nettali.com\/wp-content\/uploads\/2021\/08\/papa-malick-ndour-1.jpg\",\"contentUrl\":\"https:\/\/www.nettali.com\/wp-content\/uploads\/2021\/08\/papa-malick-ndour-1.jpg\",\"width\":948,\"height\":960},{\"@type\":\"WebPage\",\"@id\":\"https:\/\/www.nettali.com\/2021\/08\/27\/occupation-illegale-dun-terrain-le-prodac-condamne\/#webpage\",\"url\":\"https:\/\/www.nettali.com\/2021\/08\/27\/occupation-illegale-dun-terrain-le-prodac-condamne\/\",\"name\":\"OCCUPATION ILLEGALE D'UN TERRAIN \\u2013 Le PRODAC condamn\\u00e9 | Nettali.com\",\"isPartOf\":{\"@id\":\"https:\/\/www.nettali.com\/#website\"},\"primaryImageOfPage\":{\"@id\":\"https:\/\/www.nettali.com\/2021\/08\/27\/occupation-illegale-dun-terrain-le-prodac-condamne\/#primaryimage\"},\"datePublished\":\"2021-08-27T08:31:52+00:00\",\"dateModified\":\"2021-08-27T17:55:38+00:00\",\"author\":{\"@id\":\"https:\/\/www.nettali.com\/#\/schema\/person\/418274a86bdf87caff7a3ef476bd0bbf\"},\"breadcrumb\":{\"@id\":\"https:\/\/www.nettali.com\/2021\/08\/27\/occupation-illegale-dun-terrain-le-prodac-condamne\/#breadcrumb\"},\"inLanguage\":\"fr-FR\",\"potentialAction\":[{\"@type\":\"ReadAction\",\"target\":[\"https:\/\/www.nettali.com\/2021\/08\/27\/occupation-illegale-dun-terrain-le-prodac-condamne\/\"]}]},{\"@type\":\"BreadcrumbList\",\"@id\":\"https:\/\/www.nettali.com\/2021\/08\/27\/occupation-illegale-dun-terrain-le-prodac-condamne\/#breadcrumb\",\"itemListElement\":[{\"@type\":\"ListItem\",\"position\":1,\"name\":\"Accueil\",\"item\":\"https:\/\/www.nettali.com\/\"},{\"@type\":\"ListItem\",\"position\":2,\"name\":\"OCCUPATION ILLEGALE D&rsquo;UN TERRAIN \\u2013 Le PRODAC condamn\\u00e9\"}]},{\"@type\":\"Person\",\"@id\":\"https:\/\/www.nettali.com\/#\/schema\/person\/418274a86bdf87caff7a3ef476bd0bbf\",\"name\":\"Fatou\",\"image\":{\"@type\":\"ImageObject\",\"@id\":\"https:\/\/www.nettali.com\/#personlogo\",\"inLanguage\":\"fr-FR\",\"url\":\"https:\/\/secure.gravatar.com\/avatar\/5a9442a2bee7b4dcf167cab035858e9a?s=96&d=mm&r=g\",\"contentUrl\":\"https:\/\/secure.gravatar.com\/avatar\/5a9442a2bee7b4dcf167cab035858e9a?s=96&d=mm&r=g\",\"caption\":\"Fatou\"},\"sameAs\":[\"https:\/\/www.nettali.com\"]}]}<\/script>\n<!-- \/ Yoast SEO Premium plugin. -->","yoast_head_json":{"title":"OCCUPATION ILLEGALE D'UN TERRAIN \u2013 Le PRODAC condamn\u00e9 | Nettali.com","robots":{"index":"index","follow":"follow","max-snippet":"max-snippet:-1","max-image-preview":"max-image-preview:large","max-video-preview":"max-video-preview:-1"},"canonical":"https:\/\/www.nettali.com\/2021\/08\/27\/occupation-illegale-dun-terrain-le-prodac-condamne\/","og_locale":"fr_FR","og_type":"article","og_title":"OCCUPATION ILLEGALE D'UN TERRAIN \u2013 Le PRODAC condamn\u00e9","og_description":"NETTALI.COM - Le coordonnateur du Prodac, Pape Malick Ndour, et Madeleine Pascal Domingo, officiant en qualit\u00e9 de directrice, ont \u00e9t\u00e9 condamn\u00e9s ce jeudi pour occupation\u00a0 ill\u00e9gale d'un terrain au pr\u00e9judice de la soci\u00e9t\u00e9 Nouvelle d\u2019exploitation agroalimentaire de Sangalkam (Neaas) de Saliou Ndione. Les deux pr\u00e9venus avaient \u00e9t\u00e9 jug\u00e9s par d\u00e9faut et condamn\u00e9s \u00e0 trois mois [&hellip;]","og_url":"https:\/\/www.nettali.com\/2021\/08\/27\/occupation-illegale-dun-terrain-le-prodac-condamne\/","og_site_name":"Nettali.com","article_publisher":"https:\/\/www.facebook.com\/nettalicom","article_published_time":"2021-08-27T08:31:52+00:00","article_modified_time":"2021-08-27T17:55:38+00:00","og_image":[{"width":948,"height":960,"url":"https:\/\/www.nettali.com\/wp-content\/uploads\/2021\/08\/papa-malick-ndour-1.jpg","type":"image\/jpeg"}],"twitter_card":"summary_large_image","twitter_misc":{"\u00c9crit par":"Fatou","Dur\u00e9e de lecture estim\u00e9e":"1 minute"},"schema":{"@context":"https:\/\/schema.org","@graph":[{"@type":"WebSite","@id":"https:\/\/www.nettali.com\/#website","url":"https:\/\/www.nettali.com\/","name":"Nettali.com","description":"Le rendez-vous critique du Net","potentialAction":[{"@type":"SearchAction","target":{"@type":"EntryPoint","urlTemplate":"https:\/\/www.nettali.com\/?s={search_term_string}"},"query-input":"required name=search_term_string"}],"inLanguage":"fr-FR"},{"@type":"ImageObject","@id":"https:\/\/www.nettali.com\/2021\/08\/27\/occupation-illegale-dun-terrain-le-prodac-condamne\/#primaryimage","inLanguage":"fr-FR","url":"https:\/\/www.nettali.com\/wp-content\/uploads\/2021\/08\/papa-malick-ndour-1.jpg","contentUrl":"https:\/\/www.nettali.com\/wp-content\/uploads\/2021\/08\/papa-malick-ndour-1.jpg","width":948,"height":960},{"@type":"WebPage","@id":"https:\/\/www.nettali.com\/2021\/08\/27\/occupation-illegale-dun-terrain-le-prodac-condamne\/#webpage","url":"https:\/\/www.nettali.com\/2021\/08\/27\/occupation-illegale-dun-terrain-le-prodac-condamne\/","name":"OCCUPATION ILLEGALE D'UN TERRAIN \u2013 Le PRODAC condamn\u00e9 | Nettali.com","isPartOf":{"@id":"https:\/\/www.nettali.com\/#website"},"primaryImageOfPage":{"@id":"https:\/\/www.nettali.com\/2021\/08\/27\/occupation-illegale-dun-terrain-le-prodac-condamne\/#primaryimage"},"datePublished":"2021-08-27T08:31:52+00:00","dateModified":"2021-08-27T17:55:38+00:00","author":{"@id":"https:\/\/www.nettali.com\/#\/schema\/person\/418274a86bdf87caff7a3ef476bd0bbf"},"breadcrumb":{"@id":"https:\/\/www.nettali.com\/2021\/08\/27\/occupation-illegale-dun-terrain-le-prodac-condamne\/#breadcrumb"},"inLanguage":"fr-FR","potentialAction":[{"@type":"ReadAction","target":["https:\/\/www.nettali.com\/2021\/08\/27\/occupation-illegale-dun-terrain-le-prodac-condamne\/"]}]},{"@type":"BreadcrumbList","@id":"https:\/\/www.nettali.com\/2021\/08\/27\/occupation-illegale-dun-terrain-le-prodac-condamne\/#breadcrumb","itemListElement":[{"@type":"ListItem","position":1,"name":"Accueil","item":"https:\/\/www.nettali.com\/"},{"@type":"ListItem","position":2,"name":"OCCUPATION ILLEGALE D&rsquo;UN TERRAIN \u2013 Le PRODAC condamn\u00e9"}]},{"@type":"Person","@id":"https:\/\/www.nettali.com\/#\/schema\/person\/418274a86bdf87caff7a3ef476bd0bbf","name":"Fatou","image":{"@type":"ImageObject","@id":"https:\/\/www.nettali.com\/#personlogo","inLanguage":"fr-FR","url":"https:\/\/secure.gravatar.com\/avatar\/5a9442a2bee7b4dcf167cab035858e9a?s=96&d=mm&r=g","contentUrl":"https:\/\/secure.gravatar.com\/avatar\/5a9442a2bee7b4dcf167cab035858e9a?s=96&d=mm&r=g","caption":"Fatou"},"sameAs":["https:\/\/www.nettali.com"]}]}},"_links":{"self":[{"href":"https:\/\/www.nettali.com\/rest\/wp\/v2\/posts\/70599"}],"collection":[{"href":"https:\/\/www.nettali.com\/rest\/wp\/v2\/posts"}],"about":[{"href":"https:\/\/www.nettali.com\/rest\/wp\/v2\/types\/post"}],"author":[{"embeddable":true,"href":"https:\/\/www.nettali.com\/rest\/wp\/v2\/users\/6"}],"replies":[{"embeddable":true,"href":"https:\/\/www.nettali.com\/rest\/wp\/v2\/comments?post=70599"}],"version-history":[{"count":3,"href":"https:\/\/www.nettali.com\/rest\/wp\/v2\/posts\/70599\/revisions"}],"predecessor-version":[{"id":70603,"href":"https:\/\/www.nettali.com\/rest\/wp\/v2\/posts\/70599\/revisions\/70603"}],"wp:featuredmedia":[{"embeddable":true,"href":"https:\/\/www.nettali.com\/rest\/wp\/v2\/media\/70602"}],"wp:attachment":[{"href":"https:\/\/www.nettali.com\/rest\/wp\/v2\/media?parent=70599"}],"wp:term":[{"taxonomy":"category","embeddable":true,"href":"https:\/\/www.nettali.com\/rest\/wp\/v2\/categories?post=70599"},{"taxonomy":"post_tag","embeddable":true,"href":"https:\/\/www.nettali.com\/rest\/wp\/v2\/tags?post=70599"}],"curies":[{"name":"wp","href":"https:\/\/api.w.org\/{rel}","templated":true}]}}