{"id":70440,"date":"2021-08-25T10:59:59","date_gmt":"2021-08-25T10:59:59","guid":{"rendered":"https:\/\/www.nettali.com\/?p=70440"},"modified":"2021-08-25T10:59:59","modified_gmt":"2021-08-25T10:59:59","slug":"mercato-un-accord-est-deja-trouve-dans-le-dossier-mbappe","status":"publish","type":"post","link":"https:\/\/www.nettali.com\/2021\/08\/25\/mercato-un-accord-est-deja-trouve-dans-le-dossier-mbappe\/","title":{"rendered":"MERCATO - Un accord est d\u00e9j\u00e0 trouv\u00e9 dans le dossier Mbapp\u00e9 !"},"content":{"rendered":"<p dir=\"ltr\"><strong>NETTALI.COM - Alors que le PSG a refus\u00e9 une premi\u00e8re approche de la part du Real Madrid pour Kylian Mbapp\u00e9, l\u2019international fran\u00e7ais aurait d\u00e9j\u00e0 trouv\u00e9 un terrain d\u2019entente contractuel avec les Madril\u00e8nes.<\/strong><\/p>\n<p dir=\"ltr\">Le feuilleton\u00a0Kylian Mbapp\u00e9\u00a0a connu un nouveau tournant ce mardi ! En effet, le\u00a0Real Madrid\u00a0a d\u00e9cid\u00e9 de passer \u00e0 l\u2019action en proposant une offre de 160 millions d'euros afin de s\u2019attacher les services de l\u2019attaquant dont le contrat au\u00a0PSG expirera le 30 juin 2022.<\/p>\n<p dir=\"ltr\">Cette offre a finalement \u00e9t\u00e9 refus\u00e9e par le club parisien, toujours d\u00e9sireux de conserver son attaquant \u00e2g\u00e9 de 22 ans. Seulement voil\u00e0, dans le m\u00eame temps, ce dernier se serait d\u00e9j\u00e0 mis d\u2019accord avec le Real Madrid.<\/p>\n<p dir=\"ltr\"><strong>Kylian Mbapp\u00e9 est d\u00e9j\u00e0 d'accord avec le Real Madrid.<\/strong><\/p>\n<p dir=\"ltr\">Et pour cause, <i>Le Parisien<\/i>\u00a0indique ce mercredi que\u00a0Kylian Mbapp\u00e9 et les\u00a0<i>Merengue<\/i>\u00a0seraient d\u2019ores et d\u00e9j\u00e0 d\u2019accord sur les grandes lignes d\u2019un \u00e9ventuel futur contrat qui pourrait les unir. Tout pourrait donc s\u2019acc\u00e9l\u00e9rer si le\u00a0PSG\u00a0accepte d\u2019ouvrir la porte, chose qui est actuellement le principal blocage pour le d\u00e9nouement du dossier.<\/p>\n<p dir=\"ltr\">Affaire \u00e0 suivre\u2026<\/p>\n<div class='share-to-whatsapp-wrapper'><div class='share-on-whsp'>PARTAGER SUR : <\/div><a data-text='MERCATO - Un accord est d\u00e9j\u00e0 trouv\u00e9 dans le dossier Mbapp\u00e9 !' data-link='https:\/\/www.nettali.com\/2021\/08\/25\/mercato-un-accord-est-deja-trouve-dans-le-dossier-mbappe\/' class='whatsapp-button whatsapp-share'>WhatsApp<\/a><div class='clear '><\/div><\/div>","protected":false},"excerpt":{"rendered":"<p>NETTALI.COM - Alors que le PSG a refus\u00e9 une premi\u00e8re approche de la part du Real Madrid pour Kylian Mbapp\u00e9, l\u2019international fran\u00e7ais aurait d\u00e9j\u00e0 trouv\u00e9 un terrain d\u2019entente contractuel avec les Madril\u00e8nes. Le feuilleton\u00a0Kylian Mbapp\u00e9\u00a0a connu un nouveau tournant ce mardi ! En effet, le\u00a0Real Madrid\u00a0a d\u00e9cid\u00e9 de passer \u00e0 l\u2019action en proposant une offre [&hellip;]<\/p>\n","protected":false},"author":5,"featured_media":70441,"comment_status":"open","ping_status":"open","sticky":false,"template":"","format":"standard","meta":{"_et_pb_use_builder":"","_et_pb_old_content":""},"categories":[6],"tags":[],"yoast_head":"<!-- This site is optimized with the Yoast SEO Premium plugin v17.8 (Yoast SEO v17.8) - https:\/\/yoast.com\/wordpress\/plugins\/seo\/ -->\n<title>MERCATO - Un accord est d\u00e9j\u00e0 trouv\u00e9 dans le dossier Mbapp\u00e9 ! | Nettali.com<\/title>\n<meta name=\"robots\" content=\"index, follow, max-snippet:-1, max-image-preview:large, max-video-preview:-1\" \/>\n<link rel=\"canonical\" href=\"https:\/\/www.nettali.com\/2021\/08\/25\/mercato-un-accord-est-deja-trouve-dans-le-dossier-mbappe\/\" \/>\n<meta property=\"og:locale\" content=\"fr_FR\" \/>\n<meta property=\"og:type\" content=\"article\" \/>\n<meta property=\"og:title\" content=\"MERCATO - Un accord est d\u00e9j\u00e0 trouv\u00e9 dans le dossier Mbapp\u00e9 !\" \/>\n<meta property=\"og:description\" content=\"NETTALI.COM - Alors que le PSG a refus\u00e9 une premi\u00e8re approche de la part du Real Madrid pour Kylian Mbapp\u00e9, l\u2019international fran\u00e7ais aurait d\u00e9j\u00e0 trouv\u00e9 un terrain d\u2019entente contractuel avec les Madril\u00e8nes. Le feuilleton\u00a0Kylian Mbapp\u00e9\u00a0a connu un nouveau tournant ce mardi ! En effet, le\u00a0Real Madrid\u00a0a d\u00e9cid\u00e9 de passer \u00e0 l\u2019action en proposant une offre [&hellip;]\" \/>\n<meta property=\"og:url\" content=\"https:\/\/www.nettali.com\/2021\/08\/25\/mercato-un-accord-est-deja-trouve-dans-le-dossier-mbappe\/\" \/>\n<meta property=\"og:site_name\" content=\"Nettali.com\" \/>\n<meta property=\"article:publisher\" content=\"https:\/\/www.facebook.com\/nettalicom\" \/>\n<meta property=\"article:published_time\" content=\"2021-08-25T10:59:59+00:00\" \/>\n<meta property=\"og:image\" content=\"https:\/\/www.nettali.com\/wp-content\/uploads\/2021\/08\/192886.jpeg\" \/>\n\t<meta property=\"og:image:width\" content=\"576\" \/>\n\t<meta property=\"og:image:height\" content=\"324\" \/>\n<meta name=\"twitter:card\" content=\"summary_large_image\" \/>\n<meta name=\"twitter:label1\" content=\"\u00c9crit par\" \/>\n\t<meta name=\"twitter:data1\" content=\"Ibrahima\" \/>\n\t<meta name=\"twitter:label2\" content=\"Dur\u00e9e de lecture estim\u00e9e\" \/>\n\t<meta name=\"twitter:data2\" content=\"1 minute\" \/>\n<script type=\"application\/ld+json\" class=\"yoast-schema-graph\">{\"@context\":\"https:\/\/schema.org\",\"@graph\":[{\"@type\":\"WebSite\",\"@id\":\"https:\/\/www.nettali.com\/#website\",\"url\":\"https:\/\/www.nettali.com\/\",\"name\":\"Nettali.com\",\"description\":\"Le rendez-vous critique du Net\",\"potentialAction\":[{\"@type\":\"SearchAction\",\"target\":{\"@type\":\"EntryPoint\",\"urlTemplate\":\"https:\/\/www.nettali.com\/?s={search_term_string}\"},\"query-input\":\"required name=search_term_string\"}],\"inLanguage\":\"fr-FR\"},{\"@type\":\"ImageObject\",\"@id\":\"https:\/\/www.nettali.com\/2021\/08\/25\/mercato-un-accord-est-deja-trouve-dans-le-dossier-mbappe\/#primaryimage\",\"inLanguage\":\"fr-FR\",\"url\":\"https:\/\/www.nettali.com\/wp-content\/uploads\/2021\/08\/192886.jpeg\",\"contentUrl\":\"https:\/\/www.nettali.com\/wp-content\/uploads\/2021\/08\/192886.jpeg\",\"width\":576,\"height\":324},{\"@type\":\"WebPage\",\"@id\":\"https:\/\/www.nettali.com\/2021\/08\/25\/mercato-un-accord-est-deja-trouve-dans-le-dossier-mbappe\/#webpage\",\"url\":\"https:\/\/www.nettali.com\/2021\/08\/25\/mercato-un-accord-est-deja-trouve-dans-le-dossier-mbappe\/\",\"name\":\"MERCATO - Un accord est d\\u00e9j\\u00e0 trouv\\u00e9 dans le dossier Mbapp\\u00e9 ! | Nettali.com\",\"isPartOf\":{\"@id\":\"https:\/\/www.nettali.com\/#website\"},\"primaryImageOfPage\":{\"@id\":\"https:\/\/www.nettali.com\/2021\/08\/25\/mercato-un-accord-est-deja-trouve-dans-le-dossier-mbappe\/#primaryimage\"},\"datePublished\":\"2021-08-25T10:59:59+00:00\",\"dateModified\":\"2021-08-25T10:59:59+00:00\",\"author\":{\"@id\":\"https:\/\/www.nettali.com\/#\/schema\/person\/bb147657c2986240405a608162b9bb23\"},\"breadcrumb\":{\"@id\":\"https:\/\/www.nettali.com\/2021\/08\/25\/mercato-un-accord-est-deja-trouve-dans-le-dossier-mbappe\/#breadcrumb\"},\"inLanguage\":\"fr-FR\",\"potentialAction\":[{\"@type\":\"ReadAction\",\"target\":[\"https:\/\/www.nettali.com\/2021\/08\/25\/mercato-un-accord-est-deja-trouve-dans-le-dossier-mbappe\/\"]}]},{\"@type\":\"BreadcrumbList\",\"@id\":\"https:\/\/www.nettali.com\/2021\/08\/25\/mercato-un-accord-est-deja-trouve-dans-le-dossier-mbappe\/#breadcrumb\",\"itemListElement\":[{\"@type\":\"ListItem\",\"position\":1,\"name\":\"Accueil\",\"item\":\"https:\/\/www.nettali.com\/\"},{\"@type\":\"ListItem\",\"position\":2,\"name\":\"MERCATO &#8211; Un accord est d\\u00e9j\\u00e0 trouv\\u00e9 dans le dossier Mbapp\\u00e9 !\"}]},{\"@type\":\"Person\",\"@id\":\"https:\/\/www.nettali.com\/#\/schema\/person\/bb147657c2986240405a608162b9bb23\",\"name\":\"Ibrahima\",\"image\":{\"@type\":\"ImageObject\",\"@id\":\"https:\/\/www.nettali.com\/#personlogo\",\"inLanguage\":\"fr-FR\",\"url\":\"https:\/\/secure.gravatar.com\/avatar\/26a8a81f09f0dd7624c9d5c36c9ba3a2?s=96&d=mm&r=g\",\"contentUrl\":\"https:\/\/secure.gravatar.com\/avatar\/26a8a81f09f0dd7624c9d5c36c9ba3a2?s=96&d=mm&r=g\",\"caption\":\"Ibrahima\"},\"sameAs\":[\"https:\/\/www.nettali.com\"]}]}<\/script>\n<!-- \/ Yoast SEO Premium plugin. -->","yoast_head_json":{"title":"MERCATO - Un accord est d\u00e9j\u00e0 trouv\u00e9 dans le dossier Mbapp\u00e9 ! | Nettali.com","robots":{"index":"index","follow":"follow","max-snippet":"max-snippet:-1","max-image-preview":"max-image-preview:large","max-video-preview":"max-video-preview:-1"},"canonical":"https:\/\/www.nettali.com\/2021\/08\/25\/mercato-un-accord-est-deja-trouve-dans-le-dossier-mbappe\/","og_locale":"fr_FR","og_type":"article","og_title":"MERCATO - Un accord est d\u00e9j\u00e0 trouv\u00e9 dans le dossier Mbapp\u00e9 !","og_description":"NETTALI.COM - Alors que le PSG a refus\u00e9 une premi\u00e8re approche de la part du Real Madrid pour Kylian Mbapp\u00e9, l\u2019international fran\u00e7ais aurait d\u00e9j\u00e0 trouv\u00e9 un terrain d\u2019entente contractuel avec les Madril\u00e8nes. Le feuilleton\u00a0Kylian Mbapp\u00e9\u00a0a connu un nouveau tournant ce mardi ! En effet, le\u00a0Real Madrid\u00a0a d\u00e9cid\u00e9 de passer \u00e0 l\u2019action en proposant une offre [&hellip;]","og_url":"https:\/\/www.nettali.com\/2021\/08\/25\/mercato-un-accord-est-deja-trouve-dans-le-dossier-mbappe\/","og_site_name":"Nettali.com","article_publisher":"https:\/\/www.facebook.com\/nettalicom","article_published_time":"2021-08-25T10:59:59+00:00","og_image":[{"width":576,"height":324,"url":"https:\/\/www.nettali.com\/wp-content\/uploads\/2021\/08\/192886.jpeg","type":"image\/jpeg"}],"twitter_card":"summary_large_image","twitter_misc":{"\u00c9crit par":"Ibrahima","Dur\u00e9e de lecture estim\u00e9e":"1 minute"},"schema":{"@context":"https:\/\/schema.org","@graph":[{"@type":"WebSite","@id":"https:\/\/www.nettali.com\/#website","url":"https:\/\/www.nettali.com\/","name":"Nettali.com","description":"Le rendez-vous critique du Net","potentialAction":[{"@type":"SearchAction","target":{"@type":"EntryPoint","urlTemplate":"https:\/\/www.nettali.com\/?s={search_term_string}"},"query-input":"required name=search_term_string"}],"inLanguage":"fr-FR"},{"@type":"ImageObject","@id":"https:\/\/www.nettali.com\/2021\/08\/25\/mercato-un-accord-est-deja-trouve-dans-le-dossier-mbappe\/#primaryimage","inLanguage":"fr-FR","url":"https:\/\/www.nettali.com\/wp-content\/uploads\/2021\/08\/192886.jpeg","contentUrl":"https:\/\/www.nettali.com\/wp-content\/uploads\/2021\/08\/192886.jpeg","width":576,"height":324},{"@type":"WebPage","@id":"https:\/\/www.nettali.com\/2021\/08\/25\/mercato-un-accord-est-deja-trouve-dans-le-dossier-mbappe\/#webpage","url":"https:\/\/www.nettali.com\/2021\/08\/25\/mercato-un-accord-est-deja-trouve-dans-le-dossier-mbappe\/","name":"MERCATO - Un accord est d\u00e9j\u00e0 trouv\u00e9 dans le dossier Mbapp\u00e9 ! | Nettali.com","isPartOf":{"@id":"https:\/\/www.nettali.com\/#website"},"primaryImageOfPage":{"@id":"https:\/\/www.nettali.com\/2021\/08\/25\/mercato-un-accord-est-deja-trouve-dans-le-dossier-mbappe\/#primaryimage"},"datePublished":"2021-08-25T10:59:59+00:00","dateModified":"2021-08-25T10:59:59+00:00","author":{"@id":"https:\/\/www.nettali.com\/#\/schema\/person\/bb147657c2986240405a608162b9bb23"},"breadcrumb":{"@id":"https:\/\/www.nettali.com\/2021\/08\/25\/mercato-un-accord-est-deja-trouve-dans-le-dossier-mbappe\/#breadcrumb"},"inLanguage":"fr-FR","potentialAction":[{"@type":"ReadAction","target":["https:\/\/www.nettali.com\/2021\/08\/25\/mercato-un-accord-est-deja-trouve-dans-le-dossier-mbappe\/"]}]},{"@type":"BreadcrumbList","@id":"https:\/\/www.nettali.com\/2021\/08\/25\/mercato-un-accord-est-deja-trouve-dans-le-dossier-mbappe\/#breadcrumb","itemListElement":[{"@type":"ListItem","position":1,"name":"Accueil","item":"https:\/\/www.nettali.com\/"},{"@type":"ListItem","position":2,"name":"MERCATO &#8211; Un accord est d\u00e9j\u00e0 trouv\u00e9 dans le dossier Mbapp\u00e9 !"}]},{"@type":"Person","@id":"https:\/\/www.nettali.com\/#\/schema\/person\/bb147657c2986240405a608162b9bb23","name":"Ibrahima","image":{"@type":"ImageObject","@id":"https:\/\/www.nettali.com\/#personlogo","inLanguage":"fr-FR","url":"https:\/\/secure.gravatar.com\/avatar\/26a8a81f09f0dd7624c9d5c36c9ba3a2?s=96&d=mm&r=g","contentUrl":"https:\/\/secure.gravatar.com\/avatar\/26a8a81f09f0dd7624c9d5c36c9ba3a2?s=96&d=mm&r=g","caption":"Ibrahima"},"sameAs":["https:\/\/www.nettali.com"]}]}},"_links":{"self":[{"href":"https:\/\/www.nettali.com\/rest\/wp\/v2\/posts\/70440"}],"collection":[{"href":"https:\/\/www.nettali.com\/rest\/wp\/v2\/posts"}],"about":[{"href":"https:\/\/www.nettali.com\/rest\/wp\/v2\/types\/post"}],"author":[{"embeddable":true,"href":"https:\/\/www.nettali.com\/rest\/wp\/v2\/users\/5"}],"replies":[{"embeddable":true,"href":"https:\/\/www.nettali.com\/rest\/wp\/v2\/comments?post=70440"}],"version-history":[{"count":1,"href":"https:\/\/www.nettali.com\/rest\/wp\/v2\/posts\/70440\/revisions"}],"predecessor-version":[{"id":70443,"href":"https:\/\/www.nettali.com\/rest\/wp\/v2\/posts\/70440\/revisions\/70443"}],"wp:featuredmedia":[{"embeddable":true,"href":"https:\/\/www.nettali.com\/rest\/wp\/v2\/media\/70441"}],"wp:attachment":[{"href":"https:\/\/www.nettali.com\/rest\/wp\/v2\/media?parent=70440"}],"wp:term":[{"taxonomy":"category","embeddable":true,"href":"https:\/\/www.nettali.com\/rest\/wp\/v2\/categories?post=70440"},{"taxonomy":"post_tag","embeddable":true,"href":"https:\/\/www.nettali.com\/rest\/wp\/v2\/tags?post=70440"}],"curies":[{"name":"wp","href":"https:\/\/api.w.org\/{rel}","templated":true}]}}