{"id":70317,"date":"2021-08-23T09:18:04","date_gmt":"2021-08-23T09:18:04","guid":{"rendered":"https:\/\/www.nettali.com\/?p=70317"},"modified":"2021-08-23T09:18:04","modified_gmt":"2021-08-23T09:18:04","slug":"josephine-baker-premiere-femme-noire-au-pantheon","status":"publish","type":"post","link":"https:\/\/www.nettali.com\/2021\/08\/23\/josephine-baker-premiere-femme-noire-au-pantheon\/","title":{"rendered":"Jos\u00e9phine Baker, premi\u00e8re femme noire au Panth\u00e9on"},"content":{"rendered":"<p><strong>NETTALI.COM - L'artiste franco-am\u00e9ricaine Jos\u00e9phine Baker (1906-1975), figure \u00e9minente de la R\u00e9sistance et de la lutte antiraciste, sera panth\u00e9onis\u00e9e le 30 novembre, selon une information de l'\u00e9dition dominicale du Parisien citant le pr\u00e9sident Emmanuel Macron.<\/strong><\/p>\n<p><strong>\u00a0<\/strong>\"C'est oui !\", a dit le chef de l'Etat le mercredi 21 juillet \u00e0 l'Elys\u00e9e, selon le quotidien, \u00e0 l'issue d'un entretien avec un groupe de personnalit\u00e9s venu plaider pour cette initiative, comprenant notamment \"le romancier Pascal Bruckner, le chanteur Laurent Voulzy, l'entrepreneuse Jennifer Guesdon, l'essayiste Laurent Kuperman et surtout Brian Bouillon-Baker, un des fils de Jos\u00e9phine Baker\".<\/p>\n<p><a href=\"https:\/\/www.leparisien.fr\/politique\/josephine-baker-entrera-au-pantheon-le-30-novembre-les-coulisses-de-la-decision-demmanuel-macron-22-08-2021-XRSDOHZFZNGRTO2H7YWNVZCSKY.php\">La c\u00e9r\u00e9monie aura lieu le 30 novembre, selon Le Parisien,<\/a>\u00a0faisant de la c\u00e9l\u00e8bre meneuse de revue, n\u00e9e dans le Missouri et enterr\u00e9e \u00e0 Monaco, la premi\u00e8re femme noire \u00e0 reposer dans la n\u00e9cropole la\u00efque.<\/p>\n<p>Le dossier en faveur de l'interpr\u00e8te de la c\u00e9l\u00e8bre chanson \"J'ai deux amours\" avait \u00e9t\u00e9 examin\u00e9 une premi\u00e8re fois fin juin par l'Elys\u00e9e, selon Le Parisien. Une p\u00e9tition en faveur de la panth\u00e9onisation de l'artiste,<a href=\"https:\/\/www.change.org\/p\/monsieur-le-pr%C3%A9sident-de-la-r%C3%A9publique-fran%C3%A7aise-jos%C3%A9phine-baker-au-panth%C3%A9on\">\u00a0lanc\u00e9e il y a deux ans par Laurent Kupferman, avait rassembl\u00e9 38.000 signatures.<\/a><\/p>\n<p>&nbsp;<\/p>\n<p><strong>Cinq femmes<\/strong><\/p>\n<p>\"Artiste, premi\u00e8re star internationale noire, muse des cubistes, r\u00e9sistante pendant la Seconde Guerre mondiale dans l'Arm\u00e9e fran\u00e7aise, active aux c\u00f4t\u00e9s de Martin Luther King pour les droits civiques aux Etats-Unis d'Am\u00e9rique et en France aux c\u00f4t\u00e9s de la Lica (Ligue internationale contre l'antis\u00e9mitisme, devenue Licra: Ligue internationale contre le racisme et l'antis\u00e9mitisme, ndlr) (...) nous pensons que Jos\u00e9phine Baker, 1906-1975, a sa place au Panth\u00e9on\", fait valoir le texte.<\/p>\n<p>Le Panth\u00e9on est depuis plus d'un si\u00e8cle la n\u00e9cropole la\u00efque des \"grands hommes\" fran\u00e7ais, dont la \"patrie reconnaissante\" veut honorer la m\u00e9moire. Cet imposant \u00e9difice domine la montagne Sainte-Genevi\u00e8ve, l'une des buttes de Paris, dans le centre de la capitale.<\/p>\n<p>Parmi les 80 \"panth\u00e9onis\u00e9s\" figurent des politiques, des \u00e9crivains, des scientifiques, quelques religieux et beaucoup de militaires.\u00a0<a href=\"https:\/\/www.challenges.fr\/france\/simone-et-antoine-veil-sont-entres-au-pantheon_598200\">Seules cinq femmes y sont actuellement inhum\u00e9es, dont Simone Veil, la derni\u00e8re personnalit\u00e9 \u00e0 l'avoir \u00e9t\u00e9, en 2018.<\/a><\/p>\n<p>&nbsp;<\/p>\n<p>(avec AFP)<\/p>\n<p>&nbsp;<\/p>\n<div class='share-to-whatsapp-wrapper'><div class='share-on-whsp'>PARTAGER SUR : <\/div><a data-text='Jos\u00e9phine Baker, premi\u00e8re femme noire au Panth\u00e9on' data-link='https:\/\/www.nettali.com\/2021\/08\/23\/josephine-baker-premiere-femme-noire-au-pantheon\/' class='whatsapp-button whatsapp-share'>WhatsApp<\/a><div class='clear '><\/div><\/div>","protected":false},"excerpt":{"rendered":"<p>NETTALI.COM - L'artiste franco-am\u00e9ricaine Jos\u00e9phine Baker (1906-1975), figure \u00e9minente de la R\u00e9sistance et de la lutte antiraciste, sera panth\u00e9onis\u00e9e le 30 novembre, selon une information de l'\u00e9dition dominicale du Parisien citant le pr\u00e9sident Emmanuel Macron. \u00a0\"C'est oui !\", a dit le chef de l'Etat le mercredi 21 juillet \u00e0 l'Elys\u00e9e, selon le quotidien, \u00e0 l'issue [&hellip;]<\/p>\n","protected":false},"author":11,"featured_media":70318,"comment_status":"open","ping_status":"open","sticky":false,"template":"","format":"standard","meta":{"_et_pb_use_builder":"","_et_pb_old_content":""},"categories":[8],"tags":[],"yoast_head":"<!-- This site is optimized with the Yoast SEO Premium plugin v17.8 (Yoast SEO v17.8) - https:\/\/yoast.com\/wordpress\/plugins\/seo\/ -->\n<title>Jos\u00e9phine Baker, premi\u00e8re femme noire au Panth\u00e9on | Nettali.com<\/title>\n<meta name=\"robots\" content=\"index, follow, max-snippet:-1, max-image-preview:large, max-video-preview:-1\" \/>\n<link rel=\"canonical\" href=\"https:\/\/www.nettali.com\/2021\/08\/23\/josephine-baker-premiere-femme-noire-au-pantheon\/\" \/>\n<meta property=\"og:locale\" content=\"fr_FR\" \/>\n<meta property=\"og:type\" content=\"article\" \/>\n<meta property=\"og:title\" content=\"Jos\u00e9phine Baker, premi\u00e8re femme noire au Panth\u00e9on\" \/>\n<meta property=\"og:description\" content=\"NETTALI.COM - L&#039;artiste franco-am\u00e9ricaine Jos\u00e9phine Baker (1906-1975), figure \u00e9minente de la R\u00e9sistance et de la lutte antiraciste, sera panth\u00e9onis\u00e9e le 30 novembre, selon une information de l&#039;\u00e9dition dominicale du Parisien citant le pr\u00e9sident Emmanuel Macron. \u00a0&quot;C&#039;est oui !&quot;, a dit le chef de l&#039;Etat le mercredi 21 juillet \u00e0 l&#039;Elys\u00e9e, selon le quotidien, \u00e0 l&#039;issue [&hellip;]\" \/>\n<meta property=\"og:url\" content=\"https:\/\/www.nettali.com\/2021\/08\/23\/josephine-baker-premiere-femme-noire-au-pantheon\/\" \/>\n<meta property=\"og:site_name\" content=\"Nettali.com\" \/>\n<meta property=\"article:publisher\" content=\"https:\/\/www.facebook.com\/nettalicom\" \/>\n<meta property=\"article:published_time\" content=\"2021-08-23T09:18:04+00:00\" \/>\n<meta property=\"og:image\" content=\"https:\/\/www.nettali.com\/wp-content\/uploads\/2021\/08\/baker.jpg\" \/>\n\t<meta property=\"og:image:width\" content=\"1000\" \/>\n\t<meta property=\"og:image:height\" content=\"749\" \/>\n<meta name=\"twitter:card\" content=\"summary_large_image\" \/>\n<meta name=\"twitter:label1\" content=\"\u00c9crit par\" \/>\n\t<meta name=\"twitter:data1\" content=\"Thierno Diop\" \/>\n\t<meta name=\"twitter:label2\" content=\"Dur\u00e9e de lecture estim\u00e9e\" \/>\n\t<meta name=\"twitter:data2\" content=\"2 minutes\" \/>\n<script type=\"application\/ld+json\" class=\"yoast-schema-graph\">{\"@context\":\"https:\/\/schema.org\",\"@graph\":[{\"@type\":\"WebSite\",\"@id\":\"https:\/\/www.nettali.com\/#website\",\"url\":\"https:\/\/www.nettali.com\/\",\"name\":\"Nettali.com\",\"description\":\"Le rendez-vous critique du Net\",\"potentialAction\":[{\"@type\":\"SearchAction\",\"target\":{\"@type\":\"EntryPoint\",\"urlTemplate\":\"https:\/\/www.nettali.com\/?s={search_term_string}\"},\"query-input\":\"required name=search_term_string\"}],\"inLanguage\":\"fr-FR\"},{\"@type\":\"ImageObject\",\"@id\":\"https:\/\/www.nettali.com\/2021\/08\/23\/josephine-baker-premiere-femme-noire-au-pantheon\/#primaryimage\",\"inLanguage\":\"fr-FR\",\"url\":\"https:\/\/www.nettali.com\/wp-content\/uploads\/2021\/08\/baker.jpg\",\"contentUrl\":\"https:\/\/www.nettali.com\/wp-content\/uploads\/2021\/08\/baker.jpg\",\"width\":1000,\"height\":749},{\"@type\":\"WebPage\",\"@id\":\"https:\/\/www.nettali.com\/2021\/08\/23\/josephine-baker-premiere-femme-noire-au-pantheon\/#webpage\",\"url\":\"https:\/\/www.nettali.com\/2021\/08\/23\/josephine-baker-premiere-femme-noire-au-pantheon\/\",\"name\":\"Jos\\u00e9phine Baker, premi\\u00e8re femme noire au Panth\\u00e9on | Nettali.com\",\"isPartOf\":{\"@id\":\"https:\/\/www.nettali.com\/#website\"},\"primaryImageOfPage\":{\"@id\":\"https:\/\/www.nettali.com\/2021\/08\/23\/josephine-baker-premiere-femme-noire-au-pantheon\/#primaryimage\"},\"datePublished\":\"2021-08-23T09:18:04+00:00\",\"dateModified\":\"2021-08-23T09:18:04+00:00\",\"author\":{\"@id\":\"https:\/\/www.nettali.com\/#\/schema\/person\/8a06c6bd7b19304cf4bf985862900b5b\"},\"breadcrumb\":{\"@id\":\"https:\/\/www.nettali.com\/2021\/08\/23\/josephine-baker-premiere-femme-noire-au-pantheon\/#breadcrumb\"},\"inLanguage\":\"fr-FR\",\"potentialAction\":[{\"@type\":\"ReadAction\",\"target\":[\"https:\/\/www.nettali.com\/2021\/08\/23\/josephine-baker-premiere-femme-noire-au-pantheon\/\"]}]},{\"@type\":\"BreadcrumbList\",\"@id\":\"https:\/\/www.nettali.com\/2021\/08\/23\/josephine-baker-premiere-femme-noire-au-pantheon\/#breadcrumb\",\"itemListElement\":[{\"@type\":\"ListItem\",\"position\":1,\"name\":\"Accueil\",\"item\":\"https:\/\/www.nettali.com\/\"},{\"@type\":\"ListItem\",\"position\":2,\"name\":\"Jos\\u00e9phine Baker, premi\\u00e8re femme noire au Panth\\u00e9on\"}]},{\"@type\":\"Person\",\"@id\":\"https:\/\/www.nettali.com\/#\/schema\/person\/8a06c6bd7b19304cf4bf985862900b5b\",\"name\":\"Thierno Diop\",\"image\":{\"@type\":\"ImageObject\",\"@id\":\"https:\/\/www.nettali.com\/#personlogo\",\"inLanguage\":\"fr-FR\",\"url\":\"https:\/\/secure.gravatar.com\/avatar\/c8ca58550c94fd2ac856d27391a6c866?s=96&d=mm&r=g\",\"contentUrl\":\"https:\/\/secure.gravatar.com\/avatar\/c8ca58550c94fd2ac856d27391a6c866?s=96&d=mm&r=g\",\"caption\":\"Thierno Diop\"},\"sameAs\":[\"https:\/\/nettali.com\"]}]}<\/script>\n<!-- \/ Yoast SEO Premium plugin. -->","yoast_head_json":{"title":"Jos\u00e9phine Baker, premi\u00e8re femme noire au Panth\u00e9on | Nettali.com","robots":{"index":"index","follow":"follow","max-snippet":"max-snippet:-1","max-image-preview":"max-image-preview:large","max-video-preview":"max-video-preview:-1"},"canonical":"https:\/\/www.nettali.com\/2021\/08\/23\/josephine-baker-premiere-femme-noire-au-pantheon\/","og_locale":"fr_FR","og_type":"article","og_title":"Jos\u00e9phine Baker, premi\u00e8re femme noire au Panth\u00e9on","og_description":"NETTALI.COM - L'artiste franco-am\u00e9ricaine Jos\u00e9phine Baker (1906-1975), figure \u00e9minente de la R\u00e9sistance et de la lutte antiraciste, sera panth\u00e9onis\u00e9e le 30 novembre, selon une information de l'\u00e9dition dominicale du Parisien citant le pr\u00e9sident Emmanuel Macron. \u00a0\"C'est oui !\", a dit le chef de l'Etat le mercredi 21 juillet \u00e0 l'Elys\u00e9e, selon le quotidien, \u00e0 l'issue [&hellip;]","og_url":"https:\/\/www.nettali.com\/2021\/08\/23\/josephine-baker-premiere-femme-noire-au-pantheon\/","og_site_name":"Nettali.com","article_publisher":"https:\/\/www.facebook.com\/nettalicom","article_published_time":"2021-08-23T09:18:04+00:00","og_image":[{"width":1000,"height":749,"url":"https:\/\/www.nettali.com\/wp-content\/uploads\/2021\/08\/baker.jpg","type":"image\/jpeg"}],"twitter_card":"summary_large_image","twitter_misc":{"\u00c9crit par":"Thierno Diop","Dur\u00e9e de lecture estim\u00e9e":"2 minutes"},"schema":{"@context":"https:\/\/schema.org","@graph":[{"@type":"WebSite","@id":"https:\/\/www.nettali.com\/#website","url":"https:\/\/www.nettali.com\/","name":"Nettali.com","description":"Le rendez-vous critique du Net","potentialAction":[{"@type":"SearchAction","target":{"@type":"EntryPoint","urlTemplate":"https:\/\/www.nettali.com\/?s={search_term_string}"},"query-input":"required name=search_term_string"}],"inLanguage":"fr-FR"},{"@type":"ImageObject","@id":"https:\/\/www.nettali.com\/2021\/08\/23\/josephine-baker-premiere-femme-noire-au-pantheon\/#primaryimage","inLanguage":"fr-FR","url":"https:\/\/www.nettali.com\/wp-content\/uploads\/2021\/08\/baker.jpg","contentUrl":"https:\/\/www.nettali.com\/wp-content\/uploads\/2021\/08\/baker.jpg","width":1000,"height":749},{"@type":"WebPage","@id":"https:\/\/www.nettali.com\/2021\/08\/23\/josephine-baker-premiere-femme-noire-au-pantheon\/#webpage","url":"https:\/\/www.nettali.com\/2021\/08\/23\/josephine-baker-premiere-femme-noire-au-pantheon\/","name":"Jos\u00e9phine Baker, premi\u00e8re femme noire au Panth\u00e9on | Nettali.com","isPartOf":{"@id":"https:\/\/www.nettali.com\/#website"},"primaryImageOfPage":{"@id":"https:\/\/www.nettali.com\/2021\/08\/23\/josephine-baker-premiere-femme-noire-au-pantheon\/#primaryimage"},"datePublished":"2021-08-23T09:18:04+00:00","dateModified":"2021-08-23T09:18:04+00:00","author":{"@id":"https:\/\/www.nettali.com\/#\/schema\/person\/8a06c6bd7b19304cf4bf985862900b5b"},"breadcrumb":{"@id":"https:\/\/www.nettali.com\/2021\/08\/23\/josephine-baker-premiere-femme-noire-au-pantheon\/#breadcrumb"},"inLanguage":"fr-FR","potentialAction":[{"@type":"ReadAction","target":["https:\/\/www.nettali.com\/2021\/08\/23\/josephine-baker-premiere-femme-noire-au-pantheon\/"]}]},{"@type":"BreadcrumbList","@id":"https:\/\/www.nettali.com\/2021\/08\/23\/josephine-baker-premiere-femme-noire-au-pantheon\/#breadcrumb","itemListElement":[{"@type":"ListItem","position":1,"name":"Accueil","item":"https:\/\/www.nettali.com\/"},{"@type":"ListItem","position":2,"name":"Jos\u00e9phine Baker, premi\u00e8re femme noire au Panth\u00e9on"}]},{"@type":"Person","@id":"https:\/\/www.nettali.com\/#\/schema\/person\/8a06c6bd7b19304cf4bf985862900b5b","name":"Thierno Diop","image":{"@type":"ImageObject","@id":"https:\/\/www.nettali.com\/#personlogo","inLanguage":"fr-FR","url":"https:\/\/secure.gravatar.com\/avatar\/c8ca58550c94fd2ac856d27391a6c866?s=96&d=mm&r=g","contentUrl":"https:\/\/secure.gravatar.com\/avatar\/c8ca58550c94fd2ac856d27391a6c866?s=96&d=mm&r=g","caption":"Thierno Diop"},"sameAs":["https:\/\/nettali.com"]}]}},"_links":{"self":[{"href":"https:\/\/www.nettali.com\/rest\/wp\/v2\/posts\/70317"}],"collection":[{"href":"https:\/\/www.nettali.com\/rest\/wp\/v2\/posts"}],"about":[{"href":"https:\/\/www.nettali.com\/rest\/wp\/v2\/types\/post"}],"author":[{"embeddable":true,"href":"https:\/\/www.nettali.com\/rest\/wp\/v2\/users\/11"}],"replies":[{"embeddable":true,"href":"https:\/\/www.nettali.com\/rest\/wp\/v2\/comments?post=70317"}],"version-history":[{"count":1,"href":"https:\/\/www.nettali.com\/rest\/wp\/v2\/posts\/70317\/revisions"}],"predecessor-version":[{"id":70319,"href":"https:\/\/www.nettali.com\/rest\/wp\/v2\/posts\/70317\/revisions\/70319"}],"wp:featuredmedia":[{"embeddable":true,"href":"https:\/\/www.nettali.com\/rest\/wp\/v2\/media\/70318"}],"wp:attachment":[{"href":"https:\/\/www.nettali.com\/rest\/wp\/v2\/media?parent=70317"}],"wp:term":[{"taxonomy":"category","embeddable":true,"href":"https:\/\/www.nettali.com\/rest\/wp\/v2\/categories?post=70317"},{"taxonomy":"post_tag","embeddable":true,"href":"https:\/\/www.nettali.com\/rest\/wp\/v2\/tags?post=70317"}],"curies":[{"name":"wp","href":"https:\/\/api.w.org\/{rel}","templated":true}]}}