{"id":70311,"date":"2021-08-23T08:38:49","date_gmt":"2021-08-23T08:38:49","guid":{"rendered":"https:\/\/www.nettali.com\/?p=70311"},"modified":"2021-08-23T14:40:14","modified_gmt":"2021-08-23T14:40:14","slug":"amath-dansokho-et-ses-lecons-doutre-tombe","status":"publish","type":"post","link":"https:\/\/www.nettali.com\/2021\/08\/23\/amath-dansokho-et-ses-lecons-doutre-tombe\/","title":{"rendered":"Amath Dansokho et ses le\u00e7ons d\u2019outre-tombe"},"content":{"rendered":"<p><strong>NETTALI.COM - Deux ans que disparaissait, \u00e0 82 ans, le charismatique leader du Parti de l\u2019ind\u00e9pendance et du travail (PIT) Amath Dansokho. Il laisse une place qui reste inoccup\u00e9e, tant son r\u00f4le de m\u00e9diateur politique et social a \u00e9t\u00e9 crucial\u2026<\/strong><\/p>\n<p>C\u2019 est un constat bien ancr\u00e9 que la sc\u00e8ne politique manque de personnalit\u00e9s capables de gommer les diff\u00e9rences\/diff\u00e9rends politiques et id\u00e9ologiques pour jouer le r\u00f4le de rassembleur. Autant ces 30 derni\u00e8res ann\u00e9es ont \u00e9t\u00e9 marqu\u00e9es par des prises d\u2019initiatives dans le sens de chercher des solutions aux probl\u00e8mes politiques lorsqu\u2019ils se posent, autant ce r\u00e9flexe qui symbolisait bien quelque part le g\u00e9nie politique s\u00e9n\u00e9galais s\u2019est, comme qui dirait, atrophi\u00e9.<\/p>\n<p>Les derni\u00e8res \u00e9meutes cons\u00e9cutives \u00e0 l\u2019affaire Ousmane Sonko ont donn\u00e9 la preuve que la marge de man\u0153uvres des politiques, dans la prise en charge des crises majeures, s\u2019est d\u00e9pr\u00e9ci\u00e9e. Ce sont les voix des grandes familles religieuses \u2013 Touba et Tivaouane surtout \u2013 qui se sont fait entendre. C\u2019est une situation bien nouvelle, qui d\u00e9coule sans doute d\u2019une inertie des politiques qui ont laiss\u00e9 la place \u00e0 d\u2019autres forces ; la nature ayant horreur du vide. Cette perte de pouvoir est la cons\u00e9quence d\u2019une perte de cr\u00e9dibilit\u00e9, de l\u2019absence d\u2019initiatives et d\u2019une d\u00e9sertion de l\u2019intelligence politique de l\u2019espace public. Le tableau n\u2019est plus le m\u00eame, lorsqu\u2019on remonte juste \u00e0\u2026 10 ans. Preuve que la prise de hauteur, lorsqu\u2019il s\u2019agit de cr\u00e9er les rapports de force n\u00e9cessaires, \u00e9tait une r\u00e9alit\u00e9 bien de chez nous, le salon d\u2019Amath Dansokho a \u00e9t\u00e9, pendant de tr\u00e8s longues ann\u00e9es, le lieu o\u00f9 pouvait cohabiter Moustapha Niasse, feu Ousmane Tanor Dieng et le regrett\u00e9 Djibo K\u00e2. Ces trois personnalit\u00e9s se sont pourtant combattues sans concession ; engendrant dans le m\u00eame \u00e9lan la chute du r\u00e9gime socialiste en 2000. Qu\u2019Amath Dansokho et Abdoulaye Bathily, d\u2019un c\u00f4t\u00e9, les anciens t\u00e9nors du r\u00e9gime socialiste d\u00e9chu puissent se retrouver quelques ann\u00e9es seulement apr\u00e8s que les premiers cit\u00e9s ont exp\u00e9di\u00e9, avec Me Abdoulaye Wade, le r\u00e9gime socialiste dans l\u2019opposition, renseigne, \u00e0 souhait, sur la capacit\u00e9 de ces acteurs \u00e0 prendre de la hauteur. \u2018\u2019Nous privil\u00e9gions la discussion. Tant que Me Abdoulaye Wade respectera la volont\u00e9 souveraine des S\u00e9n\u00e9galais \u00e0 se choisir le pr\u00e9sident qu\u2019ils veulent, nous jouerons le jeu. Nous sommes pr\u00eats \u00e0 faire le sacrifice de l\u2019accompagner [Abdoulaye Wade] jusqu\u2019\u00e0 la fin de son mandat, s\u2019il ne se repr\u00e9sente pas. S\u2019il choisit une autre voie, nous lui ferons face ensemble\u2019\u2019, confiait Dansokho lors d\u2019une gigantesque manifestation organis\u00e9e \u00e0 la place de l\u2019Ob\u00e9lisque, le 23 juillet 2011, un mois apr\u00e8s les \u00e9meutes ayant accompagn\u00e9 le projet de modification de la Constitution. M\u00eame dans les moments les plus troubles, le fil n\u2019a jamais \u00e9t\u00e9 rompu entre les acteurs politiques. Opposition et pouvoir se parlaient. Non pas pour comploter sur le dos du peuple, mais pour \u00e9viter que le chaos ne s\u2019installe. Malgr\u00e9 leurs discours qui pouvaient \u00eatre va-t-en-guerre par moments, Amath Dansokho et ses camarades ont toujours compris que les \u00e9quilibres sont fragiles. Et que l\u2019anarchie pouvait s\u2019installer, si les politiques ne se parlent pas. Or, le tableau actuel est aux antipodes de la fin du r\u00e8gne de Wade. Le dialogue est intra-parti. Tout se fait en vase-clos. Et les passerelles de communication entre les leaders politiques, au pouvoir ou aspirant \u00e0 y acc\u00e9der, sont rompues. Chaque camp semble aff\u00fbter ses armes, non pas seulement pour aller aux \u00e9lections, mais surtout pour ce qui semble ressembler \u00e0 une confrontation finale. Et l\u00e0 encore, l\u2019esprit d\u2019Amath Dansokho, qui aimait bien convoquer l\u2019exemple de la C\u00f4te d\u2019Ivoire, nous parle. \u2018\u2019Il nous faut \u00e9viter que le pays ne sombre dans la violence. Nous savons qu\u2019il y a des forces qui peuvent, \u00e0 chaque instant, installer le chaos. Nous sommes encore des d\u00e9mocraties jeunes et donc fragiles. Ce qui s\u2019est pass\u00e9 en C\u00f4te d\u2019Ivoire nous parle\u2019\u2019 (\u2018\u2019EnQu\u00eate\u2019\u2019 du 12 juillet 2011). On pourrait aujourd\u2019hui remplacer C\u00f4te d\u2019Ivoire par\u2026 Mali.<\/p>\n<p>(ENQUETE)<\/p>\n<div class='share-to-whatsapp-wrapper'><div class='share-on-whsp'>PARTAGER SUR : <\/div><a data-text='Amath Dansokho et ses le\u00e7ons d\u2019outre-tombe' data-link='https:\/\/www.nettali.com\/2021\/08\/23\/amath-dansokho-et-ses-lecons-doutre-tombe\/' class='whatsapp-button whatsapp-share'>WhatsApp<\/a><div class='clear '><\/div><\/div>","protected":false},"excerpt":{"rendered":"<p>NETTALI.COM - Deux ans que disparaissait, \u00e0 82 ans, le charismatique leader du Parti de l\u2019ind\u00e9pendance et du travail (PIT) Amath Dansokho. Il laisse une place qui reste inoccup\u00e9e, tant son r\u00f4le de m\u00e9diateur politique et social a \u00e9t\u00e9 crucial\u2026 C\u2019 est un constat bien ancr\u00e9 que la sc\u00e8ne politique manque de personnalit\u00e9s capables de [&hellip;]<\/p>\n","protected":false},"author":11,"featured_media":16278,"comment_status":"open","ping_status":"open","sticky":false,"template":"","format":"standard","meta":{"_et_pb_use_builder":"","_et_pb_old_content":""},"categories":[2],"tags":[],"yoast_head":"<!-- This site is optimized with the Yoast SEO Premium plugin v17.8 (Yoast SEO v17.8) - https:\/\/yoast.com\/wordpress\/plugins\/seo\/ -->\n<title>Amath Dansokho et ses le\u00e7ons d\u2019outre-tombe | Nettali.com<\/title>\n<meta name=\"robots\" content=\"index, follow, max-snippet:-1, max-image-preview:large, max-video-preview:-1\" \/>\n<link rel=\"canonical\" href=\"https:\/\/www.nettali.com\/2021\/08\/23\/amath-dansokho-et-ses-lecons-doutre-tombe\/\" \/>\n<meta property=\"og:locale\" content=\"fr_FR\" \/>\n<meta property=\"og:type\" content=\"article\" \/>\n<meta property=\"og:title\" content=\"Amath Dansokho et ses le\u00e7ons d\u2019outre-tombe\" \/>\n<meta property=\"og:description\" content=\"NETTALI.COM - Deux ans que disparaissait, \u00e0 82 ans, le charismatique leader du Parti de l\u2019ind\u00e9pendance et du travail (PIT) Amath Dansokho. Il laisse une place qui reste inoccup\u00e9e, tant son r\u00f4le de m\u00e9diateur politique et social a \u00e9t\u00e9 crucial\u2026 C\u2019 est un constat bien ancr\u00e9 que la sc\u00e8ne politique manque de personnalit\u00e9s capables de [&hellip;]\" \/>\n<meta property=\"og:url\" content=\"https:\/\/www.nettali.com\/2021\/08\/23\/amath-dansokho-et-ses-lecons-doutre-tombe\/\" \/>\n<meta property=\"og:site_name\" content=\"Nettali.com\" \/>\n<meta property=\"article:publisher\" content=\"https:\/\/www.facebook.com\/nettalicom\" \/>\n<meta property=\"article:published_time\" content=\"2021-08-23T08:38:49+00:00\" \/>\n<meta property=\"article:modified_time\" content=\"2021-08-23T14:40:14+00:00\" \/>\n<meta property=\"og:image\" content=\"https:\/\/www.nettali.com\/wp-content\/uploads\/2019\/08\/Amath-Dansokho.jpg\" \/>\n\t<meta property=\"og:image:width\" content=\"700\" \/>\n\t<meta property=\"og:image:height\" content=\"473\" \/>\n<meta name=\"twitter:card\" content=\"summary_large_image\" \/>\n<meta name=\"twitter:label1\" content=\"\u00c9crit par\" \/>\n\t<meta name=\"twitter:data1\" content=\"Thierno Diop\" \/>\n\t<meta name=\"twitter:label2\" content=\"Dur\u00e9e de lecture estim\u00e9e\" \/>\n\t<meta name=\"twitter:data2\" content=\"3 minutes\" \/>\n<script type=\"application\/ld+json\" class=\"yoast-schema-graph\">{\"@context\":\"https:\/\/schema.org\",\"@graph\":[{\"@type\":\"WebSite\",\"@id\":\"https:\/\/www.nettali.com\/#website\",\"url\":\"https:\/\/www.nettali.com\/\",\"name\":\"Nettali.com\",\"description\":\"Le rendez-vous critique du Net\",\"potentialAction\":[{\"@type\":\"SearchAction\",\"target\":{\"@type\":\"EntryPoint\",\"urlTemplate\":\"https:\/\/www.nettali.com\/?s={search_term_string}\"},\"query-input\":\"required name=search_term_string\"}],\"inLanguage\":\"fr-FR\"},{\"@type\":\"ImageObject\",\"@id\":\"https:\/\/www.nettali.com\/2021\/08\/23\/amath-dansokho-et-ses-lecons-doutre-tombe\/#primaryimage\",\"inLanguage\":\"fr-FR\",\"url\":\"https:\/\/www.nettali.com\/wp-content\/uploads\/2019\/08\/Amath-Dansokho.jpg\",\"contentUrl\":\"https:\/\/www.nettali.com\/wp-content\/uploads\/2019\/08\/Amath-Dansokho.jpg\",\"width\":700,\"height\":473},{\"@type\":\"WebPage\",\"@id\":\"https:\/\/www.nettali.com\/2021\/08\/23\/amath-dansokho-et-ses-lecons-doutre-tombe\/#webpage\",\"url\":\"https:\/\/www.nettali.com\/2021\/08\/23\/amath-dansokho-et-ses-lecons-doutre-tombe\/\",\"name\":\"Amath Dansokho et ses le\\u00e7ons d\\u2019outre-tombe | Nettali.com\",\"isPartOf\":{\"@id\":\"https:\/\/www.nettali.com\/#website\"},\"primaryImageOfPage\":{\"@id\":\"https:\/\/www.nettali.com\/2021\/08\/23\/amath-dansokho-et-ses-lecons-doutre-tombe\/#primaryimage\"},\"datePublished\":\"2021-08-23T08:38:49+00:00\",\"dateModified\":\"2021-08-23T14:40:14+00:00\",\"author\":{\"@id\":\"https:\/\/www.nettali.com\/#\/schema\/person\/8a06c6bd7b19304cf4bf985862900b5b\"},\"breadcrumb\":{\"@id\":\"https:\/\/www.nettali.com\/2021\/08\/23\/amath-dansokho-et-ses-lecons-doutre-tombe\/#breadcrumb\"},\"inLanguage\":\"fr-FR\",\"potentialAction\":[{\"@type\":\"ReadAction\",\"target\":[\"https:\/\/www.nettali.com\/2021\/08\/23\/amath-dansokho-et-ses-lecons-doutre-tombe\/\"]}]},{\"@type\":\"BreadcrumbList\",\"@id\":\"https:\/\/www.nettali.com\/2021\/08\/23\/amath-dansokho-et-ses-lecons-doutre-tombe\/#breadcrumb\",\"itemListElement\":[{\"@type\":\"ListItem\",\"position\":1,\"name\":\"Accueil\",\"item\":\"https:\/\/www.nettali.com\/\"},{\"@type\":\"ListItem\",\"position\":2,\"name\":\"Amath Dansokho et ses le\\u00e7ons d\\u2019outre-tombe\"}]},{\"@type\":\"Person\",\"@id\":\"https:\/\/www.nettali.com\/#\/schema\/person\/8a06c6bd7b19304cf4bf985862900b5b\",\"name\":\"Thierno Diop\",\"image\":{\"@type\":\"ImageObject\",\"@id\":\"https:\/\/www.nettali.com\/#personlogo\",\"inLanguage\":\"fr-FR\",\"url\":\"https:\/\/secure.gravatar.com\/avatar\/c8ca58550c94fd2ac856d27391a6c866?s=96&d=mm&r=g\",\"contentUrl\":\"https:\/\/secure.gravatar.com\/avatar\/c8ca58550c94fd2ac856d27391a6c866?s=96&d=mm&r=g\",\"caption\":\"Thierno Diop\"},\"sameAs\":[\"https:\/\/nettali.com\"]}]}<\/script>\n<!-- \/ Yoast SEO Premium plugin. -->","yoast_head_json":{"title":"Amath Dansokho et ses le\u00e7ons d\u2019outre-tombe | Nettali.com","robots":{"index":"index","follow":"follow","max-snippet":"max-snippet:-1","max-image-preview":"max-image-preview:large","max-video-preview":"max-video-preview:-1"},"canonical":"https:\/\/www.nettali.com\/2021\/08\/23\/amath-dansokho-et-ses-lecons-doutre-tombe\/","og_locale":"fr_FR","og_type":"article","og_title":"Amath Dansokho et ses le\u00e7ons d\u2019outre-tombe","og_description":"NETTALI.COM - Deux ans que disparaissait, \u00e0 82 ans, le charismatique leader du Parti de l\u2019ind\u00e9pendance et du travail (PIT) Amath Dansokho. Il laisse une place qui reste inoccup\u00e9e, tant son r\u00f4le de m\u00e9diateur politique et social a \u00e9t\u00e9 crucial\u2026 C\u2019 est un constat bien ancr\u00e9 que la sc\u00e8ne politique manque de personnalit\u00e9s capables de [&hellip;]","og_url":"https:\/\/www.nettali.com\/2021\/08\/23\/amath-dansokho-et-ses-lecons-doutre-tombe\/","og_site_name":"Nettali.com","article_publisher":"https:\/\/www.facebook.com\/nettalicom","article_published_time":"2021-08-23T08:38:49+00:00","article_modified_time":"2021-08-23T14:40:14+00:00","og_image":[{"width":700,"height":473,"url":"https:\/\/www.nettali.com\/wp-content\/uploads\/2019\/08\/Amath-Dansokho.jpg","type":"image\/jpeg"}],"twitter_card":"summary_large_image","twitter_misc":{"\u00c9crit par":"Thierno Diop","Dur\u00e9e de lecture estim\u00e9e":"3 minutes"},"schema":{"@context":"https:\/\/schema.org","@graph":[{"@type":"WebSite","@id":"https:\/\/www.nettali.com\/#website","url":"https:\/\/www.nettali.com\/","name":"Nettali.com","description":"Le rendez-vous critique du Net","potentialAction":[{"@type":"SearchAction","target":{"@type":"EntryPoint","urlTemplate":"https:\/\/www.nettali.com\/?s={search_term_string}"},"query-input":"required name=search_term_string"}],"inLanguage":"fr-FR"},{"@type":"ImageObject","@id":"https:\/\/www.nettali.com\/2021\/08\/23\/amath-dansokho-et-ses-lecons-doutre-tombe\/#primaryimage","inLanguage":"fr-FR","url":"https:\/\/www.nettali.com\/wp-content\/uploads\/2019\/08\/Amath-Dansokho.jpg","contentUrl":"https:\/\/www.nettali.com\/wp-content\/uploads\/2019\/08\/Amath-Dansokho.jpg","width":700,"height":473},{"@type":"WebPage","@id":"https:\/\/www.nettali.com\/2021\/08\/23\/amath-dansokho-et-ses-lecons-doutre-tombe\/#webpage","url":"https:\/\/www.nettali.com\/2021\/08\/23\/amath-dansokho-et-ses-lecons-doutre-tombe\/","name":"Amath Dansokho et ses le\u00e7ons d\u2019outre-tombe | Nettali.com","isPartOf":{"@id":"https:\/\/www.nettali.com\/#website"},"primaryImageOfPage":{"@id":"https:\/\/www.nettali.com\/2021\/08\/23\/amath-dansokho-et-ses-lecons-doutre-tombe\/#primaryimage"},"datePublished":"2021-08-23T08:38:49+00:00","dateModified":"2021-08-23T14:40:14+00:00","author":{"@id":"https:\/\/www.nettali.com\/#\/schema\/person\/8a06c6bd7b19304cf4bf985862900b5b"},"breadcrumb":{"@id":"https:\/\/www.nettali.com\/2021\/08\/23\/amath-dansokho-et-ses-lecons-doutre-tombe\/#breadcrumb"},"inLanguage":"fr-FR","potentialAction":[{"@type":"ReadAction","target":["https:\/\/www.nettali.com\/2021\/08\/23\/amath-dansokho-et-ses-lecons-doutre-tombe\/"]}]},{"@type":"BreadcrumbList","@id":"https:\/\/www.nettali.com\/2021\/08\/23\/amath-dansokho-et-ses-lecons-doutre-tombe\/#breadcrumb","itemListElement":[{"@type":"ListItem","position":1,"name":"Accueil","item":"https:\/\/www.nettali.com\/"},{"@type":"ListItem","position":2,"name":"Amath Dansokho et ses le\u00e7ons d\u2019outre-tombe"}]},{"@type":"Person","@id":"https:\/\/www.nettali.com\/#\/schema\/person\/8a06c6bd7b19304cf4bf985862900b5b","name":"Thierno Diop","image":{"@type":"ImageObject","@id":"https:\/\/www.nettali.com\/#personlogo","inLanguage":"fr-FR","url":"https:\/\/secure.gravatar.com\/avatar\/c8ca58550c94fd2ac856d27391a6c866?s=96&d=mm&r=g","contentUrl":"https:\/\/secure.gravatar.com\/avatar\/c8ca58550c94fd2ac856d27391a6c866?s=96&d=mm&r=g","caption":"Thierno Diop"},"sameAs":["https:\/\/nettali.com"]}]}},"_links":{"self":[{"href":"https:\/\/www.nettali.com\/rest\/wp\/v2\/posts\/70311"}],"collection":[{"href":"https:\/\/www.nettali.com\/rest\/wp\/v2\/posts"}],"about":[{"href":"https:\/\/www.nettali.com\/rest\/wp\/v2\/types\/post"}],"author":[{"embeddable":true,"href":"https:\/\/www.nettali.com\/rest\/wp\/v2\/users\/11"}],"replies":[{"embeddable":true,"href":"https:\/\/www.nettali.com\/rest\/wp\/v2\/comments?post=70311"}],"version-history":[{"count":1,"href":"https:\/\/www.nettali.com\/rest\/wp\/v2\/posts\/70311\/revisions"}],"predecessor-version":[{"id":70312,"href":"https:\/\/www.nettali.com\/rest\/wp\/v2\/posts\/70311\/revisions\/70312"}],"wp:featuredmedia":[{"embeddable":true,"href":"https:\/\/www.nettali.com\/rest\/wp\/v2\/media\/16278"}],"wp:attachment":[{"href":"https:\/\/www.nettali.com\/rest\/wp\/v2\/media?parent=70311"}],"wp:term":[{"taxonomy":"category","embeddable":true,"href":"https:\/\/www.nettali.com\/rest\/wp\/v2\/categories?post=70311"},{"taxonomy":"post_tag","embeddable":true,"href":"https:\/\/www.nettali.com\/rest\/wp\/v2\/tags?post=70311"}],"curies":[{"name":"wp","href":"https:\/\/api.w.org\/{rel}","templated":true}]}}