{"id":70260,"date":"2021-08-23T08:52:41","date_gmt":"2021-08-23T08:52:41","guid":{"rendered":"https:\/\/www.nettali.com\/?p=70260"},"modified":"2021-08-23T09:40:03","modified_gmt":"2021-08-23T09:40:03","slug":"blocage-du-recepisse-de-son-parti-babacar-diop-descend-antoine-diome","status":"publish","type":"post","link":"https:\/\/www.nettali.com\/2021\/08\/23\/blocage-du-recepisse-de-son-parti-babacar-diop-descend-antoine-diome\/","title":{"rendered":"BLOCAGE DU RECEPISSE DE SON PARTI - Babacar Diop descend Antoine Diome"},"content":{"rendered":"<p style=\"font-weight: 400;\"><strong>NETTALI.COM-Pour Dr\u00a0 Babacar Diop, le refus du ministre de l\u2019Int\u00e9rieur de d\u00e9livrer un r\u00e9c\u00e9piss\u00e9 \u00e0 son parti \u00e0 cause du nom Gu\u00e9lewar est \u00ab une m\u00e9prise \u00bb. C\u2019est pourquoi, le secr\u00e9taire g\u00e9n\u00e9ral des Forces d\u00e9mocratiques du S\u00e9n\u00e9gal (FDS) \/Les Guelewars, qui a rejet\u00e9 cet argument, entend obtenir victoire devant la justice. \u00a0\u00a0<\/strong><\/p>\n<p style=\"font-weight: 400;\">Dr Babacar Diop ne comprend pas le refus du ministre de l\u2019Int\u00e9rieur de donner le r\u00e9c\u00e9piss\u00e9 \u00e0 son parti les Forces d\u00e9mocratiques du S\u00e9n\u00e9gal (FDS) \u00e0 cause du nom Guelewar qui y est rattach\u00e9. Invit\u00e9 de l\u2019\u00e9mission \u00ab Jury du dimanche \u00bb, il a rejet\u00e9 l\u2019argument ethnique avanc\u00e9. Ce faisant, il a expliqu\u00e9 le choix de ce titre tout en faisant l\u2019historique. \u00ab <em>Nous avons voulu partir de notre propre imaginaire, de notre propre m\u00e9moire collective, de notre propre m\u00e9moire historique, de nous-m\u00eame c\u2019est-\u00e0-dire partir de nos propres r\u00e9alit\u00e9s parce qu\u2019il faut penser et agir en Africain. En prenant Guelewar, c\u2019est que nous nous identifions aux valeurs de Guelewar. Guelewar vient du malink\u00e9 qui signifie au sens propre guerrier de la bataille, fauve de la bataille. Et au sens figur\u00e9 les seigneurs de la guerre, les seigneurs de la paix<\/em>\u00a0\u00bb, dit-il.<\/p>\n<p style=\"font-weight: 400;\">Tout en soulignant que \u00ab<em>\u00a0ce n\u2019est pas un groupe ethnique\u00a0<\/em>\u00bb, le secr\u00e9taire g\u00e9n\u00e9ral du FDS poursuit\u00a0: \u00ab\u00a0<em>au d\u00e9part, c\u2019\u00e9tait un groupe de guerriers qui \u00e9taient dans le Nianing de Soundiata Ke\u00efta et qui vont migrer plus tard pour aller au Ngabou pour venir s\u2019installer au milieu du 14e si\u00e8cle dans le Sine Saloum. Les Guelewars ont travers\u00e9 tout l\u2019espace de la S\u00e9n\u00e9gambie m\u00eame tout l\u2019espace ouest africain<\/em>\u00a0\u00bb.<\/p>\n<p style=\"font-weight: 400;\">Ce rappel historique fait, il d\u00e9clare\u00a0: \u00ab<em> c\u2019est pour vous dire que Guelewar on le retrouve chez les S\u00e9r\u00e8res, chez les Malink\u00e9s, chez les Al Puular etc. C\u2019est la raison pour laquelle le fait que le ministre de l\u2019Int\u00e9rieur refuse de nous donner le r\u00e9c\u00e9piss\u00e9 est une m\u00e9prise (...) Guelewar, c\u2019est le symbole de notre m\u00e9tissage linguistique, culturel et m\u00eame j\u2019allais dire ethnique<\/em>\u00a0\u00bb.<\/p>\n<p style=\"font-weight: 400;\">Par \u00e9tayer ses propos, Dr Diop a \u00e9voqu\u00e9 l\u2019\u0153uvre litt\u00e9raire de Ousmane Semb\u00e8ne intitul\u00e9e \u00ab Gu\u00e9lewar \u00bb qui dit-il, \u00ab\u00a0<em>a donn\u00e9 un souffle nouveau \u00e0 ce mot qui, aujourd\u2019hui renvoie \u00e0 la valeur, la dignit\u00e9<\/em>\u00a0\u00bb. Partant de l\u00e0, il ajoute\u00a0: \u00ab\u00a0<em>La figure de Gu\u00e9lewar comme elle appara\u00eet dans l\u2019\u0153uvre de Semb\u00e8ne Ousmane est la figure de l\u2019insoumission, de la r\u00e9bellion contre toute forme de domination, contre toute forme d'injustice. Et, nous nous identifions \u00e0 ce Gu\u00e9lewar l\u00e0. Vous me demandez que signifie Gu\u00e9lewar et je vous r\u00e9ponds que c\u2019est l\u2019autre nom du patriote, du citoyen, du militant engag\u00e9, du justicier qui agit en redresseur de tort, de celui qui consacre sa vie \u00e0 la construction d\u2019une patrie nouvelle jusqu\u2019\u00e0 rencontrer la mort et en ce sens il finit en martyr. C\u2019est le symbole par excellence du h\u00e9ros patriotique. C\u2019est cet exemple l\u00e0 que nous avons voulu pour la jeunesse de notre pays et pour la jeunesse africaine<\/em>\u00a0\u00bb.<\/p>\n<p style=\"font-weight: 400;\"><strong>\u00ab\u00a0Nous gagnerons devant la Cour supr\u00eame\u00a0\u00bb<\/strong><\/p>\n<p style=\"font-weight: 400;\">Et c\u2019est fort de ces arguments que Dr Babacar Diop dit avoir des arguments scientifiques pour gagner la bataille devant la Cour supr\u00eame. \u00ab\u00a0<em>Devant le juge nous gagnerons ce proc\u00e8s (...) Nous refusons de changer de nom parce que c\u2019est une bataille culturelle<\/em>\u00a0\u00bb, clame-t-il.<\/p>\n<p style=\"font-weight: 400;\">Quid de la m\u00e9diation\u00a0que m\u00e8ne Alioune Tine\u00a0? \u00ab\u00a0<em>Jusqu\u2019au vendredi dernier il y a eu un blocage parce que le ministre est rest\u00e9 sur sa position. Le pr\u00e9sident Alioune Tine continue mais je pense que nous irons devant le tribunal<\/em>\u00a0\u00bb, informe l\u2019invit\u00e9 de iRadio.<\/p>\n<div class='share-to-whatsapp-wrapper'><div class='share-on-whsp'>PARTAGER SUR : <\/div><a data-text='BLOCAGE DU RECEPISSE DE SON PARTI - Babacar Diop descend Antoine Diome' data-link='https:\/\/www.nettali.com\/2021\/08\/23\/blocage-du-recepisse-de-son-parti-babacar-diop-descend-antoine-diome\/' class='whatsapp-button whatsapp-share'>WhatsApp<\/a><div class='clear '><\/div><\/div>","protected":false},"excerpt":{"rendered":"<p>NETTALI.COM-Pour Dr\u00a0 Babacar Diop, le refus du ministre de l\u2019Int\u00e9rieur de d\u00e9livrer un r\u00e9c\u00e9piss\u00e9 \u00e0 son parti \u00e0 cause du nom Gu\u00e9lewar est \u00ab une m\u00e9prise \u00bb. C\u2019est pourquoi, le secr\u00e9taire g\u00e9n\u00e9ral des Forces d\u00e9mocratiques du S\u00e9n\u00e9gal (FDS) \/Les Guelewars, qui a rejet\u00e9 cet argument, entend obtenir victoire devant la justice. \u00a0\u00a0 Dr Babacar Diop [&hellip;]<\/p>\n","protected":false},"author":6,"featured_media":43460,"comment_status":"open","ping_status":"open","sticky":false,"template":"","format":"standard","meta":{"_et_pb_use_builder":"","_et_pb_old_content":""},"categories":[2],"tags":[],"yoast_head":"<!-- This site is optimized with the Yoast SEO Premium plugin v17.8 (Yoast SEO v17.8) - https:\/\/yoast.com\/wordpress\/plugins\/seo\/ -->\n<title>BLOCAGE DU RECEPISSE DE SON PARTI - Babacar Diop descend Antoine Diome | Nettali.com<\/title>\n<meta name=\"robots\" content=\"index, follow, max-snippet:-1, max-image-preview:large, max-video-preview:-1\" \/>\n<link rel=\"canonical\" href=\"https:\/\/www.nettali.com\/2021\/08\/23\/blocage-du-recepisse-de-son-parti-babacar-diop-descend-antoine-diome\/\" \/>\n<meta property=\"og:locale\" content=\"fr_FR\" \/>\n<meta property=\"og:type\" content=\"article\" \/>\n<meta property=\"og:title\" content=\"BLOCAGE DU RECEPISSE DE SON PARTI - Babacar Diop descend Antoine Diome\" \/>\n<meta property=\"og:description\" content=\"NETTALI.COM-Pour Dr\u00a0 Babacar Diop, le refus du ministre de l\u2019Int\u00e9rieur de d\u00e9livrer un r\u00e9c\u00e9piss\u00e9 \u00e0 son parti \u00e0 cause du nom Gu\u00e9lewar est \u00ab une m\u00e9prise \u00bb. C\u2019est pourquoi, le secr\u00e9taire g\u00e9n\u00e9ral des Forces d\u00e9mocratiques du S\u00e9n\u00e9gal (FDS) \/Les Guelewars, qui a rejet\u00e9 cet argument, entend obtenir victoire devant la justice. \u00a0\u00a0 Dr Babacar Diop [&hellip;]\" \/>\n<meta property=\"og:url\" content=\"https:\/\/www.nettali.com\/2021\/08\/23\/blocage-du-recepisse-de-son-parti-babacar-diop-descend-antoine-diome\/\" \/>\n<meta property=\"og:site_name\" content=\"Nettali.com\" \/>\n<meta property=\"article:publisher\" content=\"https:\/\/www.facebook.com\/nettalicom\" \/>\n<meta property=\"article:published_time\" content=\"2021-08-23T08:52:41+00:00\" \/>\n<meta property=\"article:modified_time\" content=\"2021-08-23T09:40:03+00:00\" \/>\n<meta property=\"og:image\" content=\"https:\/\/www.nettali.com\/wp-content\/uploads\/2020\/08\/Dr-Babacar-Diop-1280x640-1.png\" \/>\n\t<meta property=\"og:image:width\" content=\"1280\" \/>\n\t<meta property=\"og:image:height\" content=\"640\" \/>\n<meta name=\"twitter:card\" content=\"summary_large_image\" \/>\n<meta name=\"twitter:label1\" content=\"\u00c9crit par\" \/>\n\t<meta name=\"twitter:data1\" content=\"Fatou\" \/>\n\t<meta name=\"twitter:label2\" content=\"Dur\u00e9e de lecture estim\u00e9e\" \/>\n\t<meta name=\"twitter:data2\" content=\"3 minutes\" \/>\n<script type=\"application\/ld+json\" class=\"yoast-schema-graph\">{\"@context\":\"https:\/\/schema.org\",\"@graph\":[{\"@type\":\"WebSite\",\"@id\":\"https:\/\/www.nettali.com\/#website\",\"url\":\"https:\/\/www.nettali.com\/\",\"name\":\"Nettali.com\",\"description\":\"Le rendez-vous critique du Net\",\"potentialAction\":[{\"@type\":\"SearchAction\",\"target\":{\"@type\":\"EntryPoint\",\"urlTemplate\":\"https:\/\/www.nettali.com\/?s={search_term_string}\"},\"query-input\":\"required name=search_term_string\"}],\"inLanguage\":\"fr-FR\"},{\"@type\":\"ImageObject\",\"@id\":\"https:\/\/www.nettali.com\/2021\/08\/23\/blocage-du-recepisse-de-son-parti-babacar-diop-descend-antoine-diome\/#primaryimage\",\"inLanguage\":\"fr-FR\",\"url\":\"https:\/\/www.nettali.com\/wp-content\/uploads\/2020\/08\/Dr-Babacar-Diop-1280x640-1.png\",\"contentUrl\":\"https:\/\/www.nettali.com\/wp-content\/uploads\/2020\/08\/Dr-Babacar-Diop-1280x640-1.png\",\"width\":1280,\"height\":640},{\"@type\":\"WebPage\",\"@id\":\"https:\/\/www.nettali.com\/2021\/08\/23\/blocage-du-recepisse-de-son-parti-babacar-diop-descend-antoine-diome\/#webpage\",\"url\":\"https:\/\/www.nettali.com\/2021\/08\/23\/blocage-du-recepisse-de-son-parti-babacar-diop-descend-antoine-diome\/\",\"name\":\"BLOCAGE DU RECEPISSE DE SON PARTI - Babacar Diop descend Antoine Diome | Nettali.com\",\"isPartOf\":{\"@id\":\"https:\/\/www.nettali.com\/#website\"},\"primaryImageOfPage\":{\"@id\":\"https:\/\/www.nettali.com\/2021\/08\/23\/blocage-du-recepisse-de-son-parti-babacar-diop-descend-antoine-diome\/#primaryimage\"},\"datePublished\":\"2021-08-23T08:52:41+00:00\",\"dateModified\":\"2021-08-23T09:40:03+00:00\",\"author\":{\"@id\":\"https:\/\/www.nettali.com\/#\/schema\/person\/418274a86bdf87caff7a3ef476bd0bbf\"},\"breadcrumb\":{\"@id\":\"https:\/\/www.nettali.com\/2021\/08\/23\/blocage-du-recepisse-de-son-parti-babacar-diop-descend-antoine-diome\/#breadcrumb\"},\"inLanguage\":\"fr-FR\",\"potentialAction\":[{\"@type\":\"ReadAction\",\"target\":[\"https:\/\/www.nettali.com\/2021\/08\/23\/blocage-du-recepisse-de-son-parti-babacar-diop-descend-antoine-diome\/\"]}]},{\"@type\":\"BreadcrumbList\",\"@id\":\"https:\/\/www.nettali.com\/2021\/08\/23\/blocage-du-recepisse-de-son-parti-babacar-diop-descend-antoine-diome\/#breadcrumb\",\"itemListElement\":[{\"@type\":\"ListItem\",\"position\":1,\"name\":\"Accueil\",\"item\":\"https:\/\/www.nettali.com\/\"},{\"@type\":\"ListItem\",\"position\":2,\"name\":\"BLOCAGE DU RECEPISSE DE SON PARTI &#8211; Babacar Diop descend Antoine Diome\"}]},{\"@type\":\"Person\",\"@id\":\"https:\/\/www.nettali.com\/#\/schema\/person\/418274a86bdf87caff7a3ef476bd0bbf\",\"name\":\"Fatou\",\"image\":{\"@type\":\"ImageObject\",\"@id\":\"https:\/\/www.nettali.com\/#personlogo\",\"inLanguage\":\"fr-FR\",\"url\":\"https:\/\/secure.gravatar.com\/avatar\/5a9442a2bee7b4dcf167cab035858e9a?s=96&d=mm&r=g\",\"contentUrl\":\"https:\/\/secure.gravatar.com\/avatar\/5a9442a2bee7b4dcf167cab035858e9a?s=96&d=mm&r=g\",\"caption\":\"Fatou\"},\"sameAs\":[\"https:\/\/www.nettali.com\"]}]}<\/script>\n<!-- \/ Yoast SEO Premium plugin. -->","yoast_head_json":{"title":"BLOCAGE DU RECEPISSE DE SON PARTI - Babacar Diop descend Antoine Diome | Nettali.com","robots":{"index":"index","follow":"follow","max-snippet":"max-snippet:-1","max-image-preview":"max-image-preview:large","max-video-preview":"max-video-preview:-1"},"canonical":"https:\/\/www.nettali.com\/2021\/08\/23\/blocage-du-recepisse-de-son-parti-babacar-diop-descend-antoine-diome\/","og_locale":"fr_FR","og_type":"article","og_title":"BLOCAGE DU RECEPISSE DE SON PARTI - Babacar Diop descend Antoine Diome","og_description":"NETTALI.COM-Pour Dr\u00a0 Babacar Diop, le refus du ministre de l\u2019Int\u00e9rieur de d\u00e9livrer un r\u00e9c\u00e9piss\u00e9 \u00e0 son parti \u00e0 cause du nom Gu\u00e9lewar est \u00ab une m\u00e9prise \u00bb. C\u2019est pourquoi, le secr\u00e9taire g\u00e9n\u00e9ral des Forces d\u00e9mocratiques du S\u00e9n\u00e9gal (FDS) \/Les Guelewars, qui a rejet\u00e9 cet argument, entend obtenir victoire devant la justice. \u00a0\u00a0 Dr Babacar Diop [&hellip;]","og_url":"https:\/\/www.nettali.com\/2021\/08\/23\/blocage-du-recepisse-de-son-parti-babacar-diop-descend-antoine-diome\/","og_site_name":"Nettali.com","article_publisher":"https:\/\/www.facebook.com\/nettalicom","article_published_time":"2021-08-23T08:52:41+00:00","article_modified_time":"2021-08-23T09:40:03+00:00","og_image":[{"width":1280,"height":640,"url":"https:\/\/www.nettali.com\/wp-content\/uploads\/2020\/08\/Dr-Babacar-Diop-1280x640-1.png","type":"image\/png"}],"twitter_card":"summary_large_image","twitter_misc":{"\u00c9crit par":"Fatou","Dur\u00e9e de lecture estim\u00e9e":"3 minutes"},"schema":{"@context":"https:\/\/schema.org","@graph":[{"@type":"WebSite","@id":"https:\/\/www.nettali.com\/#website","url":"https:\/\/www.nettali.com\/","name":"Nettali.com","description":"Le rendez-vous critique du Net","potentialAction":[{"@type":"SearchAction","target":{"@type":"EntryPoint","urlTemplate":"https:\/\/www.nettali.com\/?s={search_term_string}"},"query-input":"required name=search_term_string"}],"inLanguage":"fr-FR"},{"@type":"ImageObject","@id":"https:\/\/www.nettali.com\/2021\/08\/23\/blocage-du-recepisse-de-son-parti-babacar-diop-descend-antoine-diome\/#primaryimage","inLanguage":"fr-FR","url":"https:\/\/www.nettali.com\/wp-content\/uploads\/2020\/08\/Dr-Babacar-Diop-1280x640-1.png","contentUrl":"https:\/\/www.nettali.com\/wp-content\/uploads\/2020\/08\/Dr-Babacar-Diop-1280x640-1.png","width":1280,"height":640},{"@type":"WebPage","@id":"https:\/\/www.nettali.com\/2021\/08\/23\/blocage-du-recepisse-de-son-parti-babacar-diop-descend-antoine-diome\/#webpage","url":"https:\/\/www.nettali.com\/2021\/08\/23\/blocage-du-recepisse-de-son-parti-babacar-diop-descend-antoine-diome\/","name":"BLOCAGE DU RECEPISSE DE SON PARTI - Babacar Diop descend Antoine Diome | Nettali.com","isPartOf":{"@id":"https:\/\/www.nettali.com\/#website"},"primaryImageOfPage":{"@id":"https:\/\/www.nettali.com\/2021\/08\/23\/blocage-du-recepisse-de-son-parti-babacar-diop-descend-antoine-diome\/#primaryimage"},"datePublished":"2021-08-23T08:52:41+00:00","dateModified":"2021-08-23T09:40:03+00:00","author":{"@id":"https:\/\/www.nettali.com\/#\/schema\/person\/418274a86bdf87caff7a3ef476bd0bbf"},"breadcrumb":{"@id":"https:\/\/www.nettali.com\/2021\/08\/23\/blocage-du-recepisse-de-son-parti-babacar-diop-descend-antoine-diome\/#breadcrumb"},"inLanguage":"fr-FR","potentialAction":[{"@type":"ReadAction","target":["https:\/\/www.nettali.com\/2021\/08\/23\/blocage-du-recepisse-de-son-parti-babacar-diop-descend-antoine-diome\/"]}]},{"@type":"BreadcrumbList","@id":"https:\/\/www.nettali.com\/2021\/08\/23\/blocage-du-recepisse-de-son-parti-babacar-diop-descend-antoine-diome\/#breadcrumb","itemListElement":[{"@type":"ListItem","position":1,"name":"Accueil","item":"https:\/\/www.nettali.com\/"},{"@type":"ListItem","position":2,"name":"BLOCAGE DU RECEPISSE DE SON PARTI &#8211; Babacar Diop descend Antoine Diome"}]},{"@type":"Person","@id":"https:\/\/www.nettali.com\/#\/schema\/person\/418274a86bdf87caff7a3ef476bd0bbf","name":"Fatou","image":{"@type":"ImageObject","@id":"https:\/\/www.nettali.com\/#personlogo","inLanguage":"fr-FR","url":"https:\/\/secure.gravatar.com\/avatar\/5a9442a2bee7b4dcf167cab035858e9a?s=96&d=mm&r=g","contentUrl":"https:\/\/secure.gravatar.com\/avatar\/5a9442a2bee7b4dcf167cab035858e9a?s=96&d=mm&r=g","caption":"Fatou"},"sameAs":["https:\/\/www.nettali.com"]}]}},"_links":{"self":[{"href":"https:\/\/www.nettali.com\/rest\/wp\/v2\/posts\/70260"}],"collection":[{"href":"https:\/\/www.nettali.com\/rest\/wp\/v2\/posts"}],"about":[{"href":"https:\/\/www.nettali.com\/rest\/wp\/v2\/types\/post"}],"author":[{"embeddable":true,"href":"https:\/\/www.nettali.com\/rest\/wp\/v2\/users\/6"}],"replies":[{"embeddable":true,"href":"https:\/\/www.nettali.com\/rest\/wp\/v2\/comments?post=70260"}],"version-history":[{"count":3,"href":"https:\/\/www.nettali.com\/rest\/wp\/v2\/posts\/70260\/revisions"}],"predecessor-version":[{"id":70314,"href":"https:\/\/www.nettali.com\/rest\/wp\/v2\/posts\/70260\/revisions\/70314"}],"wp:featuredmedia":[{"embeddable":true,"href":"https:\/\/www.nettali.com\/rest\/wp\/v2\/media\/43460"}],"wp:attachment":[{"href":"https:\/\/www.nettali.com\/rest\/wp\/v2\/media?parent=70260"}],"wp:term":[{"taxonomy":"category","embeddable":true,"href":"https:\/\/www.nettali.com\/rest\/wp\/v2\/categories?post=70260"},{"taxonomy":"post_tag","embeddable":true,"href":"https:\/\/www.nettali.com\/rest\/wp\/v2\/tags?post=70260"}],"curies":[{"name":"wp","href":"https:\/\/api.w.org\/{rel}","templated":true}]}}