{"id":70251,"date":"2021-08-21T21:15:27","date_gmt":"2021-08-21T21:15:27","guid":{"rendered":"https:\/\/www.nettali.com\/?p=70251"},"modified":"2021-08-21T21:15:27","modified_gmt":"2021-08-21T21:15:27","slug":"nouvelle-coalition-dans-lopposition-le-crd-et-jotna-reagissent","status":"publish","type":"post","link":"https:\/\/www.nettali.com\/2021\/08\/21\/nouvelle-coalition-dans-lopposition-le-crd-et-jotna-reagissent\/","title":{"rendered":"NOUVELLE COALITION DANS L'OPPOSITION - Le Crd et Jotna r\u00e9agissent"},"content":{"rendered":"<p><strong>NETTALI.COM \u2013 Ecart\u00e9s des pourparlers visant la mise en place d\u2019un nouveau cadre unitaire, la Conf\u00e9rence des leaders du Congr\u00e8s de la Renaissance D\u00e9mocratique (Crd) et la Coalition Jotna alertent sur les vell\u00e9it\u00e9s de division. A l'issue d'uen r\u00e9union conjointe tenue ce samedi, ces deux organisations invitent l\u2019opposition dite significative \u00e0 plus d\u2019humilit\u00e9. <\/strong><\/p>\n<p>La Conf\u00e9rence des leaders du Congr\u00e8s de la Renaissance D\u00e9mocratique (Crd) et celle de la Coalition Jotna r\u00e9agissent \u00e0 la formation d\u2019une coalition regroupant le PUR, Pastef, le Parti d\u00e9mocratique s\u00e9n\u00e9galais et Taxawu S\u00e9n\u00e9gal. Abdoul Mbaye et Cie invitent tous les acteurs engag\u00e9s \"pour le changement \u00e0 l\u2019humilit\u00e9 et \u00e0 la lucidit\u00e9 pour percevoir que divis\u00e9s, les adversaires de la coalition du pouvoir prennent le risque pour notre pays de perdre les \u00e9lections et donc, de prolonger les souffrances des populations s\u00e9n\u00e9galaises\".<\/p>\n<p>D\u2019autres sujets ont \u00e9galement \u00e9t\u00e9 abord\u00e9s par la Conf\u00e9rence des leaders du Congr\u00e8s de la Renaissance D\u00e9mocratique (Crd) et de la Coalition Jotna. Ainsi, elles expriment leur vive \u00e9motion devant \"les difficult\u00e9s inacceptables auxquelles les populations victimes ont \u00e9t\u00e9 expos\u00e9es par \" une gouvernance populiste d\u2019incomp\u00e9tence et de m\u00e9diocrit\u00e9\". Sous ce rapport, les deux organisations d\u00e9clarent leur solidarit\u00e9 \u00e0 toutes les victimes et exigent du gouvernement une prompte intervention pour les sortir des eaux.<\/p>\n<p>Mieux, de rendre compte sur l\u2019arr\u00eat de recherche de solutions structurelles aux probl\u00e8mes d\u2019inondations r\u00e9currentes par l\u2019abandon du plan d\u00e9cennal de lutte contre les inondations, et de l\u2019inefficacit\u00e9 des milliards qui auraient pu \u00eatre d\u00e9pens\u00e9s \u00e0 ce titre.<\/p>\n<p>&nbsp;<\/p>\n<p>Au sujet du suivi du processus \u00e9lectoral, ils rappellent \"l\u2019importance qu\u2019il faut accorder au d\u00e9roulement des op\u00e9rations \u00e9lectorales, en particulier l\u2019inscription des primo-votants sur les listes \u00e9lectorales et la fixation de la caution\". Sur ce registre toujours, la Conf\u00e9rence des leaders exhorte le ministre de l\u2019Int\u00e9rieur \u00e0 \u00e9viter d\u2019imposer \u00e0 la classe politique une caution censitaire qui ne permettrait qu\u2019aux seuls riches de participer aux \u00e9lections en y excluant les autres qui pourraient pourtant proposer de meilleurs projets et offres politiques ou citoyennes pour les populations\".<\/p>\n<p><strong>\u00a0<\/strong><\/p>\n<div class='share-to-whatsapp-wrapper'><div class='share-on-whsp'>PARTAGER SUR : <\/div><a data-text='NOUVELLE COALITION DANS L'OPPOSITION - Le Crd et Jotna r\u00e9agissent' data-link='https:\/\/www.nettali.com\/2021\/08\/21\/nouvelle-coalition-dans-lopposition-le-crd-et-jotna-reagissent\/' class='whatsapp-button whatsapp-share'>WhatsApp<\/a><div class='clear '><\/div><\/div>","protected":false},"excerpt":{"rendered":"<p>NETTALI.COM \u2013 Ecart\u00e9s des pourparlers visant la mise en place d\u2019un nouveau cadre unitaire, la Conf\u00e9rence des leaders du Congr\u00e8s de la Renaissance D\u00e9mocratique (Crd) et la Coalition Jotna alertent sur les vell\u00e9it\u00e9s de division. A l'issue d'uen r\u00e9union conjointe tenue ce samedi, ces deux organisations invitent l\u2019opposition dite significative \u00e0 plus d\u2019humilit\u00e9. La Conf\u00e9rence [&hellip;]<\/p>\n","protected":false},"author":11,"featured_media":41894,"comment_status":"open","ping_status":"open","sticky":false,"template":"","format":"standard","meta":{"_et_pb_use_builder":"","_et_pb_old_content":""},"categories":[2],"tags":[],"yoast_head":"<!-- This site is optimized with the Yoast SEO Premium plugin v17.8 (Yoast SEO v17.8) - https:\/\/yoast.com\/wordpress\/plugins\/seo\/ -->\n<title>NOUVELLE COALITION DANS L&#039;OPPOSITION - Le Crd et Jotna r\u00e9agissent | Nettali.com<\/title>\n<meta name=\"robots\" content=\"index, follow, max-snippet:-1, max-image-preview:large, max-video-preview:-1\" \/>\n<link rel=\"canonical\" href=\"https:\/\/www.nettali.com\/2021\/08\/21\/nouvelle-coalition-dans-lopposition-le-crd-et-jotna-reagissent\/\" \/>\n<meta property=\"og:locale\" content=\"fr_FR\" \/>\n<meta property=\"og:type\" content=\"article\" \/>\n<meta property=\"og:title\" content=\"NOUVELLE COALITION DANS L&#039;OPPOSITION - Le Crd et Jotna r\u00e9agissent\" \/>\n<meta property=\"og:description\" content=\"NETTALI.COM \u2013 Ecart\u00e9s des pourparlers visant la mise en place d\u2019un nouveau cadre unitaire, la Conf\u00e9rence des leaders du Congr\u00e8s de la Renaissance D\u00e9mocratique (Crd) et la Coalition Jotna alertent sur les vell\u00e9it\u00e9s de division. A l&#039;issue d&#039;uen r\u00e9union conjointe tenue ce samedi, ces deux organisations invitent l\u2019opposition dite significative \u00e0 plus d\u2019humilit\u00e9. La Conf\u00e9rence [&hellip;]\" \/>\n<meta property=\"og:url\" content=\"https:\/\/www.nettali.com\/2021\/08\/21\/nouvelle-coalition-dans-lopposition-le-crd-et-jotna-reagissent\/\" \/>\n<meta property=\"og:site_name\" content=\"Nettali.com\" \/>\n<meta property=\"article:publisher\" content=\"https:\/\/www.facebook.com\/nettalicom\" \/>\n<meta property=\"article:published_time\" content=\"2021-08-21T21:15:27+00:00\" \/>\n<meta property=\"og:image\" content=\"https:\/\/www.nettali.com\/wp-content\/uploads\/2020\/07\/congres-de-la-renaissance-democratique-crd-opposition-senegalaise.jpg\" \/>\n\t<meta property=\"og:image:width\" content=\"800\" \/>\n\t<meta property=\"og:image:height\" content=\"495\" \/>\n<meta name=\"twitter:card\" content=\"summary_large_image\" \/>\n<meta name=\"twitter:label1\" content=\"\u00c9crit par\" \/>\n\t<meta name=\"twitter:data1\" content=\"Thierno Diop\" \/>\n\t<meta name=\"twitter:label2\" content=\"Dur\u00e9e de lecture estim\u00e9e\" \/>\n\t<meta name=\"twitter:data2\" content=\"2 minutes\" \/>\n<script type=\"application\/ld+json\" class=\"yoast-schema-graph\">{\"@context\":\"https:\/\/schema.org\",\"@graph\":[{\"@type\":\"WebSite\",\"@id\":\"https:\/\/www.nettali.com\/#website\",\"url\":\"https:\/\/www.nettali.com\/\",\"name\":\"Nettali.com\",\"description\":\"Le rendez-vous critique du Net\",\"potentialAction\":[{\"@type\":\"SearchAction\",\"target\":{\"@type\":\"EntryPoint\",\"urlTemplate\":\"https:\/\/www.nettali.com\/?s={search_term_string}\"},\"query-input\":\"required name=search_term_string\"}],\"inLanguage\":\"fr-FR\"},{\"@type\":\"ImageObject\",\"@id\":\"https:\/\/www.nettali.com\/2021\/08\/21\/nouvelle-coalition-dans-lopposition-le-crd-et-jotna-reagissent\/#primaryimage\",\"inLanguage\":\"fr-FR\",\"url\":\"https:\/\/www.nettali.com\/wp-content\/uploads\/2020\/07\/congres-de-la-renaissance-democratique-crd-opposition-senegalaise.jpg\",\"contentUrl\":\"https:\/\/www.nettali.com\/wp-content\/uploads\/2020\/07\/congres-de-la-renaissance-democratique-crd-opposition-senegalaise.jpg\",\"width\":800,\"height\":495},{\"@type\":\"WebPage\",\"@id\":\"https:\/\/www.nettali.com\/2021\/08\/21\/nouvelle-coalition-dans-lopposition-le-crd-et-jotna-reagissent\/#webpage\",\"url\":\"https:\/\/www.nettali.com\/2021\/08\/21\/nouvelle-coalition-dans-lopposition-le-crd-et-jotna-reagissent\/\",\"name\":\"NOUVELLE COALITION DANS L'OPPOSITION - Le Crd et Jotna r\\u00e9agissent | Nettali.com\",\"isPartOf\":{\"@id\":\"https:\/\/www.nettali.com\/#website\"},\"primaryImageOfPage\":{\"@id\":\"https:\/\/www.nettali.com\/2021\/08\/21\/nouvelle-coalition-dans-lopposition-le-crd-et-jotna-reagissent\/#primaryimage\"},\"datePublished\":\"2021-08-21T21:15:27+00:00\",\"dateModified\":\"2021-08-21T21:15:27+00:00\",\"author\":{\"@id\":\"https:\/\/www.nettali.com\/#\/schema\/person\/8a06c6bd7b19304cf4bf985862900b5b\"},\"breadcrumb\":{\"@id\":\"https:\/\/www.nettali.com\/2021\/08\/21\/nouvelle-coalition-dans-lopposition-le-crd-et-jotna-reagissent\/#breadcrumb\"},\"inLanguage\":\"fr-FR\",\"potentialAction\":[{\"@type\":\"ReadAction\",\"target\":[\"https:\/\/www.nettali.com\/2021\/08\/21\/nouvelle-coalition-dans-lopposition-le-crd-et-jotna-reagissent\/\"]}]},{\"@type\":\"BreadcrumbList\",\"@id\":\"https:\/\/www.nettali.com\/2021\/08\/21\/nouvelle-coalition-dans-lopposition-le-crd-et-jotna-reagissent\/#breadcrumb\",\"itemListElement\":[{\"@type\":\"ListItem\",\"position\":1,\"name\":\"Accueil\",\"item\":\"https:\/\/www.nettali.com\/\"},{\"@type\":\"ListItem\",\"position\":2,\"name\":\"NOUVELLE COALITION DANS L&rsquo;OPPOSITION &#8211; Le Crd et Jotna r\\u00e9agissent\"}]},{\"@type\":\"Person\",\"@id\":\"https:\/\/www.nettali.com\/#\/schema\/person\/8a06c6bd7b19304cf4bf985862900b5b\",\"name\":\"Thierno Diop\",\"image\":{\"@type\":\"ImageObject\",\"@id\":\"https:\/\/www.nettali.com\/#personlogo\",\"inLanguage\":\"fr-FR\",\"url\":\"https:\/\/secure.gravatar.com\/avatar\/c8ca58550c94fd2ac856d27391a6c866?s=96&d=mm&r=g\",\"contentUrl\":\"https:\/\/secure.gravatar.com\/avatar\/c8ca58550c94fd2ac856d27391a6c866?s=96&d=mm&r=g\",\"caption\":\"Thierno Diop\"},\"sameAs\":[\"https:\/\/nettali.com\"]}]}<\/script>\n<!-- \/ Yoast SEO Premium plugin. -->","yoast_head_json":{"title":"NOUVELLE COALITION DANS L'OPPOSITION - Le Crd et Jotna r\u00e9agissent | Nettali.com","robots":{"index":"index","follow":"follow","max-snippet":"max-snippet:-1","max-image-preview":"max-image-preview:large","max-video-preview":"max-video-preview:-1"},"canonical":"https:\/\/www.nettali.com\/2021\/08\/21\/nouvelle-coalition-dans-lopposition-le-crd-et-jotna-reagissent\/","og_locale":"fr_FR","og_type":"article","og_title":"NOUVELLE COALITION DANS L'OPPOSITION - Le Crd et Jotna r\u00e9agissent","og_description":"NETTALI.COM \u2013 Ecart\u00e9s des pourparlers visant la mise en place d\u2019un nouveau cadre unitaire, la Conf\u00e9rence des leaders du Congr\u00e8s de la Renaissance D\u00e9mocratique (Crd) et la Coalition Jotna alertent sur les vell\u00e9it\u00e9s de division. A l'issue d'uen r\u00e9union conjointe tenue ce samedi, ces deux organisations invitent l\u2019opposition dite significative \u00e0 plus d\u2019humilit\u00e9. La Conf\u00e9rence [&hellip;]","og_url":"https:\/\/www.nettali.com\/2021\/08\/21\/nouvelle-coalition-dans-lopposition-le-crd-et-jotna-reagissent\/","og_site_name":"Nettali.com","article_publisher":"https:\/\/www.facebook.com\/nettalicom","article_published_time":"2021-08-21T21:15:27+00:00","og_image":[{"width":800,"height":495,"url":"https:\/\/www.nettali.com\/wp-content\/uploads\/2020\/07\/congres-de-la-renaissance-democratique-crd-opposition-senegalaise.jpg","type":"image\/jpeg"}],"twitter_card":"summary_large_image","twitter_misc":{"\u00c9crit par":"Thierno Diop","Dur\u00e9e de lecture estim\u00e9e":"2 minutes"},"schema":{"@context":"https:\/\/schema.org","@graph":[{"@type":"WebSite","@id":"https:\/\/www.nettali.com\/#website","url":"https:\/\/www.nettali.com\/","name":"Nettali.com","description":"Le rendez-vous critique du Net","potentialAction":[{"@type":"SearchAction","target":{"@type":"EntryPoint","urlTemplate":"https:\/\/www.nettali.com\/?s={search_term_string}"},"query-input":"required name=search_term_string"}],"inLanguage":"fr-FR"},{"@type":"ImageObject","@id":"https:\/\/www.nettali.com\/2021\/08\/21\/nouvelle-coalition-dans-lopposition-le-crd-et-jotna-reagissent\/#primaryimage","inLanguage":"fr-FR","url":"https:\/\/www.nettali.com\/wp-content\/uploads\/2020\/07\/congres-de-la-renaissance-democratique-crd-opposition-senegalaise.jpg","contentUrl":"https:\/\/www.nettali.com\/wp-content\/uploads\/2020\/07\/congres-de-la-renaissance-democratique-crd-opposition-senegalaise.jpg","width":800,"height":495},{"@type":"WebPage","@id":"https:\/\/www.nettali.com\/2021\/08\/21\/nouvelle-coalition-dans-lopposition-le-crd-et-jotna-reagissent\/#webpage","url":"https:\/\/www.nettali.com\/2021\/08\/21\/nouvelle-coalition-dans-lopposition-le-crd-et-jotna-reagissent\/","name":"NOUVELLE COALITION DANS L'OPPOSITION - Le Crd et Jotna r\u00e9agissent | Nettali.com","isPartOf":{"@id":"https:\/\/www.nettali.com\/#website"},"primaryImageOfPage":{"@id":"https:\/\/www.nettali.com\/2021\/08\/21\/nouvelle-coalition-dans-lopposition-le-crd-et-jotna-reagissent\/#primaryimage"},"datePublished":"2021-08-21T21:15:27+00:00","dateModified":"2021-08-21T21:15:27+00:00","author":{"@id":"https:\/\/www.nettali.com\/#\/schema\/person\/8a06c6bd7b19304cf4bf985862900b5b"},"breadcrumb":{"@id":"https:\/\/www.nettali.com\/2021\/08\/21\/nouvelle-coalition-dans-lopposition-le-crd-et-jotna-reagissent\/#breadcrumb"},"inLanguage":"fr-FR","potentialAction":[{"@type":"ReadAction","target":["https:\/\/www.nettali.com\/2021\/08\/21\/nouvelle-coalition-dans-lopposition-le-crd-et-jotna-reagissent\/"]}]},{"@type":"BreadcrumbList","@id":"https:\/\/www.nettali.com\/2021\/08\/21\/nouvelle-coalition-dans-lopposition-le-crd-et-jotna-reagissent\/#breadcrumb","itemListElement":[{"@type":"ListItem","position":1,"name":"Accueil","item":"https:\/\/www.nettali.com\/"},{"@type":"ListItem","position":2,"name":"NOUVELLE COALITION DANS L&rsquo;OPPOSITION &#8211; Le Crd et Jotna r\u00e9agissent"}]},{"@type":"Person","@id":"https:\/\/www.nettali.com\/#\/schema\/person\/8a06c6bd7b19304cf4bf985862900b5b","name":"Thierno Diop","image":{"@type":"ImageObject","@id":"https:\/\/www.nettali.com\/#personlogo","inLanguage":"fr-FR","url":"https:\/\/secure.gravatar.com\/avatar\/c8ca58550c94fd2ac856d27391a6c866?s=96&d=mm&r=g","contentUrl":"https:\/\/secure.gravatar.com\/avatar\/c8ca58550c94fd2ac856d27391a6c866?s=96&d=mm&r=g","caption":"Thierno Diop"},"sameAs":["https:\/\/nettali.com"]}]}},"_links":{"self":[{"href":"https:\/\/www.nettali.com\/rest\/wp\/v2\/posts\/70251"}],"collection":[{"href":"https:\/\/www.nettali.com\/rest\/wp\/v2\/posts"}],"about":[{"href":"https:\/\/www.nettali.com\/rest\/wp\/v2\/types\/post"}],"author":[{"embeddable":true,"href":"https:\/\/www.nettali.com\/rest\/wp\/v2\/users\/11"}],"replies":[{"embeddable":true,"href":"https:\/\/www.nettali.com\/rest\/wp\/v2\/comments?post=70251"}],"version-history":[{"count":1,"href":"https:\/\/www.nettali.com\/rest\/wp\/v2\/posts\/70251\/revisions"}],"predecessor-version":[{"id":70252,"href":"https:\/\/www.nettali.com\/rest\/wp\/v2\/posts\/70251\/revisions\/70252"}],"wp:featuredmedia":[{"embeddable":true,"href":"https:\/\/www.nettali.com\/rest\/wp\/v2\/media\/41894"}],"wp:attachment":[{"href":"https:\/\/www.nettali.com\/rest\/wp\/v2\/media?parent=70251"}],"wp:term":[{"taxonomy":"category","embeddable":true,"href":"https:\/\/www.nettali.com\/rest\/wp\/v2\/categories?post=70251"},{"taxonomy":"post_tag","embeddable":true,"href":"https:\/\/www.nettali.com\/rest\/wp\/v2\/tags?post=70251"}],"curies":[{"name":"wp","href":"https:\/\/api.w.org\/{rel}","templated":true}]}}