{"id":70236,"date":"2021-08-21T11:34:03","date_gmt":"2021-08-21T11:34:03","guid":{"rendered":"https:\/\/www.nettali.com\/?p=70236"},"modified":"2021-08-21T20:02:59","modified_gmt":"2021-08-21T20:02:59","slug":"nouvelle-coalition-le-pds-se-veut-locomotive","status":"publish","type":"post","link":"https:\/\/www.nettali.com\/2021\/08\/21\/nouvelle-coalition-le-pds-se-veut-locomotive\/","title":{"rendered":"NOUVELLE COALITION - Le Pds se veut \"locomotive\""},"content":{"rendered":"<p><strong>NETTALI.COM - Le Parti d\u00e9mocratique s\u00e9n\u00e9galais (PDS) est pr\u00eat \u00e0 s\u2019allier avec des partis de l\u2019opposition, dans le cadre de la grande coalition en vue pour les \u00e9lections locales du 23 janvier prochain. Dans un entretien avec le quotidien Enqu\u00eate, diffus\u00e9 ce samedi, le secr\u00e9taire national\u00a0 charg\u00e9 de la mobilisation et membre du Comit\u00e9 directeur du parti de Me Abdoulaye Wade pr\u00e9cise que leur formation politique ne jouera pas les seconds r\u00f4les dans cette alliance. <\/strong><\/p>\n<p>Assane Ba se veut clair. Certes le Parti d\u00e9mocratique s\u00e9n\u00e9galais souscrit au projet de coalition, annonc\u00e9 par Serigne Moustapha Sy; guide du mouvement des Moustarchidines wal Moustarchidates, mais, \u00e0 l'en croire, cela ne veut pas dire que cette formation politique va laisser du champ \u00e0 ses concurrents, relativement au statut du chef de file de l'opposition.<\/p>\n<p>\u00ab Cette coalition ne saurait s\u2019apparenter \u00e0 un chef de l\u2019opposition ou de parti, puisqu\u2019avec nos amis de Pastef, nous nous sommes rencontr\u00e9s, \u00e0 plusieurs reprises, au niveau du si\u00e8ge du PDS, pour discuter et \u00e9changer. Il en est de m\u00eame avec les autres formations politiques. Donc, il ne s\u2019agira pas de dire que la coalition appartient \u00e0 tel ou tel autre ; ce sera plut\u00f4t une coalition de l\u2019opposition, de mani\u00e8re g\u00e9n\u00e9rale. Tous les \u00e9tats-majors politiques sont en train de se parler autour des p\u00f4les qui constituent l\u2019essentiel de la classe politique. Le m\u00e9rite revient \u00e0 tous les partis qui restent ensemble \u00bb, a d\u00e9clar\u00e9 le secr\u00e9taire g\u00e9n\u00e9ral national charg\u00e9 de la mobilisation et membre du Comit\u00e9 directeur.<\/p>\n<p>Assurant que le PDS est pr\u00eat \u00e0 y prendre part, il pr\u00e9cise\u00a0: \u00ab\u00a0Absolument ! Le PDS ne peut pas \u00eatre un wagon, dans cette affaire. Notre parti sera plut\u00f4t la locomotive. Nous sommes le parti le plus fort, le seul \u00e0 disposer d\u2019un groupe parlementaire \u00e0 l\u2019Assembl\u00e9e nationale. Par cons\u00e9quent, le PDS ne peut pas jouer le dernier r\u00f4le\u00a0\u00bb.<\/p>\n<p>117 collectivit\u00e9s locales\u00a0 \u00e9taient contr\u00f4l\u00e9es par le parti lib\u00e9ral en 2014. Cependant, entre-temps, le PDS a perdu certains responsables et pas des moindres\u2026\u00ab Il est \u00e9vident qu\u2019entre-temps, le pouvoir a, comme \u00e0 son habitude, achet\u00e9 certains maires. C\u2019est une \u00e9vidence qu\u2019on ne peut pas nier. Vous savez, la force du Parti d\u00e9mocratique s\u00e9n\u00e9galais demeure surtout la base. C\u2019est-\u00e0-dire qu\u2019on peut \u00eatre maire, ancien ministre ou d\u00e9put\u00e9, mais si on quitte le parti, on part seul. On n\u2019est suivi par personne. La base est rest\u00e9e intacte. Les conseillers municipaux qui avaient \u00e9lu ces maires-l\u00e0, conform\u00e9ment \u00e0 la loi du Code \u00e9lectoral et du Code des collectivit\u00e9s territoriales, et la quasi-totalit\u00e9 des \u00e9lecteurs sont rest\u00e9s fid\u00e8les au Parti d\u00e9mocratique s\u00e9n\u00e9galais \u00bb, dira Assane Ba.<\/p>\n<p>Pour finir, il donne des nouvelles de Wade-fils et prend date pour son retour au bercail.\u00a0 \u00ab Karim Wade se porte \u00e0 merveille. On se parle de temps en temps. Il a beaucoup de nostalgie pour le pays. Il fait des d\u00e9clarations. Nous nous concertons sur certaines questions. Il envoie des d\u00e9l\u00e9gations \u00e0 travers le pays pour pr\u00e9senter des condol\u00e9ances. Donc, il est au courant de tout ce qui se passe au S\u00e9n\u00e9gal. Il participe dans tout ce que nous sommes en train de faire. Son retour, nous le dirons le moment opportun. C\u2019est au Parti d\u00e9mocratique s\u00e9n\u00e9galais de voir la p\u00e9riode ad\u00e9quate pour nous et pour lui. En ce moment-l\u00e0, vous serez inform\u00e9s \u00bb, souligne l'ancien chef de cabinet de Farba Senghor.<\/p>\n<div class='share-to-whatsapp-wrapper'><div class='share-on-whsp'>PARTAGER SUR : <\/div><a data-text='NOUVELLE COALITION - Le Pds se veut \"locomotive\"' data-link='https:\/\/www.nettali.com\/2021\/08\/21\/nouvelle-coalition-le-pds-se-veut-locomotive\/' class='whatsapp-button whatsapp-share'>WhatsApp<\/a><div class='clear '><\/div><\/div>","protected":false},"excerpt":{"rendered":"<p>NETTALI.COM - Le Parti d\u00e9mocratique s\u00e9n\u00e9galais (PDS) est pr\u00eat \u00e0 s\u2019allier avec des partis de l\u2019opposition, dans le cadre de la grande coalition en vue pour les \u00e9lections locales du 23 janvier prochain. Dans un entretien avec le quotidien Enqu\u00eate, diffus\u00e9 ce samedi, le secr\u00e9taire national\u00a0 charg\u00e9 de la mobilisation et membre du Comit\u00e9 directeur [&hellip;]<\/p>\n","protected":false},"author":11,"featured_media":15165,"comment_status":"open","ping_status":"open","sticky":false,"template":"","format":"standard","meta":{"_et_pb_use_builder":"","_et_pb_old_content":""},"categories":[2],"tags":[],"yoast_head":"<!-- This site is optimized with the Yoast SEO Premium plugin v17.8 (Yoast SEO v17.8) - https:\/\/yoast.com\/wordpress\/plugins\/seo\/ -->\n<title>NOUVELLE COALITION - Le Pds se veut &quot;locomotive&quot; | Nettali.com<\/title>\n<meta name=\"robots\" content=\"index, follow, max-snippet:-1, max-image-preview:large, max-video-preview:-1\" \/>\n<link rel=\"canonical\" href=\"https:\/\/www.nettali.com\/2021\/08\/21\/nouvelle-coalition-le-pds-se-veut-locomotive\/\" \/>\n<meta property=\"og:locale\" content=\"fr_FR\" \/>\n<meta property=\"og:type\" content=\"article\" \/>\n<meta property=\"og:title\" content=\"NOUVELLE COALITION - Le Pds se veut &quot;locomotive&quot;\" \/>\n<meta property=\"og:description\" content=\"NETTALI.COM - Le Parti d\u00e9mocratique s\u00e9n\u00e9galais (PDS) est pr\u00eat \u00e0 s\u2019allier avec des partis de l\u2019opposition, dans le cadre de la grande coalition en vue pour les \u00e9lections locales du 23 janvier prochain. Dans un entretien avec le quotidien Enqu\u00eate, diffus\u00e9 ce samedi, le secr\u00e9taire national\u00a0 charg\u00e9 de la mobilisation et membre du Comit\u00e9 directeur [&hellip;]\" \/>\n<meta property=\"og:url\" content=\"https:\/\/www.nettali.com\/2021\/08\/21\/nouvelle-coalition-le-pds-se-veut-locomotive\/\" \/>\n<meta property=\"og:site_name\" content=\"Nettali.com\" \/>\n<meta property=\"article:publisher\" content=\"https:\/\/www.facebook.com\/nettalicom\" \/>\n<meta property=\"article:published_time\" content=\"2021-08-21T11:34:03+00:00\" \/>\n<meta property=\"article:modified_time\" content=\"2021-08-21T20:02:59+00:00\" \/>\n<meta property=\"og:image\" content=\"https:\/\/www.nettali.com\/wp-content\/uploads\/2019\/08\/ousmane-sonko-abdoulaye-wade.png\" \/>\n\t<meta property=\"og:image:width\" content=\"1050\" \/>\n\t<meta property=\"og:image:height\" content=\"574\" \/>\n<meta name=\"twitter:card\" content=\"summary_large_image\" \/>\n<meta name=\"twitter:label1\" content=\"\u00c9crit par\" \/>\n\t<meta name=\"twitter:data1\" content=\"Thierno Diop\" \/>\n\t<meta name=\"twitter:label2\" content=\"Dur\u00e9e de lecture estim\u00e9e\" \/>\n\t<meta name=\"twitter:data2\" content=\"3 minutes\" \/>\n<script type=\"application\/ld+json\" class=\"yoast-schema-graph\">{\"@context\":\"https:\/\/schema.org\",\"@graph\":[{\"@type\":\"WebSite\",\"@id\":\"https:\/\/www.nettali.com\/#website\",\"url\":\"https:\/\/www.nettali.com\/\",\"name\":\"Nettali.com\",\"description\":\"Le rendez-vous critique du Net\",\"potentialAction\":[{\"@type\":\"SearchAction\",\"target\":{\"@type\":\"EntryPoint\",\"urlTemplate\":\"https:\/\/www.nettali.com\/?s={search_term_string}\"},\"query-input\":\"required name=search_term_string\"}],\"inLanguage\":\"fr-FR\"},{\"@type\":\"ImageObject\",\"@id\":\"https:\/\/www.nettali.com\/2021\/08\/21\/nouvelle-coalition-le-pds-se-veut-locomotive\/#primaryimage\",\"inLanguage\":\"fr-FR\",\"url\":\"https:\/\/www.nettali.com\/wp-content\/uploads\/2019\/08\/ousmane-sonko-abdoulaye-wade.png\",\"contentUrl\":\"https:\/\/www.nettali.com\/wp-content\/uploads\/2019\/08\/ousmane-sonko-abdoulaye-wade.png\",\"width\":1050,\"height\":574},{\"@type\":\"WebPage\",\"@id\":\"https:\/\/www.nettali.com\/2021\/08\/21\/nouvelle-coalition-le-pds-se-veut-locomotive\/#webpage\",\"url\":\"https:\/\/www.nettali.com\/2021\/08\/21\/nouvelle-coalition-le-pds-se-veut-locomotive\/\",\"name\":\"NOUVELLE COALITION - Le Pds se veut \\\"locomotive\\\" | Nettali.com\",\"isPartOf\":{\"@id\":\"https:\/\/www.nettali.com\/#website\"},\"primaryImageOfPage\":{\"@id\":\"https:\/\/www.nettali.com\/2021\/08\/21\/nouvelle-coalition-le-pds-se-veut-locomotive\/#primaryimage\"},\"datePublished\":\"2021-08-21T11:34:03+00:00\",\"dateModified\":\"2021-08-21T20:02:59+00:00\",\"author\":{\"@id\":\"https:\/\/www.nettali.com\/#\/schema\/person\/8a06c6bd7b19304cf4bf985862900b5b\"},\"breadcrumb\":{\"@id\":\"https:\/\/www.nettali.com\/2021\/08\/21\/nouvelle-coalition-le-pds-se-veut-locomotive\/#breadcrumb\"},\"inLanguage\":\"fr-FR\",\"potentialAction\":[{\"@type\":\"ReadAction\",\"target\":[\"https:\/\/www.nettali.com\/2021\/08\/21\/nouvelle-coalition-le-pds-se-veut-locomotive\/\"]}]},{\"@type\":\"BreadcrumbList\",\"@id\":\"https:\/\/www.nettali.com\/2021\/08\/21\/nouvelle-coalition-le-pds-se-veut-locomotive\/#breadcrumb\",\"itemListElement\":[{\"@type\":\"ListItem\",\"position\":1,\"name\":\"Accueil\",\"item\":\"https:\/\/www.nettali.com\/\"},{\"@type\":\"ListItem\",\"position\":2,\"name\":\"NOUVELLE COALITION &#8211; Le Pds se veut \\u00ab\\u00a0locomotive\\u00a0\\u00bb\"}]},{\"@type\":\"Person\",\"@id\":\"https:\/\/www.nettali.com\/#\/schema\/person\/8a06c6bd7b19304cf4bf985862900b5b\",\"name\":\"Thierno Diop\",\"image\":{\"@type\":\"ImageObject\",\"@id\":\"https:\/\/www.nettali.com\/#personlogo\",\"inLanguage\":\"fr-FR\",\"url\":\"https:\/\/secure.gravatar.com\/avatar\/c8ca58550c94fd2ac856d27391a6c866?s=96&d=mm&r=g\",\"contentUrl\":\"https:\/\/secure.gravatar.com\/avatar\/c8ca58550c94fd2ac856d27391a6c866?s=96&d=mm&r=g\",\"caption\":\"Thierno Diop\"},\"sameAs\":[\"https:\/\/nettali.com\"]}]}<\/script>\n<!-- \/ Yoast SEO Premium plugin. -->","yoast_head_json":{"title":"NOUVELLE COALITION - Le Pds se veut \"locomotive\" | Nettali.com","robots":{"index":"index","follow":"follow","max-snippet":"max-snippet:-1","max-image-preview":"max-image-preview:large","max-video-preview":"max-video-preview:-1"},"canonical":"https:\/\/www.nettali.com\/2021\/08\/21\/nouvelle-coalition-le-pds-se-veut-locomotive\/","og_locale":"fr_FR","og_type":"article","og_title":"NOUVELLE COALITION - Le Pds se veut \"locomotive\"","og_description":"NETTALI.COM - Le Parti d\u00e9mocratique s\u00e9n\u00e9galais (PDS) est pr\u00eat \u00e0 s\u2019allier avec des partis de l\u2019opposition, dans le cadre de la grande coalition en vue pour les \u00e9lections locales du 23 janvier prochain. Dans un entretien avec le quotidien Enqu\u00eate, diffus\u00e9 ce samedi, le secr\u00e9taire national\u00a0 charg\u00e9 de la mobilisation et membre du Comit\u00e9 directeur [&hellip;]","og_url":"https:\/\/www.nettali.com\/2021\/08\/21\/nouvelle-coalition-le-pds-se-veut-locomotive\/","og_site_name":"Nettali.com","article_publisher":"https:\/\/www.facebook.com\/nettalicom","article_published_time":"2021-08-21T11:34:03+00:00","article_modified_time":"2021-08-21T20:02:59+00:00","og_image":[{"width":1050,"height":574,"url":"https:\/\/www.nettali.com\/wp-content\/uploads\/2019\/08\/ousmane-sonko-abdoulaye-wade.png","type":"image\/png"}],"twitter_card":"summary_large_image","twitter_misc":{"\u00c9crit par":"Thierno Diop","Dur\u00e9e de lecture estim\u00e9e":"3 minutes"},"schema":{"@context":"https:\/\/schema.org","@graph":[{"@type":"WebSite","@id":"https:\/\/www.nettali.com\/#website","url":"https:\/\/www.nettali.com\/","name":"Nettali.com","description":"Le rendez-vous critique du Net","potentialAction":[{"@type":"SearchAction","target":{"@type":"EntryPoint","urlTemplate":"https:\/\/www.nettali.com\/?s={search_term_string}"},"query-input":"required name=search_term_string"}],"inLanguage":"fr-FR"},{"@type":"ImageObject","@id":"https:\/\/www.nettali.com\/2021\/08\/21\/nouvelle-coalition-le-pds-se-veut-locomotive\/#primaryimage","inLanguage":"fr-FR","url":"https:\/\/www.nettali.com\/wp-content\/uploads\/2019\/08\/ousmane-sonko-abdoulaye-wade.png","contentUrl":"https:\/\/www.nettali.com\/wp-content\/uploads\/2019\/08\/ousmane-sonko-abdoulaye-wade.png","width":1050,"height":574},{"@type":"WebPage","@id":"https:\/\/www.nettali.com\/2021\/08\/21\/nouvelle-coalition-le-pds-se-veut-locomotive\/#webpage","url":"https:\/\/www.nettali.com\/2021\/08\/21\/nouvelle-coalition-le-pds-se-veut-locomotive\/","name":"NOUVELLE COALITION - Le Pds se veut \"locomotive\" | Nettali.com","isPartOf":{"@id":"https:\/\/www.nettali.com\/#website"},"primaryImageOfPage":{"@id":"https:\/\/www.nettali.com\/2021\/08\/21\/nouvelle-coalition-le-pds-se-veut-locomotive\/#primaryimage"},"datePublished":"2021-08-21T11:34:03+00:00","dateModified":"2021-08-21T20:02:59+00:00","author":{"@id":"https:\/\/www.nettali.com\/#\/schema\/person\/8a06c6bd7b19304cf4bf985862900b5b"},"breadcrumb":{"@id":"https:\/\/www.nettali.com\/2021\/08\/21\/nouvelle-coalition-le-pds-se-veut-locomotive\/#breadcrumb"},"inLanguage":"fr-FR","potentialAction":[{"@type":"ReadAction","target":["https:\/\/www.nettali.com\/2021\/08\/21\/nouvelle-coalition-le-pds-se-veut-locomotive\/"]}]},{"@type":"BreadcrumbList","@id":"https:\/\/www.nettali.com\/2021\/08\/21\/nouvelle-coalition-le-pds-se-veut-locomotive\/#breadcrumb","itemListElement":[{"@type":"ListItem","position":1,"name":"Accueil","item":"https:\/\/www.nettali.com\/"},{"@type":"ListItem","position":2,"name":"NOUVELLE COALITION &#8211; Le Pds se veut \u00ab\u00a0locomotive\u00a0\u00bb"}]},{"@type":"Person","@id":"https:\/\/www.nettali.com\/#\/schema\/person\/8a06c6bd7b19304cf4bf985862900b5b","name":"Thierno Diop","image":{"@type":"ImageObject","@id":"https:\/\/www.nettali.com\/#personlogo","inLanguage":"fr-FR","url":"https:\/\/secure.gravatar.com\/avatar\/c8ca58550c94fd2ac856d27391a6c866?s=96&d=mm&r=g","contentUrl":"https:\/\/secure.gravatar.com\/avatar\/c8ca58550c94fd2ac856d27391a6c866?s=96&d=mm&r=g","caption":"Thierno Diop"},"sameAs":["https:\/\/nettali.com"]}]}},"_links":{"self":[{"href":"https:\/\/www.nettali.com\/rest\/wp\/v2\/posts\/70236"}],"collection":[{"href":"https:\/\/www.nettali.com\/rest\/wp\/v2\/posts"}],"about":[{"href":"https:\/\/www.nettali.com\/rest\/wp\/v2\/types\/post"}],"author":[{"embeddable":true,"href":"https:\/\/www.nettali.com\/rest\/wp\/v2\/users\/11"}],"replies":[{"embeddable":true,"href":"https:\/\/www.nettali.com\/rest\/wp\/v2\/comments?post=70236"}],"version-history":[{"count":1,"href":"https:\/\/www.nettali.com\/rest\/wp\/v2\/posts\/70236\/revisions"}],"predecessor-version":[{"id":70237,"href":"https:\/\/www.nettali.com\/rest\/wp\/v2\/posts\/70236\/revisions\/70237"}],"wp:featuredmedia":[{"embeddable":true,"href":"https:\/\/www.nettali.com\/rest\/wp\/v2\/media\/15165"}],"wp:attachment":[{"href":"https:\/\/www.nettali.com\/rest\/wp\/v2\/media?parent=70236"}],"wp:term":[{"taxonomy":"category","embeddable":true,"href":"https:\/\/www.nettali.com\/rest\/wp\/v2\/categories?post=70236"},{"taxonomy":"post_tag","embeddable":true,"href":"https:\/\/www.nettali.com\/rest\/wp\/v2\/tags?post=70236"}],"curies":[{"name":"wp","href":"https:\/\/api.w.org\/{rel}","templated":true}]}}